{"id":1650,"date":"2006-11-02T00:24:35","date_gmt":"2006-11-02T00:24:35","guid":{"rendered":"http:\/\/blogs.thesocialmedia.com\/leblogmoto\/2006\/11\/02\/nicky-hayden-re\/"},"modified":"2012-07-11T14:29:04","modified_gmt":"2012-07-11T14:29:04","slug":"nicky-hayden-re","status":"publish","type":"post","link":"https:\/\/blogs.thesocialmedia.com\/leblogmoto\/2006\/11\/02\/nicky-hayden-re\/","title":{"rendered":"Nicky Hayden remporte le Graal en MotoGP"},"content":{"rendered":"<p><a href=\"http:\/\/blogs.thesocialmedia.com\/leblogmoto\/files\/2012\/07\/nicky_hayden.jpg\"><img loading=\"lazy\" decoding=\"async\" width=\"250\" height=\"149\"  src=\"http:\/\/www.leblogmoto.com\/images\/nicky_hayden.jpg\" alt=\"Nicky_hayden\" style=\"margin: 0px 5px 5px 0px;float: left\" \/><\/a> Le 29 octobre s\u2019est d\u00e9roul\u00e9 \u00e0 Valence, Espagne, la derni\u00e8re manche du championnat MotoGP. 26\u00e8me \u00e9dition de la cat\u00e9gorie reine et sans doute la plus palpitante de son histoire.<\/p>\n<p>Un peu de chance et beaucoup de talent, il n\u2019en a pas fallu plus \u00e0 L&rsquo;Am\u00e9ricain <a href=\"http:\/\/www.motoplanete.com\/honda\/750-NR.php\">Nicky Hayden<\/a> pour d\u00e9crocher au guidon de sa Honda de 990 cm3 son premier titre de champion du monde de MotoGP. Profitant d&rsquo;une erreur de <a href=\"http:\/\/www.yamaha-motor.fr\/index.jsp\">Valentino Rossi<\/a> au cinqui\u00e8me tour.<\/p>\n<p><a href=\"http:\/\/clabedan.typepad.com\/.shared\/image.html?\/photos\/uncategorized\/rossichute.jpg\"><img loading=\"lazy\" decoding=\"async\" width=\"250\" height=\"167\"  src=\"http:\/\/www.leblogmoto.com\/images\/rossichute.jpg\" alt=\"Rossichute\" style=\"margin: 0px 5px 5px 0px;float: left\" \/><\/a> Le quintuple tenant du titre, avait pourtant huit points d&rsquo;avance au d\u00e9part de l\u2019\u00e9preuve, mais il a chut\u00e9 au cinqui\u00e8me tour. <a href=\"http:\/\/www.yamaha-motor.fr\/index.jsp\">Valentino Rossi<\/a> a pu relancer sa Yamaha mais avec un retard insurmontable de 25 secondes sur ses rivaux, \u00e0 la 19\u00e8me place. Il finit \u00e0 la 13\u00e8me place sans avoir r\u00e9cup\u00e9r\u00e9 ses points.<\/p>\n<p> A 25 ans, <a href=\"http:\/\/www.motoplanete.com\/honda\/750-NR.php\">Nicky Hayden<\/a>, pilote du team <a href=\"http:\/\/www.motoplanete.com\/honda\/750-NR.php\">Repsol Honda Team RC211V-Michelin<\/a>, a termin\u00e9 troisi\u00e8me de cette \u00e9tape espagnole du championnat, suffisant pour empocher son premier titre.<\/p>\n<p> &quot;Je suis vraiment tr\u00e8s fier&quot;, a dit <a href=\"http:\/\/moto.honda.fr\/hm\/index.php\">Hayden<\/a>, tr\u00e8s \u00e9mu. &quot;Nous n&rsquo;avons jamais baiss\u00e9 les bras m\u00eame lorsque les choses n&rsquo;allaient pas bien. Nous avons continu\u00e9 de nous battre.&quot;<\/p>\n<p> Satisfaction aussi chez <a href=\"http:\/\/fr.sports.yahoo.com\/30102006\/16\/le-roi-nicky-apporte-un-nouveau-titre-michelin.html\">Michelin<\/a>, qui ne pouvait que gagner puisque le manufacturier fran\u00e7ais \u00e9quipait \u00e9galement la moto de <a href=\"http:\/\/www.yamaha-motor.fr\/index.jsp\">Valentino Rossi<\/a> :<br \/> \u00ab La journ\u00e9e d&rsquo;aujourd&rsquo;hui a \u00e9t\u00e9 aussi th\u00e9\u00e2trale que la saison \u00e9coul\u00e9e, f\u00e9licitations \u00e0 Nicky qui a accompli un travail fantastique \u00bb, confiait Nicolas Goubert, qui a fini sa mission aujourd&rsquo;hui en tant que directeur de la comp\u00e9tition moto chez <a href=\"http:\/\/fr.sports.yahoo.com\/30102006\/16\/le-roi-nicky-apporte-un-nouveau-titre-michelin.html\">Michelin<\/a> et qui passera les r\u00eanes \u00e0 son successeur Jean-Philippe Weber.<\/p>\n<p> Troy Bayliss a remport\u00e9 l&rsquo;\u00e9tape finale, suivi de Loris Capirossi, tous deux sur <a href=\"http:\/\/www.ducati.com\/od\/ducatifrance\/\">Ducati<\/a>.<\/p>\n<p> Classements du GP moto de Valence 2006<br \/> MotoGP<br \/> (30 laps = 120.15 km)<br \/> Pos\/ Rider \/ Nat \/ Team \/ Motorcycle \/ Time\/ KM\/H \/ Gap<br \/> 1 \/ Troy BAYLISS \/ AUS \/ Ducati Marlboro Team \/ DUCATI \/ 46&rsquo;55.415 \/ 153.632 \/<br \/> 2 \/ Loris CAPIROSSI \/ ITA \/ Ducati Marlboro Team \/ DUCATI \/ 46&rsquo;56.734 \/ 153.56 \/ 1.319<br \/> 3 \/ Nicky HAYDEN \/ USA \/ Repsol Honda Team \/ HONDA \/ 47&rsquo;04.645 \/ 153.13 \/ 9.23<br \/> 4 \/ Dani PEDROSA \/ SPA \/ Repsol Honda Team \/ HONDA \/ 47&rsquo;07.480 \/ 152.977 \/ 12.065<br \/> 5 \/ Marco MELANDRI \/ ITA \/ Fortuna Honda \/ HONDA \/ 47&rsquo;11.721 \/ 152.748 \/ 16.306<br \/> 6 \/ Toni ELIAS \/ SPA \/ Fortuna Honda \/ HONDA \/ 47&rsquo;12.805 \/ 152.689 \/ 17.39<br \/> 7 \/ Shinya NAKANO \/ JPN \/ Kawasaki Racing Team \/ KAWASAKI \/ 47&rsquo;14.744 \/ 152.585 \/ 19.329<br \/> 8 \/ Kenny ROBERTS JR \/ USA \/ Team Roberts \/ KR211V \/ 47&rsquo;18.589 \/ 152.378 \/ 23.174<br \/> 9 \/ Colin EDWARDS \/ USA \/ Camel Yamaha Team \/ YAMAHA \/ 47&rsquo;21.487 \/ 152.223 \/ 26.072<br \/> 10 \/ Carlos CHECA \/ SPA \/ Tech 3 Yamaha \/ YAMAHA \/ 47&rsquo;23.609 \/ 152.109 \/ 28.194<br \/> 11 \/ John HOPKINS \/ USA \/ Rizla Suzuki MotoGP \/ SUZUKI \/ 47&rsquo;24.779 \/ 152.046 \/ 29.364<br \/> 12 \/ Makoto TAMADA \/ JPN \/ Konica Minolta Honda \/ HONDA \/ 47&rsquo;25.122 \/ 152.028 \/ 29.707<br \/> 13 \/ Valentino ROSSI \/ ITA \/ Camel Yamaha Team \/ YAMAHA \/ 47&rsquo;33.961 \/ 151.557 \/ 38.546<br \/> 14 \/ James ELLISON \/ GBR \/ Tech 3 Yamaha \/ YAMAHA \/ 48&rsquo;15.428 \/ 149.387 \/ 1&rsquo;20.013<br \/> 15 \/ Garry McCOY \/ AUS \/ Ilmor SRT \/ ILMOR X3 \/ 47&rsquo;10.246 \/ 117.167 \/ 7 laps&#8230;<br \/> GP 250<br \/> (27 laps = 108.135 km)<br \/> Pos \/ Rider \/ Nat \/ Team \/ Motorcycle \/ Time \/ KM\/H \/ Gap<br \/> 1 \/ Alex DE ANGELIS \/ RSM \/ Master &#8211; MVA Aspar Team \/ APRILIA \/ 43&rsquo;52.247 \/ 147.891 \/<br \/> 2 \/ Roberto LOCATELLI \/ ITA \/ Team Toth \/ APRILIA \/ 43&rsquo;56.771 \/ 147.637 \/ 4.524<br \/> 3 \/ Hector BARBERA \/ SPA \/ Fortuna Aprilia \/ APRILIA \/ 44&rsquo;01.798 \/ 147.356 \/ 9.551<br \/> 4 \/ Jorge LORENZO \/ SPA \/ Fortuna Aprilia \/ APRILIA \/ 44&rsquo;03.613 \/ 147.255 \/ 11.366<br \/> 5 \/ Alex DEBON \/ SPA \/ Aprilia Racing \/ APRILIA \/ 44&rsquo;07.204 \/ 147.055 \/ 14.957<br \/> 6 \/ Shuhei AOYAMA \/ JPN \/ Repsol Honda \/ HONDA \/ 44&rsquo;09.868 \/ 146.907 \/ 17.621<br \/> 7 \/ Andrea DOVIZIOSO \/ ITA \/ Humangest Racing Team \/ HONDA \/ 44&rsquo;10.752 \/ 146.858 \/ 18.505<br \/> 8 \/ Manuel POGGIALI \/ RSM \/ Red Bull KTM GP 250 \/ KTM \/ 44&rsquo;11.093 \/ 146.839 \/ 18.846<br \/> 9 \/ David DE GEA \/ SPA \/ Repsol Honda \/ HONDA \/ 44&rsquo;12.609 \/ 146.755 \/ 20.362<br \/> 10 \/ Sylvain GUINTOLI \/ FRA \/ Equipe GP De France &#8211; Scrab \/ APRILIA \/ 44&rsquo;16.504 \/ 146.54 \/ 24.257&#8230;<br \/> GP 125<br \/> (24 laps = 96.12 km)<br \/> Pos \/ Rider \/ Nat \/ Team \/ Motorcycle \/ Time \/ KM\/H \/ Gap<br \/> 1 \/ Hector FAUBEL \/ SPA \/ Master &#8211; MVA Aspar Team \/ APRILIA \/ 40&rsquo;15.460 \/ 143.257 \/<br \/> 2 \/ Mika KALLIO \/ FIN \/ Red Bull KTM GP 125 \/ KTM \/ 40&rsquo;17.224 \/ 143.152 \/ 1.764<br \/> 3 \/ Sergio GADEA \/ SPA \/ Master &#8211; MVA Aspar Team \/ APRILIA \/ 40&rsquo;17.398 \/ 143.142 \/ 1.938<br \/> 4 \/ Alvaro BAUTISTA \/ SPA \/ Master &#8211; MVA Aspar Team \/ APRILIA \/ 40&rsquo;24.106 \/ 142.746 \/ 8.646<br \/> 5 \/ Lukas PESEK \/ CZE \/ Derbi Racing \/ DERBI \/ 40&rsquo;24.133 \/ 142.744 \/ 8.673<br \/> 6 \/ Pol ESPARGARO \/ SPA \/ Campetella Racing Junior \/ DERBI \/ 40&rsquo;27.888 \/ 142.523 \/ 12.428<br \/> 7 \/ Pablo NIETO \/ SPA \/ Multimedia Racing \/ APRILIA \/ 40&rsquo;34.385 \/ 142.143 \/ 18.925<br \/> 8 \/ Gabor TALMACSI \/ HUN \/ Humangest Racing Team \/ HONDA \/ 40&rsquo;37.518 \/ 141.96 \/ 22.058<br \/> 9 \/ Mattia PASINI \/ ITA \/ Master &#8211; MVA Aspar Team \/ APRILIA \/ 40&rsquo;37.562 \/ 141.958 \/ 22.102<br \/> 10 \/ Thomas LUTHI \/ SWI \/ Elit &#8211; Caffe Latte \/ HONDA \/ 40&rsquo;40.865 \/ 141.766 \/ 25.405&#8230;<\/p>\n<p> Classement final du championnat du monde GP moto 2006 :<br \/> MotoGP :<br \/> 1 HAYDEN 252 pts<br \/> 2 ROSSI 247 pts<br \/> 3 CAPIROSSI 229 pts<br \/> 4 MELANDRI 228 pts<br \/> 5 PEDROSA 215 pts&#8230;<br \/> GP 250 :<br \/> 1 LORENZO 289 pts<br \/> 2 DOVIZIOSO 272 pts<br \/> 3 DE ANGELIS 228 pts<br \/> 4 AOYAMA 193 pts<br \/> 5 LOCATELLI 191 pts&#8230;<br \/> GP 125 :<br \/> 1 BAUTISTA 338 pts<br \/> 2 KALLIO 262 pts<br \/> 3 FAUBEL 197 pts<br \/> 4 PASINI 192 pts<br \/> 5 GADEA 160 pts&#8230;<\/p>\n","protected":false},"excerpt":{"rendered":"<p>Le 29 octobre s\u2019est d\u00e9roul\u00e9 \u00e0 Valence, Espagne, la derni\u00e8re manche du championnat MotoGP. 26\u00e8me \u00e9dition de la cat\u00e9gorie reine et sans doute la plus palpitante de son histoire. Un peu de chance et beaucoup de talent, il n\u2019en a pas fallu plus \u00e0 L&rsquo;Am\u00e9ricain Nicky Hayden pour d\u00e9crocher au guidon de sa Honda de [&hellip;]<\/p>\n","protected":false},"author":333,"featured_media":0,"comment_status":"open","ping_status":"open","sticky":false,"template":"","format":"standard","meta":{"footnotes":""},"categories":[22],"tags":[],"class_list":["post-1650","post","type-post","status-publish","format-standard","hentry","category-motogp"],"yoast_head":"<!-- This site is optimized with the Yoast SEO plugin v26.0 - https:\/\/yoast.com\/wordpress\/plugins\/seo\/ -->\n<title>Nicky Hayden remporte le Graal en MotoGP - leblogmoto.com<\/title>\n<meta name=\"robots\" content=\"index, follow, max-snippet:-1, max-image-preview:large, max-video-preview:-1\" \/>\n<link rel=\"canonical\" href=\"https:\/\/blogs.thesocialmedia.com\/leblogmoto\/2006\/11\/02\/nicky-hayden-re\/\" \/>\n<meta name=\"twitter:card\" content=\"summary_large_image\" \/>\n<meta name=\"twitter:title\" content=\"Nicky Hayden remporte le Graal en MotoGP - leblogmoto.com\" \/>\n<meta name=\"twitter:description\" content=\"Le 29 octobre s\u2019est d\u00e9roul\u00e9 \u00e0 Valence, Espagne, la derni\u00e8re manche du championnat MotoGP. 26\u00e8me \u00e9dition de la cat\u00e9gorie reine et sans doute la plus palpitante de son histoire. Un peu de chance et beaucoup de talent, il n\u2019en a pas fallu plus \u00e0 L&rsquo;Am\u00e9ricain Nicky Hayden pour d\u00e9crocher au guidon de sa Honda de [&hellip;]\" \/>\n<meta name=\"twitter:image\" content=\"http:\/\/www.leblogmoto.com\/images\/nicky_hayden.jpg\" \/>\n<meta name=\"twitter:label1\" content=\"\u00c9crit par\" \/>\n\t<meta name=\"twitter:data1\" content=\"christian tirat\" \/>\n\t<meta name=\"twitter:label2\" content=\"Dur\u00e9e de lecture estim\u00e9e\" \/>\n\t<meta name=\"twitter:data2\" content=\"3 minutes\" \/>\n<script type=\"application\/ld+json\" class=\"yoast-schema-graph\">{\"@context\":\"https:\/\/schema.org\",\"@graph\":[{\"@type\":\"WebPage\",\"@id\":\"https:\/\/blogs.thesocialmedia.com\/leblogmoto\/2006\/11\/02\/nicky-hayden-re\/\",\"url\":\"https:\/\/blogs.thesocialmedia.com\/leblogmoto\/2006\/11\/02\/nicky-hayden-re\/\",\"name\":\"Nicky Hayden remporte le Graal en MotoGP - leblogmoto.com\",\"isPartOf\":{\"@id\":\"https:\/\/blogs.thesocialmedia.com\/leblogmoto\/#website\"},\"primaryImageOfPage\":{\"@id\":\"https:\/\/blogs.thesocialmedia.com\/leblogmoto\/2006\/11\/02\/nicky-hayden-re\/#primaryimage\"},\"image\":{\"@id\":\"https:\/\/blogs.thesocialmedia.com\/leblogmoto\/2006\/11\/02\/nicky-hayden-re\/#primaryimage\"},\"thumbnailUrl\":\"http:\/\/www.leblogmoto.com\/images\/nicky_hayden.jpg\",\"datePublished\":\"2006-11-02T00:24:35+00:00\",\"dateModified\":\"2012-07-11T14:29:04+00:00\",\"author\":{\"@id\":\"https:\/\/blogs.thesocialmedia.com\/leblogmoto\/#\/schema\/person\/90b2f8fd0d5a2cede2580e95fc79c6c0\"},\"breadcrumb\":{\"@id\":\"https:\/\/blogs.thesocialmedia.com\/leblogmoto\/2006\/11\/02\/nicky-hayden-re\/#breadcrumb\"},\"inLanguage\":\"fr-FR\",\"potentialAction\":[{\"@type\":\"ReadAction\",\"target\":[\"https:\/\/blogs.thesocialmedia.com\/leblogmoto\/2006\/11\/02\/nicky-hayden-re\/\"]}]},{\"@type\":\"ImageObject\",\"inLanguage\":\"fr-FR\",\"@id\":\"https:\/\/blogs.thesocialmedia.com\/leblogmoto\/2006\/11\/02\/nicky-hayden-re\/#primaryimage\",\"url\":\"http:\/\/www.leblogmoto.com\/images\/nicky_hayden.jpg\",\"contentUrl\":\"http:\/\/www.leblogmoto.com\/images\/nicky_hayden.jpg\"},{\"@type\":\"BreadcrumbList\",\"@id\":\"https:\/\/blogs.thesocialmedia.com\/leblogmoto\/2006\/11\/02\/nicky-hayden-re\/#breadcrumb\",\"itemListElement\":[{\"@type\":\"ListItem\",\"position\":1,\"name\":\"Accueil\",\"item\":\"https:\/\/blogs.thesocialmedia.com\/leblogmoto\/\"},{\"@type\":\"ListItem\",\"position\":2,\"name\":\"Nicky Hayden remporte le Graal en MotoGP\"}]},{\"@type\":\"WebSite\",\"@id\":\"https:\/\/blogs.thesocialmedia.com\/leblogmoto\/#website\",\"url\":\"https:\/\/blogs.thesocialmedia.com\/leblogmoto\/\",\"name\":\"leblogmoto\",\"description\":\"Toute l&#039;actualit\u00e9 des 2 roues\",\"potentialAction\":[{\"@type\":\"SearchAction\",\"target\":{\"@type\":\"EntryPoint\",\"urlTemplate\":\"https:\/\/blogs.thesocialmedia.com\/leblogmoto\/?s={search_term_string}\"},\"query-input\":{\"@type\":\"PropertyValueSpecification\",\"valueRequired\":true,\"valueName\":\"search_term_string\"}}],\"inLanguage\":\"fr-FR\"},{\"@type\":\"Person\",\"@id\":\"https:\/\/blogs.thesocialmedia.com\/leblogmoto\/#\/schema\/person\/90b2f8fd0d5a2cede2580e95fc79c6c0\",\"name\":\"christian tirat\",\"image\":{\"@type\":\"ImageObject\",\"inLanguage\":\"fr-FR\",\"@id\":\"https:\/\/blogs.thesocialmedia.com\/leblogmoto\/#\/schema\/person\/image\/\",\"url\":\"https:\/\/secure.gravatar.com\/avatar\/?s=96&d=mm&r=g\",\"contentUrl\":\"https:\/\/secure.gravatar.com\/avatar\/?s=96&d=mm&r=g\",\"caption\":\"christian tirat\"},\"url\":\"https:\/\/blogs.thesocialmedia.com\/leblogmoto\/author\/christian-tirat\/\"}]}<\/script>\n<!-- \/ Yoast SEO plugin. -->","yoast_head_json":{"title":"Nicky Hayden remporte le Graal en MotoGP - leblogmoto.com","robots":{"index":"index","follow":"follow","max-snippet":"max-snippet:-1","max-image-preview":"max-image-preview:large","max-video-preview":"max-video-preview:-1"},"canonical":"https:\/\/blogs.thesocialmedia.com\/leblogmoto\/2006\/11\/02\/nicky-hayden-re\/","twitter_card":"summary_large_image","twitter_title":"Nicky Hayden remporte le Graal en MotoGP - leblogmoto.com","twitter_description":"Le 29 octobre s\u2019est d\u00e9roul\u00e9 \u00e0 Valence, Espagne, la derni\u00e8re manche du championnat MotoGP. 26\u00e8me \u00e9dition de la cat\u00e9gorie reine et sans doute la plus palpitante de son histoire. Un peu de chance et beaucoup de talent, il n\u2019en a pas fallu plus \u00e0 L&rsquo;Am\u00e9ricain Nicky Hayden pour d\u00e9crocher au guidon de sa Honda de [&hellip;]","twitter_image":"http:\/\/www.leblogmoto.com\/images\/nicky_hayden.jpg","twitter_misc":{"\u00c9crit par":"christian tirat","Dur\u00e9e de lecture estim\u00e9e":"3 minutes"},"schema":{"@context":"https:\/\/schema.org","@graph":[{"@type":"WebPage","@id":"https:\/\/blogs.thesocialmedia.com\/leblogmoto\/2006\/11\/02\/nicky-hayden-re\/","url":"https:\/\/blogs.thesocialmedia.com\/leblogmoto\/2006\/11\/02\/nicky-hayden-re\/","name":"Nicky Hayden remporte le Graal en MotoGP - leblogmoto.com","isPartOf":{"@id":"https:\/\/blogs.thesocialmedia.com\/leblogmoto\/#website"},"primaryImageOfPage":{"@id":"https:\/\/blogs.thesocialmedia.com\/leblogmoto\/2006\/11\/02\/nicky-hayden-re\/#primaryimage"},"image":{"@id":"https:\/\/blogs.thesocialmedia.com\/leblogmoto\/2006\/11\/02\/nicky-hayden-re\/#primaryimage"},"thumbnailUrl":"http:\/\/www.leblogmoto.com\/images\/nicky_hayden.jpg","datePublished":"2006-11-02T00:24:35+00:00","dateModified":"2012-07-11T14:29:04+00:00","author":{"@id":"https:\/\/blogs.thesocialmedia.com\/leblogmoto\/#\/schema\/person\/90b2f8fd0d5a2cede2580e95fc79c6c0"},"breadcrumb":{"@id":"https:\/\/blogs.thesocialmedia.com\/leblogmoto\/2006\/11\/02\/nicky-hayden-re\/#breadcrumb"},"inLanguage":"fr-FR","potentialAction":[{"@type":"ReadAction","target":["https:\/\/blogs.thesocialmedia.com\/leblogmoto\/2006\/11\/02\/nicky-hayden-re\/"]}]},{"@type":"ImageObject","inLanguage":"fr-FR","@id":"https:\/\/blogs.thesocialmedia.com\/leblogmoto\/2006\/11\/02\/nicky-hayden-re\/#primaryimage","url":"http:\/\/www.leblogmoto.com\/images\/nicky_hayden.jpg","contentUrl":"http:\/\/www.leblogmoto.com\/images\/nicky_hayden.jpg"},{"@type":"BreadcrumbList","@id":"https:\/\/blogs.thesocialmedia.com\/leblogmoto\/2006\/11\/02\/nicky-hayden-re\/#breadcrumb","itemListElement":[{"@type":"ListItem","position":1,"name":"Accueil","item":"https:\/\/blogs.thesocialmedia.com\/leblogmoto\/"},{"@type":"ListItem","position":2,"name":"Nicky Hayden remporte le Graal en MotoGP"}]},{"@type":"WebSite","@id":"https:\/\/blogs.thesocialmedia.com\/leblogmoto\/#website","url":"https:\/\/blogs.thesocialmedia.com\/leblogmoto\/","name":"leblogmoto","description":"Toute l&#039;actualit\u00e9 des 2 roues","potentialAction":[{"@type":"SearchAction","target":{"@type":"EntryPoint","urlTemplate":"https:\/\/blogs.thesocialmedia.com\/leblogmoto\/?s={search_term_string}"},"query-input":{"@type":"PropertyValueSpecification","valueRequired":true,"valueName":"search_term_string"}}],"inLanguage":"fr-FR"},{"@type":"Person","@id":"https:\/\/blogs.thesocialmedia.com\/leblogmoto\/#\/schema\/person\/90b2f8fd0d5a2cede2580e95fc79c6c0","name":"christian tirat","image":{"@type":"ImageObject","inLanguage":"fr-FR","@id":"https:\/\/blogs.thesocialmedia.com\/leblogmoto\/#\/schema\/person\/image\/","url":"https:\/\/secure.gravatar.com\/avatar\/?s=96&d=mm&r=g","contentUrl":"https:\/\/secure.gravatar.com\/avatar\/?s=96&d=mm&r=g","caption":"christian tirat"},"url":"https:\/\/blogs.thesocialmedia.com\/leblogmoto\/author\/christian-tirat\/"}]}},"_links":{"self":[{"href":"https:\/\/blogs.thesocialmedia.com\/leblogmoto\/wp-json\/wp\/v2\/posts\/1650","targetHints":{"allow":["GET"]}}],"collection":[{"href":"https:\/\/blogs.thesocialmedia.com\/leblogmoto\/wp-json\/wp\/v2\/posts"}],"about":[{"href":"https:\/\/blogs.thesocialmedia.com\/leblogmoto\/wp-json\/wp\/v2\/types\/post"}],"author":[{"embeddable":true,"href":"https:\/\/blogs.thesocialmedia.com\/leblogmoto\/wp-json\/wp\/v2\/users\/333"}],"replies":[{"embeddable":true,"href":"https:\/\/blogs.thesocialmedia.com\/leblogmoto\/wp-json\/wp\/v2\/comments?post=1650"}],"version-history":[{"count":2,"href":"https:\/\/blogs.thesocialmedia.com\/leblogmoto\/wp-json\/wp\/v2\/posts\/1650\/revisions"}],"predecessor-version":[{"id":7843,"href":"https:\/\/blogs.thesocialmedia.com\/leblogmoto\/wp-json\/wp\/v2\/posts\/1650\/revisions\/7843"}],"wp:attachment":[{"href":"https:\/\/blogs.thesocialmedia.com\/leblogmoto\/wp-json\/wp\/v2\/media?parent=1650"}],"wp:term":[{"taxonomy":"category","embeddable":true,"href":"https:\/\/blogs.thesocialmedia.com\/leblogmoto\/wp-json\/wp\/v2\/categories?post=1650"},{"taxonomy":"post_tag","embeddable":true,"href":"https:\/\/blogs.thesocialmedia.com\/leblogmoto\/wp-json\/wp\/v2\/tags?post=1650"}],"curies":[{"name":"wp","href":"https:\/\/api.w.org\/{rel}","templated":true}]}}