{"id":1651,"date":"2006-11-01T23:03:41","date_gmt":"2006-11-01T23:03:41","guid":{"rendered":"http:\/\/blogs.thesocialmedia.com\/leblogmoto\/2006\/11\/01\/train-de-vie\/"},"modified":"2012-07-11T14:29:03","modified_gmt":"2012-07-11T14:29:03","slug":"train-de-vie","status":"publish","type":"post","link":"https:\/\/blogs.thesocialmedia.com\/leblogmoto\/2006\/11\/01\/train-de-vie\/","title":{"rendered":"Train de vie ?"},"content":{"rendered":"<p><a href=\"http:\/\/blogs.thesocialmedia.com\/leblogmoto\/files\/2012\/07\/750nr.jpg\"><img loading=\"lazy\" decoding=\"async\" width=\"250\" height=\"184\"  alt=\"750nr\" src=\"http:\/\/www.leblogmoto.com\/images\/750nr.jpg\" style=\"margin: 0px 5px 5px 0px;float: left\" \/><\/a> Sauf \u00e0 poss\u00e9der une <a href=\"http:\/\/www.motoplanete.com\/honda\/750-NR.php\">750 Honda NR<\/a>, l\u2019une des motos les plus ch\u00e8res du monde, on se demande quel signe ostensible de richesse peut indiquer le fait de poss\u00e9der une moto ! <\/p>\n<p>C\u2019est pourtant ce que semblent penser certains d\u00e9put\u00e9s qui ont d\u00e9pos\u00e9 \u00e0 l\u2019<a href=\"http:\/\/www.assemblee-nationale.fr\/\">Assembl\u00e9e Nationale<\/a> le 28 octobre \u00e0 2 heures du matin (en catimini ?) un amendement au projet de loi de financement de la S\u00e9curit\u00e9 sociale (PLFSS) pour 2007 qui pr\u00e9voit d&rsquo;\u00e9valuer le &quot;train de vie&quot; des b\u00e9n\u00e9ficiaires des minima sociaux (CMU, RMI, prestations familiales). <\/p>\n<p>Le texte vise \u00e0 \u00ab lutter contre la fraude \u00bb en contr\u00f4lant le \u00ab patrimoine \u00bb des plus d\u00e9sh\u00e9rit\u00e9s afin \u00e9ventuellement de r\u00e9duire, voire supprimer leurs allocations. <br \/>L\u2019amendement pr\u00e9cise que : <br \/> &quot;Les \u00e9l\u00e9ments de train de vie \u00e0 prendre en compte, sont ceux dont la personne a dispos\u00e9 au cours de la p\u00e9riode correspondant \u00e0 la d\u00e9claration de ses ressources, en quelque lieu que ce soit, en France ou \u00e0 l&rsquo;\u00e9tranger, et \u00e0 quelque titre que ce soit&quot; que &quot;l&rsquo;\u00e9valuation forfaitaire&quot; devra prendre en compte &quot;le nombre et la valeur des v\u00e9hicules, automobile, <strong>moto<\/strong>, la valeur locative du ou des biens immobiliers d\u00e9tenus ou mis \u00e0 disposition, les avantages en nature ou esp\u00e8ces servis par des tiers, la fr\u00e9quence et le co\u00fbt des voyages \u00e0 l&rsquo;\u00e9tranger etc&#8230;&quot;<\/p>\n<p>Si l\u2019on suit ce raisonnement \u00e0 la lettre, on peut imaginer la situation d\u2019un modeste employ\u00e9 qui a mis toutes ses \u00e9conomies dans l\u2019achat d\u2019une moto. Le malheureux se retrouve du jour au lendemain au ch\u00f4mage mais en plus, il devra se passer de sa machine pour aller chercher du travail et se contenter d\u2019y aller \u00e0 pied ? A condition peut-\u00eatre de n\u2019avoir pas de chaussures de marques. <br \/> Un peu de s\u00e9rieux et d\u2019humanit\u00e9 messieurs les d\u00e9put\u00e9s !<\/p>\n","protected":false},"excerpt":{"rendered":"<p>Sauf \u00e0 poss\u00e9der une 750 Honda NR, l\u2019une des motos les plus ch\u00e8res du monde, on se demande quel signe ostensible de richesse peut indiquer le fait de poss\u00e9der une moto ! C\u2019est pourtant ce que semblent penser certains d\u00e9put\u00e9s qui ont d\u00e9pos\u00e9 \u00e0 l\u2019Assembl\u00e9e Nationale le 28 octobre \u00e0 2 heures du matin (en [&hellip;]<\/p>\n","protected":false},"author":333,"featured_media":0,"comment_status":"open","ping_status":"open","sticky":false,"template":"","format":"standard","meta":{"footnotes":""},"categories":[3],"tags":[],"class_list":["post-1651","post","type-post","status-publish","format-standard","hentry","category-actualite"],"yoast_head":"<!-- This site is optimized with the Yoast SEO plugin v26.0 - https:\/\/yoast.com\/wordpress\/plugins\/seo\/ -->\n<title>Train de vie ? - leblogmoto.com<\/title>\n<meta name=\"robots\" content=\"index, follow, max-snippet:-1, max-image-preview:large, max-video-preview:-1\" \/>\n<link rel=\"canonical\" href=\"https:\/\/blogs.thesocialmedia.com\/leblogmoto\/2006\/11\/01\/train-de-vie\/\" \/>\n<meta name=\"twitter:card\" content=\"summary_large_image\" \/>\n<meta name=\"twitter:title\" content=\"Train de vie ? - leblogmoto.com\" \/>\n<meta name=\"twitter:description\" content=\"Sauf \u00e0 poss\u00e9der une 750 Honda NR, l\u2019une des motos les plus ch\u00e8res du monde, on se demande quel signe ostensible de richesse peut indiquer le fait de poss\u00e9der une moto ! C\u2019est pourtant ce que semblent penser certains d\u00e9put\u00e9s qui ont d\u00e9pos\u00e9 \u00e0 l\u2019Assembl\u00e9e Nationale le 28 octobre \u00e0 2 heures du matin (en [&hellip;]\" \/>\n<meta name=\"twitter:image\" content=\"http:\/\/www.leblogmoto.com\/images\/750nr.jpg\" \/>\n<meta name=\"twitter:label1\" content=\"\u00c9crit par\" \/>\n\t<meta name=\"twitter:data1\" content=\"christian tirat\" \/>\n\t<meta name=\"twitter:label2\" content=\"Dur\u00e9e de lecture estim\u00e9e\" \/>\n\t<meta name=\"twitter:data2\" content=\"2 minutes\" \/>\n<script type=\"application\/ld+json\" class=\"yoast-schema-graph\">{\"@context\":\"https:\/\/schema.org\",\"@graph\":[{\"@type\":\"WebPage\",\"@id\":\"https:\/\/blogs.thesocialmedia.com\/leblogmoto\/2006\/11\/01\/train-de-vie\/\",\"url\":\"https:\/\/blogs.thesocialmedia.com\/leblogmoto\/2006\/11\/01\/train-de-vie\/\",\"name\":\"Train de vie ? - leblogmoto.com\",\"isPartOf\":{\"@id\":\"https:\/\/blogs.thesocialmedia.com\/leblogmoto\/#website\"},\"primaryImageOfPage\":{\"@id\":\"https:\/\/blogs.thesocialmedia.com\/leblogmoto\/2006\/11\/01\/train-de-vie\/#primaryimage\"},\"image\":{\"@id\":\"https:\/\/blogs.thesocialmedia.com\/leblogmoto\/2006\/11\/01\/train-de-vie\/#primaryimage\"},\"thumbnailUrl\":\"http:\/\/www.leblogmoto.com\/images\/750nr.jpg\",\"datePublished\":\"2006-11-01T23:03:41+00:00\",\"dateModified\":\"2012-07-11T14:29:03+00:00\",\"author\":{\"@id\":\"https:\/\/blogs.thesocialmedia.com\/leblogmoto\/#\/schema\/person\/90b2f8fd0d5a2cede2580e95fc79c6c0\"},\"breadcrumb\":{\"@id\":\"https:\/\/blogs.thesocialmedia.com\/leblogmoto\/2006\/11\/01\/train-de-vie\/#breadcrumb\"},\"inLanguage\":\"fr-FR\",\"potentialAction\":[{\"@type\":\"ReadAction\",\"target\":[\"https:\/\/blogs.thesocialmedia.com\/leblogmoto\/2006\/11\/01\/train-de-vie\/\"]}]},{\"@type\":\"ImageObject\",\"inLanguage\":\"fr-FR\",\"@id\":\"https:\/\/blogs.thesocialmedia.com\/leblogmoto\/2006\/11\/01\/train-de-vie\/#primaryimage\",\"url\":\"http:\/\/www.leblogmoto.com\/images\/750nr.jpg\",\"contentUrl\":\"http:\/\/www.leblogmoto.com\/images\/750nr.jpg\"},{\"@type\":\"BreadcrumbList\",\"@id\":\"https:\/\/blogs.thesocialmedia.com\/leblogmoto\/2006\/11\/01\/train-de-vie\/#breadcrumb\",\"itemListElement\":[{\"@type\":\"ListItem\",\"position\":1,\"name\":\"Accueil\",\"item\":\"https:\/\/blogs.thesocialmedia.com\/leblogmoto\/\"},{\"@type\":\"ListItem\",\"position\":2,\"name\":\"Train de vie ?\"}]},{\"@type\":\"WebSite\",\"@id\":\"https:\/\/blogs.thesocialmedia.com\/leblogmoto\/#website\",\"url\":\"https:\/\/blogs.thesocialmedia.com\/leblogmoto\/\",\"name\":\"leblogmoto\",\"description\":\"Toute l&#039;actualit\u00e9 des 2 roues\",\"potentialAction\":[{\"@type\":\"SearchAction\",\"target\":{\"@type\":\"EntryPoint\",\"urlTemplate\":\"https:\/\/blogs.thesocialmedia.com\/leblogmoto\/?s={search_term_string}\"},\"query-input\":{\"@type\":\"PropertyValueSpecification\",\"valueRequired\":true,\"valueName\":\"search_term_string\"}}],\"inLanguage\":\"fr-FR\"},{\"@type\":\"Person\",\"@id\":\"https:\/\/blogs.thesocialmedia.com\/leblogmoto\/#\/schema\/person\/90b2f8fd0d5a2cede2580e95fc79c6c0\",\"name\":\"christian tirat\",\"image\":{\"@type\":\"ImageObject\",\"inLanguage\":\"fr-FR\",\"@id\":\"https:\/\/blogs.thesocialmedia.com\/leblogmoto\/#\/schema\/person\/image\/\",\"url\":\"https:\/\/secure.gravatar.com\/avatar\/?s=96&d=mm&r=g\",\"contentUrl\":\"https:\/\/secure.gravatar.com\/avatar\/?s=96&d=mm&r=g\",\"caption\":\"christian tirat\"},\"url\":\"https:\/\/blogs.thesocialmedia.com\/leblogmoto\/author\/christian-tirat\/\"}]}<\/script>\n<!-- \/ Yoast SEO plugin. -->","yoast_head_json":{"title":"Train de vie ? - leblogmoto.com","robots":{"index":"index","follow":"follow","max-snippet":"max-snippet:-1","max-image-preview":"max-image-preview:large","max-video-preview":"max-video-preview:-1"},"canonical":"https:\/\/blogs.thesocialmedia.com\/leblogmoto\/2006\/11\/01\/train-de-vie\/","twitter_card":"summary_large_image","twitter_title":"Train de vie ? - leblogmoto.com","twitter_description":"Sauf \u00e0 poss\u00e9der une 750 Honda NR, l\u2019une des motos les plus ch\u00e8res du monde, on se demande quel signe ostensible de richesse peut indiquer le fait de poss\u00e9der une moto ! C\u2019est pourtant ce que semblent penser certains d\u00e9put\u00e9s qui ont d\u00e9pos\u00e9 \u00e0 l\u2019Assembl\u00e9e Nationale le 28 octobre \u00e0 2 heures du matin (en [&hellip;]","twitter_image":"http:\/\/www.leblogmoto.com\/images\/750nr.jpg","twitter_misc":{"\u00c9crit par":"christian tirat","Dur\u00e9e de lecture estim\u00e9e":"2 minutes"},"schema":{"@context":"https:\/\/schema.org","@graph":[{"@type":"WebPage","@id":"https:\/\/blogs.thesocialmedia.com\/leblogmoto\/2006\/11\/01\/train-de-vie\/","url":"https:\/\/blogs.thesocialmedia.com\/leblogmoto\/2006\/11\/01\/train-de-vie\/","name":"Train de vie ? - leblogmoto.com","isPartOf":{"@id":"https:\/\/blogs.thesocialmedia.com\/leblogmoto\/#website"},"primaryImageOfPage":{"@id":"https:\/\/blogs.thesocialmedia.com\/leblogmoto\/2006\/11\/01\/train-de-vie\/#primaryimage"},"image":{"@id":"https:\/\/blogs.thesocialmedia.com\/leblogmoto\/2006\/11\/01\/train-de-vie\/#primaryimage"},"thumbnailUrl":"http:\/\/www.leblogmoto.com\/images\/750nr.jpg","datePublished":"2006-11-01T23:03:41+00:00","dateModified":"2012-07-11T14:29:03+00:00","author":{"@id":"https:\/\/blogs.thesocialmedia.com\/leblogmoto\/#\/schema\/person\/90b2f8fd0d5a2cede2580e95fc79c6c0"},"breadcrumb":{"@id":"https:\/\/blogs.thesocialmedia.com\/leblogmoto\/2006\/11\/01\/train-de-vie\/#breadcrumb"},"inLanguage":"fr-FR","potentialAction":[{"@type":"ReadAction","target":["https:\/\/blogs.thesocialmedia.com\/leblogmoto\/2006\/11\/01\/train-de-vie\/"]}]},{"@type":"ImageObject","inLanguage":"fr-FR","@id":"https:\/\/blogs.thesocialmedia.com\/leblogmoto\/2006\/11\/01\/train-de-vie\/#primaryimage","url":"http:\/\/www.leblogmoto.com\/images\/750nr.jpg","contentUrl":"http:\/\/www.leblogmoto.com\/images\/750nr.jpg"},{"@type":"BreadcrumbList","@id":"https:\/\/blogs.thesocialmedia.com\/leblogmoto\/2006\/11\/01\/train-de-vie\/#breadcrumb","itemListElement":[{"@type":"ListItem","position":1,"name":"Accueil","item":"https:\/\/blogs.thesocialmedia.com\/leblogmoto\/"},{"@type":"ListItem","position":2,"name":"Train de vie ?"}]},{"@type":"WebSite","@id":"https:\/\/blogs.thesocialmedia.com\/leblogmoto\/#website","url":"https:\/\/blogs.thesocialmedia.com\/leblogmoto\/","name":"leblogmoto","description":"Toute l&#039;actualit\u00e9 des 2 roues","potentialAction":[{"@type":"SearchAction","target":{"@type":"EntryPoint","urlTemplate":"https:\/\/blogs.thesocialmedia.com\/leblogmoto\/?s={search_term_string}"},"query-input":{"@type":"PropertyValueSpecification","valueRequired":true,"valueName":"search_term_string"}}],"inLanguage":"fr-FR"},{"@type":"Person","@id":"https:\/\/blogs.thesocialmedia.com\/leblogmoto\/#\/schema\/person\/90b2f8fd0d5a2cede2580e95fc79c6c0","name":"christian tirat","image":{"@type":"ImageObject","inLanguage":"fr-FR","@id":"https:\/\/blogs.thesocialmedia.com\/leblogmoto\/#\/schema\/person\/image\/","url":"https:\/\/secure.gravatar.com\/avatar\/?s=96&d=mm&r=g","contentUrl":"https:\/\/secure.gravatar.com\/avatar\/?s=96&d=mm&r=g","caption":"christian tirat"},"url":"https:\/\/blogs.thesocialmedia.com\/leblogmoto\/author\/christian-tirat\/"}]}},"_links":{"self":[{"href":"https:\/\/blogs.thesocialmedia.com\/leblogmoto\/wp-json\/wp\/v2\/posts\/1651","targetHints":{"allow":["GET"]}}],"collection":[{"href":"https:\/\/blogs.thesocialmedia.com\/leblogmoto\/wp-json\/wp\/v2\/posts"}],"about":[{"href":"https:\/\/blogs.thesocialmedia.com\/leblogmoto\/wp-json\/wp\/v2\/types\/post"}],"author":[{"embeddable":true,"href":"https:\/\/blogs.thesocialmedia.com\/leblogmoto\/wp-json\/wp\/v2\/users\/333"}],"replies":[{"embeddable":true,"href":"https:\/\/blogs.thesocialmedia.com\/leblogmoto\/wp-json\/wp\/v2\/comments?post=1651"}],"version-history":[{"count":2,"href":"https:\/\/blogs.thesocialmedia.com\/leblogmoto\/wp-json\/wp\/v2\/posts\/1651\/revisions"}],"predecessor-version":[{"id":7841,"href":"https:\/\/blogs.thesocialmedia.com\/leblogmoto\/wp-json\/wp\/v2\/posts\/1651\/revisions\/7841"}],"wp:attachment":[{"href":"https:\/\/blogs.thesocialmedia.com\/leblogmoto\/wp-json\/wp\/v2\/media?parent=1651"}],"wp:term":[{"taxonomy":"category","embeddable":true,"href":"https:\/\/blogs.thesocialmedia.com\/leblogmoto\/wp-json\/wp\/v2\/categories?post=1651"},{"taxonomy":"post_tag","embeddable":true,"href":"https:\/\/blogs.thesocialmedia.com\/leblogmoto\/wp-json\/wp\/v2\/tags?post=1651"}],"curies":[{"name":"wp","href":"https:\/\/api.w.org\/{rel}","templated":true}]}}