{"id":1652,"date":"2006-11-01T19:06:00","date_gmt":"2006-11-01T19:06:00","guid":{"rendered":"http:\/\/blogs.thesocialmedia.com\/leblogmoto\/2006\/11\/01\/sondage-moto\/"},"modified":"2012-07-11T13:21:53","modified_gmt":"2012-07-11T13:21:53","slug":"sondage-moto","status":"publish","type":"post","link":"https:\/\/blogs.thesocialmedia.com\/leblogmoto\/2006\/11\/01\/sondage-moto\/","title":{"rendered":"Sondage moto"},"content":{"rendered":"<p><a href=\"http:\/\/clabedan.typepad.com\/.shared\/image.html?\/photos\/uncategorized\/sidecross.jpeg\"><img loading=\"lazy\" decoding=\"async\" width=\"250\" height=\"188\"  src=\"http:\/\/www.leblogmoto.com\/images\/sidecross.jpeg\" alt=\"Sidecross\" style=\"margin: 0px 5px 5px 0px;float: left\" \/><\/a> J&rsquo;ai trouv\u00e9 ceci, qui semble interessant:<\/p>\n<p><strong>Motards en col\u00e8re : que fait gronder les moteurs ?<\/strong><\/p>\n<p>Alors que beaucoup de comp\u00e9titions de moto ont repris, les pol\u00e9miques vont bon train concernant les deux roues motoris\u00e9s.<\/p>\n<p>En effet, entre l\u2019allumage obligatoire des feux, jour et nuit, pour tous les v\u00e9hicules ; et les infrastructures, toujours, inadapt\u00e9es au motocyclisme (un motard toulousain s\u2019est encore tu\u00e9 avant-hier sur un \u00ab gendarme couch\u00e9 \u00bb la moto est toujours d\u2019actualit\u00e9.<\/p>\n<p><a href=\"http:\/\/www.demandi.fr\/fr_4484_moto.php?SES=a92199863006a6b394ac2e192b8ee7b7\">Demandi<\/a>, un &quot;portail d\u2019opinion&quot; sp\u00e9cialis\u00e9 dans les sondages souhaite conna\u00eetre notre position<\/p>\n<p>Qu\u2019en pensez-vous ? Que vous soyez motards ou non, que pensez-vous de ces d\u00e9bats, sont-ils justifi\u00e9s \u2026 ? Expliquez ce qui vous passionne dans votre pratique, vos machines, mais \u00e9galement ce que le motocyclisme repr\u00e9sente pour vous \u2026?<\/p>\n<p>demandi organise un tirage au sort o\u00f9 vous pouvez gagner gr\u00e2ce \u00e0 ses partenaires Moto Magazine et le Repaire des Motards:<\/p>\n<p> * 2 Abonnements \u00e0 <a href=\"http:\/\/www.motomag.com\/\">Moto Magazine<\/a><br \/> * 5 DVD Le cheval de fer<br \/> * 6 BD Moto<br \/> * 5 T-Shirt Moto Magazine<br \/> * un jeu vid\u00e9o Moto Racer<br \/> * 5 DVD Motos Stunt<br \/> * 10 T-Shirt <a href=\"http:\/\/www.lerepairedesmotards.com\/lerepaire.htm\">Le Repaire des Motards<\/a><br \/> * 10 portes-clefs Le Repaire des Motards<br \/> * des autocollants le Repaire des Motards<\/p>\n<p><a href=\"http:\/\/www.demandi.fr\/uc\/moto_fr\/ospe.php3?SES=4a848b8c1a73f96937aba139230232bc&amp;syid=11321&amp;sid=11322&amp;act=start\"><strong>Le sondage<\/strong><\/a><\/p>\n<p>Attention cependant, je viens moi-m\u00eame de r\u00e9pondre \u00e0 ce sondage fortement connot\u00e9 &quot;FFMC&quot; et &quot;Moto Mag&quot; mais il semble que son but soit plus destin\u00e9 \u00e0 constituer une base de donn\u00e9es commerciale cibl\u00e9e moto que destin\u00e9 \u00e0 conna\u00eetre nos opinions sur les d\u00e9bats li\u00e9s \u00e0 la s\u00e9curit\u00e9 routi\u00e8re. Un motard averti en vaut dix !<\/p>\n","protected":false},"excerpt":{"rendered":"<p>J&rsquo;ai trouv\u00e9 ceci, qui semble interessant: Motards en col\u00e8re : que fait gronder les moteurs ? Alors que beaucoup de comp\u00e9titions de moto ont repris, les pol\u00e9miques vont bon train concernant les deux roues motoris\u00e9s. En effet, entre l\u2019allumage obligatoire des feux, jour et nuit, pour tous les v\u00e9hicules ; et les infrastructures, toujours, inadapt\u00e9es [&hellip;]<\/p>\n","protected":false},"author":333,"featured_media":0,"comment_status":"open","ping_status":"open","sticky":false,"template":"","format":"standard","meta":{"footnotes":""},"categories":[17],"tags":[],"class_list":["post-1652","post","type-post","status-publish","format-standard","hentry","category-divers"],"yoast_head":"<!-- This site is optimized with the Yoast SEO plugin v26.0 - https:\/\/yoast.com\/wordpress\/plugins\/seo\/ -->\n<title>Sondage moto - leblogmoto.com<\/title>\n<meta name=\"robots\" content=\"index, follow, max-snippet:-1, max-image-preview:large, max-video-preview:-1\" \/>\n<link rel=\"canonical\" href=\"https:\/\/blogs.thesocialmedia.com\/leblogmoto\/2006\/11\/01\/sondage-moto\/\" \/>\n<meta name=\"twitter:card\" content=\"summary_large_image\" \/>\n<meta name=\"twitter:title\" content=\"Sondage moto - leblogmoto.com\" \/>\n<meta name=\"twitter:description\" content=\"J&rsquo;ai trouv\u00e9 ceci, qui semble interessant: Motards en col\u00e8re : que fait gronder les moteurs ? Alors que beaucoup de comp\u00e9titions de moto ont repris, les pol\u00e9miques vont bon train concernant les deux roues motoris\u00e9s. En effet, entre l\u2019allumage obligatoire des feux, jour et nuit, pour tous les v\u00e9hicules ; et les infrastructures, toujours, inadapt\u00e9es [&hellip;]\" \/>\n<meta name=\"twitter:image\" content=\"http:\/\/www.leblogmoto.com\/images\/sidecross.jpeg\" \/>\n<meta name=\"twitter:label1\" content=\"\u00c9crit par\" \/>\n\t<meta name=\"twitter:data1\" content=\"christian tirat\" \/>\n\t<meta name=\"twitter:label2\" content=\"Dur\u00e9e de lecture estim\u00e9e\" \/>\n\t<meta name=\"twitter:data2\" content=\"1 minute\" \/>\n<script type=\"application\/ld+json\" class=\"yoast-schema-graph\">{\"@context\":\"https:\/\/schema.org\",\"@graph\":[{\"@type\":\"WebPage\",\"@id\":\"https:\/\/blogs.thesocialmedia.com\/leblogmoto\/2006\/11\/01\/sondage-moto\/\",\"url\":\"https:\/\/blogs.thesocialmedia.com\/leblogmoto\/2006\/11\/01\/sondage-moto\/\",\"name\":\"Sondage moto - leblogmoto.com\",\"isPartOf\":{\"@id\":\"https:\/\/blogs.thesocialmedia.com\/leblogmoto\/#website\"},\"primaryImageOfPage\":{\"@id\":\"https:\/\/blogs.thesocialmedia.com\/leblogmoto\/2006\/11\/01\/sondage-moto\/#primaryimage\"},\"image\":{\"@id\":\"https:\/\/blogs.thesocialmedia.com\/leblogmoto\/2006\/11\/01\/sondage-moto\/#primaryimage\"},\"thumbnailUrl\":\"http:\/\/www.leblogmoto.com\/images\/sidecross.jpeg\",\"datePublished\":\"2006-11-01T19:06:00+00:00\",\"dateModified\":\"2012-07-11T13:21:53+00:00\",\"author\":{\"@id\":\"https:\/\/blogs.thesocialmedia.com\/leblogmoto\/#\/schema\/person\/90b2f8fd0d5a2cede2580e95fc79c6c0\"},\"breadcrumb\":{\"@id\":\"https:\/\/blogs.thesocialmedia.com\/leblogmoto\/2006\/11\/01\/sondage-moto\/#breadcrumb\"},\"inLanguage\":\"fr-FR\",\"potentialAction\":[{\"@type\":\"ReadAction\",\"target\":[\"https:\/\/blogs.thesocialmedia.com\/leblogmoto\/2006\/11\/01\/sondage-moto\/\"]}]},{\"@type\":\"ImageObject\",\"inLanguage\":\"fr-FR\",\"@id\":\"https:\/\/blogs.thesocialmedia.com\/leblogmoto\/2006\/11\/01\/sondage-moto\/#primaryimage\",\"url\":\"http:\/\/www.leblogmoto.com\/images\/sidecross.jpeg\",\"contentUrl\":\"http:\/\/www.leblogmoto.com\/images\/sidecross.jpeg\"},{\"@type\":\"BreadcrumbList\",\"@id\":\"https:\/\/blogs.thesocialmedia.com\/leblogmoto\/2006\/11\/01\/sondage-moto\/#breadcrumb\",\"itemListElement\":[{\"@type\":\"ListItem\",\"position\":1,\"name\":\"Accueil\",\"item\":\"https:\/\/blogs.thesocialmedia.com\/leblogmoto\/\"},{\"@type\":\"ListItem\",\"position\":2,\"name\":\"Sondage moto\"}]},{\"@type\":\"WebSite\",\"@id\":\"https:\/\/blogs.thesocialmedia.com\/leblogmoto\/#website\",\"url\":\"https:\/\/blogs.thesocialmedia.com\/leblogmoto\/\",\"name\":\"leblogmoto\",\"description\":\"Toute l&#039;actualit\u00e9 des 2 roues\",\"potentialAction\":[{\"@type\":\"SearchAction\",\"target\":{\"@type\":\"EntryPoint\",\"urlTemplate\":\"https:\/\/blogs.thesocialmedia.com\/leblogmoto\/?s={search_term_string}\"},\"query-input\":{\"@type\":\"PropertyValueSpecification\",\"valueRequired\":true,\"valueName\":\"search_term_string\"}}],\"inLanguage\":\"fr-FR\"},{\"@type\":\"Person\",\"@id\":\"https:\/\/blogs.thesocialmedia.com\/leblogmoto\/#\/schema\/person\/90b2f8fd0d5a2cede2580e95fc79c6c0\",\"name\":\"christian tirat\",\"image\":{\"@type\":\"ImageObject\",\"inLanguage\":\"fr-FR\",\"@id\":\"https:\/\/blogs.thesocialmedia.com\/leblogmoto\/#\/schema\/person\/image\/\",\"url\":\"https:\/\/secure.gravatar.com\/avatar\/?s=96&d=mm&r=g\",\"contentUrl\":\"https:\/\/secure.gravatar.com\/avatar\/?s=96&d=mm&r=g\",\"caption\":\"christian tirat\"},\"url\":\"https:\/\/blogs.thesocialmedia.com\/leblogmoto\/author\/christian-tirat\/\"}]}<\/script>\n<!-- \/ Yoast SEO plugin. -->","yoast_head_json":{"title":"Sondage moto - leblogmoto.com","robots":{"index":"index","follow":"follow","max-snippet":"max-snippet:-1","max-image-preview":"max-image-preview:large","max-video-preview":"max-video-preview:-1"},"canonical":"https:\/\/blogs.thesocialmedia.com\/leblogmoto\/2006\/11\/01\/sondage-moto\/","twitter_card":"summary_large_image","twitter_title":"Sondage moto - leblogmoto.com","twitter_description":"J&rsquo;ai trouv\u00e9 ceci, qui semble interessant: Motards en col\u00e8re : que fait gronder les moteurs ? Alors que beaucoup de comp\u00e9titions de moto ont repris, les pol\u00e9miques vont bon train concernant les deux roues motoris\u00e9s. En effet, entre l\u2019allumage obligatoire des feux, jour et nuit, pour tous les v\u00e9hicules ; et les infrastructures, toujours, inadapt\u00e9es [&hellip;]","twitter_image":"http:\/\/www.leblogmoto.com\/images\/sidecross.jpeg","twitter_misc":{"\u00c9crit par":"christian tirat","Dur\u00e9e de lecture estim\u00e9e":"1 minute"},"schema":{"@context":"https:\/\/schema.org","@graph":[{"@type":"WebPage","@id":"https:\/\/blogs.thesocialmedia.com\/leblogmoto\/2006\/11\/01\/sondage-moto\/","url":"https:\/\/blogs.thesocialmedia.com\/leblogmoto\/2006\/11\/01\/sondage-moto\/","name":"Sondage moto - leblogmoto.com","isPartOf":{"@id":"https:\/\/blogs.thesocialmedia.com\/leblogmoto\/#website"},"primaryImageOfPage":{"@id":"https:\/\/blogs.thesocialmedia.com\/leblogmoto\/2006\/11\/01\/sondage-moto\/#primaryimage"},"image":{"@id":"https:\/\/blogs.thesocialmedia.com\/leblogmoto\/2006\/11\/01\/sondage-moto\/#primaryimage"},"thumbnailUrl":"http:\/\/www.leblogmoto.com\/images\/sidecross.jpeg","datePublished":"2006-11-01T19:06:00+00:00","dateModified":"2012-07-11T13:21:53+00:00","author":{"@id":"https:\/\/blogs.thesocialmedia.com\/leblogmoto\/#\/schema\/person\/90b2f8fd0d5a2cede2580e95fc79c6c0"},"breadcrumb":{"@id":"https:\/\/blogs.thesocialmedia.com\/leblogmoto\/2006\/11\/01\/sondage-moto\/#breadcrumb"},"inLanguage":"fr-FR","potentialAction":[{"@type":"ReadAction","target":["https:\/\/blogs.thesocialmedia.com\/leblogmoto\/2006\/11\/01\/sondage-moto\/"]}]},{"@type":"ImageObject","inLanguage":"fr-FR","@id":"https:\/\/blogs.thesocialmedia.com\/leblogmoto\/2006\/11\/01\/sondage-moto\/#primaryimage","url":"http:\/\/www.leblogmoto.com\/images\/sidecross.jpeg","contentUrl":"http:\/\/www.leblogmoto.com\/images\/sidecross.jpeg"},{"@type":"BreadcrumbList","@id":"https:\/\/blogs.thesocialmedia.com\/leblogmoto\/2006\/11\/01\/sondage-moto\/#breadcrumb","itemListElement":[{"@type":"ListItem","position":1,"name":"Accueil","item":"https:\/\/blogs.thesocialmedia.com\/leblogmoto\/"},{"@type":"ListItem","position":2,"name":"Sondage moto"}]},{"@type":"WebSite","@id":"https:\/\/blogs.thesocialmedia.com\/leblogmoto\/#website","url":"https:\/\/blogs.thesocialmedia.com\/leblogmoto\/","name":"leblogmoto","description":"Toute l&#039;actualit\u00e9 des 2 roues","potentialAction":[{"@type":"SearchAction","target":{"@type":"EntryPoint","urlTemplate":"https:\/\/blogs.thesocialmedia.com\/leblogmoto\/?s={search_term_string}"},"query-input":{"@type":"PropertyValueSpecification","valueRequired":true,"valueName":"search_term_string"}}],"inLanguage":"fr-FR"},{"@type":"Person","@id":"https:\/\/blogs.thesocialmedia.com\/leblogmoto\/#\/schema\/person\/90b2f8fd0d5a2cede2580e95fc79c6c0","name":"christian tirat","image":{"@type":"ImageObject","inLanguage":"fr-FR","@id":"https:\/\/blogs.thesocialmedia.com\/leblogmoto\/#\/schema\/person\/image\/","url":"https:\/\/secure.gravatar.com\/avatar\/?s=96&d=mm&r=g","contentUrl":"https:\/\/secure.gravatar.com\/avatar\/?s=96&d=mm&r=g","caption":"christian tirat"},"url":"https:\/\/blogs.thesocialmedia.com\/leblogmoto\/author\/christian-tirat\/"}]}},"_links":{"self":[{"href":"https:\/\/blogs.thesocialmedia.com\/leblogmoto\/wp-json\/wp\/v2\/posts\/1652","targetHints":{"allow":["GET"]}}],"collection":[{"href":"https:\/\/blogs.thesocialmedia.com\/leblogmoto\/wp-json\/wp\/v2\/posts"}],"about":[{"href":"https:\/\/blogs.thesocialmedia.com\/leblogmoto\/wp-json\/wp\/v2\/types\/post"}],"author":[{"embeddable":true,"href":"https:\/\/blogs.thesocialmedia.com\/leblogmoto\/wp-json\/wp\/v2\/users\/333"}],"replies":[{"embeddable":true,"href":"https:\/\/blogs.thesocialmedia.com\/leblogmoto\/wp-json\/wp\/v2\/comments?post=1652"}],"version-history":[{"count":1,"href":"https:\/\/blogs.thesocialmedia.com\/leblogmoto\/wp-json\/wp\/v2\/posts\/1652\/revisions"}],"predecessor-version":[{"id":3520,"href":"https:\/\/blogs.thesocialmedia.com\/leblogmoto\/wp-json\/wp\/v2\/posts\/1652\/revisions\/3520"}],"wp:attachment":[{"href":"https:\/\/blogs.thesocialmedia.com\/leblogmoto\/wp-json\/wp\/v2\/media?parent=1652"}],"wp:term":[{"taxonomy":"category","embeddable":true,"href":"https:\/\/blogs.thesocialmedia.com\/leblogmoto\/wp-json\/wp\/v2\/categories?post=1652"},{"taxonomy":"post_tag","embeddable":true,"href":"https:\/\/blogs.thesocialmedia.com\/leblogmoto\/wp-json\/wp\/v2\/tags?post=1652"}],"curies":[{"name":"wp","href":"https:\/\/api.w.org\/{rel}","templated":true}]}}