{"id":1653,"date":"2006-11-01T18:28:59","date_gmt":"2006-11-01T18:28:59","guid":{"rendered":"http:\/\/blogs.thesocialmedia.com\/leblogmoto\/2006\/11\/01\/enfin-sorti-daf\/"},"modified":"2012-07-11T14:29:02","modified_gmt":"2012-07-11T14:29:02","slug":"enfin-sorti-daf","status":"publish","type":"post","link":"https:\/\/blogs.thesocialmedia.com\/leblogmoto\/2006\/11\/01\/enfin-sorti-daf\/","title":{"rendered":"Enfin sorti d&rsquo;affaire !"},"content":{"rendered":"<p><a href=\"http:\/\/blogs.thesocialmedia.com\/leblogmoto\/files\/2012\/07\/moto1_2.jpg\"><img loading=\"lazy\" decoding=\"async\" width=\"250\" height=\"221\"  src=\"http:\/\/www.leblogmoto.com\/images\/moto1_2.jpg\" alt=\"Moto1_2\" style=\"margin: 0px 5px 5px 0px;float: left\" \/><\/a> <\/p>\n<p>A tous les lecteurs, milles excuses ! <\/p>\n<p>j&rsquo;ai d\u00fb me battre presque un mois pour me sortir d&rsquo;un \u00e9norme crash informatique qui m&rsquo;a fait perdre (provisoirement) pr\u00e8s de 300.000 fichiers et 20 ans d&rsquo;archives, d&rsquo;aventures et de travail. <\/p>\n<p>Bon, ce n&rsquo;est pas votre probl\u00e8me, mais vous connaissez maintenant la cause de cet &quot;abandon&quot; bien involontaire. <\/p>\n<p>Je vais essayer de reprendre mes contributions, \u00e0 pas de velours. On dira que je suis en rodage, ok ?<\/p>\n<p>Appel de phare \u00e0 tous, en particulier \u00e0 Titi31 et Elisabeth<\/p>\n","protected":false},"excerpt":{"rendered":"<p>A tous les lecteurs, milles excuses ! j&rsquo;ai d\u00fb me battre presque un mois pour me sortir d&rsquo;un \u00e9norme crash informatique qui m&rsquo;a fait perdre (provisoirement) pr\u00e8s de 300.000 fichiers et 20 ans d&rsquo;archives, d&rsquo;aventures et de travail. Bon, ce n&rsquo;est pas votre probl\u00e8me, mais vous connaissez maintenant la cause de cet &quot;abandon&quot; bien involontaire. [&hellip;]<\/p>\n","protected":false},"author":333,"featured_media":0,"comment_status":"open","ping_status":"open","sticky":false,"template":"","format":"standard","meta":{"footnotes":""},"categories":[17],"tags":[],"class_list":["post-1653","post","type-post","status-publish","format-standard","hentry","category-divers"],"yoast_head":"<!-- This site is optimized with the Yoast SEO plugin v26.0 - https:\/\/yoast.com\/wordpress\/plugins\/seo\/ -->\n<title>Enfin sorti d&#039;affaire ! - leblogmoto.com<\/title>\n<meta name=\"robots\" content=\"index, follow, max-snippet:-1, max-image-preview:large, max-video-preview:-1\" \/>\n<link rel=\"canonical\" href=\"https:\/\/blogs.thesocialmedia.com\/leblogmoto\/2006\/11\/01\/enfin-sorti-daf\/\" \/>\n<meta name=\"twitter:card\" content=\"summary_large_image\" \/>\n<meta name=\"twitter:title\" content=\"Enfin sorti d&#039;affaire ! - leblogmoto.com\" \/>\n<meta name=\"twitter:description\" content=\"A tous les lecteurs, milles excuses ! j&rsquo;ai d\u00fb me battre presque un mois pour me sortir d&rsquo;un \u00e9norme crash informatique qui m&rsquo;a fait perdre (provisoirement) pr\u00e8s de 300.000 fichiers et 20 ans d&rsquo;archives, d&rsquo;aventures et de travail. Bon, ce n&rsquo;est pas votre probl\u00e8me, mais vous connaissez maintenant la cause de cet &quot;abandon&quot; bien involontaire. [&hellip;]\" \/>\n<meta name=\"twitter:image\" content=\"http:\/\/www.leblogmoto.com\/images\/moto1_2.jpg\" \/>\n<meta name=\"twitter:label1\" content=\"\u00c9crit par\" \/>\n\t<meta name=\"twitter:data1\" content=\"christian tirat\" \/>\n<script type=\"application\/ld+json\" class=\"yoast-schema-graph\">{\"@context\":\"https:\/\/schema.org\",\"@graph\":[{\"@type\":\"WebPage\",\"@id\":\"https:\/\/blogs.thesocialmedia.com\/leblogmoto\/2006\/11\/01\/enfin-sorti-daf\/\",\"url\":\"https:\/\/blogs.thesocialmedia.com\/leblogmoto\/2006\/11\/01\/enfin-sorti-daf\/\",\"name\":\"Enfin sorti d'affaire ! - leblogmoto.com\",\"isPartOf\":{\"@id\":\"https:\/\/blogs.thesocialmedia.com\/leblogmoto\/#website\"},\"primaryImageOfPage\":{\"@id\":\"https:\/\/blogs.thesocialmedia.com\/leblogmoto\/2006\/11\/01\/enfin-sorti-daf\/#primaryimage\"},\"image\":{\"@id\":\"https:\/\/blogs.thesocialmedia.com\/leblogmoto\/2006\/11\/01\/enfin-sorti-daf\/#primaryimage\"},\"thumbnailUrl\":\"http:\/\/www.leblogmoto.com\/images\/moto1_2.jpg\",\"datePublished\":\"2006-11-01T18:28:59+00:00\",\"dateModified\":\"2012-07-11T14:29:02+00:00\",\"author\":{\"@id\":\"https:\/\/blogs.thesocialmedia.com\/leblogmoto\/#\/schema\/person\/90b2f8fd0d5a2cede2580e95fc79c6c0\"},\"breadcrumb\":{\"@id\":\"https:\/\/blogs.thesocialmedia.com\/leblogmoto\/2006\/11\/01\/enfin-sorti-daf\/#breadcrumb\"},\"inLanguage\":\"fr-FR\",\"potentialAction\":[{\"@type\":\"ReadAction\",\"target\":[\"https:\/\/blogs.thesocialmedia.com\/leblogmoto\/2006\/11\/01\/enfin-sorti-daf\/\"]}]},{\"@type\":\"ImageObject\",\"inLanguage\":\"fr-FR\",\"@id\":\"https:\/\/blogs.thesocialmedia.com\/leblogmoto\/2006\/11\/01\/enfin-sorti-daf\/#primaryimage\",\"url\":\"http:\/\/www.leblogmoto.com\/images\/moto1_2.jpg\",\"contentUrl\":\"http:\/\/www.leblogmoto.com\/images\/moto1_2.jpg\"},{\"@type\":\"BreadcrumbList\",\"@id\":\"https:\/\/blogs.thesocialmedia.com\/leblogmoto\/2006\/11\/01\/enfin-sorti-daf\/#breadcrumb\",\"itemListElement\":[{\"@type\":\"ListItem\",\"position\":1,\"name\":\"Accueil\",\"item\":\"https:\/\/blogs.thesocialmedia.com\/leblogmoto\/\"},{\"@type\":\"ListItem\",\"position\":2,\"name\":\"Enfin sorti d&rsquo;affaire !\"}]},{\"@type\":\"WebSite\",\"@id\":\"https:\/\/blogs.thesocialmedia.com\/leblogmoto\/#website\",\"url\":\"https:\/\/blogs.thesocialmedia.com\/leblogmoto\/\",\"name\":\"leblogmoto\",\"description\":\"Toute l&#039;actualit\u00e9 des 2 roues\",\"potentialAction\":[{\"@type\":\"SearchAction\",\"target\":{\"@type\":\"EntryPoint\",\"urlTemplate\":\"https:\/\/blogs.thesocialmedia.com\/leblogmoto\/?s={search_term_string}\"},\"query-input\":{\"@type\":\"PropertyValueSpecification\",\"valueRequired\":true,\"valueName\":\"search_term_string\"}}],\"inLanguage\":\"fr-FR\"},{\"@type\":\"Person\",\"@id\":\"https:\/\/blogs.thesocialmedia.com\/leblogmoto\/#\/schema\/person\/90b2f8fd0d5a2cede2580e95fc79c6c0\",\"name\":\"christian tirat\",\"image\":{\"@type\":\"ImageObject\",\"inLanguage\":\"fr-FR\",\"@id\":\"https:\/\/blogs.thesocialmedia.com\/leblogmoto\/#\/schema\/person\/image\/\",\"url\":\"https:\/\/secure.gravatar.com\/avatar\/?s=96&d=mm&r=g\",\"contentUrl\":\"https:\/\/secure.gravatar.com\/avatar\/?s=96&d=mm&r=g\",\"caption\":\"christian tirat\"},\"url\":\"https:\/\/blogs.thesocialmedia.com\/leblogmoto\/author\/christian-tirat\/\"}]}<\/script>\n<!-- \/ Yoast SEO plugin. -->","yoast_head_json":{"title":"Enfin sorti d'affaire ! - leblogmoto.com","robots":{"index":"index","follow":"follow","max-snippet":"max-snippet:-1","max-image-preview":"max-image-preview:large","max-video-preview":"max-video-preview:-1"},"canonical":"https:\/\/blogs.thesocialmedia.com\/leblogmoto\/2006\/11\/01\/enfin-sorti-daf\/","twitter_card":"summary_large_image","twitter_title":"Enfin sorti d'affaire ! - leblogmoto.com","twitter_description":"A tous les lecteurs, milles excuses ! j&rsquo;ai d\u00fb me battre presque un mois pour me sortir d&rsquo;un \u00e9norme crash informatique qui m&rsquo;a fait perdre (provisoirement) pr\u00e8s de 300.000 fichiers et 20 ans d&rsquo;archives, d&rsquo;aventures et de travail. Bon, ce n&rsquo;est pas votre probl\u00e8me, mais vous connaissez maintenant la cause de cet &quot;abandon&quot; bien involontaire. [&hellip;]","twitter_image":"http:\/\/www.leblogmoto.com\/images\/moto1_2.jpg","twitter_misc":{"\u00c9crit par":"christian tirat"},"schema":{"@context":"https:\/\/schema.org","@graph":[{"@type":"WebPage","@id":"https:\/\/blogs.thesocialmedia.com\/leblogmoto\/2006\/11\/01\/enfin-sorti-daf\/","url":"https:\/\/blogs.thesocialmedia.com\/leblogmoto\/2006\/11\/01\/enfin-sorti-daf\/","name":"Enfin sorti d'affaire ! - leblogmoto.com","isPartOf":{"@id":"https:\/\/blogs.thesocialmedia.com\/leblogmoto\/#website"},"primaryImageOfPage":{"@id":"https:\/\/blogs.thesocialmedia.com\/leblogmoto\/2006\/11\/01\/enfin-sorti-daf\/#primaryimage"},"image":{"@id":"https:\/\/blogs.thesocialmedia.com\/leblogmoto\/2006\/11\/01\/enfin-sorti-daf\/#primaryimage"},"thumbnailUrl":"http:\/\/www.leblogmoto.com\/images\/moto1_2.jpg","datePublished":"2006-11-01T18:28:59+00:00","dateModified":"2012-07-11T14:29:02+00:00","author":{"@id":"https:\/\/blogs.thesocialmedia.com\/leblogmoto\/#\/schema\/person\/90b2f8fd0d5a2cede2580e95fc79c6c0"},"breadcrumb":{"@id":"https:\/\/blogs.thesocialmedia.com\/leblogmoto\/2006\/11\/01\/enfin-sorti-daf\/#breadcrumb"},"inLanguage":"fr-FR","potentialAction":[{"@type":"ReadAction","target":["https:\/\/blogs.thesocialmedia.com\/leblogmoto\/2006\/11\/01\/enfin-sorti-daf\/"]}]},{"@type":"ImageObject","inLanguage":"fr-FR","@id":"https:\/\/blogs.thesocialmedia.com\/leblogmoto\/2006\/11\/01\/enfin-sorti-daf\/#primaryimage","url":"http:\/\/www.leblogmoto.com\/images\/moto1_2.jpg","contentUrl":"http:\/\/www.leblogmoto.com\/images\/moto1_2.jpg"},{"@type":"BreadcrumbList","@id":"https:\/\/blogs.thesocialmedia.com\/leblogmoto\/2006\/11\/01\/enfin-sorti-daf\/#breadcrumb","itemListElement":[{"@type":"ListItem","position":1,"name":"Accueil","item":"https:\/\/blogs.thesocialmedia.com\/leblogmoto\/"},{"@type":"ListItem","position":2,"name":"Enfin sorti d&rsquo;affaire !"}]},{"@type":"WebSite","@id":"https:\/\/blogs.thesocialmedia.com\/leblogmoto\/#website","url":"https:\/\/blogs.thesocialmedia.com\/leblogmoto\/","name":"leblogmoto","description":"Toute l&#039;actualit\u00e9 des 2 roues","potentialAction":[{"@type":"SearchAction","target":{"@type":"EntryPoint","urlTemplate":"https:\/\/blogs.thesocialmedia.com\/leblogmoto\/?s={search_term_string}"},"query-input":{"@type":"PropertyValueSpecification","valueRequired":true,"valueName":"search_term_string"}}],"inLanguage":"fr-FR"},{"@type":"Person","@id":"https:\/\/blogs.thesocialmedia.com\/leblogmoto\/#\/schema\/person\/90b2f8fd0d5a2cede2580e95fc79c6c0","name":"christian tirat","image":{"@type":"ImageObject","inLanguage":"fr-FR","@id":"https:\/\/blogs.thesocialmedia.com\/leblogmoto\/#\/schema\/person\/image\/","url":"https:\/\/secure.gravatar.com\/avatar\/?s=96&d=mm&r=g","contentUrl":"https:\/\/secure.gravatar.com\/avatar\/?s=96&d=mm&r=g","caption":"christian tirat"},"url":"https:\/\/blogs.thesocialmedia.com\/leblogmoto\/author\/christian-tirat\/"}]}},"_links":{"self":[{"href":"https:\/\/blogs.thesocialmedia.com\/leblogmoto\/wp-json\/wp\/v2\/posts\/1653","targetHints":{"allow":["GET"]}}],"collection":[{"href":"https:\/\/blogs.thesocialmedia.com\/leblogmoto\/wp-json\/wp\/v2\/posts"}],"about":[{"href":"https:\/\/blogs.thesocialmedia.com\/leblogmoto\/wp-json\/wp\/v2\/types\/post"}],"author":[{"embeddable":true,"href":"https:\/\/blogs.thesocialmedia.com\/leblogmoto\/wp-json\/wp\/v2\/users\/333"}],"replies":[{"embeddable":true,"href":"https:\/\/blogs.thesocialmedia.com\/leblogmoto\/wp-json\/wp\/v2\/comments?post=1653"}],"version-history":[{"count":2,"href":"https:\/\/blogs.thesocialmedia.com\/leblogmoto\/wp-json\/wp\/v2\/posts\/1653\/revisions"}],"predecessor-version":[{"id":7839,"href":"https:\/\/blogs.thesocialmedia.com\/leblogmoto\/wp-json\/wp\/v2\/posts\/1653\/revisions\/7839"}],"wp:attachment":[{"href":"https:\/\/blogs.thesocialmedia.com\/leblogmoto\/wp-json\/wp\/v2\/media?parent=1653"}],"wp:term":[{"taxonomy":"category","embeddable":true,"href":"https:\/\/blogs.thesocialmedia.com\/leblogmoto\/wp-json\/wp\/v2\/categories?post=1653"},{"taxonomy":"post_tag","embeddable":true,"href":"https:\/\/blogs.thesocialmedia.com\/leblogmoto\/wp-json\/wp\/v2\/tags?post=1653"}],"curies":[{"name":"wp","href":"https:\/\/api.w.org\/{rel}","templated":true}]}}