{"id":1660,"date":"2006-09-15T23:56:16","date_gmt":"2006-09-15T23:56:16","guid":{"rendered":"http:\/\/blogs.thesocialmedia.com\/leblogmoto\/2006\/09\/15\/bol-dor-autorou\/"},"modified":"2012-07-11T14:28:39","modified_gmt":"2012-07-11T14:28:39","slug":"bol-dor-autorou","status":"publish","type":"post","link":"https:\/\/blogs.thesocialmedia.com\/leblogmoto\/2006\/09\/15\/bol-dor-autorou\/","title":{"rendered":"Bol d&rsquo;Or: Autoroutes gratuites"},"content":{"rendered":"<p><a href=\"http:\/\/blogs.thesocialmedia.com\/leblogmoto\/files\/2012\/07\/0606_boldor_1.jpg\"><img loading=\"lazy\" decoding=\"async\" alt=\"0606_boldor_1\" src=\"http:\/\/www.leblogmoto.com\/images\/0606_boldor_1.jpg\" width=\"250\" height=\"250\"  \/><\/a> Dans le cadre des grandes migrations de motards qui entourent le <a href=\"http:\/\/www.boldor.fr\/site\/accueil.php\">Bol d&rsquo;Or<\/a>, et au del\u00e0 de l&rsquo;op\u00e9ration des <a href=\"http:\/\/www.ffmc.asso.fr\/rubrique.php3?id_rubrique=110\">&quot; Relais Motards Calmos &quot;<\/a>, la <a href=\"http:\/\/www.ffmc.asso.fr\/\">FFMC<\/a> a comme chaque ann\u00e9e demand\u00e9 aux soci\u00e9t\u00e9s d&rsquo;autoroute et \u00e0 la Direction de la S\u00e9curit\u00e9 Routi\u00e8re, d&rsquo;accorder la gratuit\u00e9 des p\u00e9ages aux motos.<\/p>\n<p>En effet, les trajets par autoroute se r\u00e9v\u00e9lant 4 fois plus s\u00fbrs, il est bon d&rsquo;inciter les motards \u00e0 les emprunter, notamment pour un aller retour de plusieurs centaines de kilom\u00e8tres sur un week end. De plus, la gratuit\u00e9 des p\u00e9ages pour les motards contribue \u00e0 la fluidit\u00e9 du trafic et \u00e0 de meilleures conditions de circulations pour tous les usagers des autoroutes.<\/p>\n<p>Malheureusement il semble que les tron\u00e7ons concern\u00e9s par ce dispositif se r\u00e9duise chaque ann\u00e9e comme peau de chagrin.<\/p>\n<p>Pour 2006, les tron\u00e7ons suivants seront gratuits :<\/p>\n<p>*<a href=\"http:\/\/www.asf.fr\/control\/index.aspx?alias=home\">ASF<\/a> : gratuit\u00e9 pour les motards du vendredi 15\/09\/06 \u00e0 13h au lundi 18\/09\/06 \u00e0 13h<\/p>\n<p> A72 de Saint-Etienne \u00e0 Clermont-Ferrand,&nbsp; A89 de la bifurcation avec l&rsquo;A71 jusqu&rsquo;\u00e0 Brive. <\/p>\n<p>*<a href=\"http:\/\/www.parisrhinrhone.fr\/\">APRR<\/a> : gratuit\u00e9 du vendredi 15\/9 &#8211; 15h au lundi 18\/9 &#8211; 13h sur les tron\u00e7ons suivants :<\/p>\n<p> A6 Paris jusqu&rsquo;\u00e0 la jonction avec A77, A77 Nemours (A6) &#8211; Nevers, A36 Mulhouse Beaune, A31 Metz Beaune, A71 Clermont Ferrand &#8211; Bourges, <\/p>\n<p>Par ailleurs la FFMC tient un stand au Bol d&rsquo;Or, avec l&rsquo;ensemble du mouvement, o\u00f9 elle invite tous les motards pr\u00e9sents \u00e0 venir la rencontrer.<\/p>\n<p>A propos des &quot; Relais Calmos &quot; o\u00f9 l&rsquo;on pratique surtout la pause caf\u00e9 (une tr\u00e8s bonne initiative) Il est \u00e0 propos de pr\u00e9ciser qu&rsquo;\u00e0 moto, surtout quand il fait froid, mieux vaut \u00e9viter le caf\u00e9 ! La tension nerveuse qu&rsquo;il provoque augmente la sensation de froid, il apporte peu de calories \u00e0 l&rsquo;organisme et comme il est diur\u00e9tique, il multiplie le nombre de pauses pipi (Les vieux &quot; roulent toujours &quot; de l&rsquo;Hivernale des Senons et les pilotes de rallyes le savent bien) Pr\u00e9f\u00e9rez donc la pause CHOCOLAT !<\/p>\n<p>Bonne route \u00e0 tous et soyez prudents !<\/p>\n","protected":false},"excerpt":{"rendered":"<p>Dans le cadre des grandes migrations de motards qui entourent le Bol d&rsquo;Or, et au del\u00e0 de l&rsquo;op\u00e9ration des &quot; Relais Motards Calmos &quot;, la FFMC a comme chaque ann\u00e9e demand\u00e9 aux soci\u00e9t\u00e9s d&rsquo;autoroute et \u00e0 la Direction de la S\u00e9curit\u00e9 Routi\u00e8re, d&rsquo;accorder la gratuit\u00e9 des p\u00e9ages aux motos. En effet, les trajets par autoroute [&hellip;]<\/p>\n","protected":false},"author":333,"featured_media":0,"comment_status":"open","ping_status":"open","sticky":false,"template":"","format":"standard","meta":{"footnotes":""},"categories":[22],"tags":[],"class_list":["post-1660","post","type-post","status-publish","format-standard","hentry","category-motogp"],"yoast_head":"<!-- This site is optimized with the Yoast SEO plugin v26.0 - https:\/\/yoast.com\/wordpress\/plugins\/seo\/ -->\n<title>Bol d&#039;Or: Autoroutes gratuites - leblogmoto.com<\/title>\n<meta name=\"robots\" content=\"index, follow, max-snippet:-1, max-image-preview:large, max-video-preview:-1\" \/>\n<link rel=\"canonical\" href=\"https:\/\/blogs.thesocialmedia.com\/leblogmoto\/2006\/09\/15\/bol-dor-autorou\/\" \/>\n<meta name=\"twitter:card\" content=\"summary_large_image\" \/>\n<meta name=\"twitter:title\" content=\"Bol d&#039;Or: Autoroutes gratuites - leblogmoto.com\" \/>\n<meta name=\"twitter:description\" content=\"Dans le cadre des grandes migrations de motards qui entourent le Bol d&rsquo;Or, et au del\u00e0 de l&rsquo;op\u00e9ration des &quot; Relais Motards Calmos &quot;, la FFMC a comme chaque ann\u00e9e demand\u00e9 aux soci\u00e9t\u00e9s d&rsquo;autoroute et \u00e0 la Direction de la S\u00e9curit\u00e9 Routi\u00e8re, d&rsquo;accorder la gratuit\u00e9 des p\u00e9ages aux motos. En effet, les trajets par autoroute [&hellip;]\" \/>\n<meta name=\"twitter:image\" content=\"http:\/\/www.leblogmoto.com\/images\/0606_boldor_1.jpg\" \/>\n<meta name=\"twitter:label1\" content=\"\u00c9crit par\" \/>\n\t<meta name=\"twitter:data1\" content=\"christian tirat\" \/>\n\t<meta name=\"twitter:label2\" content=\"Dur\u00e9e de lecture estim\u00e9e\" \/>\n\t<meta name=\"twitter:data2\" content=\"2 minutes\" \/>\n<script type=\"application\/ld+json\" class=\"yoast-schema-graph\">{\"@context\":\"https:\/\/schema.org\",\"@graph\":[{\"@type\":\"WebPage\",\"@id\":\"https:\/\/blogs.thesocialmedia.com\/leblogmoto\/2006\/09\/15\/bol-dor-autorou\/\",\"url\":\"https:\/\/blogs.thesocialmedia.com\/leblogmoto\/2006\/09\/15\/bol-dor-autorou\/\",\"name\":\"Bol d'Or: Autoroutes gratuites - leblogmoto.com\",\"isPartOf\":{\"@id\":\"https:\/\/blogs.thesocialmedia.com\/leblogmoto\/#website\"},\"primaryImageOfPage\":{\"@id\":\"https:\/\/blogs.thesocialmedia.com\/leblogmoto\/2006\/09\/15\/bol-dor-autorou\/#primaryimage\"},\"image\":{\"@id\":\"https:\/\/blogs.thesocialmedia.com\/leblogmoto\/2006\/09\/15\/bol-dor-autorou\/#primaryimage\"},\"thumbnailUrl\":\"http:\/\/www.leblogmoto.com\/images\/0606_boldor_1.jpg\",\"datePublished\":\"2006-09-15T23:56:16+00:00\",\"dateModified\":\"2012-07-11T14:28:39+00:00\",\"author\":{\"@id\":\"https:\/\/blogs.thesocialmedia.com\/leblogmoto\/#\/schema\/person\/90b2f8fd0d5a2cede2580e95fc79c6c0\"},\"breadcrumb\":{\"@id\":\"https:\/\/blogs.thesocialmedia.com\/leblogmoto\/2006\/09\/15\/bol-dor-autorou\/#breadcrumb\"},\"inLanguage\":\"fr-FR\",\"potentialAction\":[{\"@type\":\"ReadAction\",\"target\":[\"https:\/\/blogs.thesocialmedia.com\/leblogmoto\/2006\/09\/15\/bol-dor-autorou\/\"]}]},{\"@type\":\"ImageObject\",\"inLanguage\":\"fr-FR\",\"@id\":\"https:\/\/blogs.thesocialmedia.com\/leblogmoto\/2006\/09\/15\/bol-dor-autorou\/#primaryimage\",\"url\":\"http:\/\/www.leblogmoto.com\/images\/0606_boldor_1.jpg\",\"contentUrl\":\"http:\/\/www.leblogmoto.com\/images\/0606_boldor_1.jpg\"},{\"@type\":\"BreadcrumbList\",\"@id\":\"https:\/\/blogs.thesocialmedia.com\/leblogmoto\/2006\/09\/15\/bol-dor-autorou\/#breadcrumb\",\"itemListElement\":[{\"@type\":\"ListItem\",\"position\":1,\"name\":\"Accueil\",\"item\":\"https:\/\/blogs.thesocialmedia.com\/leblogmoto\/\"},{\"@type\":\"ListItem\",\"position\":2,\"name\":\"Bol d&rsquo;Or: Autoroutes gratuites\"}]},{\"@type\":\"WebSite\",\"@id\":\"https:\/\/blogs.thesocialmedia.com\/leblogmoto\/#website\",\"url\":\"https:\/\/blogs.thesocialmedia.com\/leblogmoto\/\",\"name\":\"leblogmoto\",\"description\":\"Toute l&#039;actualit\u00e9 des 2 roues\",\"potentialAction\":[{\"@type\":\"SearchAction\",\"target\":{\"@type\":\"EntryPoint\",\"urlTemplate\":\"https:\/\/blogs.thesocialmedia.com\/leblogmoto\/?s={search_term_string}\"},\"query-input\":{\"@type\":\"PropertyValueSpecification\",\"valueRequired\":true,\"valueName\":\"search_term_string\"}}],\"inLanguage\":\"fr-FR\"},{\"@type\":\"Person\",\"@id\":\"https:\/\/blogs.thesocialmedia.com\/leblogmoto\/#\/schema\/person\/90b2f8fd0d5a2cede2580e95fc79c6c0\",\"name\":\"christian tirat\",\"image\":{\"@type\":\"ImageObject\",\"inLanguage\":\"fr-FR\",\"@id\":\"https:\/\/blogs.thesocialmedia.com\/leblogmoto\/#\/schema\/person\/image\/\",\"url\":\"https:\/\/secure.gravatar.com\/avatar\/?s=96&d=mm&r=g\",\"contentUrl\":\"https:\/\/secure.gravatar.com\/avatar\/?s=96&d=mm&r=g\",\"caption\":\"christian tirat\"},\"url\":\"https:\/\/blogs.thesocialmedia.com\/leblogmoto\/author\/christian-tirat\/\"}]}<\/script>\n<!-- \/ Yoast SEO plugin. -->","yoast_head_json":{"title":"Bol d'Or: Autoroutes gratuites - leblogmoto.com","robots":{"index":"index","follow":"follow","max-snippet":"max-snippet:-1","max-image-preview":"max-image-preview:large","max-video-preview":"max-video-preview:-1"},"canonical":"https:\/\/blogs.thesocialmedia.com\/leblogmoto\/2006\/09\/15\/bol-dor-autorou\/","twitter_card":"summary_large_image","twitter_title":"Bol d'Or: Autoroutes gratuites - leblogmoto.com","twitter_description":"Dans le cadre des grandes migrations de motards qui entourent le Bol d&rsquo;Or, et au del\u00e0 de l&rsquo;op\u00e9ration des &quot; Relais Motards Calmos &quot;, la FFMC a comme chaque ann\u00e9e demand\u00e9 aux soci\u00e9t\u00e9s d&rsquo;autoroute et \u00e0 la Direction de la S\u00e9curit\u00e9 Routi\u00e8re, d&rsquo;accorder la gratuit\u00e9 des p\u00e9ages aux motos. En effet, les trajets par autoroute [&hellip;]","twitter_image":"http:\/\/www.leblogmoto.com\/images\/0606_boldor_1.jpg","twitter_misc":{"\u00c9crit par":"christian tirat","Dur\u00e9e de lecture estim\u00e9e":"2 minutes"},"schema":{"@context":"https:\/\/schema.org","@graph":[{"@type":"WebPage","@id":"https:\/\/blogs.thesocialmedia.com\/leblogmoto\/2006\/09\/15\/bol-dor-autorou\/","url":"https:\/\/blogs.thesocialmedia.com\/leblogmoto\/2006\/09\/15\/bol-dor-autorou\/","name":"Bol d'Or: Autoroutes gratuites - leblogmoto.com","isPartOf":{"@id":"https:\/\/blogs.thesocialmedia.com\/leblogmoto\/#website"},"primaryImageOfPage":{"@id":"https:\/\/blogs.thesocialmedia.com\/leblogmoto\/2006\/09\/15\/bol-dor-autorou\/#primaryimage"},"image":{"@id":"https:\/\/blogs.thesocialmedia.com\/leblogmoto\/2006\/09\/15\/bol-dor-autorou\/#primaryimage"},"thumbnailUrl":"http:\/\/www.leblogmoto.com\/images\/0606_boldor_1.jpg","datePublished":"2006-09-15T23:56:16+00:00","dateModified":"2012-07-11T14:28:39+00:00","author":{"@id":"https:\/\/blogs.thesocialmedia.com\/leblogmoto\/#\/schema\/person\/90b2f8fd0d5a2cede2580e95fc79c6c0"},"breadcrumb":{"@id":"https:\/\/blogs.thesocialmedia.com\/leblogmoto\/2006\/09\/15\/bol-dor-autorou\/#breadcrumb"},"inLanguage":"fr-FR","potentialAction":[{"@type":"ReadAction","target":["https:\/\/blogs.thesocialmedia.com\/leblogmoto\/2006\/09\/15\/bol-dor-autorou\/"]}]},{"@type":"ImageObject","inLanguage":"fr-FR","@id":"https:\/\/blogs.thesocialmedia.com\/leblogmoto\/2006\/09\/15\/bol-dor-autorou\/#primaryimage","url":"http:\/\/www.leblogmoto.com\/images\/0606_boldor_1.jpg","contentUrl":"http:\/\/www.leblogmoto.com\/images\/0606_boldor_1.jpg"},{"@type":"BreadcrumbList","@id":"https:\/\/blogs.thesocialmedia.com\/leblogmoto\/2006\/09\/15\/bol-dor-autorou\/#breadcrumb","itemListElement":[{"@type":"ListItem","position":1,"name":"Accueil","item":"https:\/\/blogs.thesocialmedia.com\/leblogmoto\/"},{"@type":"ListItem","position":2,"name":"Bol d&rsquo;Or: Autoroutes gratuites"}]},{"@type":"WebSite","@id":"https:\/\/blogs.thesocialmedia.com\/leblogmoto\/#website","url":"https:\/\/blogs.thesocialmedia.com\/leblogmoto\/","name":"leblogmoto","description":"Toute l&#039;actualit\u00e9 des 2 roues","potentialAction":[{"@type":"SearchAction","target":{"@type":"EntryPoint","urlTemplate":"https:\/\/blogs.thesocialmedia.com\/leblogmoto\/?s={search_term_string}"},"query-input":{"@type":"PropertyValueSpecification","valueRequired":true,"valueName":"search_term_string"}}],"inLanguage":"fr-FR"},{"@type":"Person","@id":"https:\/\/blogs.thesocialmedia.com\/leblogmoto\/#\/schema\/person\/90b2f8fd0d5a2cede2580e95fc79c6c0","name":"christian tirat","image":{"@type":"ImageObject","inLanguage":"fr-FR","@id":"https:\/\/blogs.thesocialmedia.com\/leblogmoto\/#\/schema\/person\/image\/","url":"https:\/\/secure.gravatar.com\/avatar\/?s=96&d=mm&r=g","contentUrl":"https:\/\/secure.gravatar.com\/avatar\/?s=96&d=mm&r=g","caption":"christian tirat"},"url":"https:\/\/blogs.thesocialmedia.com\/leblogmoto\/author\/christian-tirat\/"}]}},"_links":{"self":[{"href":"https:\/\/blogs.thesocialmedia.com\/leblogmoto\/wp-json\/wp\/v2\/posts\/1660","targetHints":{"allow":["GET"]}}],"collection":[{"href":"https:\/\/blogs.thesocialmedia.com\/leblogmoto\/wp-json\/wp\/v2\/posts"}],"about":[{"href":"https:\/\/blogs.thesocialmedia.com\/leblogmoto\/wp-json\/wp\/v2\/types\/post"}],"author":[{"embeddable":true,"href":"https:\/\/blogs.thesocialmedia.com\/leblogmoto\/wp-json\/wp\/v2\/users\/333"}],"replies":[{"embeddable":true,"href":"https:\/\/blogs.thesocialmedia.com\/leblogmoto\/wp-json\/wp\/v2\/comments?post=1660"}],"version-history":[{"count":2,"href":"https:\/\/blogs.thesocialmedia.com\/leblogmoto\/wp-json\/wp\/v2\/posts\/1660\/revisions"}],"predecessor-version":[{"id":7820,"href":"https:\/\/blogs.thesocialmedia.com\/leblogmoto\/wp-json\/wp\/v2\/posts\/1660\/revisions\/7820"}],"wp:attachment":[{"href":"https:\/\/blogs.thesocialmedia.com\/leblogmoto\/wp-json\/wp\/v2\/media?parent=1660"}],"wp:term":[{"taxonomy":"category","embeddable":true,"href":"https:\/\/blogs.thesocialmedia.com\/leblogmoto\/wp-json\/wp\/v2\/categories?post=1660"},{"taxonomy":"post_tag","embeddable":true,"href":"https:\/\/blogs.thesocialmedia.com\/leblogmoto\/wp-json\/wp\/v2\/tags?post=1660"}],"curies":[{"name":"wp","href":"https:\/\/api.w.org\/{rel}","templated":true}]}}