{"id":1663,"date":"2006-09-15T11:32:35","date_gmt":"2006-09-15T11:32:35","guid":{"rendered":"http:\/\/blogs.thesocialmedia.com\/leblogmoto\/2006\/09\/15\/voies-de-bus-la\/"},"modified":"2012-07-11T14:28:34","modified_gmt":"2012-07-11T14:28:34","slug":"voies-de-bus-la","status":"publish","type":"post","link":"https:\/\/blogs.thesocialmedia.com\/leblogmoto\/2006\/09\/15\/voies-de-bus-la\/","title":{"rendered":"Voies de bus : la Mairie de Paris ne veut pas des \u00a0\u00bb 2RM \u00ab\u00a0!"},"content":{"rendered":"<p><a href=\"http:\/\/blogs.thesocialmedia.com\/leblogmoto\/files\/2012\/07\/affichevoiesdebus02.jpg\"><img loading=\"lazy\" decoding=\"async\" alt=\"Affichevoiesdebus02\" src=\"http:\/\/www.leblogmoto.com\/images\/affichevoiesdebus02.jpg\" width=\"250\" height=\"361\"  \/><\/a> La derni\u00e8re campagne d&rsquo;affichage de <a href=\"http:\/\/www.paris.fr\/portail\/accueil\/Portal.lut?page_id=1\">la Mairie de Paris<\/a>, vou\u00e9 \u00e0 sensibiliser \u00e0 l&rsquo;ins\u00e9curit\u00e9 routi\u00e8re, ne remporte pas tous les suffrages. Georges Sarre, maire du XIe arrondissement de Paris, fait partie des sceptiques. Il se prononce de plus en faveur d&rsquo;une exp\u00e9rimentation de l&rsquo;utilisation des couloirs de bus par les deux-roues motoris\u00e9s.<\/p>\n<p><a href=\"http:\/\/www.paris.fr\/portail\/accueil\/Portal.lut?page_id=1\">La Mairie de Paris<\/a> vient de lancer une campagne de communication par voie d&rsquo;affiches pour manifester son opposition \u00e0 l&rsquo;ouverture les voies de bus aux deux-roues motoris\u00e9s (2RM). Elle se fonde sur des arguments s\u00e9curitaires.<\/p>\n<p>Selon la <a href=\"http:\/\/www.ffmc.asso.fr\/\">F\u00e9d\u00e9ration Fran\u00e7aise des motards en col\u00e8re (FFMC)<\/a> les arguments de la Mairie rel\u00e8vent de la d\u00e9sinformation et sont d&rsquo;autant plus fallacieux qu&rsquo;ils ne s&rsquo;appuient sur aucune exp\u00e9rimentation. Elle note aussi que le texte de l&rsquo;affiche fait \u00e9tat d&rsquo;une baisse des infractions constat\u00e9es, mais ne dit rien sur la baisse du nombre des accidents.<\/p>\n<p>La FFMC-PPC se dit ulc\u00e9r\u00e9e par cette campagne qui selon elle rel\u00e8ve de la d\u00e9sinformation : &quot; La Mairie c\u00e8de aux positions extr\u00e9mistes de partis et associations dont le seul objectif est d&rsquo;interdire \u00e0 terme la circulation des deux-roues motoris\u00e9s parce qu&rsquo;ils ont un moteur&#8230; Sans se soucier autrement plus de leur s\u00e9curit\u00e9. &quot;<\/p>\n","protected":false},"excerpt":{"rendered":"<p>La derni\u00e8re campagne d&rsquo;affichage de la Mairie de Paris, vou\u00e9 \u00e0 sensibiliser \u00e0 l&rsquo;ins\u00e9curit\u00e9 routi\u00e8re, ne remporte pas tous les suffrages. Georges Sarre, maire du XIe arrondissement de Paris, fait partie des sceptiques. Il se prononce de plus en faveur d&rsquo;une exp\u00e9rimentation de l&rsquo;utilisation des couloirs de bus par les deux-roues motoris\u00e9s. La Mairie de [&hellip;]<\/p>\n","protected":false},"author":333,"featured_media":0,"comment_status":"open","ping_status":"open","sticky":false,"template":"","format":"standard","meta":{"footnotes":""},"categories":[27],"tags":[],"class_list":["post-1663","post","type-post","status-publish","format-standard","hentry","category-securite"],"yoast_head":"<!-- This site is optimized with the Yoast SEO plugin v26.0 - https:\/\/yoast.com\/wordpress\/plugins\/seo\/ -->\n<title>Voies de bus : la Mairie de Paris ne veut pas des &quot; 2RM &quot;! - leblogmoto.com<\/title>\n<meta name=\"robots\" content=\"index, follow, max-snippet:-1, max-image-preview:large, max-video-preview:-1\" \/>\n<link rel=\"canonical\" href=\"https:\/\/blogs.thesocialmedia.com\/leblogmoto\/2006\/09\/15\/voies-de-bus-la\/\" \/>\n<meta name=\"twitter:card\" content=\"summary_large_image\" \/>\n<meta name=\"twitter:title\" content=\"Voies de bus : la Mairie de Paris ne veut pas des &quot; 2RM &quot;! - leblogmoto.com\" \/>\n<meta name=\"twitter:description\" content=\"La derni\u00e8re campagne d&rsquo;affichage de la Mairie de Paris, vou\u00e9 \u00e0 sensibiliser \u00e0 l&rsquo;ins\u00e9curit\u00e9 routi\u00e8re, ne remporte pas tous les suffrages. Georges Sarre, maire du XIe arrondissement de Paris, fait partie des sceptiques. Il se prononce de plus en faveur d&rsquo;une exp\u00e9rimentation de l&rsquo;utilisation des couloirs de bus par les deux-roues motoris\u00e9s. La Mairie de [&hellip;]\" \/>\n<meta name=\"twitter:image\" content=\"http:\/\/www.leblogmoto.com\/images\/affichevoiesdebus02.jpg\" \/>\n<meta name=\"twitter:label1\" content=\"\u00c9crit par\" \/>\n\t<meta name=\"twitter:data1\" content=\"christian tirat\" \/>\n\t<meta name=\"twitter:label2\" content=\"Dur\u00e9e de lecture estim\u00e9e\" \/>\n\t<meta name=\"twitter:data2\" content=\"1 minute\" \/>\n<script type=\"application\/ld+json\" class=\"yoast-schema-graph\">{\"@context\":\"https:\/\/schema.org\",\"@graph\":[{\"@type\":\"WebPage\",\"@id\":\"https:\/\/blogs.thesocialmedia.com\/leblogmoto\/2006\/09\/15\/voies-de-bus-la\/\",\"url\":\"https:\/\/blogs.thesocialmedia.com\/leblogmoto\/2006\/09\/15\/voies-de-bus-la\/\",\"name\":\"Voies de bus : la Mairie de Paris ne veut pas des \\\" 2RM \\\"! - leblogmoto.com\",\"isPartOf\":{\"@id\":\"https:\/\/blogs.thesocialmedia.com\/leblogmoto\/#website\"},\"primaryImageOfPage\":{\"@id\":\"https:\/\/blogs.thesocialmedia.com\/leblogmoto\/2006\/09\/15\/voies-de-bus-la\/#primaryimage\"},\"image\":{\"@id\":\"https:\/\/blogs.thesocialmedia.com\/leblogmoto\/2006\/09\/15\/voies-de-bus-la\/#primaryimage\"},\"thumbnailUrl\":\"http:\/\/www.leblogmoto.com\/images\/affichevoiesdebus02.jpg\",\"datePublished\":\"2006-09-15T11:32:35+00:00\",\"dateModified\":\"2012-07-11T14:28:34+00:00\",\"author\":{\"@id\":\"https:\/\/blogs.thesocialmedia.com\/leblogmoto\/#\/schema\/person\/90b2f8fd0d5a2cede2580e95fc79c6c0\"},\"breadcrumb\":{\"@id\":\"https:\/\/blogs.thesocialmedia.com\/leblogmoto\/2006\/09\/15\/voies-de-bus-la\/#breadcrumb\"},\"inLanguage\":\"fr-FR\",\"potentialAction\":[{\"@type\":\"ReadAction\",\"target\":[\"https:\/\/blogs.thesocialmedia.com\/leblogmoto\/2006\/09\/15\/voies-de-bus-la\/\"]}]},{\"@type\":\"ImageObject\",\"inLanguage\":\"fr-FR\",\"@id\":\"https:\/\/blogs.thesocialmedia.com\/leblogmoto\/2006\/09\/15\/voies-de-bus-la\/#primaryimage\",\"url\":\"http:\/\/www.leblogmoto.com\/images\/affichevoiesdebus02.jpg\",\"contentUrl\":\"http:\/\/www.leblogmoto.com\/images\/affichevoiesdebus02.jpg\"},{\"@type\":\"BreadcrumbList\",\"@id\":\"https:\/\/blogs.thesocialmedia.com\/leblogmoto\/2006\/09\/15\/voies-de-bus-la\/#breadcrumb\",\"itemListElement\":[{\"@type\":\"ListItem\",\"position\":1,\"name\":\"Accueil\",\"item\":\"https:\/\/blogs.thesocialmedia.com\/leblogmoto\/\"},{\"@type\":\"ListItem\",\"position\":2,\"name\":\"Voies de bus : la Mairie de Paris ne veut pas des \u00a0\u00bb 2RM \u00ab\u00a0!\"}]},{\"@type\":\"WebSite\",\"@id\":\"https:\/\/blogs.thesocialmedia.com\/leblogmoto\/#website\",\"url\":\"https:\/\/blogs.thesocialmedia.com\/leblogmoto\/\",\"name\":\"leblogmoto\",\"description\":\"Toute l&#039;actualit\u00e9 des 2 roues\",\"potentialAction\":[{\"@type\":\"SearchAction\",\"target\":{\"@type\":\"EntryPoint\",\"urlTemplate\":\"https:\/\/blogs.thesocialmedia.com\/leblogmoto\/?s={search_term_string}\"},\"query-input\":{\"@type\":\"PropertyValueSpecification\",\"valueRequired\":true,\"valueName\":\"search_term_string\"}}],\"inLanguage\":\"fr-FR\"},{\"@type\":\"Person\",\"@id\":\"https:\/\/blogs.thesocialmedia.com\/leblogmoto\/#\/schema\/person\/90b2f8fd0d5a2cede2580e95fc79c6c0\",\"name\":\"christian tirat\",\"image\":{\"@type\":\"ImageObject\",\"inLanguage\":\"fr-FR\",\"@id\":\"https:\/\/blogs.thesocialmedia.com\/leblogmoto\/#\/schema\/person\/image\/\",\"url\":\"https:\/\/secure.gravatar.com\/avatar\/?s=96&d=mm&r=g\",\"contentUrl\":\"https:\/\/secure.gravatar.com\/avatar\/?s=96&d=mm&r=g\",\"caption\":\"christian tirat\"},\"url\":\"https:\/\/blogs.thesocialmedia.com\/leblogmoto\/author\/christian-tirat\/\"}]}<\/script>\n<!-- \/ Yoast SEO plugin. -->","yoast_head_json":{"title":"Voies de bus : la Mairie de Paris ne veut pas des \" 2RM \"! - leblogmoto.com","robots":{"index":"index","follow":"follow","max-snippet":"max-snippet:-1","max-image-preview":"max-image-preview:large","max-video-preview":"max-video-preview:-1"},"canonical":"https:\/\/blogs.thesocialmedia.com\/leblogmoto\/2006\/09\/15\/voies-de-bus-la\/","twitter_card":"summary_large_image","twitter_title":"Voies de bus : la Mairie de Paris ne veut pas des \" 2RM \"! - leblogmoto.com","twitter_description":"La derni\u00e8re campagne d&rsquo;affichage de la Mairie de Paris, vou\u00e9 \u00e0 sensibiliser \u00e0 l&rsquo;ins\u00e9curit\u00e9 routi\u00e8re, ne remporte pas tous les suffrages. Georges Sarre, maire du XIe arrondissement de Paris, fait partie des sceptiques. Il se prononce de plus en faveur d&rsquo;une exp\u00e9rimentation de l&rsquo;utilisation des couloirs de bus par les deux-roues motoris\u00e9s. La Mairie de [&hellip;]","twitter_image":"http:\/\/www.leblogmoto.com\/images\/affichevoiesdebus02.jpg","twitter_misc":{"\u00c9crit par":"christian tirat","Dur\u00e9e de lecture estim\u00e9e":"1 minute"},"schema":{"@context":"https:\/\/schema.org","@graph":[{"@type":"WebPage","@id":"https:\/\/blogs.thesocialmedia.com\/leblogmoto\/2006\/09\/15\/voies-de-bus-la\/","url":"https:\/\/blogs.thesocialmedia.com\/leblogmoto\/2006\/09\/15\/voies-de-bus-la\/","name":"Voies de bus : la Mairie de Paris ne veut pas des \" 2RM \"! - leblogmoto.com","isPartOf":{"@id":"https:\/\/blogs.thesocialmedia.com\/leblogmoto\/#website"},"primaryImageOfPage":{"@id":"https:\/\/blogs.thesocialmedia.com\/leblogmoto\/2006\/09\/15\/voies-de-bus-la\/#primaryimage"},"image":{"@id":"https:\/\/blogs.thesocialmedia.com\/leblogmoto\/2006\/09\/15\/voies-de-bus-la\/#primaryimage"},"thumbnailUrl":"http:\/\/www.leblogmoto.com\/images\/affichevoiesdebus02.jpg","datePublished":"2006-09-15T11:32:35+00:00","dateModified":"2012-07-11T14:28:34+00:00","author":{"@id":"https:\/\/blogs.thesocialmedia.com\/leblogmoto\/#\/schema\/person\/90b2f8fd0d5a2cede2580e95fc79c6c0"},"breadcrumb":{"@id":"https:\/\/blogs.thesocialmedia.com\/leblogmoto\/2006\/09\/15\/voies-de-bus-la\/#breadcrumb"},"inLanguage":"fr-FR","potentialAction":[{"@type":"ReadAction","target":["https:\/\/blogs.thesocialmedia.com\/leblogmoto\/2006\/09\/15\/voies-de-bus-la\/"]}]},{"@type":"ImageObject","inLanguage":"fr-FR","@id":"https:\/\/blogs.thesocialmedia.com\/leblogmoto\/2006\/09\/15\/voies-de-bus-la\/#primaryimage","url":"http:\/\/www.leblogmoto.com\/images\/affichevoiesdebus02.jpg","contentUrl":"http:\/\/www.leblogmoto.com\/images\/affichevoiesdebus02.jpg"},{"@type":"BreadcrumbList","@id":"https:\/\/blogs.thesocialmedia.com\/leblogmoto\/2006\/09\/15\/voies-de-bus-la\/#breadcrumb","itemListElement":[{"@type":"ListItem","position":1,"name":"Accueil","item":"https:\/\/blogs.thesocialmedia.com\/leblogmoto\/"},{"@type":"ListItem","position":2,"name":"Voies de bus : la Mairie de Paris ne veut pas des \u00a0\u00bb 2RM \u00ab\u00a0!"}]},{"@type":"WebSite","@id":"https:\/\/blogs.thesocialmedia.com\/leblogmoto\/#website","url":"https:\/\/blogs.thesocialmedia.com\/leblogmoto\/","name":"leblogmoto","description":"Toute l&#039;actualit\u00e9 des 2 roues","potentialAction":[{"@type":"SearchAction","target":{"@type":"EntryPoint","urlTemplate":"https:\/\/blogs.thesocialmedia.com\/leblogmoto\/?s={search_term_string}"},"query-input":{"@type":"PropertyValueSpecification","valueRequired":true,"valueName":"search_term_string"}}],"inLanguage":"fr-FR"},{"@type":"Person","@id":"https:\/\/blogs.thesocialmedia.com\/leblogmoto\/#\/schema\/person\/90b2f8fd0d5a2cede2580e95fc79c6c0","name":"christian tirat","image":{"@type":"ImageObject","inLanguage":"fr-FR","@id":"https:\/\/blogs.thesocialmedia.com\/leblogmoto\/#\/schema\/person\/image\/","url":"https:\/\/secure.gravatar.com\/avatar\/?s=96&d=mm&r=g","contentUrl":"https:\/\/secure.gravatar.com\/avatar\/?s=96&d=mm&r=g","caption":"christian tirat"},"url":"https:\/\/blogs.thesocialmedia.com\/leblogmoto\/author\/christian-tirat\/"}]}},"_links":{"self":[{"href":"https:\/\/blogs.thesocialmedia.com\/leblogmoto\/wp-json\/wp\/v2\/posts\/1663","targetHints":{"allow":["GET"]}}],"collection":[{"href":"https:\/\/blogs.thesocialmedia.com\/leblogmoto\/wp-json\/wp\/v2\/posts"}],"about":[{"href":"https:\/\/blogs.thesocialmedia.com\/leblogmoto\/wp-json\/wp\/v2\/types\/post"}],"author":[{"embeddable":true,"href":"https:\/\/blogs.thesocialmedia.com\/leblogmoto\/wp-json\/wp\/v2\/users\/333"}],"replies":[{"embeddable":true,"href":"https:\/\/blogs.thesocialmedia.com\/leblogmoto\/wp-json\/wp\/v2\/comments?post=1663"}],"version-history":[{"count":2,"href":"https:\/\/blogs.thesocialmedia.com\/leblogmoto\/wp-json\/wp\/v2\/posts\/1663\/revisions"}],"predecessor-version":[{"id":7814,"href":"https:\/\/blogs.thesocialmedia.com\/leblogmoto\/wp-json\/wp\/v2\/posts\/1663\/revisions\/7814"}],"wp:attachment":[{"href":"https:\/\/blogs.thesocialmedia.com\/leblogmoto\/wp-json\/wp\/v2\/media?parent=1663"}],"wp:term":[{"taxonomy":"category","embeddable":true,"href":"https:\/\/blogs.thesocialmedia.com\/leblogmoto\/wp-json\/wp\/v2\/categories?post=1663"},{"taxonomy":"post_tag","embeddable":true,"href":"https:\/\/blogs.thesocialmedia.com\/leblogmoto\/wp-json\/wp\/v2\/tags?post=1663"}],"curies":[{"name":"wp","href":"https:\/\/api.w.org\/{rel}","templated":true}]}}