{"id":1664,"date":"2006-09-14T00:30:12","date_gmt":"2006-09-14T00:30:12","guid":{"rendered":"http:\/\/blogs.thesocialmedia.com\/leblogmoto\/2006\/09\/14\/latelier-de-bro-6\/"},"modified":"2012-07-11T14:28:31","modified_gmt":"2012-07-11T14:28:31","slug":"latelier-de-bro-6","status":"publish","type":"post","link":"https:\/\/blogs.thesocialmedia.com\/leblogmoto\/2006\/09\/14\/latelier-de-bro-6\/","title":{"rendered":"L&rsquo;atelier de Brousse. Place de la R\u00e9volution"},"content":{"rendered":"<p><a href=\"http:\/\/blogs.thesocialmedia.com\/leblogmoto\/files\/2012\/07\/9001_bucu_cz.jpg\"><img loading=\"lazy\" decoding=\"async\" alt=\"9001_bucu_cz\" src=\"http:\/\/www.leblogmoto.com\/images\/9001_bucu_cz.jpg\" width=\"250\" height=\"159\"  \/><\/a> A l&rsquo;entr\u00e9e de l&rsquo;usine IMGB, un garde arm\u00e9 d&rsquo;une <a href=\"http:\/\/fr.wikipedia.org\/wiki\/AK-47\">kalachnikov<\/a> fouille la voiture et \u00e9change mon passeport et une cigarette contre un badge en carton. Traian Mahailescu, l&rsquo;ing\u00e9nieur-entra\u00eeneur sera notre guide. Au fond d&rsquo;un hangar, cach\u00e9 par des machines-outils vieillottes se cache le local du club. C&rsquo;est un \u00e9tonnant capharna\u00fcm de pi\u00e8ces de r\u00e9cup\u00e9ration en tous genre de bons outils allemands fournis par la fabrique et m\u00eame <a href=\"http:\/\/www.soudeur.com\/profile.asp?id=Argon\">un poste \u00e0 argon<\/a>, sans argon.<\/p>\n<p>Au fond, on acc\u00e8de par une \u00e9chelle en ferraille bricol\u00e9e par leurs soins au &quot; bureau d&rsquo;\u00e9tude technique &quot;. Ces gens sont incroyables, ils allient le sens de la d\u00e9brouille \u00e0 l&rsquo;africaine aux connaissances techniques des meilleurs ing\u00e9nieurs europ\u00e9ens. Par exemple, a cause de la p\u00e9nurie chronique de bougies, ils ont mis au point une technique pour les r\u00e9nover en extrayant l&rsquo;\u00e9lectrode centrale, pour la nettoyer, refaire une calotte neuve et c&rsquo;est reparti pour une course ! Ici, on ne sait pas ce que jeter veut dire. On me montre enfin un moteur prototype 50 2-T liquide, tournant \u00e0 16 000 tr\/mn&nbsp; pour une puissance \u00e9valu\u00e9e \u00e0 17 chevaux. Traian me fait cadeau d&rsquo;un cylindre d\u00e9riv\u00e9 de ce moteur, \u00e0 peine sorti du moule et sur lequel ils ont \u00e9crit &quot; qu&rsquo;il est bon de respirer l&rsquo;air sain de la Libert\u00e9.&nbsp; &quot; Plus tard, on me fit monter dans un vieux camping-car Mercedes rouge qu&rsquo;ils viennent tout juste de recevoir d&rsquo;un ancien pilote r\u00e9fugi\u00e9 en Allemagne. C&rsquo;est sa premi\u00e8re sortie et je ferais le d\u00e9placement assis sur la selle d&rsquo;une <a href=\"http:\/\/www.moto-histo.com\/jawacz\/jawacz.htm\">250 CZ<\/a>. <\/p>\n<p>Apr\u00e8s quelques minutes de trajet, nous voici sur &quot; le boulevard des fous &quot; immense avenue conduisant au <a href=\"http:\/\/laroumanie.free.fr\/tourisme\/001\/palais_parlement_%20bucarest.html\">&quot; palais du peuple &quot;<\/a> l&rsquo;imposant palais que Ceaucescu se faisait b\u00e2tir quand il fut renvers\u00e9, puis nous contournons une grande halle mara\u00eech\u00e8re d\u00e9sesp\u00e9r\u00e9ment vide, surnomm\u00e9e &quot; le cirque de la faim &quot; et nous voici Place de la R\u00e9volution, d&rsquo;o\u00f9 le dictateur s&rsquo;\u00e9tait enfui en mena\u00e7ant un pilote d&rsquo;h\u00e9licopt\u00e8re. La moto est d\u00e9barqu\u00e9e sous l&rsquo;\u0153il m\u00e9dus\u00e9 des soldat en faction qui reconnaissent leurs champions. S\u00e9ance photo; un blind\u00e9 se d\u00e9place pour figurer sur l&rsquo;image. La Roumanie d\u00e9lire de bonheur et nous nous s\u00e9parons sur une promesse que je leur fis : leur prouver que &quot;solidarit\u00e9&quot; n&rsquo;est pas un vain mot pour les motards fran\u00e7ais \u2026<\/p>\n","protected":false},"excerpt":{"rendered":"<p>A l&rsquo;entr\u00e9e de l&rsquo;usine IMGB, un garde arm\u00e9 d&rsquo;une kalachnikov fouille la voiture et \u00e9change mon passeport et une cigarette contre un badge en carton. Traian Mahailescu, l&rsquo;ing\u00e9nieur-entra\u00eeneur sera notre guide. Au fond d&rsquo;un hangar, cach\u00e9 par des machines-outils vieillottes se cache le local du club. C&rsquo;est un \u00e9tonnant capharna\u00fcm de pi\u00e8ces de r\u00e9cup\u00e9ration en [&hellip;]<\/p>\n","protected":false},"author":333,"featured_media":0,"comment_status":"open","ping_status":"open","sticky":false,"template":"","format":"standard","meta":{"footnotes":""},"categories":[13],"tags":[],"class_list":["post-1664","post","type-post","status-publish","format-standard","hentry","category-aventure"],"yoast_head":"<!-- This site is optimized with the Yoast SEO plugin v26.0 - https:\/\/yoast.com\/wordpress\/plugins\/seo\/ -->\n<title>L&#039;atelier de Brousse. Place de la R\u00e9volution - leblogmoto.com<\/title>\n<meta name=\"robots\" content=\"index, follow, max-snippet:-1, max-image-preview:large, max-video-preview:-1\" \/>\n<link rel=\"canonical\" href=\"https:\/\/blogs.thesocialmedia.com\/leblogmoto\/2006\/09\/14\/latelier-de-bro-6\/\" \/>\n<meta name=\"twitter:card\" content=\"summary_large_image\" \/>\n<meta name=\"twitter:title\" content=\"L&#039;atelier de Brousse. Place de la R\u00e9volution - leblogmoto.com\" \/>\n<meta name=\"twitter:description\" content=\"A l&rsquo;entr\u00e9e de l&rsquo;usine IMGB, un garde arm\u00e9 d&rsquo;une kalachnikov fouille la voiture et \u00e9change mon passeport et une cigarette contre un badge en carton. Traian Mahailescu, l&rsquo;ing\u00e9nieur-entra\u00eeneur sera notre guide. Au fond d&rsquo;un hangar, cach\u00e9 par des machines-outils vieillottes se cache le local du club. C&rsquo;est un \u00e9tonnant capharna\u00fcm de pi\u00e8ces de r\u00e9cup\u00e9ration en [&hellip;]\" \/>\n<meta name=\"twitter:image\" content=\"http:\/\/www.leblogmoto.com\/images\/9001_bucu_cz.jpg\" \/>\n<meta name=\"twitter:label1\" content=\"\u00c9crit par\" \/>\n\t<meta name=\"twitter:data1\" content=\"christian tirat\" \/>\n\t<meta name=\"twitter:label2\" content=\"Dur\u00e9e de lecture estim\u00e9e\" \/>\n\t<meta name=\"twitter:data2\" content=\"2 minutes\" \/>\n<script type=\"application\/ld+json\" class=\"yoast-schema-graph\">{\"@context\":\"https:\/\/schema.org\",\"@graph\":[{\"@type\":\"WebPage\",\"@id\":\"https:\/\/blogs.thesocialmedia.com\/leblogmoto\/2006\/09\/14\/latelier-de-bro-6\/\",\"url\":\"https:\/\/blogs.thesocialmedia.com\/leblogmoto\/2006\/09\/14\/latelier-de-bro-6\/\",\"name\":\"L'atelier de Brousse. Place de la R\u00e9volution - leblogmoto.com\",\"isPartOf\":{\"@id\":\"https:\/\/blogs.thesocialmedia.com\/leblogmoto\/#website\"},\"primaryImageOfPage\":{\"@id\":\"https:\/\/blogs.thesocialmedia.com\/leblogmoto\/2006\/09\/14\/latelier-de-bro-6\/#primaryimage\"},\"image\":{\"@id\":\"https:\/\/blogs.thesocialmedia.com\/leblogmoto\/2006\/09\/14\/latelier-de-bro-6\/#primaryimage\"},\"thumbnailUrl\":\"http:\/\/www.leblogmoto.com\/images\/9001_bucu_cz.jpg\",\"datePublished\":\"2006-09-14T00:30:12+00:00\",\"dateModified\":\"2012-07-11T14:28:31+00:00\",\"author\":{\"@id\":\"https:\/\/blogs.thesocialmedia.com\/leblogmoto\/#\/schema\/person\/90b2f8fd0d5a2cede2580e95fc79c6c0\"},\"breadcrumb\":{\"@id\":\"https:\/\/blogs.thesocialmedia.com\/leblogmoto\/2006\/09\/14\/latelier-de-bro-6\/#breadcrumb\"},\"inLanguage\":\"fr-FR\",\"potentialAction\":[{\"@type\":\"ReadAction\",\"target\":[\"https:\/\/blogs.thesocialmedia.com\/leblogmoto\/2006\/09\/14\/latelier-de-bro-6\/\"]}]},{\"@type\":\"ImageObject\",\"inLanguage\":\"fr-FR\",\"@id\":\"https:\/\/blogs.thesocialmedia.com\/leblogmoto\/2006\/09\/14\/latelier-de-bro-6\/#primaryimage\",\"url\":\"http:\/\/www.leblogmoto.com\/images\/9001_bucu_cz.jpg\",\"contentUrl\":\"http:\/\/www.leblogmoto.com\/images\/9001_bucu_cz.jpg\"},{\"@type\":\"BreadcrumbList\",\"@id\":\"https:\/\/blogs.thesocialmedia.com\/leblogmoto\/2006\/09\/14\/latelier-de-bro-6\/#breadcrumb\",\"itemListElement\":[{\"@type\":\"ListItem\",\"position\":1,\"name\":\"Accueil\",\"item\":\"https:\/\/blogs.thesocialmedia.com\/leblogmoto\/\"},{\"@type\":\"ListItem\",\"position\":2,\"name\":\"L&rsquo;atelier de Brousse. Place de la R\u00e9volution\"}]},{\"@type\":\"WebSite\",\"@id\":\"https:\/\/blogs.thesocialmedia.com\/leblogmoto\/#website\",\"url\":\"https:\/\/blogs.thesocialmedia.com\/leblogmoto\/\",\"name\":\"leblogmoto\",\"description\":\"Toute l&#039;actualit\u00e9 des 2 roues\",\"potentialAction\":[{\"@type\":\"SearchAction\",\"target\":{\"@type\":\"EntryPoint\",\"urlTemplate\":\"https:\/\/blogs.thesocialmedia.com\/leblogmoto\/?s={search_term_string}\"},\"query-input\":{\"@type\":\"PropertyValueSpecification\",\"valueRequired\":true,\"valueName\":\"search_term_string\"}}],\"inLanguage\":\"fr-FR\"},{\"@type\":\"Person\",\"@id\":\"https:\/\/blogs.thesocialmedia.com\/leblogmoto\/#\/schema\/person\/90b2f8fd0d5a2cede2580e95fc79c6c0\",\"name\":\"christian tirat\",\"image\":{\"@type\":\"ImageObject\",\"inLanguage\":\"fr-FR\",\"@id\":\"https:\/\/blogs.thesocialmedia.com\/leblogmoto\/#\/schema\/person\/image\/\",\"url\":\"https:\/\/secure.gravatar.com\/avatar\/?s=96&d=mm&r=g\",\"contentUrl\":\"https:\/\/secure.gravatar.com\/avatar\/?s=96&d=mm&r=g\",\"caption\":\"christian tirat\"},\"url\":\"https:\/\/blogs.thesocialmedia.com\/leblogmoto\/author\/christian-tirat\/\"}]}<\/script>\n<!-- \/ Yoast SEO plugin. -->","yoast_head_json":{"title":"L'atelier de Brousse. Place de la R\u00e9volution - leblogmoto.com","robots":{"index":"index","follow":"follow","max-snippet":"max-snippet:-1","max-image-preview":"max-image-preview:large","max-video-preview":"max-video-preview:-1"},"canonical":"https:\/\/blogs.thesocialmedia.com\/leblogmoto\/2006\/09\/14\/latelier-de-bro-6\/","twitter_card":"summary_large_image","twitter_title":"L'atelier de Brousse. Place de la R\u00e9volution - leblogmoto.com","twitter_description":"A l&rsquo;entr\u00e9e de l&rsquo;usine IMGB, un garde arm\u00e9 d&rsquo;une kalachnikov fouille la voiture et \u00e9change mon passeport et une cigarette contre un badge en carton. Traian Mahailescu, l&rsquo;ing\u00e9nieur-entra\u00eeneur sera notre guide. Au fond d&rsquo;un hangar, cach\u00e9 par des machines-outils vieillottes se cache le local du club. C&rsquo;est un \u00e9tonnant capharna\u00fcm de pi\u00e8ces de r\u00e9cup\u00e9ration en [&hellip;]","twitter_image":"http:\/\/www.leblogmoto.com\/images\/9001_bucu_cz.jpg","twitter_misc":{"\u00c9crit par":"christian tirat","Dur\u00e9e de lecture estim\u00e9e":"2 minutes"},"schema":{"@context":"https:\/\/schema.org","@graph":[{"@type":"WebPage","@id":"https:\/\/blogs.thesocialmedia.com\/leblogmoto\/2006\/09\/14\/latelier-de-bro-6\/","url":"https:\/\/blogs.thesocialmedia.com\/leblogmoto\/2006\/09\/14\/latelier-de-bro-6\/","name":"L'atelier de Brousse. Place de la R\u00e9volution - leblogmoto.com","isPartOf":{"@id":"https:\/\/blogs.thesocialmedia.com\/leblogmoto\/#website"},"primaryImageOfPage":{"@id":"https:\/\/blogs.thesocialmedia.com\/leblogmoto\/2006\/09\/14\/latelier-de-bro-6\/#primaryimage"},"image":{"@id":"https:\/\/blogs.thesocialmedia.com\/leblogmoto\/2006\/09\/14\/latelier-de-bro-6\/#primaryimage"},"thumbnailUrl":"http:\/\/www.leblogmoto.com\/images\/9001_bucu_cz.jpg","datePublished":"2006-09-14T00:30:12+00:00","dateModified":"2012-07-11T14:28:31+00:00","author":{"@id":"https:\/\/blogs.thesocialmedia.com\/leblogmoto\/#\/schema\/person\/90b2f8fd0d5a2cede2580e95fc79c6c0"},"breadcrumb":{"@id":"https:\/\/blogs.thesocialmedia.com\/leblogmoto\/2006\/09\/14\/latelier-de-bro-6\/#breadcrumb"},"inLanguage":"fr-FR","potentialAction":[{"@type":"ReadAction","target":["https:\/\/blogs.thesocialmedia.com\/leblogmoto\/2006\/09\/14\/latelier-de-bro-6\/"]}]},{"@type":"ImageObject","inLanguage":"fr-FR","@id":"https:\/\/blogs.thesocialmedia.com\/leblogmoto\/2006\/09\/14\/latelier-de-bro-6\/#primaryimage","url":"http:\/\/www.leblogmoto.com\/images\/9001_bucu_cz.jpg","contentUrl":"http:\/\/www.leblogmoto.com\/images\/9001_bucu_cz.jpg"},{"@type":"BreadcrumbList","@id":"https:\/\/blogs.thesocialmedia.com\/leblogmoto\/2006\/09\/14\/latelier-de-bro-6\/#breadcrumb","itemListElement":[{"@type":"ListItem","position":1,"name":"Accueil","item":"https:\/\/blogs.thesocialmedia.com\/leblogmoto\/"},{"@type":"ListItem","position":2,"name":"L&rsquo;atelier de Brousse. Place de la R\u00e9volution"}]},{"@type":"WebSite","@id":"https:\/\/blogs.thesocialmedia.com\/leblogmoto\/#website","url":"https:\/\/blogs.thesocialmedia.com\/leblogmoto\/","name":"leblogmoto","description":"Toute l&#039;actualit\u00e9 des 2 roues","potentialAction":[{"@type":"SearchAction","target":{"@type":"EntryPoint","urlTemplate":"https:\/\/blogs.thesocialmedia.com\/leblogmoto\/?s={search_term_string}"},"query-input":{"@type":"PropertyValueSpecification","valueRequired":true,"valueName":"search_term_string"}}],"inLanguage":"fr-FR"},{"@type":"Person","@id":"https:\/\/blogs.thesocialmedia.com\/leblogmoto\/#\/schema\/person\/90b2f8fd0d5a2cede2580e95fc79c6c0","name":"christian tirat","image":{"@type":"ImageObject","inLanguage":"fr-FR","@id":"https:\/\/blogs.thesocialmedia.com\/leblogmoto\/#\/schema\/person\/image\/","url":"https:\/\/secure.gravatar.com\/avatar\/?s=96&d=mm&r=g","contentUrl":"https:\/\/secure.gravatar.com\/avatar\/?s=96&d=mm&r=g","caption":"christian tirat"},"url":"https:\/\/blogs.thesocialmedia.com\/leblogmoto\/author\/christian-tirat\/"}]}},"_links":{"self":[{"href":"https:\/\/blogs.thesocialmedia.com\/leblogmoto\/wp-json\/wp\/v2\/posts\/1664","targetHints":{"allow":["GET"]}}],"collection":[{"href":"https:\/\/blogs.thesocialmedia.com\/leblogmoto\/wp-json\/wp\/v2\/posts"}],"about":[{"href":"https:\/\/blogs.thesocialmedia.com\/leblogmoto\/wp-json\/wp\/v2\/types\/post"}],"author":[{"embeddable":true,"href":"https:\/\/blogs.thesocialmedia.com\/leblogmoto\/wp-json\/wp\/v2\/users\/333"}],"replies":[{"embeddable":true,"href":"https:\/\/blogs.thesocialmedia.com\/leblogmoto\/wp-json\/wp\/v2\/comments?post=1664"}],"version-history":[{"count":2,"href":"https:\/\/blogs.thesocialmedia.com\/leblogmoto\/wp-json\/wp\/v2\/posts\/1664\/revisions"}],"predecessor-version":[{"id":7812,"href":"https:\/\/blogs.thesocialmedia.com\/leblogmoto\/wp-json\/wp\/v2\/posts\/1664\/revisions\/7812"}],"wp:attachment":[{"href":"https:\/\/blogs.thesocialmedia.com\/leblogmoto\/wp-json\/wp\/v2\/media?parent=1664"}],"wp:term":[{"taxonomy":"category","embeddable":true,"href":"https:\/\/blogs.thesocialmedia.com\/leblogmoto\/wp-json\/wp\/v2\/categories?post=1664"},{"taxonomy":"post_tag","embeddable":true,"href":"https:\/\/blogs.thesocialmedia.com\/leblogmoto\/wp-json\/wp\/v2\/tags?post=1664"}],"curies":[{"name":"wp","href":"https:\/\/api.w.org\/{rel}","templated":true}]}}