{"id":1666,"date":"2006-09-13T18:28:56","date_gmt":"2006-09-13T18:28:56","guid":{"rendered":"http:\/\/blogs.thesocialmedia.com\/leblogmoto\/2006\/09\/13\/selon-loms-le-p\/"},"modified":"2012-07-11T14:28:29","modified_gmt":"2012-07-11T14:28:29","slug":"selon-loms-le-p","status":"publish","type":"post","link":"https:\/\/blogs.thesocialmedia.com\/leblogmoto\/2006\/09\/13\/selon-loms-le-p\/","title":{"rendered":"Selon l&rsquo;OMS le port du casque sauve des vies !"},"content":{"rendered":"<p><a href=\"http:\/\/blogs.thesocialmedia.com\/leblogmoto\/files\/2012\/07\/dscn55321_1.jpg\"><img loading=\"lazy\" decoding=\"async\" alt=\"Dscn55321_1\" src=\"http:\/\/www.leblogmoto.com\/images\/dscn55321_1.jpg\" width=\"250\" height=\"187\"  \/><\/a> Selon <a href=\"http:\/\/www.who.int\/fr\/\">l&rsquo;Organisation Mondiale de la Sant\u00e9 (OMS)<\/a>, les accidents de la route tuent chaque ann\u00e9e environ 1,2 million de personnes et en blesse des millions d&rsquo;autres \u00e0 travers le Monde. La plupart des d\u00e9c\u00e8s seraient \u00e9vitables. Ce sont les pays du Tiers et du Quart-Monde, qui payent le plus lourd tribut et surtout les usagers de deux roues, particuli\u00e8rement les motards qui repr\u00e9sentent plus de 50% des victimes de la route. Les blessures \u00e0 la t\u00eate constituent la principale cause de d\u00e9c\u00e8s et de handicaps chez les motocyclistes. Le co\u00fbt de ces blessures est \u00e9lev\u00e9 car elles requi\u00e8rent des soins m\u00e9dicaux sp\u00e9cialis\u00e9s ou une longue r\u00e9adaptation.<\/p>\n<p>Le port du casque est le moyen le plus efficace de r\u00e9duire les blessures \u00e0 la t\u00eate et les d\u00e9c\u00e8s, on s&rsquo;en serait dout\u00e9 ! Son port (d\u00e8s que le moteur tourne) diminue le risque et la gravit\u00e9 des blessures de plus 70%, la probabilit\u00e9 d&rsquo;un d\u00e9c\u00e8s de presque 40% tout en r\u00e9duisant sensiblement le co\u00fbt des soins.<\/p>\n<p>L&rsquo;OMS vient d&rsquo;\u00e9diter une <a href=\"http:\/\/www.who.int\/world-health-day\/2004\/infomaterials\/world_report\/en\/helmets_fr.pdf\">brochure intitul\u00e9e &quot; Casques &quot;<\/a> C&rsquo;est un manuel de s\u00e9curit\u00e9 routi\u00e8re \u00e0 l&rsquo;intention des politiques et du corps m\u00e9dical des pays &quot; en devenir &quot; mais elle est aussi valable pour les motards du Monde entier, notamment des jeunes.<\/p>\n<p>Il vise \u00e0 dispenser des conseils pratiques pour que s&rsquo;appliquent <a href=\"http:\/\/www.who.int\/mediacentre\/news\/releases\/2006\/pr44\/fr\/\">les recommandations du Rapport Mondial<\/a>, notamment en mati\u00e8re d&rsquo;obligation de port.<\/p>\n<p>Ce manuel est la suite du Rapport mondial sur la pr\u00e9vention des traumatismes dus aux accidents de la circulation, publi\u00e9 en 2004 par l&rsquo;OMS et la Banque mondiale, qui a d\u00e9montr\u00e9 que le port du casque rendu obligatoire r\u00e9duisait les blessures et les d\u00e9c\u00e8s parmi les usagers de deux-roues. Ce manuel a \u00e9t\u00e9 \u00e9dit\u00e9 avec la collaboration de l&rsquo;ONU, du Partenariat mondial pour la s\u00e9curit\u00e9 routi\u00e8re, de la <a href=\"http:\/\/fr.wikipedia.org\/wiki\/FIA\">F\u00e9d\u00e9ration Internationale Automobile (FIA)<\/a> ainsi que de <a href=\"http:\/\/www.banquemondiale.org\/\">la Banque Mondiale<\/a>. On remarquera l&rsquo;absence de la <a href=\"http:\/\/www.fim.ch\/fr\/\">F\u00e9d\u00e9ration Internationale Motocycliste (FIM)<\/a>\u2026<\/p>\n<p>L&rsquo;obligation du port du casque est d&rsquo;autant plus utile que l&rsquo;augmentation du parc deux roues est notable dans toute la Plan\u00e8te et en particulier dans les pays d&rsquo;Asie. En Chine, par exemple, le pays comptait en 2004, plus de 67 millions de motos et environ 25% des personnes d\u00e9c\u00e9d\u00e9es sur la route l&rsquo;ont \u00e9t\u00e9 \u00e0 moto.<\/p>\n<p>&quot;Nous voulons faire du port du casque une haute priorit\u00e9 pour les services nationaux de sant\u00e9 publique&quot;, a d\u00e9clar\u00e9 le Dr Anders Nordstr\u00f6m, Directeur g\u00e9n\u00e9ral par int\u00e9rim de l&rsquo;OMS. &quot;Nous devons souligner non seulement l&rsquo;efficacit\u00e9 du casque comme moyen de sauver des vies, mais aussi le fait qu&rsquo;il est avantageux d&rsquo;investir dans des programmes de promotion du casque. Les pays r\u00e9cup\u00e9rerons plusieurs fois leur investissement dans ces programmes sous forme d&rsquo;\u00e9conomies dans leurs syst\u00e8mes de sant\u00e9 mais aussi dans d&rsquo;autres secteurs.&quot;<\/p>\n<p>Le nouveau manuel s&rsquo;inspire de l&rsquo;exemple des pays qui ont impos\u00e9 le port du caque et d\u00e9velopp\u00e9 des campagnes de sensibilisation.. C&rsquo;est le cas de la Tha\u00eflande qui rel\u00e8ve une r\u00e9duction de 40% des d\u00e9c\u00e8s depuis l&rsquo;obligation de port.<\/p>\n<p>Ce nouveau manuel fournit des conseils techniques aux gouvernements quant aux mesures \u00e0 prendre pour \u00e9valuer l&rsquo;utilisation actuelle du casque, puis pour concevoir, mettre en \u0153uvre et \u00e9valuer un programme de promotion de son utilisation. Il aborde des questions particuli\u00e8rement pertinentes pour de nombreux pays \u00e0 bas et moyen revenus, comme:<\/p>\n<p>Que faire pour prot\u00e9ger les nombreux enfants qui voyagent comme passagers sur les motocycles de leurs parents?<\/p>\n<p>Existe-t-il des consid\u00e9rations financi\u00e8res dissuasives qui rendent les casques inabordables, par exemple des taxes de vente ou des droits d&rsquo;importation, que les gouvernements pourraient supprimer dans le but de favoriser le port du casque?<\/p>\n<p>Comment l&rsquo;application de la loi peut-elle \u00eatre coh\u00e9rente et efficace lorsque les ressources sont limit\u00e9es? Les pays doivent-ils chercher \u00e0 faire appliquer une loi compl\u00e8te sur le casque ou vaut-il mieux la mettre en place progressivement, pour permettre \u00e0 la police routi\u00e8re d&rsquo;int\u00e9grer cette nouvelle responsabilit\u00e9?<\/p>\n<p>Les motards des pays d\u00e9velopp\u00e9s peuvent ne plus se sentir concern\u00e9s mais l\u00e0 aussi de graves lacunes subsistent. Qui n&rsquo;a jamais vu en \u00e9t\u00e9 des ados \u00e0 scooter avec le casque simplement pos\u00e9 sur le sommet du cr\u00e2ne ? ou pire, le bras gliss\u00e9 \u00e0 travers la visi\u00e8re d&rsquo;un int\u00e9gral, circonstance aggravante car en cas de chute la position du caque provoque des doubles fractures (bras et avant-bras) en plus des traumas cr\u00e2niens dus \u00e0 son absence,<\/p>\n<p>Ne jamais oublier les r\u00e8gles suivantes :<\/p>\n<p>&#8211; Un casque doit \u00eatre en bon \u00e9tat et homologu\u00e9. Remplac\u00e9 s&rsquo;il a subit un choc important.<\/p>\n<p>&#8211; M\u00e9fiez-vous de certains casques de comp\u00e9tition, notamment de trial ou de cross qui ne sont pas homologu\u00e9s. Il en est de m\u00eame pour certains casques pour enfants (voir photo) qui bien qu&rsquo;\u00e9tant excellents ne sont pas con\u00e7us pour la route<\/p>\n<p>&#8211; Les casques se p\u00e9riment. La date de p\u00e9remption figure sur l&rsquo;\u00e9tiquette verte (NF) \u00e0 l&rsquo;int\u00e9rieur de celui-ci<\/p>\n<p>&#8211; Les casques ne doivent jamais \u00eatre repeints et on ne doit pas non plus y fixer d&rsquo;autocollants qui d\u00e9gradent la structure de la coque destin\u00e9e \u00e0 disperser l&rsquo;onde de choc.<\/p>\n<p>&#8211; La taille du casque doit \u00eatre adapt\u00e9e \u00e0 celle de la t\u00eate qui le porte : ni trop grand, ni trop petit. Il ne doit jamais toucher les cervicales quant on rejette la t\u00eate en arri\u00e8re.<\/p>\n<p>&#8211; Le casque doit \u00eatre en place et attach\u00e9 d\u00e8s que le moteur tourne.<\/p>\n","protected":false},"excerpt":{"rendered":"<p>Selon l&rsquo;Organisation Mondiale de la Sant\u00e9 (OMS), les accidents de la route tuent chaque ann\u00e9e environ 1,2 million de personnes et en blesse des millions d&rsquo;autres \u00e0 travers le Monde. La plupart des d\u00e9c\u00e8s seraient \u00e9vitables. Ce sont les pays du Tiers et du Quart-Monde, qui payent le plus lourd tribut et surtout les usagers [&hellip;]<\/p>\n","protected":false},"author":333,"featured_media":0,"comment_status":"open","ping_status":"open","sticky":false,"template":"","format":"standard","meta":{"footnotes":""},"categories":[27],"tags":[],"class_list":["post-1666","post","type-post","status-publish","format-standard","hentry","category-securite"],"yoast_head":"<!-- This site is optimized with the Yoast SEO plugin v26.0 - https:\/\/yoast.com\/wordpress\/plugins\/seo\/ -->\n<title>Selon l&#039;OMS le port du casque sauve des vies ! - leblogmoto.com<\/title>\n<meta name=\"robots\" content=\"index, follow, max-snippet:-1, max-image-preview:large, max-video-preview:-1\" \/>\n<link rel=\"canonical\" href=\"https:\/\/blogs.thesocialmedia.com\/leblogmoto\/2006\/09\/13\/selon-loms-le-p\/\" \/>\n<meta name=\"twitter:card\" content=\"summary_large_image\" \/>\n<meta name=\"twitter:title\" content=\"Selon l&#039;OMS le port du casque sauve des vies ! - leblogmoto.com\" \/>\n<meta name=\"twitter:description\" content=\"Selon l&rsquo;Organisation Mondiale de la Sant\u00e9 (OMS), les accidents de la route tuent chaque ann\u00e9e environ 1,2 million de personnes et en blesse des millions d&rsquo;autres \u00e0 travers le Monde. La plupart des d\u00e9c\u00e8s seraient \u00e9vitables. Ce sont les pays du Tiers et du Quart-Monde, qui payent le plus lourd tribut et surtout les usagers [&hellip;]\" \/>\n<meta name=\"twitter:image\" content=\"http:\/\/www.leblogmoto.com\/images\/dscn55321_1.jpg\" \/>\n<meta name=\"twitter:label1\" content=\"\u00c9crit par\" \/>\n\t<meta name=\"twitter:data1\" content=\"christian tirat\" \/>\n\t<meta name=\"twitter:label2\" content=\"Dur\u00e9e de lecture estim\u00e9e\" \/>\n\t<meta name=\"twitter:data2\" content=\"5 minutes\" \/>\n<script type=\"application\/ld+json\" class=\"yoast-schema-graph\">{\"@context\":\"https:\/\/schema.org\",\"@graph\":[{\"@type\":\"WebPage\",\"@id\":\"https:\/\/blogs.thesocialmedia.com\/leblogmoto\/2006\/09\/13\/selon-loms-le-p\/\",\"url\":\"https:\/\/blogs.thesocialmedia.com\/leblogmoto\/2006\/09\/13\/selon-loms-le-p\/\",\"name\":\"Selon l'OMS le port du casque sauve des vies ! - leblogmoto.com\",\"isPartOf\":{\"@id\":\"https:\/\/blogs.thesocialmedia.com\/leblogmoto\/#website\"},\"primaryImageOfPage\":{\"@id\":\"https:\/\/blogs.thesocialmedia.com\/leblogmoto\/2006\/09\/13\/selon-loms-le-p\/#primaryimage\"},\"image\":{\"@id\":\"https:\/\/blogs.thesocialmedia.com\/leblogmoto\/2006\/09\/13\/selon-loms-le-p\/#primaryimage\"},\"thumbnailUrl\":\"http:\/\/www.leblogmoto.com\/images\/dscn55321_1.jpg\",\"datePublished\":\"2006-09-13T18:28:56+00:00\",\"dateModified\":\"2012-07-11T14:28:29+00:00\",\"author\":{\"@id\":\"https:\/\/blogs.thesocialmedia.com\/leblogmoto\/#\/schema\/person\/90b2f8fd0d5a2cede2580e95fc79c6c0\"},\"breadcrumb\":{\"@id\":\"https:\/\/blogs.thesocialmedia.com\/leblogmoto\/2006\/09\/13\/selon-loms-le-p\/#breadcrumb\"},\"inLanguage\":\"fr-FR\",\"potentialAction\":[{\"@type\":\"ReadAction\",\"target\":[\"https:\/\/blogs.thesocialmedia.com\/leblogmoto\/2006\/09\/13\/selon-loms-le-p\/\"]}]},{\"@type\":\"ImageObject\",\"inLanguage\":\"fr-FR\",\"@id\":\"https:\/\/blogs.thesocialmedia.com\/leblogmoto\/2006\/09\/13\/selon-loms-le-p\/#primaryimage\",\"url\":\"http:\/\/www.leblogmoto.com\/images\/dscn55321_1.jpg\",\"contentUrl\":\"http:\/\/www.leblogmoto.com\/images\/dscn55321_1.jpg\"},{\"@type\":\"BreadcrumbList\",\"@id\":\"https:\/\/blogs.thesocialmedia.com\/leblogmoto\/2006\/09\/13\/selon-loms-le-p\/#breadcrumb\",\"itemListElement\":[{\"@type\":\"ListItem\",\"position\":1,\"name\":\"Accueil\",\"item\":\"https:\/\/blogs.thesocialmedia.com\/leblogmoto\/\"},{\"@type\":\"ListItem\",\"position\":2,\"name\":\"Selon l&rsquo;OMS le port du casque sauve des vies !\"}]},{\"@type\":\"WebSite\",\"@id\":\"https:\/\/blogs.thesocialmedia.com\/leblogmoto\/#website\",\"url\":\"https:\/\/blogs.thesocialmedia.com\/leblogmoto\/\",\"name\":\"leblogmoto\",\"description\":\"Toute l&#039;actualit\u00e9 des 2 roues\",\"potentialAction\":[{\"@type\":\"SearchAction\",\"target\":{\"@type\":\"EntryPoint\",\"urlTemplate\":\"https:\/\/blogs.thesocialmedia.com\/leblogmoto\/?s={search_term_string}\"},\"query-input\":{\"@type\":\"PropertyValueSpecification\",\"valueRequired\":true,\"valueName\":\"search_term_string\"}}],\"inLanguage\":\"fr-FR\"},{\"@type\":\"Person\",\"@id\":\"https:\/\/blogs.thesocialmedia.com\/leblogmoto\/#\/schema\/person\/90b2f8fd0d5a2cede2580e95fc79c6c0\",\"name\":\"christian tirat\",\"image\":{\"@type\":\"ImageObject\",\"inLanguage\":\"fr-FR\",\"@id\":\"https:\/\/blogs.thesocialmedia.com\/leblogmoto\/#\/schema\/person\/image\/\",\"url\":\"https:\/\/secure.gravatar.com\/avatar\/?s=96&d=mm&r=g\",\"contentUrl\":\"https:\/\/secure.gravatar.com\/avatar\/?s=96&d=mm&r=g\",\"caption\":\"christian tirat\"},\"url\":\"https:\/\/blogs.thesocialmedia.com\/leblogmoto\/author\/christian-tirat\/\"}]}<\/script>\n<!-- \/ Yoast SEO plugin. -->","yoast_head_json":{"title":"Selon l'OMS le port du casque sauve des vies ! - leblogmoto.com","robots":{"index":"index","follow":"follow","max-snippet":"max-snippet:-1","max-image-preview":"max-image-preview:large","max-video-preview":"max-video-preview:-1"},"canonical":"https:\/\/blogs.thesocialmedia.com\/leblogmoto\/2006\/09\/13\/selon-loms-le-p\/","twitter_card":"summary_large_image","twitter_title":"Selon l'OMS le port du casque sauve des vies ! - leblogmoto.com","twitter_description":"Selon l&rsquo;Organisation Mondiale de la Sant\u00e9 (OMS), les accidents de la route tuent chaque ann\u00e9e environ 1,2 million de personnes et en blesse des millions d&rsquo;autres \u00e0 travers le Monde. La plupart des d\u00e9c\u00e8s seraient \u00e9vitables. Ce sont les pays du Tiers et du Quart-Monde, qui payent le plus lourd tribut et surtout les usagers [&hellip;]","twitter_image":"http:\/\/www.leblogmoto.com\/images\/dscn55321_1.jpg","twitter_misc":{"\u00c9crit par":"christian tirat","Dur\u00e9e de lecture estim\u00e9e":"5 minutes"},"schema":{"@context":"https:\/\/schema.org","@graph":[{"@type":"WebPage","@id":"https:\/\/blogs.thesocialmedia.com\/leblogmoto\/2006\/09\/13\/selon-loms-le-p\/","url":"https:\/\/blogs.thesocialmedia.com\/leblogmoto\/2006\/09\/13\/selon-loms-le-p\/","name":"Selon l'OMS le port du casque sauve des vies ! - leblogmoto.com","isPartOf":{"@id":"https:\/\/blogs.thesocialmedia.com\/leblogmoto\/#website"},"primaryImageOfPage":{"@id":"https:\/\/blogs.thesocialmedia.com\/leblogmoto\/2006\/09\/13\/selon-loms-le-p\/#primaryimage"},"image":{"@id":"https:\/\/blogs.thesocialmedia.com\/leblogmoto\/2006\/09\/13\/selon-loms-le-p\/#primaryimage"},"thumbnailUrl":"http:\/\/www.leblogmoto.com\/images\/dscn55321_1.jpg","datePublished":"2006-09-13T18:28:56+00:00","dateModified":"2012-07-11T14:28:29+00:00","author":{"@id":"https:\/\/blogs.thesocialmedia.com\/leblogmoto\/#\/schema\/person\/90b2f8fd0d5a2cede2580e95fc79c6c0"},"breadcrumb":{"@id":"https:\/\/blogs.thesocialmedia.com\/leblogmoto\/2006\/09\/13\/selon-loms-le-p\/#breadcrumb"},"inLanguage":"fr-FR","potentialAction":[{"@type":"ReadAction","target":["https:\/\/blogs.thesocialmedia.com\/leblogmoto\/2006\/09\/13\/selon-loms-le-p\/"]}]},{"@type":"ImageObject","inLanguage":"fr-FR","@id":"https:\/\/blogs.thesocialmedia.com\/leblogmoto\/2006\/09\/13\/selon-loms-le-p\/#primaryimage","url":"http:\/\/www.leblogmoto.com\/images\/dscn55321_1.jpg","contentUrl":"http:\/\/www.leblogmoto.com\/images\/dscn55321_1.jpg"},{"@type":"BreadcrumbList","@id":"https:\/\/blogs.thesocialmedia.com\/leblogmoto\/2006\/09\/13\/selon-loms-le-p\/#breadcrumb","itemListElement":[{"@type":"ListItem","position":1,"name":"Accueil","item":"https:\/\/blogs.thesocialmedia.com\/leblogmoto\/"},{"@type":"ListItem","position":2,"name":"Selon l&rsquo;OMS le port du casque sauve des vies !"}]},{"@type":"WebSite","@id":"https:\/\/blogs.thesocialmedia.com\/leblogmoto\/#website","url":"https:\/\/blogs.thesocialmedia.com\/leblogmoto\/","name":"leblogmoto","description":"Toute l&#039;actualit\u00e9 des 2 roues","potentialAction":[{"@type":"SearchAction","target":{"@type":"EntryPoint","urlTemplate":"https:\/\/blogs.thesocialmedia.com\/leblogmoto\/?s={search_term_string}"},"query-input":{"@type":"PropertyValueSpecification","valueRequired":true,"valueName":"search_term_string"}}],"inLanguage":"fr-FR"},{"@type":"Person","@id":"https:\/\/blogs.thesocialmedia.com\/leblogmoto\/#\/schema\/person\/90b2f8fd0d5a2cede2580e95fc79c6c0","name":"christian tirat","image":{"@type":"ImageObject","inLanguage":"fr-FR","@id":"https:\/\/blogs.thesocialmedia.com\/leblogmoto\/#\/schema\/person\/image\/","url":"https:\/\/secure.gravatar.com\/avatar\/?s=96&d=mm&r=g","contentUrl":"https:\/\/secure.gravatar.com\/avatar\/?s=96&d=mm&r=g","caption":"christian tirat"},"url":"https:\/\/blogs.thesocialmedia.com\/leblogmoto\/author\/christian-tirat\/"}]}},"_links":{"self":[{"href":"https:\/\/blogs.thesocialmedia.com\/leblogmoto\/wp-json\/wp\/v2\/posts\/1666","targetHints":{"allow":["GET"]}}],"collection":[{"href":"https:\/\/blogs.thesocialmedia.com\/leblogmoto\/wp-json\/wp\/v2\/posts"}],"about":[{"href":"https:\/\/blogs.thesocialmedia.com\/leblogmoto\/wp-json\/wp\/v2\/types\/post"}],"author":[{"embeddable":true,"href":"https:\/\/blogs.thesocialmedia.com\/leblogmoto\/wp-json\/wp\/v2\/users\/333"}],"replies":[{"embeddable":true,"href":"https:\/\/blogs.thesocialmedia.com\/leblogmoto\/wp-json\/wp\/v2\/comments?post=1666"}],"version-history":[{"count":2,"href":"https:\/\/blogs.thesocialmedia.com\/leblogmoto\/wp-json\/wp\/v2\/posts\/1666\/revisions"}],"predecessor-version":[{"id":7808,"href":"https:\/\/blogs.thesocialmedia.com\/leblogmoto\/wp-json\/wp\/v2\/posts\/1666\/revisions\/7808"}],"wp:attachment":[{"href":"https:\/\/blogs.thesocialmedia.com\/leblogmoto\/wp-json\/wp\/v2\/media?parent=1666"}],"wp:term":[{"taxonomy":"category","embeddable":true,"href":"https:\/\/blogs.thesocialmedia.com\/leblogmoto\/wp-json\/wp\/v2\/categories?post=1666"},{"taxonomy":"post_tag","embeddable":true,"href":"https:\/\/blogs.thesocialmedia.com\/leblogmoto\/wp-json\/wp\/v2\/tags?post=1666"}],"curies":[{"name":"wp","href":"https:\/\/api.w.org\/{rel}","templated":true}]}}