{"id":167,"date":"2009-04-28T23:38:00","date_gmt":"2009-04-28T23:38:00","guid":{"rendered":"http:\/\/blogs.thesocialmedia.com\/leblogmoto\/2009\/04\/28\/photos-de-la-yamaha-mt01-sp\/"},"modified":"2012-07-11T17:22:18","modified_gmt":"2012-07-11T17:22:18","slug":"photos-de-la-yamaha-mt01-sp","status":"publish","type":"post","link":"https:\/\/blogs.thesocialmedia.com\/leblogmoto\/2009\/04\/28\/photos-de-la-yamaha-mt01-sp\/","title":{"rendered":"Photos de la Yamaha MT-01 SP 2009"},"content":{"rendered":"<p><span style=\"text-decoration: underline\"><a href=\"http:\/\/blogs.thesocialmedia.com\/leblogmoto\/files\/2012\/07\/6a00d83451b18369e20115705e9bb2970b-pi.jpg\"><img decoding=\"async\" alt=\"Yamaha MT-01 SP 04\" class=\"at-xid-6a00d83451b18369e20115705e9bb2970b \" src=\"http:\/\/blogs.thesocialmedia.com\/leblogmoto\/files\/2012\/07\/6a00d83451b18369e20115705e9bb2970b-500wi.jpg\" \/><\/a> <\/span> <br \/>5 ans apr\u00e8s la premi\u00e8re MT-01, r\u00e9volutionnaire surtout pour les grands gabarits, Yamaha nous propose une s\u00e9rie limit\u00e9e exclusive avec, entre autres, des pneus Pirelli Diablo Rosso, une fourche \u00d6hlins de 43 mm de diam\u00e8tre et un amortisseur \u00e0 bonbonne nouvelle g\u00e9n\u00e9ration pour l&#039;arri\u00e8re&#8230; <\/p>\n<\/p>\n<p><a href=\"http:\/\/blogs.thesocialmedia.com\/leblogmoto\/files\/2012\/07\/6a00d83451b18369e20115705ea6b9970b-pi.jpg\"><img decoding=\"async\" alt=\"Yamaha MT-01 SP\" class=\"at-xid-6a00d83451b18369e20115705ea6b9970b \" src=\"http:\/\/blogs.thesocialmedia.com\/leblogmoto\/files\/2012\/07\/6a00d83451b18369e20115705ea6b9970b-500wi.jpg\" \/><\/a> <\/p>\n<p>Cette s\u00e9rie limit\u00e9e re\u00e7oit aussi des jantes dor\u00e9es &quot;racing&quot; et le guidon, renforc\u00e9, b\u00e9n\u00e9ficie d\u00e9sormais de supports (pontets) en aluminium taill\u00e9s dans la masse. Le r\u00e9servoir s&#039;habille de blanc et de rouge.<\/p>\n<p><a href=\"http:\/\/blogs.thesocialmedia.com\/leblogmoto\/files\/2012\/07\/6a00d83451b18369e20115705ea788970b-pi.jpg\"><img decoding=\"async\" alt=\"Yamaha MT-01 SP 05\" class=\"at-xid-6a00d83451b18369e20115705ea788970b \" src=\"http:\/\/blogs.thesocialmedia.com\/leblogmoto\/files\/2012\/07\/6a00d83451b18369e20115705ea788970b-500wi.jpg\" \/><\/a> <\/p>\n<\/p>\n<p>Le moteur de 1670 cm3 d\u00e9veloppe un peu plus de 90ch \u00e0 4750 tr\/mn et devrait suffir largement \u00e0 faire oublier les 265 kg tous pleins faits de la machine. Le bi cylindre en V \u00e0 48\u00b0 offre un couple de 15,3 mkg \u00e0 3750 tr\/mn mais surtout 12 mkg \u00e0 seulement 1500 tr\/mn&#8230;<\/p>\n<p><a href=\"http:\/\/blogs.thesocialmedia.com\/leblogmoto\/files\/2012\/07\/6a00d83451b18369e201156f688d5a970c-pi.jpg\"><img decoding=\"async\" alt=\"Yamaha MT-01 SP 06\" class=\"at-xid-6a00d83451b18369e201156f688d5a970c \" src=\"http:\/\/blogs.thesocialmedia.com\/leblogmoto\/files\/2012\/07\/6a00d83451b18369e201156f688d5a970c-500wi.jpg\" \/><\/a> <\/p>\n<p>Le syst\u00e8me de freinage passe de 4 \u00e0 6 pistons \u00e0 l&#039;avant, c&#039;est celui de la version 2009 de la nouvelle R1.<\/p>\n<p><a href=\"http:\/\/blogs.thesocialmedia.com\/leblogmoto\/files\/2012\/07\/6a00d83451b18369e20115705ea9b3970b-pi.jpg\"><img decoding=\"async\" alt=\"Yamaha MT-01 SP 007\" class=\"at-xid-6a00d83451b18369e20115705ea9b3970b \" src=\"http:\/\/blogs.thesocialmedia.com\/leblogmoto\/files\/2012\/07\/6a00d83451b18369e20115705ea9b3970b-500wi.jpg\" \/><\/a> <\/p>\n<p>La Yamaha MT-01 SP sera disponible d\u00e9but juin en concession&#8230; <\/p>\n<p><a href=\"http:\/\/blogs.thesocialmedia.com\/leblogmoto\/files\/2012\/07\/6a00d83451b18369e201156f688fbd970c-pi.jpg\"><img decoding=\"async\" alt=\"Yamaha MT-01 SP 02\" class=\"at-xid-6a00d83451b18369e201156f688fbd970c \" src=\"http:\/\/blogs.thesocialmedia.com\/leblogmoto\/files\/2012\/07\/6a00d83451b18369e201156f688fbd970c-500wi.jpg\" \/><\/a> <\/p>\n<\/p>\n<p>Une machine exclusive, jusque dans son prix malheureusement, qui risque forcement de d\u00e9passer le tarif de la traditionnelle Yamaha MT-01 d\u00e9j\u00e0 factur\u00e9e autour des 14500 euros&#8230; Elle va avoir fort \u00e0 faire pour nous convaincre de son tarif, surtout si elle s&#039;affiche plus ch\u00e8re qu&#039;une R1 2009 neuve, environ 15700 euros, \u00e9quip\u00e9e de son incroyable moteur \u00e0 course courte avec vilebrequin \u00e0 plans crois\u00e9s et calage d&#039;allumage variable, d\u00e9riv\u00e9 de la M1 officielle de MotoGP&#8230;<\/p>\n<\/p>\n<p><object height=\"344\" width=\"425\"><param name=\"movie\" value=\"http:\/\/www.youtube.com\/v\/6MijSmXjRIw&amp;hl=en&amp;fs=1\" \/><param name=\"allowFullScreen\" value=\"true\" \/><param name=\"allowscriptaccess\" value=\"always\" \/><embed height=\"395\" src=\"http:\/\/www.youtube.com\/v\/6MijSmXjRIw&amp;hl=en&amp;fs=1\" type=\"application\/x-shockwave-flash\" width=\"495\" \/><\/object><\/p>\n","protected":false},"excerpt":{"rendered":"<p>5 ans apr\u00e8s la premi\u00e8re MT-01, r\u00e9volutionnaire surtout pour les grands gabarits, Yamaha nous propose une s\u00e9rie limit\u00e9e exclusive avec, entre autres, des pneus Pirelli Diablo Rosso, une fourche \u00d6hlins de 43 mm de diam\u00e8tre et un amortisseur \u00e0 bonbonne nouvelle g\u00e9n\u00e9ration pour l&#039;arri\u00e8re&#8230; Cette s\u00e9rie limit\u00e9e re\u00e7oit aussi des jantes dor\u00e9es &quot;racing&quot; et le [&hellip;]<\/p>\n","protected":false},"author":323,"featured_media":13395,"comment_status":"open","ping_status":"open","sticky":false,"template":"","format":"standard","meta":{"footnotes":""},"categories":[3,44],"tags":[],"class_list":["post-167","post","type-post","status-publish","format-standard","has-post-thumbnail","hentry","category-actualite","category-yamaha"],"yoast_head":"<!-- This site is optimized with the Yoast SEO plugin v26.0 - https:\/\/yoast.com\/wordpress\/plugins\/seo\/ -->\n<title>Photos de la Yamaha MT-01 SP 2009 - leblogmoto.com<\/title>\n<meta name=\"robots\" content=\"index, follow, max-snippet:-1, max-image-preview:large, max-video-preview:-1\" \/>\n<link rel=\"canonical\" href=\"https:\/\/blogs.thesocialmedia.com\/leblogmoto\/2009\/04\/28\/photos-de-la-yamaha-mt01-sp\/\" \/>\n<meta name=\"twitter:card\" content=\"summary_large_image\" \/>\n<meta name=\"twitter:title\" content=\"Photos de la Yamaha MT-01 SP 2009 - leblogmoto.com\" \/>\n<meta name=\"twitter:description\" content=\"5 ans apr\u00e8s la premi\u00e8re MT-01, r\u00e9volutionnaire surtout pour les grands gabarits, Yamaha nous propose une s\u00e9rie limit\u00e9e exclusive avec, entre autres, des pneus Pirelli Diablo Rosso, une fourche \u00d6hlins de 43 mm de diam\u00e8tre et un amortisseur \u00e0 bonbonne nouvelle g\u00e9n\u00e9ration pour l&#039;arri\u00e8re&#8230; Cette s\u00e9rie limit\u00e9e re\u00e7oit aussi des jantes dor\u00e9es &quot;racing&quot; et le [&hellip;]\" \/>\n<meta name=\"twitter:image\" content=\"https:\/\/blogs.thesocialmedia.com\/leblogmoto\/files\/2012\/07\/6a00d83451b18369e20115705e9bb2970b-500wi.jpg\" \/>\n<meta name=\"twitter:label1\" content=\"\u00c9crit par\" \/>\n\t<meta name=\"twitter:data1\" content=\"albin le guyader\" \/>\n\t<meta name=\"twitter:label2\" content=\"Dur\u00e9e de lecture estim\u00e9e\" \/>\n\t<meta name=\"twitter:data2\" content=\"1 minute\" \/>\n<script type=\"application\/ld+json\" class=\"yoast-schema-graph\">{\"@context\":\"https:\/\/schema.org\",\"@graph\":[{\"@type\":\"WebPage\",\"@id\":\"https:\/\/blogs.thesocialmedia.com\/leblogmoto\/2009\/04\/28\/photos-de-la-yamaha-mt01-sp\/\",\"url\":\"https:\/\/blogs.thesocialmedia.com\/leblogmoto\/2009\/04\/28\/photos-de-la-yamaha-mt01-sp\/\",\"name\":\"Photos de la Yamaha MT-01 SP 2009 - leblogmoto.com\",\"isPartOf\":{\"@id\":\"https:\/\/blogs.thesocialmedia.com\/leblogmoto\/#website\"},\"primaryImageOfPage\":{\"@id\":\"https:\/\/blogs.thesocialmedia.com\/leblogmoto\/2009\/04\/28\/photos-de-la-yamaha-mt01-sp\/#primaryimage\"},\"image\":{\"@id\":\"https:\/\/blogs.thesocialmedia.com\/leblogmoto\/2009\/04\/28\/photos-de-la-yamaha-mt01-sp\/#primaryimage\"},\"thumbnailUrl\":\"https:\/\/blogs.thesocialmedia.com\/leblogmoto\/files\/2012\/07\/6a00d83451b18369e20115705e9bb2970b-500wi.jpg\",\"datePublished\":\"2009-04-28T23:38:00+00:00\",\"dateModified\":\"2012-07-11T17:22:18+00:00\",\"author\":{\"@id\":\"https:\/\/blogs.thesocialmedia.com\/leblogmoto\/#\/schema\/person\/b496d27c898c29a39678e2425cafb9ae\"},\"breadcrumb\":{\"@id\":\"https:\/\/blogs.thesocialmedia.com\/leblogmoto\/2009\/04\/28\/photos-de-la-yamaha-mt01-sp\/#breadcrumb\"},\"inLanguage\":\"fr-FR\",\"potentialAction\":[{\"@type\":\"ReadAction\",\"target\":[\"https:\/\/blogs.thesocialmedia.com\/leblogmoto\/2009\/04\/28\/photos-de-la-yamaha-mt01-sp\/\"]}]},{\"@type\":\"ImageObject\",\"inLanguage\":\"fr-FR\",\"@id\":\"https:\/\/blogs.thesocialmedia.com\/leblogmoto\/2009\/04\/28\/photos-de-la-yamaha-mt01-sp\/#primaryimage\",\"url\":\"https:\/\/blogs.thesocialmedia.com\/leblogmoto\/files\/2012\/07\/6a00d83451b18369e20115705e9bb2970b-500wi.jpg\",\"contentUrl\":\"https:\/\/blogs.thesocialmedia.com\/leblogmoto\/files\/2012\/07\/6a00d83451b18369e20115705e9bb2970b-500wi.jpg\",\"width\":\"500\",\"height\":\"334\"},{\"@type\":\"BreadcrumbList\",\"@id\":\"https:\/\/blogs.thesocialmedia.com\/leblogmoto\/2009\/04\/28\/photos-de-la-yamaha-mt01-sp\/#breadcrumb\",\"itemListElement\":[{\"@type\":\"ListItem\",\"position\":1,\"name\":\"Accueil\",\"item\":\"https:\/\/blogs.thesocialmedia.com\/leblogmoto\/\"},{\"@type\":\"ListItem\",\"position\":2,\"name\":\"Photos de la Yamaha MT-01 SP 2009\"}]},{\"@type\":\"WebSite\",\"@id\":\"https:\/\/blogs.thesocialmedia.com\/leblogmoto\/#website\",\"url\":\"https:\/\/blogs.thesocialmedia.com\/leblogmoto\/\",\"name\":\"leblogmoto\",\"description\":\"Toute l&#039;actualit\u00e9 des 2 roues\",\"potentialAction\":[{\"@type\":\"SearchAction\",\"target\":{\"@type\":\"EntryPoint\",\"urlTemplate\":\"https:\/\/blogs.thesocialmedia.com\/leblogmoto\/?s={search_term_string}\"},\"query-input\":{\"@type\":\"PropertyValueSpecification\",\"valueRequired\":true,\"valueName\":\"search_term_string\"}}],\"inLanguage\":\"fr-FR\"},{\"@type\":\"Person\",\"@id\":\"https:\/\/blogs.thesocialmedia.com\/leblogmoto\/#\/schema\/person\/b496d27c898c29a39678e2425cafb9ae\",\"name\":\"albin le guyader\",\"image\":{\"@type\":\"ImageObject\",\"inLanguage\":\"fr-FR\",\"@id\":\"https:\/\/blogs.thesocialmedia.com\/leblogmoto\/#\/schema\/person\/image\/\",\"url\":\"https:\/\/secure.gravatar.com\/avatar\/?s=96&d=mm&r=g\",\"contentUrl\":\"https:\/\/secure.gravatar.com\/avatar\/?s=96&d=mm&r=g\",\"caption\":\"albin le guyader\"},\"url\":\"https:\/\/blogs.thesocialmedia.com\/leblogmoto\/author\/albin-le-guyader\/\"}]}<\/script>\n<!-- \/ Yoast SEO plugin. -->","yoast_head_json":{"title":"Photos de la Yamaha MT-01 SP 2009 - leblogmoto.com","robots":{"index":"index","follow":"follow","max-snippet":"max-snippet:-1","max-image-preview":"max-image-preview:large","max-video-preview":"max-video-preview:-1"},"canonical":"https:\/\/blogs.thesocialmedia.com\/leblogmoto\/2009\/04\/28\/photos-de-la-yamaha-mt01-sp\/","twitter_card":"summary_large_image","twitter_title":"Photos de la Yamaha MT-01 SP 2009 - leblogmoto.com","twitter_description":"5 ans apr\u00e8s la premi\u00e8re MT-01, r\u00e9volutionnaire surtout pour les grands gabarits, Yamaha nous propose une s\u00e9rie limit\u00e9e exclusive avec, entre autres, des pneus Pirelli Diablo Rosso, une fourche \u00d6hlins de 43 mm de diam\u00e8tre et un amortisseur \u00e0 bonbonne nouvelle g\u00e9n\u00e9ration pour l&#039;arri\u00e8re&#8230; Cette s\u00e9rie limit\u00e9e re\u00e7oit aussi des jantes dor\u00e9es &quot;racing&quot; et le [&hellip;]","twitter_image":"https:\/\/blogs.thesocialmedia.com\/leblogmoto\/files\/2012\/07\/6a00d83451b18369e20115705e9bb2970b-500wi.jpg","twitter_misc":{"\u00c9crit par":"albin le guyader","Dur\u00e9e de lecture estim\u00e9e":"1 minute"},"schema":{"@context":"https:\/\/schema.org","@graph":[{"@type":"WebPage","@id":"https:\/\/blogs.thesocialmedia.com\/leblogmoto\/2009\/04\/28\/photos-de-la-yamaha-mt01-sp\/","url":"https:\/\/blogs.thesocialmedia.com\/leblogmoto\/2009\/04\/28\/photos-de-la-yamaha-mt01-sp\/","name":"Photos de la Yamaha MT-01 SP 2009 - leblogmoto.com","isPartOf":{"@id":"https:\/\/blogs.thesocialmedia.com\/leblogmoto\/#website"},"primaryImageOfPage":{"@id":"https:\/\/blogs.thesocialmedia.com\/leblogmoto\/2009\/04\/28\/photos-de-la-yamaha-mt01-sp\/#primaryimage"},"image":{"@id":"https:\/\/blogs.thesocialmedia.com\/leblogmoto\/2009\/04\/28\/photos-de-la-yamaha-mt01-sp\/#primaryimage"},"thumbnailUrl":"https:\/\/blogs.thesocialmedia.com\/leblogmoto\/files\/2012\/07\/6a00d83451b18369e20115705e9bb2970b-500wi.jpg","datePublished":"2009-04-28T23:38:00+00:00","dateModified":"2012-07-11T17:22:18+00:00","author":{"@id":"https:\/\/blogs.thesocialmedia.com\/leblogmoto\/#\/schema\/person\/b496d27c898c29a39678e2425cafb9ae"},"breadcrumb":{"@id":"https:\/\/blogs.thesocialmedia.com\/leblogmoto\/2009\/04\/28\/photos-de-la-yamaha-mt01-sp\/#breadcrumb"},"inLanguage":"fr-FR","potentialAction":[{"@type":"ReadAction","target":["https:\/\/blogs.thesocialmedia.com\/leblogmoto\/2009\/04\/28\/photos-de-la-yamaha-mt01-sp\/"]}]},{"@type":"ImageObject","inLanguage":"fr-FR","@id":"https:\/\/blogs.thesocialmedia.com\/leblogmoto\/2009\/04\/28\/photos-de-la-yamaha-mt01-sp\/#primaryimage","url":"https:\/\/blogs.thesocialmedia.com\/leblogmoto\/files\/2012\/07\/6a00d83451b18369e20115705e9bb2970b-500wi.jpg","contentUrl":"https:\/\/blogs.thesocialmedia.com\/leblogmoto\/files\/2012\/07\/6a00d83451b18369e20115705e9bb2970b-500wi.jpg","width":"500","height":"334"},{"@type":"BreadcrumbList","@id":"https:\/\/blogs.thesocialmedia.com\/leblogmoto\/2009\/04\/28\/photos-de-la-yamaha-mt01-sp\/#breadcrumb","itemListElement":[{"@type":"ListItem","position":1,"name":"Accueil","item":"https:\/\/blogs.thesocialmedia.com\/leblogmoto\/"},{"@type":"ListItem","position":2,"name":"Photos de la Yamaha MT-01 SP 2009"}]},{"@type":"WebSite","@id":"https:\/\/blogs.thesocialmedia.com\/leblogmoto\/#website","url":"https:\/\/blogs.thesocialmedia.com\/leblogmoto\/","name":"leblogmoto","description":"Toute l&#039;actualit\u00e9 des 2 roues","potentialAction":[{"@type":"SearchAction","target":{"@type":"EntryPoint","urlTemplate":"https:\/\/blogs.thesocialmedia.com\/leblogmoto\/?s={search_term_string}"},"query-input":{"@type":"PropertyValueSpecification","valueRequired":true,"valueName":"search_term_string"}}],"inLanguage":"fr-FR"},{"@type":"Person","@id":"https:\/\/blogs.thesocialmedia.com\/leblogmoto\/#\/schema\/person\/b496d27c898c29a39678e2425cafb9ae","name":"albin le guyader","image":{"@type":"ImageObject","inLanguage":"fr-FR","@id":"https:\/\/blogs.thesocialmedia.com\/leblogmoto\/#\/schema\/person\/image\/","url":"https:\/\/secure.gravatar.com\/avatar\/?s=96&d=mm&r=g","contentUrl":"https:\/\/secure.gravatar.com\/avatar\/?s=96&d=mm&r=g","caption":"albin le guyader"},"url":"https:\/\/blogs.thesocialmedia.com\/leblogmoto\/author\/albin-le-guyader\/"}]}},"_links":{"self":[{"href":"https:\/\/blogs.thesocialmedia.com\/leblogmoto\/wp-json\/wp\/v2\/posts\/167","targetHints":{"allow":["GET"]}}],"collection":[{"href":"https:\/\/blogs.thesocialmedia.com\/leblogmoto\/wp-json\/wp\/v2\/posts"}],"about":[{"href":"https:\/\/blogs.thesocialmedia.com\/leblogmoto\/wp-json\/wp\/v2\/types\/post"}],"author":[{"embeddable":true,"href":"https:\/\/blogs.thesocialmedia.com\/leblogmoto\/wp-json\/wp\/v2\/users\/323"}],"replies":[{"embeddable":true,"href":"https:\/\/blogs.thesocialmedia.com\/leblogmoto\/wp-json\/wp\/v2\/comments?post=167"}],"version-history":[{"count":2,"href":"https:\/\/blogs.thesocialmedia.com\/leblogmoto\/wp-json\/wp\/v2\/posts\/167\/revisions"}],"predecessor-version":[{"id":13407,"href":"https:\/\/blogs.thesocialmedia.com\/leblogmoto\/wp-json\/wp\/v2\/posts\/167\/revisions\/13407"}],"wp:featuredmedia":[{"embeddable":true,"href":"https:\/\/blogs.thesocialmedia.com\/leblogmoto\/wp-json\/wp\/v2\/media\/13395"}],"wp:attachment":[{"href":"https:\/\/blogs.thesocialmedia.com\/leblogmoto\/wp-json\/wp\/v2\/media?parent=167"}],"wp:term":[{"taxonomy":"category","embeddable":true,"href":"https:\/\/blogs.thesocialmedia.com\/leblogmoto\/wp-json\/wp\/v2\/categories?post=167"},{"taxonomy":"post_tag","embeddable":true,"href":"https:\/\/blogs.thesocialmedia.com\/leblogmoto\/wp-json\/wp\/v2\/tags?post=167"}],"curies":[{"name":"wp","href":"https:\/\/api.w.org\/{rel}","templated":true}]}}