{"id":1673,"date":"2006-09-04T18:09:29","date_gmt":"2006-09-04T18:09:29","guid":{"rendered":"http:\/\/blogs.thesocialmedia.com\/leblogmoto\/2006\/09\/04\/premiers-secour\/"},"modified":"2012-07-11T14:28:18","modified_gmt":"2012-07-11T14:28:18","slug":"premiers-secour","status":"publish","type":"post","link":"https:\/\/blogs.thesocialmedia.com\/leblogmoto\/2006\/09\/04\/premiers-secour\/","title":{"rendered":"Premiers secours"},"content":{"rendered":"<p><a href=\"http:\/\/blogs.thesocialmedia.com\/leblogmoto\/files\/2012\/07\/crf.gif\"><img loading=\"lazy\" decoding=\"async\" height=\"32\" alt=\"Crf\" src=\"http:\/\/www.leblogmoto.com\/images\/crf.gif\" width=\"250\"  \/><\/a>Je profite du d\u00e9bat engag\u00e9 sur la s\u00e9curit\u00e9 \u00e0 moto, pour apporter une contribution compl\u00e9mentaire avant de continuer le r\u00e9cit de mes aventures carpatiques. J\u2019ai \u00e9t\u00e9 impressionn\u00e9 de constater qu\u2019en Roumanie, pays g\u00e9n\u00e9ralement consid\u00e9r\u00e9 chez nous comme \u00e9tant sous-d\u00e9velopp\u00e9, l\u2019enseignement des bases du secourisme, des &quot; gestes qui sauvent &quot; est obligatoire au lyc\u00e9e.<\/p>\n<p><img loading=\"lazy\" decoding=\"async\" height=\"202\" alt=\"Ambu\" src=\"http:\/\/www.leblogmoto.com\/images\/ambu.jpg\" width=\"250\"  \/>Je me suis toujours \u00e9tonn\u00e9 qu\u2019en France ce ne soit pas le cas et certains pr\u00e9tendent que si on le faisait, des gamins pourraient faire de &quot; mauvais gestes &quot; et que cela poserait des probl\u00e8mes \u2026d\u2019assurances ; encore elles !<br \/>C\u2019est un peu hors sujet mais je me rappelle qu\u2019en France, au moment de Tchernobyl, les autorit\u00e9s n\u2019ont rien fait, alors que la Roumanie, qui a pourtant \u00e9chapp\u00e9e au passage du nuage radioactif, a pr\u00e9ventivement distribu\u00e9 \u00e0 la population des pastilles d\u2019iode. Il me semble que cet exemple est significatif de notre d\u00e9responsabilisation collective.<br \/>Cependant, \u00e0 titre individuel, chacun peut suivre une formation de bonne qualit\u00e9, notamment avec la Croix Rouge : http:\/\/www.croix-rouge.fr\/goto\/index.asp <br \/>Sur son site vous trouverez deux pages ; Sauver des vies, les gestes qui sauvent : http:\/\/www.croix-rouge.fr\/goto\/secours\/apprendre\/index.asp<br \/>Et le catalogue de leur formation avec le choix de votre implantation g\u00e9ographique : http:\/\/sites.croix-rouge.fr\/recherche_formation.php3<br \/>Puisse ce post susciter de nouvelles vocations et peut \u00eatre sauver quelques motards!<\/p>\n","protected":false},"excerpt":{"rendered":"<p>Je profite du d\u00e9bat engag\u00e9 sur la s\u00e9curit\u00e9 \u00e0 moto, pour apporter une contribution compl\u00e9mentaire avant de continuer le r\u00e9cit de mes aventures carpatiques. J\u2019ai \u00e9t\u00e9 impressionn\u00e9 de constater qu\u2019en Roumanie, pays g\u00e9n\u00e9ralement consid\u00e9r\u00e9 chez nous comme \u00e9tant sous-d\u00e9velopp\u00e9, l\u2019enseignement des bases du secourisme, des &quot; gestes qui sauvent &quot; est obligatoire au lyc\u00e9e. Je [&hellip;]<\/p>\n","protected":false},"author":333,"featured_media":0,"comment_status":"open","ping_status":"open","sticky":false,"template":"","format":"standard","meta":{"footnotes":""},"categories":[17],"tags":[],"class_list":["post-1673","post","type-post","status-publish","format-standard","hentry","category-divers"],"yoast_head":"<!-- This site is optimized with the Yoast SEO plugin v26.0 - https:\/\/yoast.com\/wordpress\/plugins\/seo\/ -->\n<title>Premiers secours - leblogmoto.com<\/title>\n<meta name=\"robots\" content=\"index, follow, max-snippet:-1, max-image-preview:large, max-video-preview:-1\" \/>\n<link rel=\"canonical\" href=\"https:\/\/blogs.thesocialmedia.com\/leblogmoto\/2006\/09\/04\/premiers-secour\/\" \/>\n<meta name=\"twitter:card\" content=\"summary_large_image\" \/>\n<meta name=\"twitter:title\" content=\"Premiers secours - leblogmoto.com\" \/>\n<meta name=\"twitter:description\" content=\"Je profite du d\u00e9bat engag\u00e9 sur la s\u00e9curit\u00e9 \u00e0 moto, pour apporter une contribution compl\u00e9mentaire avant de continuer le r\u00e9cit de mes aventures carpatiques. J\u2019ai \u00e9t\u00e9 impressionn\u00e9 de constater qu\u2019en Roumanie, pays g\u00e9n\u00e9ralement consid\u00e9r\u00e9 chez nous comme \u00e9tant sous-d\u00e9velopp\u00e9, l\u2019enseignement des bases du secourisme, des &quot; gestes qui sauvent &quot; est obligatoire au lyc\u00e9e. Je [&hellip;]\" \/>\n<meta name=\"twitter:image\" content=\"http:\/\/www.leblogmoto.com\/images\/crf.gif\" \/>\n<meta name=\"twitter:label1\" content=\"\u00c9crit par\" \/>\n\t<meta name=\"twitter:data1\" content=\"christian tirat\" \/>\n\t<meta name=\"twitter:label2\" content=\"Dur\u00e9e de lecture estim\u00e9e\" \/>\n\t<meta name=\"twitter:data2\" content=\"1 minute\" \/>\n<script type=\"application\/ld+json\" class=\"yoast-schema-graph\">{\"@context\":\"https:\/\/schema.org\",\"@graph\":[{\"@type\":\"WebPage\",\"@id\":\"https:\/\/blogs.thesocialmedia.com\/leblogmoto\/2006\/09\/04\/premiers-secour\/\",\"url\":\"https:\/\/blogs.thesocialmedia.com\/leblogmoto\/2006\/09\/04\/premiers-secour\/\",\"name\":\"Premiers secours - leblogmoto.com\",\"isPartOf\":{\"@id\":\"https:\/\/blogs.thesocialmedia.com\/leblogmoto\/#website\"},\"primaryImageOfPage\":{\"@id\":\"https:\/\/blogs.thesocialmedia.com\/leblogmoto\/2006\/09\/04\/premiers-secour\/#primaryimage\"},\"image\":{\"@id\":\"https:\/\/blogs.thesocialmedia.com\/leblogmoto\/2006\/09\/04\/premiers-secour\/#primaryimage\"},\"thumbnailUrl\":\"http:\/\/www.leblogmoto.com\/images\/crf.gif\",\"datePublished\":\"2006-09-04T18:09:29+00:00\",\"dateModified\":\"2012-07-11T14:28:18+00:00\",\"author\":{\"@id\":\"https:\/\/blogs.thesocialmedia.com\/leblogmoto\/#\/schema\/person\/90b2f8fd0d5a2cede2580e95fc79c6c0\"},\"breadcrumb\":{\"@id\":\"https:\/\/blogs.thesocialmedia.com\/leblogmoto\/2006\/09\/04\/premiers-secour\/#breadcrumb\"},\"inLanguage\":\"fr-FR\",\"potentialAction\":[{\"@type\":\"ReadAction\",\"target\":[\"https:\/\/blogs.thesocialmedia.com\/leblogmoto\/2006\/09\/04\/premiers-secour\/\"]}]},{\"@type\":\"ImageObject\",\"inLanguage\":\"fr-FR\",\"@id\":\"https:\/\/blogs.thesocialmedia.com\/leblogmoto\/2006\/09\/04\/premiers-secour\/#primaryimage\",\"url\":\"http:\/\/www.leblogmoto.com\/images\/crf.gif\",\"contentUrl\":\"http:\/\/www.leblogmoto.com\/images\/crf.gif\"},{\"@type\":\"BreadcrumbList\",\"@id\":\"https:\/\/blogs.thesocialmedia.com\/leblogmoto\/2006\/09\/04\/premiers-secour\/#breadcrumb\",\"itemListElement\":[{\"@type\":\"ListItem\",\"position\":1,\"name\":\"Accueil\",\"item\":\"https:\/\/blogs.thesocialmedia.com\/leblogmoto\/\"},{\"@type\":\"ListItem\",\"position\":2,\"name\":\"Premiers secours\"}]},{\"@type\":\"WebSite\",\"@id\":\"https:\/\/blogs.thesocialmedia.com\/leblogmoto\/#website\",\"url\":\"https:\/\/blogs.thesocialmedia.com\/leblogmoto\/\",\"name\":\"leblogmoto\",\"description\":\"Toute l&#039;actualit\u00e9 des 2 roues\",\"potentialAction\":[{\"@type\":\"SearchAction\",\"target\":{\"@type\":\"EntryPoint\",\"urlTemplate\":\"https:\/\/blogs.thesocialmedia.com\/leblogmoto\/?s={search_term_string}\"},\"query-input\":{\"@type\":\"PropertyValueSpecification\",\"valueRequired\":true,\"valueName\":\"search_term_string\"}}],\"inLanguage\":\"fr-FR\"},{\"@type\":\"Person\",\"@id\":\"https:\/\/blogs.thesocialmedia.com\/leblogmoto\/#\/schema\/person\/90b2f8fd0d5a2cede2580e95fc79c6c0\",\"name\":\"christian tirat\",\"image\":{\"@type\":\"ImageObject\",\"inLanguage\":\"fr-FR\",\"@id\":\"https:\/\/blogs.thesocialmedia.com\/leblogmoto\/#\/schema\/person\/image\/\",\"url\":\"https:\/\/secure.gravatar.com\/avatar\/?s=96&d=mm&r=g\",\"contentUrl\":\"https:\/\/secure.gravatar.com\/avatar\/?s=96&d=mm&r=g\",\"caption\":\"christian tirat\"},\"url\":\"https:\/\/blogs.thesocialmedia.com\/leblogmoto\/author\/christian-tirat\/\"}]}<\/script>\n<!-- \/ Yoast SEO plugin. -->","yoast_head_json":{"title":"Premiers secours - leblogmoto.com","robots":{"index":"index","follow":"follow","max-snippet":"max-snippet:-1","max-image-preview":"max-image-preview:large","max-video-preview":"max-video-preview:-1"},"canonical":"https:\/\/blogs.thesocialmedia.com\/leblogmoto\/2006\/09\/04\/premiers-secour\/","twitter_card":"summary_large_image","twitter_title":"Premiers secours - leblogmoto.com","twitter_description":"Je profite du d\u00e9bat engag\u00e9 sur la s\u00e9curit\u00e9 \u00e0 moto, pour apporter une contribution compl\u00e9mentaire avant de continuer le r\u00e9cit de mes aventures carpatiques. J\u2019ai \u00e9t\u00e9 impressionn\u00e9 de constater qu\u2019en Roumanie, pays g\u00e9n\u00e9ralement consid\u00e9r\u00e9 chez nous comme \u00e9tant sous-d\u00e9velopp\u00e9, l\u2019enseignement des bases du secourisme, des &quot; gestes qui sauvent &quot; est obligatoire au lyc\u00e9e. Je [&hellip;]","twitter_image":"http:\/\/www.leblogmoto.com\/images\/crf.gif","twitter_misc":{"\u00c9crit par":"christian tirat","Dur\u00e9e de lecture estim\u00e9e":"1 minute"},"schema":{"@context":"https:\/\/schema.org","@graph":[{"@type":"WebPage","@id":"https:\/\/blogs.thesocialmedia.com\/leblogmoto\/2006\/09\/04\/premiers-secour\/","url":"https:\/\/blogs.thesocialmedia.com\/leblogmoto\/2006\/09\/04\/premiers-secour\/","name":"Premiers secours - leblogmoto.com","isPartOf":{"@id":"https:\/\/blogs.thesocialmedia.com\/leblogmoto\/#website"},"primaryImageOfPage":{"@id":"https:\/\/blogs.thesocialmedia.com\/leblogmoto\/2006\/09\/04\/premiers-secour\/#primaryimage"},"image":{"@id":"https:\/\/blogs.thesocialmedia.com\/leblogmoto\/2006\/09\/04\/premiers-secour\/#primaryimage"},"thumbnailUrl":"http:\/\/www.leblogmoto.com\/images\/crf.gif","datePublished":"2006-09-04T18:09:29+00:00","dateModified":"2012-07-11T14:28:18+00:00","author":{"@id":"https:\/\/blogs.thesocialmedia.com\/leblogmoto\/#\/schema\/person\/90b2f8fd0d5a2cede2580e95fc79c6c0"},"breadcrumb":{"@id":"https:\/\/blogs.thesocialmedia.com\/leblogmoto\/2006\/09\/04\/premiers-secour\/#breadcrumb"},"inLanguage":"fr-FR","potentialAction":[{"@type":"ReadAction","target":["https:\/\/blogs.thesocialmedia.com\/leblogmoto\/2006\/09\/04\/premiers-secour\/"]}]},{"@type":"ImageObject","inLanguage":"fr-FR","@id":"https:\/\/blogs.thesocialmedia.com\/leblogmoto\/2006\/09\/04\/premiers-secour\/#primaryimage","url":"http:\/\/www.leblogmoto.com\/images\/crf.gif","contentUrl":"http:\/\/www.leblogmoto.com\/images\/crf.gif"},{"@type":"BreadcrumbList","@id":"https:\/\/blogs.thesocialmedia.com\/leblogmoto\/2006\/09\/04\/premiers-secour\/#breadcrumb","itemListElement":[{"@type":"ListItem","position":1,"name":"Accueil","item":"https:\/\/blogs.thesocialmedia.com\/leblogmoto\/"},{"@type":"ListItem","position":2,"name":"Premiers secours"}]},{"@type":"WebSite","@id":"https:\/\/blogs.thesocialmedia.com\/leblogmoto\/#website","url":"https:\/\/blogs.thesocialmedia.com\/leblogmoto\/","name":"leblogmoto","description":"Toute l&#039;actualit\u00e9 des 2 roues","potentialAction":[{"@type":"SearchAction","target":{"@type":"EntryPoint","urlTemplate":"https:\/\/blogs.thesocialmedia.com\/leblogmoto\/?s={search_term_string}"},"query-input":{"@type":"PropertyValueSpecification","valueRequired":true,"valueName":"search_term_string"}}],"inLanguage":"fr-FR"},{"@type":"Person","@id":"https:\/\/blogs.thesocialmedia.com\/leblogmoto\/#\/schema\/person\/90b2f8fd0d5a2cede2580e95fc79c6c0","name":"christian tirat","image":{"@type":"ImageObject","inLanguage":"fr-FR","@id":"https:\/\/blogs.thesocialmedia.com\/leblogmoto\/#\/schema\/person\/image\/","url":"https:\/\/secure.gravatar.com\/avatar\/?s=96&d=mm&r=g","contentUrl":"https:\/\/secure.gravatar.com\/avatar\/?s=96&d=mm&r=g","caption":"christian tirat"},"url":"https:\/\/blogs.thesocialmedia.com\/leblogmoto\/author\/christian-tirat\/"}]}},"_links":{"self":[{"href":"https:\/\/blogs.thesocialmedia.com\/leblogmoto\/wp-json\/wp\/v2\/posts\/1673","targetHints":{"allow":["GET"]}}],"collection":[{"href":"https:\/\/blogs.thesocialmedia.com\/leblogmoto\/wp-json\/wp\/v2\/posts"}],"about":[{"href":"https:\/\/blogs.thesocialmedia.com\/leblogmoto\/wp-json\/wp\/v2\/types\/post"}],"author":[{"embeddable":true,"href":"https:\/\/blogs.thesocialmedia.com\/leblogmoto\/wp-json\/wp\/v2\/users\/333"}],"replies":[{"embeddable":true,"href":"https:\/\/blogs.thesocialmedia.com\/leblogmoto\/wp-json\/wp\/v2\/comments?post=1673"}],"version-history":[{"count":2,"href":"https:\/\/blogs.thesocialmedia.com\/leblogmoto\/wp-json\/wp\/v2\/posts\/1673\/revisions"}],"predecessor-version":[{"id":7792,"href":"https:\/\/blogs.thesocialmedia.com\/leblogmoto\/wp-json\/wp\/v2\/posts\/1673\/revisions\/7792"}],"wp:attachment":[{"href":"https:\/\/blogs.thesocialmedia.com\/leblogmoto\/wp-json\/wp\/v2\/media?parent=1673"}],"wp:term":[{"taxonomy":"category","embeddable":true,"href":"https:\/\/blogs.thesocialmedia.com\/leblogmoto\/wp-json\/wp\/v2\/categories?post=1673"},{"taxonomy":"post_tag","embeddable":true,"href":"https:\/\/blogs.thesocialmedia.com\/leblogmoto\/wp-json\/wp\/v2\/tags?post=1673"}],"curies":[{"name":"wp","href":"https:\/\/api.w.org\/{rel}","templated":true}]}}