{"id":1674,"date":"2006-09-02T03:06:25","date_gmt":"2006-09-02T03:06:25","guid":{"rendered":"http:\/\/blogs.thesocialmedia.com\/leblogmoto\/2006\/09\/02\/lalcool-au-guid\/"},"modified":"2012-07-11T14:28:17","modified_gmt":"2012-07-11T14:28:17","slug":"lalcool-au-guid","status":"publish","type":"post","link":"https:\/\/blogs.thesocialmedia.com\/leblogmoto\/2006\/09\/02\/lalcool-au-guid\/","title":{"rendered":"L&rsquo;alcool au guidon"},"content":{"rendered":"<p><a href=\"http:\/\/blogs.thesocialmedia.com\/leblogmoto\/files\/2012\/07\/carton_250cb_1.jpg\"><img loading=\"lazy\" decoding=\"async\" height=\"159\" alt=\"Carton_250cb_1\" src=\"http:\/\/www.leblogmoto.com\/images\/carton_250cb_1.jpg\" width=\"250\"  \/><\/a><\/p>\n<p>Apr\u00e8s le long sujet en cours sur la Roumanie et les posts \u00e0 venir sur les plans d\u00e9pannage type atelier de brousse, j\u2019envisageai d\u2019aborder certains points li\u00e9s \u00e0 la protection et \u00e0 la s\u00e9curit\u00e9 des motards.<br \/>Elisabeth, me tends la perche pour aborder d\u00e9j\u00e0 un point fondamental :<\/p>\n<p>L\u2019alcool au guidon .<\/p>\n<p>OK, \u00e7a craint, faut pas. <br \/>J\u2019en ai d\u00e9j\u00e0 parl\u00e9 au sujet des concentres qui sont \u00e0 mes yeux des &quot; boucheries &quot; en raison surtout des beuveries li\u00e9es \u00e0 ces manifestations et de ce qui s\u2019en suit :<br \/>Grandes gueules, d\u00e9fis et cartons en s\u00e9rie.<br \/>Je n\u2019aime pas les d\u00e9marreurs \u00e9lectriques, ce magique petit bouton qui te sort de la panade quand tu t\u2019es vautr\u00e9 au fond du gu\u00e9 que tous tes potes ont pass\u00e9 en rigolant. <br \/>Bon pour \u00e7a c\u2019est bien mais pour moi, LA MOTO CA SE MERITE et si tu n\u2019est pas capable de la piloter, parce que, par exemple tu as trop bu, tu n&rsquo;es pas non plus capable de la d\u00e9marrer.<br \/>Avec un kick, c\u2019est clair : si t\u2019es dans les choux, ta meule refusera de craquer et tu dormiras sur place. <br \/>Avec le petit bouton, elle t\u2019ob\u00e9it et tu dors au cimeti\u00e8re&#8230;<\/p>\n<p>Une illustration a m\u00e9diter ci-dessus&#8230;<\/p>\n<p><a href=\"http:\/\/blogs.thesocialmedia.com\/leblogmoto\/files\/2012\/07\/carton_250cb_1.jpg\"><\/a><\/p>\n","protected":false},"excerpt":{"rendered":"<p>Apr\u00e8s le long sujet en cours sur la Roumanie et les posts \u00e0 venir sur les plans d\u00e9pannage type atelier de brousse, j\u2019envisageai d\u2019aborder certains points li\u00e9s \u00e0 la protection et \u00e0 la s\u00e9curit\u00e9 des motards.Elisabeth, me tends la perche pour aborder d\u00e9j\u00e0 un point fondamental : L\u2019alcool au guidon . OK, \u00e7a craint, faut [&hellip;]<\/p>\n","protected":false},"author":333,"featured_media":0,"comment_status":"open","ping_status":"open","sticky":false,"template":"","format":"standard","meta":{"footnotes":""},"categories":[17],"tags":[],"class_list":["post-1674","post","type-post","status-publish","format-standard","hentry","category-divers"],"yoast_head":"<!-- This site is optimized with the Yoast SEO plugin v26.0 - https:\/\/yoast.com\/wordpress\/plugins\/seo\/ -->\n<title>L&#039;alcool au guidon - leblogmoto.com<\/title>\n<meta name=\"robots\" content=\"index, follow, max-snippet:-1, max-image-preview:large, max-video-preview:-1\" \/>\n<link rel=\"canonical\" href=\"https:\/\/blogs.thesocialmedia.com\/leblogmoto\/2006\/09\/02\/lalcool-au-guid\/\" \/>\n<meta name=\"twitter:card\" content=\"summary_large_image\" \/>\n<meta name=\"twitter:title\" content=\"L&#039;alcool au guidon - leblogmoto.com\" \/>\n<meta name=\"twitter:description\" content=\"Apr\u00e8s le long sujet en cours sur la Roumanie et les posts \u00e0 venir sur les plans d\u00e9pannage type atelier de brousse, j\u2019envisageai d\u2019aborder certains points li\u00e9s \u00e0 la protection et \u00e0 la s\u00e9curit\u00e9 des motards.Elisabeth, me tends la perche pour aborder d\u00e9j\u00e0 un point fondamental : L\u2019alcool au guidon . OK, \u00e7a craint, faut [&hellip;]\" \/>\n<meta name=\"twitter:image\" content=\"http:\/\/www.leblogmoto.com\/images\/carton_250cb_1.jpg\" \/>\n<meta name=\"twitter:label1\" content=\"\u00c9crit par\" \/>\n\t<meta name=\"twitter:data1\" content=\"christian tirat\" \/>\n\t<meta name=\"twitter:label2\" content=\"Dur\u00e9e de lecture estim\u00e9e\" \/>\n\t<meta name=\"twitter:data2\" content=\"1 minute\" \/>\n<script type=\"application\/ld+json\" class=\"yoast-schema-graph\">{\"@context\":\"https:\/\/schema.org\",\"@graph\":[{\"@type\":\"WebPage\",\"@id\":\"https:\/\/blogs.thesocialmedia.com\/leblogmoto\/2006\/09\/02\/lalcool-au-guid\/\",\"url\":\"https:\/\/blogs.thesocialmedia.com\/leblogmoto\/2006\/09\/02\/lalcool-au-guid\/\",\"name\":\"L'alcool au guidon - leblogmoto.com\",\"isPartOf\":{\"@id\":\"https:\/\/blogs.thesocialmedia.com\/leblogmoto\/#website\"},\"primaryImageOfPage\":{\"@id\":\"https:\/\/blogs.thesocialmedia.com\/leblogmoto\/2006\/09\/02\/lalcool-au-guid\/#primaryimage\"},\"image\":{\"@id\":\"https:\/\/blogs.thesocialmedia.com\/leblogmoto\/2006\/09\/02\/lalcool-au-guid\/#primaryimage\"},\"thumbnailUrl\":\"http:\/\/www.leblogmoto.com\/images\/carton_250cb_1.jpg\",\"datePublished\":\"2006-09-02T03:06:25+00:00\",\"dateModified\":\"2012-07-11T14:28:17+00:00\",\"author\":{\"@id\":\"https:\/\/blogs.thesocialmedia.com\/leblogmoto\/#\/schema\/person\/90b2f8fd0d5a2cede2580e95fc79c6c0\"},\"breadcrumb\":{\"@id\":\"https:\/\/blogs.thesocialmedia.com\/leblogmoto\/2006\/09\/02\/lalcool-au-guid\/#breadcrumb\"},\"inLanguage\":\"fr-FR\",\"potentialAction\":[{\"@type\":\"ReadAction\",\"target\":[\"https:\/\/blogs.thesocialmedia.com\/leblogmoto\/2006\/09\/02\/lalcool-au-guid\/\"]}]},{\"@type\":\"ImageObject\",\"inLanguage\":\"fr-FR\",\"@id\":\"https:\/\/blogs.thesocialmedia.com\/leblogmoto\/2006\/09\/02\/lalcool-au-guid\/#primaryimage\",\"url\":\"http:\/\/www.leblogmoto.com\/images\/carton_250cb_1.jpg\",\"contentUrl\":\"http:\/\/www.leblogmoto.com\/images\/carton_250cb_1.jpg\"},{\"@type\":\"BreadcrumbList\",\"@id\":\"https:\/\/blogs.thesocialmedia.com\/leblogmoto\/2006\/09\/02\/lalcool-au-guid\/#breadcrumb\",\"itemListElement\":[{\"@type\":\"ListItem\",\"position\":1,\"name\":\"Accueil\",\"item\":\"https:\/\/blogs.thesocialmedia.com\/leblogmoto\/\"},{\"@type\":\"ListItem\",\"position\":2,\"name\":\"L&rsquo;alcool au guidon\"}]},{\"@type\":\"WebSite\",\"@id\":\"https:\/\/blogs.thesocialmedia.com\/leblogmoto\/#website\",\"url\":\"https:\/\/blogs.thesocialmedia.com\/leblogmoto\/\",\"name\":\"leblogmoto\",\"description\":\"Toute l&#039;actualit\u00e9 des 2 roues\",\"potentialAction\":[{\"@type\":\"SearchAction\",\"target\":{\"@type\":\"EntryPoint\",\"urlTemplate\":\"https:\/\/blogs.thesocialmedia.com\/leblogmoto\/?s={search_term_string}\"},\"query-input\":{\"@type\":\"PropertyValueSpecification\",\"valueRequired\":true,\"valueName\":\"search_term_string\"}}],\"inLanguage\":\"fr-FR\"},{\"@type\":\"Person\",\"@id\":\"https:\/\/blogs.thesocialmedia.com\/leblogmoto\/#\/schema\/person\/90b2f8fd0d5a2cede2580e95fc79c6c0\",\"name\":\"christian tirat\",\"image\":{\"@type\":\"ImageObject\",\"inLanguage\":\"fr-FR\",\"@id\":\"https:\/\/blogs.thesocialmedia.com\/leblogmoto\/#\/schema\/person\/image\/\",\"url\":\"https:\/\/secure.gravatar.com\/avatar\/?s=96&d=mm&r=g\",\"contentUrl\":\"https:\/\/secure.gravatar.com\/avatar\/?s=96&d=mm&r=g\",\"caption\":\"christian tirat\"},\"url\":\"https:\/\/blogs.thesocialmedia.com\/leblogmoto\/author\/christian-tirat\/\"}]}<\/script>\n<!-- \/ Yoast SEO plugin. -->","yoast_head_json":{"title":"L'alcool au guidon - leblogmoto.com","robots":{"index":"index","follow":"follow","max-snippet":"max-snippet:-1","max-image-preview":"max-image-preview:large","max-video-preview":"max-video-preview:-1"},"canonical":"https:\/\/blogs.thesocialmedia.com\/leblogmoto\/2006\/09\/02\/lalcool-au-guid\/","twitter_card":"summary_large_image","twitter_title":"L'alcool au guidon - leblogmoto.com","twitter_description":"Apr\u00e8s le long sujet en cours sur la Roumanie et les posts \u00e0 venir sur les plans d\u00e9pannage type atelier de brousse, j\u2019envisageai d\u2019aborder certains points li\u00e9s \u00e0 la protection et \u00e0 la s\u00e9curit\u00e9 des motards.Elisabeth, me tends la perche pour aborder d\u00e9j\u00e0 un point fondamental : L\u2019alcool au guidon . OK, \u00e7a craint, faut [&hellip;]","twitter_image":"http:\/\/www.leblogmoto.com\/images\/carton_250cb_1.jpg","twitter_misc":{"\u00c9crit par":"christian tirat","Dur\u00e9e de lecture estim\u00e9e":"1 minute"},"schema":{"@context":"https:\/\/schema.org","@graph":[{"@type":"WebPage","@id":"https:\/\/blogs.thesocialmedia.com\/leblogmoto\/2006\/09\/02\/lalcool-au-guid\/","url":"https:\/\/blogs.thesocialmedia.com\/leblogmoto\/2006\/09\/02\/lalcool-au-guid\/","name":"L'alcool au guidon - leblogmoto.com","isPartOf":{"@id":"https:\/\/blogs.thesocialmedia.com\/leblogmoto\/#website"},"primaryImageOfPage":{"@id":"https:\/\/blogs.thesocialmedia.com\/leblogmoto\/2006\/09\/02\/lalcool-au-guid\/#primaryimage"},"image":{"@id":"https:\/\/blogs.thesocialmedia.com\/leblogmoto\/2006\/09\/02\/lalcool-au-guid\/#primaryimage"},"thumbnailUrl":"http:\/\/www.leblogmoto.com\/images\/carton_250cb_1.jpg","datePublished":"2006-09-02T03:06:25+00:00","dateModified":"2012-07-11T14:28:17+00:00","author":{"@id":"https:\/\/blogs.thesocialmedia.com\/leblogmoto\/#\/schema\/person\/90b2f8fd0d5a2cede2580e95fc79c6c0"},"breadcrumb":{"@id":"https:\/\/blogs.thesocialmedia.com\/leblogmoto\/2006\/09\/02\/lalcool-au-guid\/#breadcrumb"},"inLanguage":"fr-FR","potentialAction":[{"@type":"ReadAction","target":["https:\/\/blogs.thesocialmedia.com\/leblogmoto\/2006\/09\/02\/lalcool-au-guid\/"]}]},{"@type":"ImageObject","inLanguage":"fr-FR","@id":"https:\/\/blogs.thesocialmedia.com\/leblogmoto\/2006\/09\/02\/lalcool-au-guid\/#primaryimage","url":"http:\/\/www.leblogmoto.com\/images\/carton_250cb_1.jpg","contentUrl":"http:\/\/www.leblogmoto.com\/images\/carton_250cb_1.jpg"},{"@type":"BreadcrumbList","@id":"https:\/\/blogs.thesocialmedia.com\/leblogmoto\/2006\/09\/02\/lalcool-au-guid\/#breadcrumb","itemListElement":[{"@type":"ListItem","position":1,"name":"Accueil","item":"https:\/\/blogs.thesocialmedia.com\/leblogmoto\/"},{"@type":"ListItem","position":2,"name":"L&rsquo;alcool au guidon"}]},{"@type":"WebSite","@id":"https:\/\/blogs.thesocialmedia.com\/leblogmoto\/#website","url":"https:\/\/blogs.thesocialmedia.com\/leblogmoto\/","name":"leblogmoto","description":"Toute l&#039;actualit\u00e9 des 2 roues","potentialAction":[{"@type":"SearchAction","target":{"@type":"EntryPoint","urlTemplate":"https:\/\/blogs.thesocialmedia.com\/leblogmoto\/?s={search_term_string}"},"query-input":{"@type":"PropertyValueSpecification","valueRequired":true,"valueName":"search_term_string"}}],"inLanguage":"fr-FR"},{"@type":"Person","@id":"https:\/\/blogs.thesocialmedia.com\/leblogmoto\/#\/schema\/person\/90b2f8fd0d5a2cede2580e95fc79c6c0","name":"christian tirat","image":{"@type":"ImageObject","inLanguage":"fr-FR","@id":"https:\/\/blogs.thesocialmedia.com\/leblogmoto\/#\/schema\/person\/image\/","url":"https:\/\/secure.gravatar.com\/avatar\/?s=96&d=mm&r=g","contentUrl":"https:\/\/secure.gravatar.com\/avatar\/?s=96&d=mm&r=g","caption":"christian tirat"},"url":"https:\/\/blogs.thesocialmedia.com\/leblogmoto\/author\/christian-tirat\/"}]}},"_links":{"self":[{"href":"https:\/\/blogs.thesocialmedia.com\/leblogmoto\/wp-json\/wp\/v2\/posts\/1674","targetHints":{"allow":["GET"]}}],"collection":[{"href":"https:\/\/blogs.thesocialmedia.com\/leblogmoto\/wp-json\/wp\/v2\/posts"}],"about":[{"href":"https:\/\/blogs.thesocialmedia.com\/leblogmoto\/wp-json\/wp\/v2\/types\/post"}],"author":[{"embeddable":true,"href":"https:\/\/blogs.thesocialmedia.com\/leblogmoto\/wp-json\/wp\/v2\/users\/333"}],"replies":[{"embeddable":true,"href":"https:\/\/blogs.thesocialmedia.com\/leblogmoto\/wp-json\/wp\/v2\/comments?post=1674"}],"version-history":[{"count":2,"href":"https:\/\/blogs.thesocialmedia.com\/leblogmoto\/wp-json\/wp\/v2\/posts\/1674\/revisions"}],"predecessor-version":[{"id":7790,"href":"https:\/\/blogs.thesocialmedia.com\/leblogmoto\/wp-json\/wp\/v2\/posts\/1674\/revisions\/7790"}],"wp:attachment":[{"href":"https:\/\/blogs.thesocialmedia.com\/leblogmoto\/wp-json\/wp\/v2\/media?parent=1674"}],"wp:term":[{"taxonomy":"category","embeddable":true,"href":"https:\/\/blogs.thesocialmedia.com\/leblogmoto\/wp-json\/wp\/v2\/categories?post=1674"},{"taxonomy":"post_tag","embeddable":true,"href":"https:\/\/blogs.thesocialmedia.com\/leblogmoto\/wp-json\/wp\/v2\/tags?post=1674"}],"curies":[{"name":"wp","href":"https:\/\/api.w.org\/{rel}","templated":true}]}}