{"id":1676,"date":"2006-09-02T00:34:38","date_gmt":"2006-09-02T00:34:38","guid":{"rendered":"http:\/\/blogs.thesocialmedia.com\/leblogmoto\/2006\/09\/02\/la-premire-moto\/"},"modified":"2012-07-11T14:28:13","modified_gmt":"2012-07-11T14:28:13","slug":"la-premire-moto","status":"publish","type":"post","link":"https:\/\/blogs.thesocialmedia.com\/leblogmoto\/2006\/09\/02\/la-premire-moto\/","title":{"rendered":""},"content":{"rendered":"<p> <a href=\"http:\/\/blogs.thesocialmedia.com\/leblogmoto\/files\/2012\/07\/ariel1.jpg\"><img loading=\"lazy\" decoding=\"async\" width=\"250\" height=\"159\"  src=\"http:\/\/www.leblogmoto.com\/images\/ariel1.jpg\" alt=\"Ariel1\" style=\"margin: 0px 5px 5px 0px;float: left\" \/><\/a><\/p>\n<p>La premi\u00e8re moto vue en Roumanie. peut \u00eatre une Ariel mais je n&rsquo;en suis pas certain.<br \/> Au passage, vous remarquerez que les casques sont &quot;comme-\u00e7i-comme-\u00e7a&quot; mais il y \u00e0 pire:<br \/> le pilote n&rsquo;a pas de lunettes, or \u00e0 moto il y \u00e0 100 fois plus de risques de prendre un insecte potentiellement mortel dans un oeil que de tomber t\u00eate en avant sur un obstacle. <br \/> Je crois qu&rsquo;il est aussi important de porter des lunettes qu&rsquo;un casque, voire plus important encore.<br \/> c&rsquo;est un sujet de d\u00e9bat &#8230;&#8230;. <\/p>\n","protected":false},"excerpt":{"rendered":"<p>La premi\u00e8re moto vue en Roumanie. peut \u00eatre une Ariel mais je n&rsquo;en suis pas certain. Au passage, vous remarquerez que les casques sont &quot;comme-\u00e7i-comme-\u00e7a&quot; mais il y \u00e0 pire: le pilote n&rsquo;a pas de lunettes, or \u00e0 moto il y \u00e0 100 fois plus de risques de prendre un insecte potentiellement mortel dans un [&hellip;]<\/p>\n","protected":false},"author":333,"featured_media":0,"comment_status":"open","ping_status":"open","sticky":false,"template":"","format":"standard","meta":{"footnotes":""},"categories":[13],"tags":[],"class_list":["post-1676","post","type-post","status-publish","format-standard","hentry","category-aventure"],"yoast_head":"<!-- This site is optimized with the Yoast SEO plugin v26.0 - https:\/\/yoast.com\/wordpress\/plugins\/seo\/ -->\n<title>- leblogmoto.com<\/title>\n<meta name=\"robots\" content=\"index, follow, max-snippet:-1, max-image-preview:large, max-video-preview:-1\" \/>\n<link rel=\"canonical\" href=\"https:\/\/blogs.thesocialmedia.com\/leblogmoto\/2006\/09\/02\/la-premire-moto\/\" \/>\n<meta name=\"twitter:card\" content=\"summary_large_image\" \/>\n<meta name=\"twitter:title\" content=\"- leblogmoto.com\" \/>\n<meta name=\"twitter:description\" content=\"La premi\u00e8re moto vue en Roumanie. peut \u00eatre une Ariel mais je n&rsquo;en suis pas certain. Au passage, vous remarquerez que les casques sont &quot;comme-\u00e7i-comme-\u00e7a&quot; mais il y \u00e0 pire: le pilote n&rsquo;a pas de lunettes, or \u00e0 moto il y \u00e0 100 fois plus de risques de prendre un insecte potentiellement mortel dans un [&hellip;]\" \/>\n<meta name=\"twitter:image\" content=\"http:\/\/www.leblogmoto.com\/images\/ariel1.jpg\" \/>\n<meta name=\"twitter:label1\" content=\"\u00c9crit par\" \/>\n\t<meta name=\"twitter:data1\" content=\"christian tirat\" \/>\n<script type=\"application\/ld+json\" class=\"yoast-schema-graph\">{\"@context\":\"https:\/\/schema.org\",\"@graph\":[{\"@type\":\"WebPage\",\"@id\":\"https:\/\/blogs.thesocialmedia.com\/leblogmoto\/2006\/09\/02\/la-premire-moto\/\",\"url\":\"https:\/\/blogs.thesocialmedia.com\/leblogmoto\/2006\/09\/02\/la-premire-moto\/\",\"name\":\"- leblogmoto.com\",\"isPartOf\":{\"@id\":\"https:\/\/blogs.thesocialmedia.com\/leblogmoto\/#website\"},\"primaryImageOfPage\":{\"@id\":\"https:\/\/blogs.thesocialmedia.com\/leblogmoto\/2006\/09\/02\/la-premire-moto\/#primaryimage\"},\"image\":{\"@id\":\"https:\/\/blogs.thesocialmedia.com\/leblogmoto\/2006\/09\/02\/la-premire-moto\/#primaryimage\"},\"thumbnailUrl\":\"http:\/\/www.leblogmoto.com\/images\/ariel1.jpg\",\"datePublished\":\"2006-09-02T00:34:38+00:00\",\"dateModified\":\"2012-07-11T14:28:13+00:00\",\"author\":{\"@id\":\"https:\/\/blogs.thesocialmedia.com\/leblogmoto\/#\/schema\/person\/90b2f8fd0d5a2cede2580e95fc79c6c0\"},\"inLanguage\":\"fr-FR\",\"potentialAction\":[{\"@type\":\"ReadAction\",\"target\":[\"https:\/\/blogs.thesocialmedia.com\/leblogmoto\/2006\/09\/02\/la-premire-moto\/\"]}]},{\"@type\":\"ImageObject\",\"inLanguage\":\"fr-FR\",\"@id\":\"https:\/\/blogs.thesocialmedia.com\/leblogmoto\/2006\/09\/02\/la-premire-moto\/#primaryimage\",\"url\":\"http:\/\/www.leblogmoto.com\/images\/ariel1.jpg\",\"contentUrl\":\"http:\/\/www.leblogmoto.com\/images\/ariel1.jpg\"},{\"@type\":\"WebSite\",\"@id\":\"https:\/\/blogs.thesocialmedia.com\/leblogmoto\/#website\",\"url\":\"https:\/\/blogs.thesocialmedia.com\/leblogmoto\/\",\"name\":\"leblogmoto\",\"description\":\"Toute l&#039;actualit\u00e9 des 2 roues\",\"potentialAction\":[{\"@type\":\"SearchAction\",\"target\":{\"@type\":\"EntryPoint\",\"urlTemplate\":\"https:\/\/blogs.thesocialmedia.com\/leblogmoto\/?s={search_term_string}\"},\"query-input\":{\"@type\":\"PropertyValueSpecification\",\"valueRequired\":true,\"valueName\":\"search_term_string\"}}],\"inLanguage\":\"fr-FR\"},{\"@type\":\"Person\",\"@id\":\"https:\/\/blogs.thesocialmedia.com\/leblogmoto\/#\/schema\/person\/90b2f8fd0d5a2cede2580e95fc79c6c0\",\"name\":\"christian tirat\",\"image\":{\"@type\":\"ImageObject\",\"inLanguage\":\"fr-FR\",\"@id\":\"https:\/\/blogs.thesocialmedia.com\/leblogmoto\/#\/schema\/person\/image\/\",\"url\":\"https:\/\/secure.gravatar.com\/avatar\/?s=96&d=mm&r=g\",\"contentUrl\":\"https:\/\/secure.gravatar.com\/avatar\/?s=96&d=mm&r=g\",\"caption\":\"christian tirat\"},\"url\":\"https:\/\/blogs.thesocialmedia.com\/leblogmoto\/author\/christian-tirat\/\"}]}<\/script>\n<!-- \/ Yoast SEO plugin. -->","yoast_head_json":{"title":"- leblogmoto.com","robots":{"index":"index","follow":"follow","max-snippet":"max-snippet:-1","max-image-preview":"max-image-preview:large","max-video-preview":"max-video-preview:-1"},"canonical":"https:\/\/blogs.thesocialmedia.com\/leblogmoto\/2006\/09\/02\/la-premire-moto\/","twitter_card":"summary_large_image","twitter_title":"- leblogmoto.com","twitter_description":"La premi\u00e8re moto vue en Roumanie. peut \u00eatre une Ariel mais je n&rsquo;en suis pas certain. Au passage, vous remarquerez que les casques sont &quot;comme-\u00e7i-comme-\u00e7a&quot; mais il y \u00e0 pire: le pilote n&rsquo;a pas de lunettes, or \u00e0 moto il y \u00e0 100 fois plus de risques de prendre un insecte potentiellement mortel dans un [&hellip;]","twitter_image":"http:\/\/www.leblogmoto.com\/images\/ariel1.jpg","twitter_misc":{"\u00c9crit par":"christian tirat"},"schema":{"@context":"https:\/\/schema.org","@graph":[{"@type":"WebPage","@id":"https:\/\/blogs.thesocialmedia.com\/leblogmoto\/2006\/09\/02\/la-premire-moto\/","url":"https:\/\/blogs.thesocialmedia.com\/leblogmoto\/2006\/09\/02\/la-premire-moto\/","name":"- leblogmoto.com","isPartOf":{"@id":"https:\/\/blogs.thesocialmedia.com\/leblogmoto\/#website"},"primaryImageOfPage":{"@id":"https:\/\/blogs.thesocialmedia.com\/leblogmoto\/2006\/09\/02\/la-premire-moto\/#primaryimage"},"image":{"@id":"https:\/\/blogs.thesocialmedia.com\/leblogmoto\/2006\/09\/02\/la-premire-moto\/#primaryimage"},"thumbnailUrl":"http:\/\/www.leblogmoto.com\/images\/ariel1.jpg","datePublished":"2006-09-02T00:34:38+00:00","dateModified":"2012-07-11T14:28:13+00:00","author":{"@id":"https:\/\/blogs.thesocialmedia.com\/leblogmoto\/#\/schema\/person\/90b2f8fd0d5a2cede2580e95fc79c6c0"},"inLanguage":"fr-FR","potentialAction":[{"@type":"ReadAction","target":["https:\/\/blogs.thesocialmedia.com\/leblogmoto\/2006\/09\/02\/la-premire-moto\/"]}]},{"@type":"ImageObject","inLanguage":"fr-FR","@id":"https:\/\/blogs.thesocialmedia.com\/leblogmoto\/2006\/09\/02\/la-premire-moto\/#primaryimage","url":"http:\/\/www.leblogmoto.com\/images\/ariel1.jpg","contentUrl":"http:\/\/www.leblogmoto.com\/images\/ariel1.jpg"},{"@type":"WebSite","@id":"https:\/\/blogs.thesocialmedia.com\/leblogmoto\/#website","url":"https:\/\/blogs.thesocialmedia.com\/leblogmoto\/","name":"leblogmoto","description":"Toute l&#039;actualit\u00e9 des 2 roues","potentialAction":[{"@type":"SearchAction","target":{"@type":"EntryPoint","urlTemplate":"https:\/\/blogs.thesocialmedia.com\/leblogmoto\/?s={search_term_string}"},"query-input":{"@type":"PropertyValueSpecification","valueRequired":true,"valueName":"search_term_string"}}],"inLanguage":"fr-FR"},{"@type":"Person","@id":"https:\/\/blogs.thesocialmedia.com\/leblogmoto\/#\/schema\/person\/90b2f8fd0d5a2cede2580e95fc79c6c0","name":"christian tirat","image":{"@type":"ImageObject","inLanguage":"fr-FR","@id":"https:\/\/blogs.thesocialmedia.com\/leblogmoto\/#\/schema\/person\/image\/","url":"https:\/\/secure.gravatar.com\/avatar\/?s=96&d=mm&r=g","contentUrl":"https:\/\/secure.gravatar.com\/avatar\/?s=96&d=mm&r=g","caption":"christian tirat"},"url":"https:\/\/blogs.thesocialmedia.com\/leblogmoto\/author\/christian-tirat\/"}]}},"_links":{"self":[{"href":"https:\/\/blogs.thesocialmedia.com\/leblogmoto\/wp-json\/wp\/v2\/posts\/1676","targetHints":{"allow":["GET"]}}],"collection":[{"href":"https:\/\/blogs.thesocialmedia.com\/leblogmoto\/wp-json\/wp\/v2\/posts"}],"about":[{"href":"https:\/\/blogs.thesocialmedia.com\/leblogmoto\/wp-json\/wp\/v2\/types\/post"}],"author":[{"embeddable":true,"href":"https:\/\/blogs.thesocialmedia.com\/leblogmoto\/wp-json\/wp\/v2\/users\/333"}],"replies":[{"embeddable":true,"href":"https:\/\/blogs.thesocialmedia.com\/leblogmoto\/wp-json\/wp\/v2\/comments?post=1676"}],"version-history":[{"count":2,"href":"https:\/\/blogs.thesocialmedia.com\/leblogmoto\/wp-json\/wp\/v2\/posts\/1676\/revisions"}],"predecessor-version":[{"id":7785,"href":"https:\/\/blogs.thesocialmedia.com\/leblogmoto\/wp-json\/wp\/v2\/posts\/1676\/revisions\/7785"}],"wp:attachment":[{"href":"https:\/\/blogs.thesocialmedia.com\/leblogmoto\/wp-json\/wp\/v2\/media?parent=1676"}],"wp:term":[{"taxonomy":"category","embeddable":true,"href":"https:\/\/blogs.thesocialmedia.com\/leblogmoto\/wp-json\/wp\/v2\/categories?post=1676"},{"taxonomy":"post_tag","embeddable":true,"href":"https:\/\/blogs.thesocialmedia.com\/leblogmoto\/wp-json\/wp\/v2\/tags?post=1676"}],"curies":[{"name":"wp","href":"https:\/\/api.w.org\/{rel}","templated":true}]}}