{"id":1679,"date":"2006-07-27T12:35:21","date_gmt":"2006-07-27T12:35:21","guid":{"rendered":"http:\/\/blogs.thesocialmedia.com\/leblogmoto\/2006\/07\/27\/bmw-r1200r\/"},"modified":"2012-07-11T14:27:59","modified_gmt":"2012-07-11T14:27:59","slug":"bmw-r1200r","status":"publish","type":"post","link":"https:\/\/blogs.thesocialmedia.com\/leblogmoto\/2006\/07\/27\/bmw-r1200r\/","title":{"rendered":"BMW R1200R"},"content":{"rendered":"<p><a href=\"http:\/\/blogs.thesocialmedia.com\/leblogmoto\/files\/2012\/07\/r1200r_1.jpg\"><img loading=\"lazy\" decoding=\"async\"  height=\"128\" width=\"250\" src=\"http:\/\/www.leblogmoto.com\/images\/r1200r_1.jpg\" alt=\"R1200r_1\" style=\"margin: 0px 5px 5px 0px;float: left\" \/><\/a>BMW commercialisera \u00e0 la rentr\u00e9e la <a href=\"http:\/\/www.bmw-motorrad.fr\/produits\/roadster\/r1200r\/index.html\">derni\u00e8re \u00e9volution<\/a> de son roadster R, qui adoptera pour l&rsquo;occasion le 1200 \u00e9quipant d\u00e9j\u00e0 la GS, la RT et la S. <br \/>24 chevaux et 1.5 mkg de mieux, 15 ks gagn\u00e9s sur le poids tous pleins faits, le roadster s&rsquo;encanaille et c\u00e8de lui aussi \u00e0 la mode du &quot;toujours plus&quot;.<\/p>\n<p> C\u00f4t\u00e9 technologie BMW innove, comme d&rsquo;habitude serait-on tent\u00e9 de dire. Passons rapidement sur le mod\u00e9r\u00e9ment utile contr\u00f4le de pression des pneus, qui sera quand m\u00eame factur\u00e9 210 \u20ac, pour insister sur le syst\u00e8me anti-patinage d\u00e9nomm\u00e9 ASC (Automatic Stability Control), qui \u00ab\u00e9vite \u00e0 la roue arri\u00e8re de patiner en cas d&rsquo;acc\u00e9l\u00e9ration sur une rev\u00eatement glissant\u00bb.<br \/>Je ne sais pas si beaucoup de propri\u00e9taires de R redoutent le highside, mais toujours est-il que la marque montre qu&rsquo;elle entend bien conserver son avance en termes de s\u00e9curit\u00e9 active.  <\/p>\n","protected":false},"excerpt":{"rendered":"<p>BMW commercialisera \u00e0 la rentr\u00e9e la derni\u00e8re \u00e9volution de son roadster R, qui adoptera pour l&rsquo;occasion le 1200 \u00e9quipant d\u00e9j\u00e0 la GS, la RT et la S. 24 chevaux et 1.5 mkg de mieux, 15 ks gagn\u00e9s sur le poids tous pleins faits, le roadster s&rsquo;encanaille et c\u00e8de lui aussi \u00e0 la mode du &quot;toujours [&hellip;]<\/p>\n","protected":false},"author":332,"featured_media":0,"comment_status":"open","ping_status":"open","sticky":false,"template":"","format":"standard","meta":{"footnotes":""},"categories":[7],"tags":[],"class_list":["post-1679","post","type-post","status-publish","format-standard","hentry","category-bmw"],"yoast_head":"<!-- This site is optimized with the Yoast SEO plugin v26.0 - https:\/\/yoast.com\/wordpress\/plugins\/seo\/ -->\n<title>BMW R1200R - leblogmoto.com<\/title>\n<meta name=\"robots\" content=\"index, follow, max-snippet:-1, max-image-preview:large, max-video-preview:-1\" \/>\n<link rel=\"canonical\" href=\"https:\/\/blogs.thesocialmedia.com\/leblogmoto\/2006\/07\/27\/bmw-r1200r\/\" \/>\n<meta name=\"twitter:card\" content=\"summary_large_image\" \/>\n<meta name=\"twitter:title\" content=\"BMW R1200R - leblogmoto.com\" \/>\n<meta name=\"twitter:description\" content=\"BMW commercialisera \u00e0 la rentr\u00e9e la derni\u00e8re \u00e9volution de son roadster R, qui adoptera pour l&rsquo;occasion le 1200 \u00e9quipant d\u00e9j\u00e0 la GS, la RT et la S. 24 chevaux et 1.5 mkg de mieux, 15 ks gagn\u00e9s sur le poids tous pleins faits, le roadster s&rsquo;encanaille et c\u00e8de lui aussi \u00e0 la mode du &quot;toujours [&hellip;]\" \/>\n<meta name=\"twitter:image\" content=\"http:\/\/www.leblogmoto.com\/images\/r1200r_1.jpg\" \/>\n<meta name=\"twitter:label1\" content=\"\u00c9crit par\" \/>\n\t<meta name=\"twitter:data1\" content=\"eric cabrol\" \/>\n\t<meta name=\"twitter:label2\" content=\"Dur\u00e9e de lecture estim\u00e9e\" \/>\n\t<meta name=\"twitter:data2\" content=\"1 minute\" \/>\n<script type=\"application\/ld+json\" class=\"yoast-schema-graph\">{\"@context\":\"https:\/\/schema.org\",\"@graph\":[{\"@type\":\"WebPage\",\"@id\":\"https:\/\/blogs.thesocialmedia.com\/leblogmoto\/2006\/07\/27\/bmw-r1200r\/\",\"url\":\"https:\/\/blogs.thesocialmedia.com\/leblogmoto\/2006\/07\/27\/bmw-r1200r\/\",\"name\":\"BMW R1200R - leblogmoto.com\",\"isPartOf\":{\"@id\":\"https:\/\/blogs.thesocialmedia.com\/leblogmoto\/#website\"},\"primaryImageOfPage\":{\"@id\":\"https:\/\/blogs.thesocialmedia.com\/leblogmoto\/2006\/07\/27\/bmw-r1200r\/#primaryimage\"},\"image\":{\"@id\":\"https:\/\/blogs.thesocialmedia.com\/leblogmoto\/2006\/07\/27\/bmw-r1200r\/#primaryimage\"},\"thumbnailUrl\":\"http:\/\/www.leblogmoto.com\/images\/r1200r_1.jpg\",\"datePublished\":\"2006-07-27T12:35:21+00:00\",\"dateModified\":\"2012-07-11T14:27:59+00:00\",\"author\":{\"@id\":\"https:\/\/blogs.thesocialmedia.com\/leblogmoto\/#\/schema\/person\/2d0df6c5d59ff2f74f5d0b431cdcd17d\"},\"breadcrumb\":{\"@id\":\"https:\/\/blogs.thesocialmedia.com\/leblogmoto\/2006\/07\/27\/bmw-r1200r\/#breadcrumb\"},\"inLanguage\":\"fr-FR\",\"potentialAction\":[{\"@type\":\"ReadAction\",\"target\":[\"https:\/\/blogs.thesocialmedia.com\/leblogmoto\/2006\/07\/27\/bmw-r1200r\/\"]}]},{\"@type\":\"ImageObject\",\"inLanguage\":\"fr-FR\",\"@id\":\"https:\/\/blogs.thesocialmedia.com\/leblogmoto\/2006\/07\/27\/bmw-r1200r\/#primaryimage\",\"url\":\"http:\/\/www.leblogmoto.com\/images\/r1200r_1.jpg\",\"contentUrl\":\"http:\/\/www.leblogmoto.com\/images\/r1200r_1.jpg\"},{\"@type\":\"BreadcrumbList\",\"@id\":\"https:\/\/blogs.thesocialmedia.com\/leblogmoto\/2006\/07\/27\/bmw-r1200r\/#breadcrumb\",\"itemListElement\":[{\"@type\":\"ListItem\",\"position\":1,\"name\":\"Accueil\",\"item\":\"https:\/\/blogs.thesocialmedia.com\/leblogmoto\/\"},{\"@type\":\"ListItem\",\"position\":2,\"name\":\"BMW R1200R\"}]},{\"@type\":\"WebSite\",\"@id\":\"https:\/\/blogs.thesocialmedia.com\/leblogmoto\/#website\",\"url\":\"https:\/\/blogs.thesocialmedia.com\/leblogmoto\/\",\"name\":\"leblogmoto\",\"description\":\"Toute l&#039;actualit\u00e9 des 2 roues\",\"potentialAction\":[{\"@type\":\"SearchAction\",\"target\":{\"@type\":\"EntryPoint\",\"urlTemplate\":\"https:\/\/blogs.thesocialmedia.com\/leblogmoto\/?s={search_term_string}\"},\"query-input\":{\"@type\":\"PropertyValueSpecification\",\"valueRequired\":true,\"valueName\":\"search_term_string\"}}],\"inLanguage\":\"fr-FR\"},{\"@type\":\"Person\",\"@id\":\"https:\/\/blogs.thesocialmedia.com\/leblogmoto\/#\/schema\/person\/2d0df6c5d59ff2f74f5d0b431cdcd17d\",\"name\":\"eric cabrol\",\"image\":{\"@type\":\"ImageObject\",\"inLanguage\":\"fr-FR\",\"@id\":\"https:\/\/blogs.thesocialmedia.com\/leblogmoto\/#\/schema\/person\/image\/\",\"url\":\"https:\/\/secure.gravatar.com\/avatar\/?s=96&d=mm&r=g\",\"contentUrl\":\"https:\/\/secure.gravatar.com\/avatar\/?s=96&d=mm&r=g\",\"caption\":\"eric cabrol\"},\"url\":\"https:\/\/blogs.thesocialmedia.com\/leblogmoto\/author\/eric-cabrol\/\"}]}<\/script>\n<!-- \/ Yoast SEO plugin. -->","yoast_head_json":{"title":"BMW R1200R - leblogmoto.com","robots":{"index":"index","follow":"follow","max-snippet":"max-snippet:-1","max-image-preview":"max-image-preview:large","max-video-preview":"max-video-preview:-1"},"canonical":"https:\/\/blogs.thesocialmedia.com\/leblogmoto\/2006\/07\/27\/bmw-r1200r\/","twitter_card":"summary_large_image","twitter_title":"BMW R1200R - leblogmoto.com","twitter_description":"BMW commercialisera \u00e0 la rentr\u00e9e la derni\u00e8re \u00e9volution de son roadster R, qui adoptera pour l&rsquo;occasion le 1200 \u00e9quipant d\u00e9j\u00e0 la GS, la RT et la S. 24 chevaux et 1.5 mkg de mieux, 15 ks gagn\u00e9s sur le poids tous pleins faits, le roadster s&rsquo;encanaille et c\u00e8de lui aussi \u00e0 la mode du &quot;toujours [&hellip;]","twitter_image":"http:\/\/www.leblogmoto.com\/images\/r1200r_1.jpg","twitter_misc":{"\u00c9crit par":"eric cabrol","Dur\u00e9e de lecture estim\u00e9e":"1 minute"},"schema":{"@context":"https:\/\/schema.org","@graph":[{"@type":"WebPage","@id":"https:\/\/blogs.thesocialmedia.com\/leblogmoto\/2006\/07\/27\/bmw-r1200r\/","url":"https:\/\/blogs.thesocialmedia.com\/leblogmoto\/2006\/07\/27\/bmw-r1200r\/","name":"BMW R1200R - leblogmoto.com","isPartOf":{"@id":"https:\/\/blogs.thesocialmedia.com\/leblogmoto\/#website"},"primaryImageOfPage":{"@id":"https:\/\/blogs.thesocialmedia.com\/leblogmoto\/2006\/07\/27\/bmw-r1200r\/#primaryimage"},"image":{"@id":"https:\/\/blogs.thesocialmedia.com\/leblogmoto\/2006\/07\/27\/bmw-r1200r\/#primaryimage"},"thumbnailUrl":"http:\/\/www.leblogmoto.com\/images\/r1200r_1.jpg","datePublished":"2006-07-27T12:35:21+00:00","dateModified":"2012-07-11T14:27:59+00:00","author":{"@id":"https:\/\/blogs.thesocialmedia.com\/leblogmoto\/#\/schema\/person\/2d0df6c5d59ff2f74f5d0b431cdcd17d"},"breadcrumb":{"@id":"https:\/\/blogs.thesocialmedia.com\/leblogmoto\/2006\/07\/27\/bmw-r1200r\/#breadcrumb"},"inLanguage":"fr-FR","potentialAction":[{"@type":"ReadAction","target":["https:\/\/blogs.thesocialmedia.com\/leblogmoto\/2006\/07\/27\/bmw-r1200r\/"]}]},{"@type":"ImageObject","inLanguage":"fr-FR","@id":"https:\/\/blogs.thesocialmedia.com\/leblogmoto\/2006\/07\/27\/bmw-r1200r\/#primaryimage","url":"http:\/\/www.leblogmoto.com\/images\/r1200r_1.jpg","contentUrl":"http:\/\/www.leblogmoto.com\/images\/r1200r_1.jpg"},{"@type":"BreadcrumbList","@id":"https:\/\/blogs.thesocialmedia.com\/leblogmoto\/2006\/07\/27\/bmw-r1200r\/#breadcrumb","itemListElement":[{"@type":"ListItem","position":1,"name":"Accueil","item":"https:\/\/blogs.thesocialmedia.com\/leblogmoto\/"},{"@type":"ListItem","position":2,"name":"BMW R1200R"}]},{"@type":"WebSite","@id":"https:\/\/blogs.thesocialmedia.com\/leblogmoto\/#website","url":"https:\/\/blogs.thesocialmedia.com\/leblogmoto\/","name":"leblogmoto","description":"Toute l&#039;actualit\u00e9 des 2 roues","potentialAction":[{"@type":"SearchAction","target":{"@type":"EntryPoint","urlTemplate":"https:\/\/blogs.thesocialmedia.com\/leblogmoto\/?s={search_term_string}"},"query-input":{"@type":"PropertyValueSpecification","valueRequired":true,"valueName":"search_term_string"}}],"inLanguage":"fr-FR"},{"@type":"Person","@id":"https:\/\/blogs.thesocialmedia.com\/leblogmoto\/#\/schema\/person\/2d0df6c5d59ff2f74f5d0b431cdcd17d","name":"eric cabrol","image":{"@type":"ImageObject","inLanguage":"fr-FR","@id":"https:\/\/blogs.thesocialmedia.com\/leblogmoto\/#\/schema\/person\/image\/","url":"https:\/\/secure.gravatar.com\/avatar\/?s=96&d=mm&r=g","contentUrl":"https:\/\/secure.gravatar.com\/avatar\/?s=96&d=mm&r=g","caption":"eric cabrol"},"url":"https:\/\/blogs.thesocialmedia.com\/leblogmoto\/author\/eric-cabrol\/"}]}},"_links":{"self":[{"href":"https:\/\/blogs.thesocialmedia.com\/leblogmoto\/wp-json\/wp\/v2\/posts\/1679","targetHints":{"allow":["GET"]}}],"collection":[{"href":"https:\/\/blogs.thesocialmedia.com\/leblogmoto\/wp-json\/wp\/v2\/posts"}],"about":[{"href":"https:\/\/blogs.thesocialmedia.com\/leblogmoto\/wp-json\/wp\/v2\/types\/post"}],"author":[{"embeddable":true,"href":"https:\/\/blogs.thesocialmedia.com\/leblogmoto\/wp-json\/wp\/v2\/users\/332"}],"replies":[{"embeddable":true,"href":"https:\/\/blogs.thesocialmedia.com\/leblogmoto\/wp-json\/wp\/v2\/comments?post=1679"}],"version-history":[{"count":2,"href":"https:\/\/blogs.thesocialmedia.com\/leblogmoto\/wp-json\/wp\/v2\/posts\/1679\/revisions"}],"predecessor-version":[{"id":7779,"href":"https:\/\/blogs.thesocialmedia.com\/leblogmoto\/wp-json\/wp\/v2\/posts\/1679\/revisions\/7779"}],"wp:attachment":[{"href":"https:\/\/blogs.thesocialmedia.com\/leblogmoto\/wp-json\/wp\/v2\/media?parent=1679"}],"wp:term":[{"taxonomy":"category","embeddable":true,"href":"https:\/\/blogs.thesocialmedia.com\/leblogmoto\/wp-json\/wp\/v2\/categories?post=1679"},{"taxonomy":"post_tag","embeddable":true,"href":"https:\/\/blogs.thesocialmedia.com\/leblogmoto\/wp-json\/wp\/v2\/tags?post=1679"}],"curies":[{"name":"wp","href":"https:\/\/api.w.org\/{rel}","templated":true}]}}