{"id":1680,"date":"2006-07-24T00:31:53","date_gmt":"2006-07-24T00:31:53","guid":{"rendered":"http:\/\/blogs.thesocialmedia.com\/leblogmoto\/2006\/07\/24\/victoire-de-nic\/"},"modified":"2012-07-11T14:27:58","modified_gmt":"2012-07-11T14:27:58","slug":"victoire-de-nic","status":"publish","type":"post","link":"https:\/\/blogs.thesocialmedia.com\/leblogmoto\/2006\/07\/24\/victoire-de-nic\/","title":{"rendered":"Victoire de Nicky Hayden \u00e0 Laguna Seca"},"content":{"rendered":"<p> <a href=\"http:\/\/blogs.thesocialmedia.com\/leblogmoto\/files\/2012\/07\/nickyhayden.jpg\"><img loading=\"lazy\" decoding=\"async\" width=\"250\" height=\"165\"  alt=\"Nickyhayden\" src=\"http:\/\/www.leblogmoto.com\/images\/nickyhayden.jpg\" style=\"margin: 0px 5px 5px 0px;float: left\" \/><\/a> <\/p>\n<p> Nicky Hayden ne pouvait pas ne pas s&rsquo;imposer sur ses terres pour ent\u00e9riner sa domination au championnat, et accroitre ainsi son avance sur ses poursuivants. Il l&rsquo;a fait, sereinement, en prenant le dessus sur la Suzuki de Chris Vermeulen \u00e0 mi-course, puis en contr\u00f4lant son avance sur son co\u00e9quipier Dani Pedrosa, remont\u00e9 \u00e0 la deuxi\u00e8me place apr\u00e8s avoir lui aussi profit\u00e9 d&rsquo;une erreur du pilote australien.<\/p>\n<p>Il Dottore fait de son c\u00f4t\u00e9 une tr\u00e8s mauvaise op\u00e9ration, puisqu&rsquo;apr\u00e8s une course volontaire qui l&rsquo;a vu remonter de sa dixi\u00e8me place sur la grille \u00e0 la quatri\u00e8me, pr\u00eat \u00e0 croquer Vermeulen pour une place sur le podium, le moteur de sa Yamaha rendait l&rsquo;\u00e2me, laissant \u00e9chapper de pr\u00e9cieux points. <\/p>\n<p>Podium 100% Honda finalement avec un Melandri qui compl\u00e8te la paire de pilotes Repsol. Au Championnat Hayden s&rsquo;\u00e9chappe, avec 34 points d&rsquo;avance sur Pedrosa, 44 sur Melandri, et 51 sur Rossi. <\/p>\n","protected":false},"excerpt":{"rendered":"<p>Nicky Hayden ne pouvait pas ne pas s&rsquo;imposer sur ses terres pour ent\u00e9riner sa domination au championnat, et accroitre ainsi son avance sur ses poursuivants. Il l&rsquo;a fait, sereinement, en prenant le dessus sur la Suzuki de Chris Vermeulen \u00e0 mi-course, puis en contr\u00f4lant son avance sur son co\u00e9quipier Dani Pedrosa, remont\u00e9 \u00e0 la deuxi\u00e8me [&hellip;]<\/p>\n","protected":false},"author":332,"featured_media":0,"comment_status":"open","ping_status":"open","sticky":false,"template":"","format":"standard","meta":{"footnotes":""},"categories":[22],"tags":[],"class_list":["post-1680","post","type-post","status-publish","format-standard","hentry","category-motogp"],"yoast_head":"<!-- This site is optimized with the Yoast SEO plugin v26.0 - https:\/\/yoast.com\/wordpress\/plugins\/seo\/ -->\n<title>Victoire de Nicky Hayden \u00e0 Laguna Seca - leblogmoto.com<\/title>\n<meta name=\"robots\" content=\"index, follow, max-snippet:-1, max-image-preview:large, max-video-preview:-1\" \/>\n<link rel=\"canonical\" href=\"https:\/\/blogs.thesocialmedia.com\/leblogmoto\/2006\/07\/24\/victoire-de-nic\/\" \/>\n<meta name=\"twitter:card\" content=\"summary_large_image\" \/>\n<meta name=\"twitter:title\" content=\"Victoire de Nicky Hayden \u00e0 Laguna Seca - leblogmoto.com\" \/>\n<meta name=\"twitter:description\" content=\"Nicky Hayden ne pouvait pas ne pas s&rsquo;imposer sur ses terres pour ent\u00e9riner sa domination au championnat, et accroitre ainsi son avance sur ses poursuivants. Il l&rsquo;a fait, sereinement, en prenant le dessus sur la Suzuki de Chris Vermeulen \u00e0 mi-course, puis en contr\u00f4lant son avance sur son co\u00e9quipier Dani Pedrosa, remont\u00e9 \u00e0 la deuxi\u00e8me [&hellip;]\" \/>\n<meta name=\"twitter:image\" content=\"http:\/\/www.leblogmoto.com\/images\/nickyhayden.jpg\" \/>\n<meta name=\"twitter:label1\" content=\"\u00c9crit par\" \/>\n\t<meta name=\"twitter:data1\" content=\"eric cabrol\" \/>\n\t<meta name=\"twitter:label2\" content=\"Dur\u00e9e de lecture estim\u00e9e\" \/>\n\t<meta name=\"twitter:data2\" content=\"1 minute\" \/>\n<script type=\"application\/ld+json\" class=\"yoast-schema-graph\">{\"@context\":\"https:\/\/schema.org\",\"@graph\":[{\"@type\":\"WebPage\",\"@id\":\"https:\/\/blogs.thesocialmedia.com\/leblogmoto\/2006\/07\/24\/victoire-de-nic\/\",\"url\":\"https:\/\/blogs.thesocialmedia.com\/leblogmoto\/2006\/07\/24\/victoire-de-nic\/\",\"name\":\"Victoire de Nicky Hayden \u00e0 Laguna Seca - leblogmoto.com\",\"isPartOf\":{\"@id\":\"https:\/\/blogs.thesocialmedia.com\/leblogmoto\/#website\"},\"primaryImageOfPage\":{\"@id\":\"https:\/\/blogs.thesocialmedia.com\/leblogmoto\/2006\/07\/24\/victoire-de-nic\/#primaryimage\"},\"image\":{\"@id\":\"https:\/\/blogs.thesocialmedia.com\/leblogmoto\/2006\/07\/24\/victoire-de-nic\/#primaryimage\"},\"thumbnailUrl\":\"http:\/\/www.leblogmoto.com\/images\/nickyhayden.jpg\",\"datePublished\":\"2006-07-24T00:31:53+00:00\",\"dateModified\":\"2012-07-11T14:27:58+00:00\",\"author\":{\"@id\":\"https:\/\/blogs.thesocialmedia.com\/leblogmoto\/#\/schema\/person\/2d0df6c5d59ff2f74f5d0b431cdcd17d\"},\"breadcrumb\":{\"@id\":\"https:\/\/blogs.thesocialmedia.com\/leblogmoto\/2006\/07\/24\/victoire-de-nic\/#breadcrumb\"},\"inLanguage\":\"fr-FR\",\"potentialAction\":[{\"@type\":\"ReadAction\",\"target\":[\"https:\/\/blogs.thesocialmedia.com\/leblogmoto\/2006\/07\/24\/victoire-de-nic\/\"]}]},{\"@type\":\"ImageObject\",\"inLanguage\":\"fr-FR\",\"@id\":\"https:\/\/blogs.thesocialmedia.com\/leblogmoto\/2006\/07\/24\/victoire-de-nic\/#primaryimage\",\"url\":\"http:\/\/www.leblogmoto.com\/images\/nickyhayden.jpg\",\"contentUrl\":\"http:\/\/www.leblogmoto.com\/images\/nickyhayden.jpg\"},{\"@type\":\"BreadcrumbList\",\"@id\":\"https:\/\/blogs.thesocialmedia.com\/leblogmoto\/2006\/07\/24\/victoire-de-nic\/#breadcrumb\",\"itemListElement\":[{\"@type\":\"ListItem\",\"position\":1,\"name\":\"Accueil\",\"item\":\"https:\/\/blogs.thesocialmedia.com\/leblogmoto\/\"},{\"@type\":\"ListItem\",\"position\":2,\"name\":\"Victoire de Nicky Hayden \u00e0 Laguna Seca\"}]},{\"@type\":\"WebSite\",\"@id\":\"https:\/\/blogs.thesocialmedia.com\/leblogmoto\/#website\",\"url\":\"https:\/\/blogs.thesocialmedia.com\/leblogmoto\/\",\"name\":\"leblogmoto\",\"description\":\"Toute l&#039;actualit\u00e9 des 2 roues\",\"potentialAction\":[{\"@type\":\"SearchAction\",\"target\":{\"@type\":\"EntryPoint\",\"urlTemplate\":\"https:\/\/blogs.thesocialmedia.com\/leblogmoto\/?s={search_term_string}\"},\"query-input\":{\"@type\":\"PropertyValueSpecification\",\"valueRequired\":true,\"valueName\":\"search_term_string\"}}],\"inLanguage\":\"fr-FR\"},{\"@type\":\"Person\",\"@id\":\"https:\/\/blogs.thesocialmedia.com\/leblogmoto\/#\/schema\/person\/2d0df6c5d59ff2f74f5d0b431cdcd17d\",\"name\":\"eric cabrol\",\"image\":{\"@type\":\"ImageObject\",\"inLanguage\":\"fr-FR\",\"@id\":\"https:\/\/blogs.thesocialmedia.com\/leblogmoto\/#\/schema\/person\/image\/\",\"url\":\"https:\/\/secure.gravatar.com\/avatar\/?s=96&d=mm&r=g\",\"contentUrl\":\"https:\/\/secure.gravatar.com\/avatar\/?s=96&d=mm&r=g\",\"caption\":\"eric cabrol\"},\"url\":\"https:\/\/blogs.thesocialmedia.com\/leblogmoto\/author\/eric-cabrol\/\"}]}<\/script>\n<!-- \/ Yoast SEO plugin. -->","yoast_head_json":{"title":"Victoire de Nicky Hayden \u00e0 Laguna Seca - leblogmoto.com","robots":{"index":"index","follow":"follow","max-snippet":"max-snippet:-1","max-image-preview":"max-image-preview:large","max-video-preview":"max-video-preview:-1"},"canonical":"https:\/\/blogs.thesocialmedia.com\/leblogmoto\/2006\/07\/24\/victoire-de-nic\/","twitter_card":"summary_large_image","twitter_title":"Victoire de Nicky Hayden \u00e0 Laguna Seca - leblogmoto.com","twitter_description":"Nicky Hayden ne pouvait pas ne pas s&rsquo;imposer sur ses terres pour ent\u00e9riner sa domination au championnat, et accroitre ainsi son avance sur ses poursuivants. Il l&rsquo;a fait, sereinement, en prenant le dessus sur la Suzuki de Chris Vermeulen \u00e0 mi-course, puis en contr\u00f4lant son avance sur son co\u00e9quipier Dani Pedrosa, remont\u00e9 \u00e0 la deuxi\u00e8me [&hellip;]","twitter_image":"http:\/\/www.leblogmoto.com\/images\/nickyhayden.jpg","twitter_misc":{"\u00c9crit par":"eric cabrol","Dur\u00e9e de lecture estim\u00e9e":"1 minute"},"schema":{"@context":"https:\/\/schema.org","@graph":[{"@type":"WebPage","@id":"https:\/\/blogs.thesocialmedia.com\/leblogmoto\/2006\/07\/24\/victoire-de-nic\/","url":"https:\/\/blogs.thesocialmedia.com\/leblogmoto\/2006\/07\/24\/victoire-de-nic\/","name":"Victoire de Nicky Hayden \u00e0 Laguna Seca - leblogmoto.com","isPartOf":{"@id":"https:\/\/blogs.thesocialmedia.com\/leblogmoto\/#website"},"primaryImageOfPage":{"@id":"https:\/\/blogs.thesocialmedia.com\/leblogmoto\/2006\/07\/24\/victoire-de-nic\/#primaryimage"},"image":{"@id":"https:\/\/blogs.thesocialmedia.com\/leblogmoto\/2006\/07\/24\/victoire-de-nic\/#primaryimage"},"thumbnailUrl":"http:\/\/www.leblogmoto.com\/images\/nickyhayden.jpg","datePublished":"2006-07-24T00:31:53+00:00","dateModified":"2012-07-11T14:27:58+00:00","author":{"@id":"https:\/\/blogs.thesocialmedia.com\/leblogmoto\/#\/schema\/person\/2d0df6c5d59ff2f74f5d0b431cdcd17d"},"breadcrumb":{"@id":"https:\/\/blogs.thesocialmedia.com\/leblogmoto\/2006\/07\/24\/victoire-de-nic\/#breadcrumb"},"inLanguage":"fr-FR","potentialAction":[{"@type":"ReadAction","target":["https:\/\/blogs.thesocialmedia.com\/leblogmoto\/2006\/07\/24\/victoire-de-nic\/"]}]},{"@type":"ImageObject","inLanguage":"fr-FR","@id":"https:\/\/blogs.thesocialmedia.com\/leblogmoto\/2006\/07\/24\/victoire-de-nic\/#primaryimage","url":"http:\/\/www.leblogmoto.com\/images\/nickyhayden.jpg","contentUrl":"http:\/\/www.leblogmoto.com\/images\/nickyhayden.jpg"},{"@type":"BreadcrumbList","@id":"https:\/\/blogs.thesocialmedia.com\/leblogmoto\/2006\/07\/24\/victoire-de-nic\/#breadcrumb","itemListElement":[{"@type":"ListItem","position":1,"name":"Accueil","item":"https:\/\/blogs.thesocialmedia.com\/leblogmoto\/"},{"@type":"ListItem","position":2,"name":"Victoire de Nicky Hayden \u00e0 Laguna Seca"}]},{"@type":"WebSite","@id":"https:\/\/blogs.thesocialmedia.com\/leblogmoto\/#website","url":"https:\/\/blogs.thesocialmedia.com\/leblogmoto\/","name":"leblogmoto","description":"Toute l&#039;actualit\u00e9 des 2 roues","potentialAction":[{"@type":"SearchAction","target":{"@type":"EntryPoint","urlTemplate":"https:\/\/blogs.thesocialmedia.com\/leblogmoto\/?s={search_term_string}"},"query-input":{"@type":"PropertyValueSpecification","valueRequired":true,"valueName":"search_term_string"}}],"inLanguage":"fr-FR"},{"@type":"Person","@id":"https:\/\/blogs.thesocialmedia.com\/leblogmoto\/#\/schema\/person\/2d0df6c5d59ff2f74f5d0b431cdcd17d","name":"eric cabrol","image":{"@type":"ImageObject","inLanguage":"fr-FR","@id":"https:\/\/blogs.thesocialmedia.com\/leblogmoto\/#\/schema\/person\/image\/","url":"https:\/\/secure.gravatar.com\/avatar\/?s=96&d=mm&r=g","contentUrl":"https:\/\/secure.gravatar.com\/avatar\/?s=96&d=mm&r=g","caption":"eric cabrol"},"url":"https:\/\/blogs.thesocialmedia.com\/leblogmoto\/author\/eric-cabrol\/"}]}},"_links":{"self":[{"href":"https:\/\/blogs.thesocialmedia.com\/leblogmoto\/wp-json\/wp\/v2\/posts\/1680","targetHints":{"allow":["GET"]}}],"collection":[{"href":"https:\/\/blogs.thesocialmedia.com\/leblogmoto\/wp-json\/wp\/v2\/posts"}],"about":[{"href":"https:\/\/blogs.thesocialmedia.com\/leblogmoto\/wp-json\/wp\/v2\/types\/post"}],"author":[{"embeddable":true,"href":"https:\/\/blogs.thesocialmedia.com\/leblogmoto\/wp-json\/wp\/v2\/users\/332"}],"replies":[{"embeddable":true,"href":"https:\/\/blogs.thesocialmedia.com\/leblogmoto\/wp-json\/wp\/v2\/comments?post=1680"}],"version-history":[{"count":2,"href":"https:\/\/blogs.thesocialmedia.com\/leblogmoto\/wp-json\/wp\/v2\/posts\/1680\/revisions"}],"predecessor-version":[{"id":7777,"href":"https:\/\/blogs.thesocialmedia.com\/leblogmoto\/wp-json\/wp\/v2\/posts\/1680\/revisions\/7777"}],"wp:attachment":[{"href":"https:\/\/blogs.thesocialmedia.com\/leblogmoto\/wp-json\/wp\/v2\/media?parent=1680"}],"wp:term":[{"taxonomy":"category","embeddable":true,"href":"https:\/\/blogs.thesocialmedia.com\/leblogmoto\/wp-json\/wp\/v2\/categories?post=1680"},{"taxonomy":"post_tag","embeddable":true,"href":"https:\/\/blogs.thesocialmedia.com\/leblogmoto\/wp-json\/wp\/v2\/tags?post=1680"}],"curies":[{"name":"wp","href":"https:\/\/api.w.org\/{rel}","templated":true}]}}