{"id":1686,"date":"2006-07-05T13:47:38","date_gmt":"2006-07-05T13:47:38","guid":{"rendered":"http:\/\/blogs.thesocialmedia.com\/leblogmoto\/2006\/07\/05\/fantic-clbre-ma\/"},"modified":"2012-07-11T14:27:32","modified_gmt":"2012-07-11T14:27:32","slug":"fantic-clbre-ma","status":"publish","type":"post","link":"https:\/\/blogs.thesocialmedia.com\/leblogmoto\/2006\/07\/05\/fantic-clbre-ma\/","title":{"rendered":"Fantic Motor s&rsquo;appr\u00eate \u00e0 rena\u00eetre"},"content":{"rendered":"<p><a href=\"http:\/\/blogs.thesocialmedia.com\/leblogmoto\/files\/2012\/07\/professional.jpg\"><img loading=\"lazy\" decoding=\"async\" width=\"250\" height=\"179\"  src=\"http:\/\/www.leblogmoto.com\/images\/professional.jpg\" alt=\"Professional\" style=\"margin: 0px 5px 5px 0px;float: left\" \/><\/a><\/p>\n<p>Fantic, c\u00e9l\u00e8bre marque italienne au palmar\u00e8s plut\u00f4t impressionnant dans les ann\u00e9es 70 -80, s&rsquo;est \u00e9teinte tout doucement suite a des erreurs de management qui se sont payes tr\u00e8s chers. Il semblerait que la marque ai d\u00e9cid\u00e9 de revenir au premier plan, fort de son image de &quot;couturier italien&quot; qui avait fait sa r\u00e9putation auparavant. Fantic \u00e9tait plut\u00f4t connu pour ses motos de trial, notamment avec 3 titres de champion du monde. La production actuelle serait orient\u00e9 enduro loisirs, mais bien \u00e9videmment la marque a l&rsquo;ambition d&rsquo;\u00e9tendre sa gamme une fois sa vitesse de croisi\u00e8re retrouv\u00e9. Gageons que ce retour ne soit pas un \u00e9ni\u00e8me \u00e9chec pour cette grande marque italienne, qui a l&rsquo;\u00e9poque n&rsquo;avait pas a rougir d&rsquo;\u00eatre a cote de ces petites s\u0153ur Ducati, Benelli, Lambretta, Laverda, Bimoto, Guzzi etc&#8230; <\/p>\n<p>Plus d&rsquo;informations sur le site officiel de la marque: <a href=\"http:\/\/www.fanticmotor.it\/fantic2005\/\" target=\"_blank\"> http:\/\/www.fanticmotor.it<\/a><\/p>\n<p> <\/p>\n","protected":false},"excerpt":{"rendered":"<p>Fantic, c\u00e9l\u00e8bre marque italienne au palmar\u00e8s plut\u00f4t impressionnant dans les ann\u00e9es 70 -80, s&rsquo;est \u00e9teinte tout doucement suite a des erreurs de management qui se sont payes tr\u00e8s chers. Il semblerait que la marque ai d\u00e9cid\u00e9 de revenir au premier plan, fort de son image de &quot;couturier italien&quot; qui avait fait sa r\u00e9putation auparavant. Fantic [&hellip;]<\/p>\n","protected":false},"author":335,"featured_media":0,"comment_status":"open","ping_status":"open","sticky":false,"template":"","format":"standard","meta":{"footnotes":""},"categories":[49],"tags":[],"class_list":["post-1686","post","type-post","status-publish","format-standard","hentry","category-actualites-entreprise"],"yoast_head":"<!-- This site is optimized with the Yoast SEO plugin v26.0 - https:\/\/yoast.com\/wordpress\/plugins\/seo\/ -->\n<title>Fantic Motor s&#039;appr\u00eate \u00e0 rena\u00eetre - leblogmoto.com<\/title>\n<meta name=\"robots\" content=\"index, follow, max-snippet:-1, max-image-preview:large, max-video-preview:-1\" \/>\n<link rel=\"canonical\" href=\"https:\/\/blogs.thesocialmedia.com\/leblogmoto\/2006\/07\/05\/fantic-clbre-ma\/\" \/>\n<meta name=\"twitter:card\" content=\"summary_large_image\" \/>\n<meta name=\"twitter:title\" content=\"Fantic Motor s&#039;appr\u00eate \u00e0 rena\u00eetre - leblogmoto.com\" \/>\n<meta name=\"twitter:description\" content=\"Fantic, c\u00e9l\u00e8bre marque italienne au palmar\u00e8s plut\u00f4t impressionnant dans les ann\u00e9es 70 -80, s&rsquo;est \u00e9teinte tout doucement suite a des erreurs de management qui se sont payes tr\u00e8s chers. Il semblerait que la marque ai d\u00e9cid\u00e9 de revenir au premier plan, fort de son image de &quot;couturier italien&quot; qui avait fait sa r\u00e9putation auparavant. Fantic [&hellip;]\" \/>\n<meta name=\"twitter:image\" content=\"http:\/\/www.leblogmoto.com\/images\/professional.jpg\" \/>\n<meta name=\"twitter:label1\" content=\"\u00c9crit par\" \/>\n\t<meta name=\"twitter:data1\" content=\"cyril\" \/>\n\t<meta name=\"twitter:label2\" content=\"Dur\u00e9e de lecture estim\u00e9e\" \/>\n\t<meta name=\"twitter:data2\" content=\"1 minute\" \/>\n<script type=\"application\/ld+json\" class=\"yoast-schema-graph\">{\"@context\":\"https:\/\/schema.org\",\"@graph\":[{\"@type\":\"WebPage\",\"@id\":\"https:\/\/blogs.thesocialmedia.com\/leblogmoto\/2006\/07\/05\/fantic-clbre-ma\/\",\"url\":\"https:\/\/blogs.thesocialmedia.com\/leblogmoto\/2006\/07\/05\/fantic-clbre-ma\/\",\"name\":\"Fantic Motor s'appr\u00eate \u00e0 rena\u00eetre - leblogmoto.com\",\"isPartOf\":{\"@id\":\"https:\/\/blogs.thesocialmedia.com\/leblogmoto\/#website\"},\"primaryImageOfPage\":{\"@id\":\"https:\/\/blogs.thesocialmedia.com\/leblogmoto\/2006\/07\/05\/fantic-clbre-ma\/#primaryimage\"},\"image\":{\"@id\":\"https:\/\/blogs.thesocialmedia.com\/leblogmoto\/2006\/07\/05\/fantic-clbre-ma\/#primaryimage\"},\"thumbnailUrl\":\"http:\/\/www.leblogmoto.com\/images\/professional.jpg\",\"datePublished\":\"2006-07-05T13:47:38+00:00\",\"dateModified\":\"2012-07-11T14:27:32+00:00\",\"author\":{\"@id\":\"https:\/\/blogs.thesocialmedia.com\/leblogmoto\/#\/schema\/person\/6a06502500865754b75b647035109f7b\"},\"breadcrumb\":{\"@id\":\"https:\/\/blogs.thesocialmedia.com\/leblogmoto\/2006\/07\/05\/fantic-clbre-ma\/#breadcrumb\"},\"inLanguage\":\"fr-FR\",\"potentialAction\":[{\"@type\":\"ReadAction\",\"target\":[\"https:\/\/blogs.thesocialmedia.com\/leblogmoto\/2006\/07\/05\/fantic-clbre-ma\/\"]}]},{\"@type\":\"ImageObject\",\"inLanguage\":\"fr-FR\",\"@id\":\"https:\/\/blogs.thesocialmedia.com\/leblogmoto\/2006\/07\/05\/fantic-clbre-ma\/#primaryimage\",\"url\":\"http:\/\/www.leblogmoto.com\/images\/professional.jpg\",\"contentUrl\":\"http:\/\/www.leblogmoto.com\/images\/professional.jpg\"},{\"@type\":\"BreadcrumbList\",\"@id\":\"https:\/\/blogs.thesocialmedia.com\/leblogmoto\/2006\/07\/05\/fantic-clbre-ma\/#breadcrumb\",\"itemListElement\":[{\"@type\":\"ListItem\",\"position\":1,\"name\":\"Accueil\",\"item\":\"https:\/\/blogs.thesocialmedia.com\/leblogmoto\/\"},{\"@type\":\"ListItem\",\"position\":2,\"name\":\"Fantic Motor s&rsquo;appr\u00eate \u00e0 rena\u00eetre\"}]},{\"@type\":\"WebSite\",\"@id\":\"https:\/\/blogs.thesocialmedia.com\/leblogmoto\/#website\",\"url\":\"https:\/\/blogs.thesocialmedia.com\/leblogmoto\/\",\"name\":\"leblogmoto\",\"description\":\"Toute l&#039;actualit\u00e9 des 2 roues\",\"potentialAction\":[{\"@type\":\"SearchAction\",\"target\":{\"@type\":\"EntryPoint\",\"urlTemplate\":\"https:\/\/blogs.thesocialmedia.com\/leblogmoto\/?s={search_term_string}\"},\"query-input\":{\"@type\":\"PropertyValueSpecification\",\"valueRequired\":true,\"valueName\":\"search_term_string\"}}],\"inLanguage\":\"fr-FR\"},{\"@type\":\"Person\",\"@id\":\"https:\/\/blogs.thesocialmedia.com\/leblogmoto\/#\/schema\/person\/6a06502500865754b75b647035109f7b\",\"name\":\"cyril\",\"image\":{\"@type\":\"ImageObject\",\"inLanguage\":\"fr-FR\",\"@id\":\"https:\/\/blogs.thesocialmedia.com\/leblogmoto\/#\/schema\/person\/image\/\",\"url\":\"https:\/\/secure.gravatar.com\/avatar\/?s=96&d=mm&r=g\",\"contentUrl\":\"https:\/\/secure.gravatar.com\/avatar\/?s=96&d=mm&r=g\",\"caption\":\"cyril\"},\"url\":\"https:\/\/blogs.thesocialmedia.com\/leblogmoto\/author\/cyril\/\"}]}<\/script>\n<!-- \/ Yoast SEO plugin. -->","yoast_head_json":{"title":"Fantic Motor s'appr\u00eate \u00e0 rena\u00eetre - leblogmoto.com","robots":{"index":"index","follow":"follow","max-snippet":"max-snippet:-1","max-image-preview":"max-image-preview:large","max-video-preview":"max-video-preview:-1"},"canonical":"https:\/\/blogs.thesocialmedia.com\/leblogmoto\/2006\/07\/05\/fantic-clbre-ma\/","twitter_card":"summary_large_image","twitter_title":"Fantic Motor s'appr\u00eate \u00e0 rena\u00eetre - leblogmoto.com","twitter_description":"Fantic, c\u00e9l\u00e8bre marque italienne au palmar\u00e8s plut\u00f4t impressionnant dans les ann\u00e9es 70 -80, s&rsquo;est \u00e9teinte tout doucement suite a des erreurs de management qui se sont payes tr\u00e8s chers. Il semblerait que la marque ai d\u00e9cid\u00e9 de revenir au premier plan, fort de son image de &quot;couturier italien&quot; qui avait fait sa r\u00e9putation auparavant. Fantic [&hellip;]","twitter_image":"http:\/\/www.leblogmoto.com\/images\/professional.jpg","twitter_misc":{"\u00c9crit par":"cyril","Dur\u00e9e de lecture estim\u00e9e":"1 minute"},"schema":{"@context":"https:\/\/schema.org","@graph":[{"@type":"WebPage","@id":"https:\/\/blogs.thesocialmedia.com\/leblogmoto\/2006\/07\/05\/fantic-clbre-ma\/","url":"https:\/\/blogs.thesocialmedia.com\/leblogmoto\/2006\/07\/05\/fantic-clbre-ma\/","name":"Fantic Motor s'appr\u00eate \u00e0 rena\u00eetre - leblogmoto.com","isPartOf":{"@id":"https:\/\/blogs.thesocialmedia.com\/leblogmoto\/#website"},"primaryImageOfPage":{"@id":"https:\/\/blogs.thesocialmedia.com\/leblogmoto\/2006\/07\/05\/fantic-clbre-ma\/#primaryimage"},"image":{"@id":"https:\/\/blogs.thesocialmedia.com\/leblogmoto\/2006\/07\/05\/fantic-clbre-ma\/#primaryimage"},"thumbnailUrl":"http:\/\/www.leblogmoto.com\/images\/professional.jpg","datePublished":"2006-07-05T13:47:38+00:00","dateModified":"2012-07-11T14:27:32+00:00","author":{"@id":"https:\/\/blogs.thesocialmedia.com\/leblogmoto\/#\/schema\/person\/6a06502500865754b75b647035109f7b"},"breadcrumb":{"@id":"https:\/\/blogs.thesocialmedia.com\/leblogmoto\/2006\/07\/05\/fantic-clbre-ma\/#breadcrumb"},"inLanguage":"fr-FR","potentialAction":[{"@type":"ReadAction","target":["https:\/\/blogs.thesocialmedia.com\/leblogmoto\/2006\/07\/05\/fantic-clbre-ma\/"]}]},{"@type":"ImageObject","inLanguage":"fr-FR","@id":"https:\/\/blogs.thesocialmedia.com\/leblogmoto\/2006\/07\/05\/fantic-clbre-ma\/#primaryimage","url":"http:\/\/www.leblogmoto.com\/images\/professional.jpg","contentUrl":"http:\/\/www.leblogmoto.com\/images\/professional.jpg"},{"@type":"BreadcrumbList","@id":"https:\/\/blogs.thesocialmedia.com\/leblogmoto\/2006\/07\/05\/fantic-clbre-ma\/#breadcrumb","itemListElement":[{"@type":"ListItem","position":1,"name":"Accueil","item":"https:\/\/blogs.thesocialmedia.com\/leblogmoto\/"},{"@type":"ListItem","position":2,"name":"Fantic Motor s&rsquo;appr\u00eate \u00e0 rena\u00eetre"}]},{"@type":"WebSite","@id":"https:\/\/blogs.thesocialmedia.com\/leblogmoto\/#website","url":"https:\/\/blogs.thesocialmedia.com\/leblogmoto\/","name":"leblogmoto","description":"Toute l&#039;actualit\u00e9 des 2 roues","potentialAction":[{"@type":"SearchAction","target":{"@type":"EntryPoint","urlTemplate":"https:\/\/blogs.thesocialmedia.com\/leblogmoto\/?s={search_term_string}"},"query-input":{"@type":"PropertyValueSpecification","valueRequired":true,"valueName":"search_term_string"}}],"inLanguage":"fr-FR"},{"@type":"Person","@id":"https:\/\/blogs.thesocialmedia.com\/leblogmoto\/#\/schema\/person\/6a06502500865754b75b647035109f7b","name":"cyril","image":{"@type":"ImageObject","inLanguage":"fr-FR","@id":"https:\/\/blogs.thesocialmedia.com\/leblogmoto\/#\/schema\/person\/image\/","url":"https:\/\/secure.gravatar.com\/avatar\/?s=96&d=mm&r=g","contentUrl":"https:\/\/secure.gravatar.com\/avatar\/?s=96&d=mm&r=g","caption":"cyril"},"url":"https:\/\/blogs.thesocialmedia.com\/leblogmoto\/author\/cyril\/"}]}},"_links":{"self":[{"href":"https:\/\/blogs.thesocialmedia.com\/leblogmoto\/wp-json\/wp\/v2\/posts\/1686","targetHints":{"allow":["GET"]}}],"collection":[{"href":"https:\/\/blogs.thesocialmedia.com\/leblogmoto\/wp-json\/wp\/v2\/posts"}],"about":[{"href":"https:\/\/blogs.thesocialmedia.com\/leblogmoto\/wp-json\/wp\/v2\/types\/post"}],"author":[{"embeddable":true,"href":"https:\/\/blogs.thesocialmedia.com\/leblogmoto\/wp-json\/wp\/v2\/users\/335"}],"replies":[{"embeddable":true,"href":"https:\/\/blogs.thesocialmedia.com\/leblogmoto\/wp-json\/wp\/v2\/comments?post=1686"}],"version-history":[{"count":2,"href":"https:\/\/blogs.thesocialmedia.com\/leblogmoto\/wp-json\/wp\/v2\/posts\/1686\/revisions"}],"predecessor-version":[{"id":7755,"href":"https:\/\/blogs.thesocialmedia.com\/leblogmoto\/wp-json\/wp\/v2\/posts\/1686\/revisions\/7755"}],"wp:attachment":[{"href":"https:\/\/blogs.thesocialmedia.com\/leblogmoto\/wp-json\/wp\/v2\/media?parent=1686"}],"wp:term":[{"taxonomy":"category","embeddable":true,"href":"https:\/\/blogs.thesocialmedia.com\/leblogmoto\/wp-json\/wp\/v2\/categories?post=1686"},{"taxonomy":"post_tag","embeddable":true,"href":"https:\/\/blogs.thesocialmedia.com\/leblogmoto\/wp-json\/wp\/v2\/tags?post=1686"}],"curies":[{"name":"wp","href":"https:\/\/api.w.org\/{rel}","templated":true}]}}