{"id":1687,"date":"2006-07-04T15:29:02","date_gmt":"2006-07-04T15:29:02","guid":{"rendered":"http:\/\/blogs.thesocialmedia.com\/leblogmoto\/2006\/07\/04\/record-du-monde\/"},"modified":"2006-07-04T15:29:02","modified_gmt":"2006-07-04T15:29:02","slug":"record-du-monde","status":"publish","type":"post","link":"https:\/\/blogs.thesocialmedia.com\/leblogmoto\/2006\/07\/04\/record-du-monde\/","title":{"rendered":"Record du monde de roue arri\u00e8re: 251 km:h!"},"content":{"rendered":"<p><a href=\"http:\/\/clabedan.typepad.com\/.shared\/image.html?\/photos\/uncategorized\/14061997_1.jpeg\"> <img loading=\"lazy\" decoding=\"async\" width=\"250\" height=\"188\" border=\"1\" alt=\"14061997_1\" src=\"http:\/\/www.leblogmoto.com\/images\/14061997_1.jpeg\" style=\"margin: 0px 5px 5px 0px;float: left\" \/><\/a> <\/p>\n<p>Plus de 100 participants sont attendus \u00e0 Elvington Airfield pour les Speed Days, au Royaume-Uni. Les participants tenteront de battre le record de &quot;Wheelies&quot;, ou roue arri\u00e8re pour les anglophobes. Le but est d&rsquo;atteindre la plus grande vitesse lors d&rsquo;un run d&rsquo;1 kilom\u00e8tre. Le record actuel date de 2005, et il est d\u00e9tenu par un certains Terry Calcott, qui a r\u00e9ussi \u00e0 atteindre la vitesse incroyable (si si&#8230;) de 251 km\/h! <\/p>\n<p>Le must sera la pr\u00e9sence du&nbsp; non moins fameux <a href=\"http:\/\/www.leblogmoto.com\/2006\/06\/ghost_rider_le_.html\" target=\"_blank\">Ghostrider<\/a>, ce fameux pilote tout de noir v\u00eatu qui a une sacr\u00e9 maitrise de sa machine, et qui nargue la police Su\u00e9doise dans pas mal de ses non moins fameuses vid\u00e9os. Un s\u00e9rieux concurrent donc, pour les 99 autres participants !<\/p>\n<p>Des amateurs pour relever le d\u00e9fi? <\/p>\n<p>&nbsp;<\/p>\n<p>&nbsp;<\/p>\n<p>Pour les curieux d\u00e9cidant d&rsquo;en savoir un peu plus sur le <a href=\"http:\/\/www.leblogmoto.com\/2006\/06\/ghost_rider_le_.html\" target=\"_blank\">Ghostrider<\/a>, regardez la vid\u00e9o ci dessous, ca vous donnera une bonne id\u00e9e de l&rsquo;individu!<\/p>\n<p> <object width=\"425\" height=\"350\"><param value=\"http:\/\/www.youtube.com\/v\/hVbv8flxrvk\" name=\"movie\" \/><embed width=\"425\" height=\"350\" type=\"application\/x-shockwave-flash\" src=\"http:\/\/www.youtube.com\/v\/hVbv8flxrvk\"><\/embed><\/object><\/p>\n","protected":false},"excerpt":{"rendered":"<p>Plus de 100 participants sont attendus \u00e0 Elvington Airfield pour les Speed Days, au Royaume-Uni. Les participants tenteront de battre le record de &quot;Wheelies&quot;, ou roue arri\u00e8re pour les anglophobes. Le but est d&rsquo;atteindre la plus grande vitesse lors d&rsquo;un run d&rsquo;1 kilom\u00e8tre. Le record actuel date de 2005, et il est d\u00e9tenu par un [&hellip;]<\/p>\n","protected":false},"author":335,"featured_media":0,"comment_status":"open","ping_status":"open","sticky":false,"template":"","format":"standard","meta":{"footnotes":""},"categories":[10],"tags":[],"class_list":["post-1687","post","type-post","status-publish","format-standard","hentry","category-meetings"],"yoast_head":"<!-- This site is optimized with the Yoast SEO plugin v26.0 - https:\/\/yoast.com\/wordpress\/plugins\/seo\/ -->\n<title>Record du monde de roue arri\u00e8re: 251 km:h! - leblogmoto.com<\/title>\n<meta name=\"robots\" content=\"index, follow, max-snippet:-1, max-image-preview:large, max-video-preview:-1\" \/>\n<link rel=\"canonical\" href=\"https:\/\/blogs.thesocialmedia.com\/leblogmoto\/2006\/07\/04\/record-du-monde\/\" \/>\n<meta name=\"twitter:card\" content=\"summary_large_image\" \/>\n<meta name=\"twitter:title\" content=\"Record du monde de roue arri\u00e8re: 251 km:h! - leblogmoto.com\" \/>\n<meta name=\"twitter:description\" content=\"Plus de 100 participants sont attendus \u00e0 Elvington Airfield pour les Speed Days, au Royaume-Uni. Les participants tenteront de battre le record de &quot;Wheelies&quot;, ou roue arri\u00e8re pour les anglophobes. Le but est d&rsquo;atteindre la plus grande vitesse lors d&rsquo;un run d&rsquo;1 kilom\u00e8tre. Le record actuel date de 2005, et il est d\u00e9tenu par un [&hellip;]\" \/>\n<meta name=\"twitter:image\" content=\"http:\/\/www.leblogmoto.com\/images\/14061997_1.jpeg\" \/>\n<meta name=\"twitter:label1\" content=\"\u00c9crit par\" \/>\n\t<meta name=\"twitter:data1\" content=\"cyril\" \/>\n\t<meta name=\"twitter:label2\" content=\"Dur\u00e9e de lecture estim\u00e9e\" \/>\n\t<meta name=\"twitter:data2\" content=\"1 minute\" \/>\n<script type=\"application\/ld+json\" class=\"yoast-schema-graph\">{\"@context\":\"https:\/\/schema.org\",\"@graph\":[{\"@type\":\"WebPage\",\"@id\":\"https:\/\/blogs.thesocialmedia.com\/leblogmoto\/2006\/07\/04\/record-du-monde\/\",\"url\":\"https:\/\/blogs.thesocialmedia.com\/leblogmoto\/2006\/07\/04\/record-du-monde\/\",\"name\":\"Record du monde de roue arri\u00e8re: 251 km:h! - leblogmoto.com\",\"isPartOf\":{\"@id\":\"https:\/\/blogs.thesocialmedia.com\/leblogmoto\/#website\"},\"primaryImageOfPage\":{\"@id\":\"https:\/\/blogs.thesocialmedia.com\/leblogmoto\/2006\/07\/04\/record-du-monde\/#primaryimage\"},\"image\":{\"@id\":\"https:\/\/blogs.thesocialmedia.com\/leblogmoto\/2006\/07\/04\/record-du-monde\/#primaryimage\"},\"thumbnailUrl\":\"http:\/\/www.leblogmoto.com\/images\/14061997_1.jpeg\",\"datePublished\":\"2006-07-04T15:29:02+00:00\",\"author\":{\"@id\":\"https:\/\/blogs.thesocialmedia.com\/leblogmoto\/#\/schema\/person\/6a06502500865754b75b647035109f7b\"},\"breadcrumb\":{\"@id\":\"https:\/\/blogs.thesocialmedia.com\/leblogmoto\/2006\/07\/04\/record-du-monde\/#breadcrumb\"},\"inLanguage\":\"fr-FR\",\"potentialAction\":[{\"@type\":\"ReadAction\",\"target\":[\"https:\/\/blogs.thesocialmedia.com\/leblogmoto\/2006\/07\/04\/record-du-monde\/\"]}]},{\"@type\":\"ImageObject\",\"inLanguage\":\"fr-FR\",\"@id\":\"https:\/\/blogs.thesocialmedia.com\/leblogmoto\/2006\/07\/04\/record-du-monde\/#primaryimage\",\"url\":\"http:\/\/www.leblogmoto.com\/images\/14061997_1.jpeg\",\"contentUrl\":\"http:\/\/www.leblogmoto.com\/images\/14061997_1.jpeg\"},{\"@type\":\"BreadcrumbList\",\"@id\":\"https:\/\/blogs.thesocialmedia.com\/leblogmoto\/2006\/07\/04\/record-du-monde\/#breadcrumb\",\"itemListElement\":[{\"@type\":\"ListItem\",\"position\":1,\"name\":\"Accueil\",\"item\":\"https:\/\/blogs.thesocialmedia.com\/leblogmoto\/\"},{\"@type\":\"ListItem\",\"position\":2,\"name\":\"Record du monde de roue arri\u00e8re: 251 km:h!\"}]},{\"@type\":\"WebSite\",\"@id\":\"https:\/\/blogs.thesocialmedia.com\/leblogmoto\/#website\",\"url\":\"https:\/\/blogs.thesocialmedia.com\/leblogmoto\/\",\"name\":\"leblogmoto\",\"description\":\"Toute l&#039;actualit\u00e9 des 2 roues\",\"potentialAction\":[{\"@type\":\"SearchAction\",\"target\":{\"@type\":\"EntryPoint\",\"urlTemplate\":\"https:\/\/blogs.thesocialmedia.com\/leblogmoto\/?s={search_term_string}\"},\"query-input\":{\"@type\":\"PropertyValueSpecification\",\"valueRequired\":true,\"valueName\":\"search_term_string\"}}],\"inLanguage\":\"fr-FR\"},{\"@type\":\"Person\",\"@id\":\"https:\/\/blogs.thesocialmedia.com\/leblogmoto\/#\/schema\/person\/6a06502500865754b75b647035109f7b\",\"name\":\"cyril\",\"image\":{\"@type\":\"ImageObject\",\"inLanguage\":\"fr-FR\",\"@id\":\"https:\/\/blogs.thesocialmedia.com\/leblogmoto\/#\/schema\/person\/image\/\",\"url\":\"https:\/\/secure.gravatar.com\/avatar\/?s=96&d=mm&r=g\",\"contentUrl\":\"https:\/\/secure.gravatar.com\/avatar\/?s=96&d=mm&r=g\",\"caption\":\"cyril\"},\"url\":\"https:\/\/blogs.thesocialmedia.com\/leblogmoto\/author\/cyril\/\"}]}<\/script>\n<!-- \/ Yoast SEO plugin. -->","yoast_head_json":{"title":"Record du monde de roue arri\u00e8re: 251 km:h! - leblogmoto.com","robots":{"index":"index","follow":"follow","max-snippet":"max-snippet:-1","max-image-preview":"max-image-preview:large","max-video-preview":"max-video-preview:-1"},"canonical":"https:\/\/blogs.thesocialmedia.com\/leblogmoto\/2006\/07\/04\/record-du-monde\/","twitter_card":"summary_large_image","twitter_title":"Record du monde de roue arri\u00e8re: 251 km:h! - leblogmoto.com","twitter_description":"Plus de 100 participants sont attendus \u00e0 Elvington Airfield pour les Speed Days, au Royaume-Uni. Les participants tenteront de battre le record de &quot;Wheelies&quot;, ou roue arri\u00e8re pour les anglophobes. Le but est d&rsquo;atteindre la plus grande vitesse lors d&rsquo;un run d&rsquo;1 kilom\u00e8tre. Le record actuel date de 2005, et il est d\u00e9tenu par un [&hellip;]","twitter_image":"http:\/\/www.leblogmoto.com\/images\/14061997_1.jpeg","twitter_misc":{"\u00c9crit par":"cyril","Dur\u00e9e de lecture estim\u00e9e":"1 minute"},"schema":{"@context":"https:\/\/schema.org","@graph":[{"@type":"WebPage","@id":"https:\/\/blogs.thesocialmedia.com\/leblogmoto\/2006\/07\/04\/record-du-monde\/","url":"https:\/\/blogs.thesocialmedia.com\/leblogmoto\/2006\/07\/04\/record-du-monde\/","name":"Record du monde de roue arri\u00e8re: 251 km:h! - leblogmoto.com","isPartOf":{"@id":"https:\/\/blogs.thesocialmedia.com\/leblogmoto\/#website"},"primaryImageOfPage":{"@id":"https:\/\/blogs.thesocialmedia.com\/leblogmoto\/2006\/07\/04\/record-du-monde\/#primaryimage"},"image":{"@id":"https:\/\/blogs.thesocialmedia.com\/leblogmoto\/2006\/07\/04\/record-du-monde\/#primaryimage"},"thumbnailUrl":"http:\/\/www.leblogmoto.com\/images\/14061997_1.jpeg","datePublished":"2006-07-04T15:29:02+00:00","author":{"@id":"https:\/\/blogs.thesocialmedia.com\/leblogmoto\/#\/schema\/person\/6a06502500865754b75b647035109f7b"},"breadcrumb":{"@id":"https:\/\/blogs.thesocialmedia.com\/leblogmoto\/2006\/07\/04\/record-du-monde\/#breadcrumb"},"inLanguage":"fr-FR","potentialAction":[{"@type":"ReadAction","target":["https:\/\/blogs.thesocialmedia.com\/leblogmoto\/2006\/07\/04\/record-du-monde\/"]}]},{"@type":"ImageObject","inLanguage":"fr-FR","@id":"https:\/\/blogs.thesocialmedia.com\/leblogmoto\/2006\/07\/04\/record-du-monde\/#primaryimage","url":"http:\/\/www.leblogmoto.com\/images\/14061997_1.jpeg","contentUrl":"http:\/\/www.leblogmoto.com\/images\/14061997_1.jpeg"},{"@type":"BreadcrumbList","@id":"https:\/\/blogs.thesocialmedia.com\/leblogmoto\/2006\/07\/04\/record-du-monde\/#breadcrumb","itemListElement":[{"@type":"ListItem","position":1,"name":"Accueil","item":"https:\/\/blogs.thesocialmedia.com\/leblogmoto\/"},{"@type":"ListItem","position":2,"name":"Record du monde de roue arri\u00e8re: 251 km:h!"}]},{"@type":"WebSite","@id":"https:\/\/blogs.thesocialmedia.com\/leblogmoto\/#website","url":"https:\/\/blogs.thesocialmedia.com\/leblogmoto\/","name":"leblogmoto","description":"Toute l&#039;actualit\u00e9 des 2 roues","potentialAction":[{"@type":"SearchAction","target":{"@type":"EntryPoint","urlTemplate":"https:\/\/blogs.thesocialmedia.com\/leblogmoto\/?s={search_term_string}"},"query-input":{"@type":"PropertyValueSpecification","valueRequired":true,"valueName":"search_term_string"}}],"inLanguage":"fr-FR"},{"@type":"Person","@id":"https:\/\/blogs.thesocialmedia.com\/leblogmoto\/#\/schema\/person\/6a06502500865754b75b647035109f7b","name":"cyril","image":{"@type":"ImageObject","inLanguage":"fr-FR","@id":"https:\/\/blogs.thesocialmedia.com\/leblogmoto\/#\/schema\/person\/image\/","url":"https:\/\/secure.gravatar.com\/avatar\/?s=96&d=mm&r=g","contentUrl":"https:\/\/secure.gravatar.com\/avatar\/?s=96&d=mm&r=g","caption":"cyril"},"url":"https:\/\/blogs.thesocialmedia.com\/leblogmoto\/author\/cyril\/"}]}},"_links":{"self":[{"href":"https:\/\/blogs.thesocialmedia.com\/leblogmoto\/wp-json\/wp\/v2\/posts\/1687","targetHints":{"allow":["GET"]}}],"collection":[{"href":"https:\/\/blogs.thesocialmedia.com\/leblogmoto\/wp-json\/wp\/v2\/posts"}],"about":[{"href":"https:\/\/blogs.thesocialmedia.com\/leblogmoto\/wp-json\/wp\/v2\/types\/post"}],"author":[{"embeddable":true,"href":"https:\/\/blogs.thesocialmedia.com\/leblogmoto\/wp-json\/wp\/v2\/users\/335"}],"replies":[{"embeddable":true,"href":"https:\/\/blogs.thesocialmedia.com\/leblogmoto\/wp-json\/wp\/v2\/comments?post=1687"}],"version-history":[{"count":0,"href":"https:\/\/blogs.thesocialmedia.com\/leblogmoto\/wp-json\/wp\/v2\/posts\/1687\/revisions"}],"wp:attachment":[{"href":"https:\/\/blogs.thesocialmedia.com\/leblogmoto\/wp-json\/wp\/v2\/media?parent=1687"}],"wp:term":[{"taxonomy":"category","embeddable":true,"href":"https:\/\/blogs.thesocialmedia.com\/leblogmoto\/wp-json\/wp\/v2\/categories?post=1687"},{"taxonomy":"post_tag","embeddable":true,"href":"https:\/\/blogs.thesocialmedia.com\/leblogmoto\/wp-json\/wp\/v2\/tags?post=1687"}],"curies":[{"name":"wp","href":"https:\/\/api.w.org\/{rel}","templated":true}]}}