{"id":1695,"date":"2006-07-01T16:26:40","date_gmt":"2006-07-01T16:26:40","guid":{"rendered":"http:\/\/blogs.thesocialmedia.com\/leblogmoto\/2006\/07\/01\/motogp-doningto-2\/"},"modified":"2012-07-11T14:27:14","modified_gmt":"2012-07-11T14:27:14","slug":"motogp-doningto-2","status":"publish","type":"post","link":"https:\/\/blogs.thesocialmedia.com\/leblogmoto\/2006\/07\/01\/motogp-doningto-2\/","title":{"rendered":"MotoGP DONINGTON: Qualif: PEDROSA fait parler la poudre"},"content":{"rendered":"<p><a href=\"http:\/\/www.leblogmoto.com\/2006\/05\/motogp_chine_pe.html\"><img loading=\"lazy\" decoding=\"async\" height=\"229\" alt=\"Pedrosa\" src=\"http:\/\/www.leblogmoto.com\/images\/pedrosa.jpg\" width=\"470\"  \/>Dani PEDROSA<\/a> partira en position de pointe, demain, sur le circuit de <strong>DONINGTON<\/strong>.<\/p>\n<p>Il a sign\u00e9 une probante pole, \u00e9tant le seul \u00e0 descendre sour les 1&rsquo;28 avec un temps de <strong>1&rsquo;27 876<\/strong>. <\/p>\n<p>Suivent <strong>VERMEULEN<\/strong> et <strong>MELANDRI<\/strong>, qui va beaucoup mieux&#8230; <\/p>\n<p><a href=\"http:\/\/blogs.thesocialmedia.com\/leblogmoto\/files\/2012\/07\/s05.jpg\"><img loading=\"lazy\" decoding=\"async\" height=\"375\" alt=\"S05\" src=\"http:\/\/www.leblogmoto.com\/images\/s05.jpg\" width=\"250\"  \/><\/a>Le leader du championnat, <a href=\"http:\/\/www.leblogmoto.com\/2006\/06\/assen_motogp_46.html\">HAYDEN<\/a>, est quatri\u00e8me avec son nouveau et devance un <a href=\"http:\/\/www.leblogmoto.com\/2006\/07\/motogp_doningto.html\">CAPIROSSI<\/a> qui reprend du poil de la b\u00eate. Il a bien fait d&rsquo;\u00e9conomiser ses forces. Reste \u00e0 savoir ce que cela va donner sur la longueur d&rsquo;un GP.<\/p>\n<p><strong>HOPKINS<\/strong> montre, avec son sixi\u00e8me chrono, la bonne forme des SUZ, alors que c\u00f4t\u00e9 <strong>KAWA<\/strong>, c&rsquo;est le tir group\u00e9 au septi\u00e8me et huiti\u00e8me rang. Mais, cette fois, c&rsquo;est <strong>DE PUNIET le meilleur des verts<\/strong>, pour un souffle, <strong>cinq milli\u00e8mes <\/strong>!<\/p>\n<p>Les jaunes de chez YAM ne sont que <strong>onzi\u00e8me<\/strong> et <strong>douzi\u00e8me<\/strong>, ROSSI \u00e9tant derri\u00e8re son \u00e9quipier <a href=\"http:\/\/www.leblogmoto.com\/2006\/06\/motogp_le_dsesp.html\">EDWARDS<\/a>. Il va falloir faire attention aux bousculades du d\u00e9part, demain. <\/p>\n","protected":false},"excerpt":{"rendered":"<p>Dani PEDROSA partira en position de pointe, demain, sur le circuit de DONINGTON. Il a sign\u00e9 une probante pole, \u00e9tant le seul \u00e0 descendre sour les 1&rsquo;28 avec un temps de 1&rsquo;27 876. Suivent VERMEULEN et MELANDRI, qui va beaucoup mieux&#8230; Le leader du championnat, HAYDEN, est quatri\u00e8me avec son nouveau et devance un CAPIROSSI [&hellip;]<\/p>\n","protected":false},"author":336,"featured_media":0,"comment_status":"open","ping_status":"open","sticky":false,"template":"","format":"standard","meta":{"footnotes":""},"categories":[14,22,32],"tags":[],"class_list":["post-1695","post","type-post","status-publish","format-standard","hentry","category-honda","category-motogp","category-sport-moto"],"yoast_head":"<!-- This site is optimized with the Yoast SEO plugin v26.0 - https:\/\/yoast.com\/wordpress\/plugins\/seo\/ -->\n<title>MotoGP DONINGTON: Qualif: PEDROSA fait parler la poudre - leblogmoto.com<\/title>\n<meta name=\"robots\" content=\"index, follow, max-snippet:-1, max-image-preview:large, max-video-preview:-1\" \/>\n<link rel=\"canonical\" href=\"https:\/\/blogs.thesocialmedia.com\/leblogmoto\/2006\/07\/01\/motogp-doningto-2\/\" \/>\n<meta name=\"twitter:card\" content=\"summary_large_image\" \/>\n<meta name=\"twitter:title\" content=\"MotoGP DONINGTON: Qualif: PEDROSA fait parler la poudre - leblogmoto.com\" \/>\n<meta name=\"twitter:description\" content=\"Dani PEDROSA partira en position de pointe, demain, sur le circuit de DONINGTON. Il a sign\u00e9 une probante pole, \u00e9tant le seul \u00e0 descendre sour les 1&rsquo;28 avec un temps de 1&rsquo;27 876. Suivent VERMEULEN et MELANDRI, qui va beaucoup mieux&#8230; Le leader du championnat, HAYDEN, est quatri\u00e8me avec son nouveau et devance un CAPIROSSI [&hellip;]\" \/>\n<meta name=\"twitter:image\" content=\"http:\/\/www.leblogmoto.com\/images\/pedrosa.jpg\" \/>\n<meta name=\"twitter:label1\" content=\"\u00c9crit par\" \/>\n\t<meta name=\"twitter:data1\" content=\"andre leconde\" \/>\n\t<meta name=\"twitter:label2\" content=\"Dur\u00e9e de lecture estim\u00e9e\" \/>\n\t<meta name=\"twitter:data2\" content=\"1 minute\" \/>\n<script type=\"application\/ld+json\" class=\"yoast-schema-graph\">{\"@context\":\"https:\/\/schema.org\",\"@graph\":[{\"@type\":\"WebPage\",\"@id\":\"https:\/\/blogs.thesocialmedia.com\/leblogmoto\/2006\/07\/01\/motogp-doningto-2\/\",\"url\":\"https:\/\/blogs.thesocialmedia.com\/leblogmoto\/2006\/07\/01\/motogp-doningto-2\/\",\"name\":\"MotoGP DONINGTON: Qualif: PEDROSA fait parler la poudre - leblogmoto.com\",\"isPartOf\":{\"@id\":\"https:\/\/blogs.thesocialmedia.com\/leblogmoto\/#website\"},\"primaryImageOfPage\":{\"@id\":\"https:\/\/blogs.thesocialmedia.com\/leblogmoto\/2006\/07\/01\/motogp-doningto-2\/#primaryimage\"},\"image\":{\"@id\":\"https:\/\/blogs.thesocialmedia.com\/leblogmoto\/2006\/07\/01\/motogp-doningto-2\/#primaryimage\"},\"thumbnailUrl\":\"http:\/\/www.leblogmoto.com\/images\/pedrosa.jpg\",\"datePublished\":\"2006-07-01T16:26:40+00:00\",\"dateModified\":\"2012-07-11T14:27:14+00:00\",\"author\":{\"@id\":\"https:\/\/blogs.thesocialmedia.com\/leblogmoto\/#\/schema\/person\/1a1dcfc7cec206573105eb4af91155c2\"},\"breadcrumb\":{\"@id\":\"https:\/\/blogs.thesocialmedia.com\/leblogmoto\/2006\/07\/01\/motogp-doningto-2\/#breadcrumb\"},\"inLanguage\":\"fr-FR\",\"potentialAction\":[{\"@type\":\"ReadAction\",\"target\":[\"https:\/\/blogs.thesocialmedia.com\/leblogmoto\/2006\/07\/01\/motogp-doningto-2\/\"]}]},{\"@type\":\"ImageObject\",\"inLanguage\":\"fr-FR\",\"@id\":\"https:\/\/blogs.thesocialmedia.com\/leblogmoto\/2006\/07\/01\/motogp-doningto-2\/#primaryimage\",\"url\":\"http:\/\/www.leblogmoto.com\/images\/pedrosa.jpg\",\"contentUrl\":\"http:\/\/www.leblogmoto.com\/images\/pedrosa.jpg\"},{\"@type\":\"BreadcrumbList\",\"@id\":\"https:\/\/blogs.thesocialmedia.com\/leblogmoto\/2006\/07\/01\/motogp-doningto-2\/#breadcrumb\",\"itemListElement\":[{\"@type\":\"ListItem\",\"position\":1,\"name\":\"Accueil\",\"item\":\"https:\/\/blogs.thesocialmedia.com\/leblogmoto\/\"},{\"@type\":\"ListItem\",\"position\":2,\"name\":\"MotoGP DONINGTON: Qualif: PEDROSA fait parler la poudre\"}]},{\"@type\":\"WebSite\",\"@id\":\"https:\/\/blogs.thesocialmedia.com\/leblogmoto\/#website\",\"url\":\"https:\/\/blogs.thesocialmedia.com\/leblogmoto\/\",\"name\":\"leblogmoto\",\"description\":\"Toute l&#039;actualit\u00e9 des 2 roues\",\"potentialAction\":[{\"@type\":\"SearchAction\",\"target\":{\"@type\":\"EntryPoint\",\"urlTemplate\":\"https:\/\/blogs.thesocialmedia.com\/leblogmoto\/?s={search_term_string}\"},\"query-input\":{\"@type\":\"PropertyValueSpecification\",\"valueRequired\":true,\"valueName\":\"search_term_string\"}}],\"inLanguage\":\"fr-FR\"},{\"@type\":\"Person\",\"@id\":\"https:\/\/blogs.thesocialmedia.com\/leblogmoto\/#\/schema\/person\/1a1dcfc7cec206573105eb4af91155c2\",\"name\":\"andre leconde\",\"image\":{\"@type\":\"ImageObject\",\"inLanguage\":\"fr-FR\",\"@id\":\"https:\/\/blogs.thesocialmedia.com\/leblogmoto\/#\/schema\/person\/image\/\",\"url\":\"https:\/\/secure.gravatar.com\/avatar\/?s=96&d=mm&r=g\",\"contentUrl\":\"https:\/\/secure.gravatar.com\/avatar\/?s=96&d=mm&r=g\",\"caption\":\"andre leconde\"},\"url\":\"https:\/\/blogs.thesocialmedia.com\/leblogmoto\/author\/andre-leconde\/\"}]}<\/script>\n<!-- \/ Yoast SEO plugin. -->","yoast_head_json":{"title":"MotoGP DONINGTON: Qualif: PEDROSA fait parler la poudre - leblogmoto.com","robots":{"index":"index","follow":"follow","max-snippet":"max-snippet:-1","max-image-preview":"max-image-preview:large","max-video-preview":"max-video-preview:-1"},"canonical":"https:\/\/blogs.thesocialmedia.com\/leblogmoto\/2006\/07\/01\/motogp-doningto-2\/","twitter_card":"summary_large_image","twitter_title":"MotoGP DONINGTON: Qualif: PEDROSA fait parler la poudre - leblogmoto.com","twitter_description":"Dani PEDROSA partira en position de pointe, demain, sur le circuit de DONINGTON. Il a sign\u00e9 une probante pole, \u00e9tant le seul \u00e0 descendre sour les 1&rsquo;28 avec un temps de 1&rsquo;27 876. Suivent VERMEULEN et MELANDRI, qui va beaucoup mieux&#8230; Le leader du championnat, HAYDEN, est quatri\u00e8me avec son nouveau et devance un CAPIROSSI [&hellip;]","twitter_image":"http:\/\/www.leblogmoto.com\/images\/pedrosa.jpg","twitter_misc":{"\u00c9crit par":"andre leconde","Dur\u00e9e de lecture estim\u00e9e":"1 minute"},"schema":{"@context":"https:\/\/schema.org","@graph":[{"@type":"WebPage","@id":"https:\/\/blogs.thesocialmedia.com\/leblogmoto\/2006\/07\/01\/motogp-doningto-2\/","url":"https:\/\/blogs.thesocialmedia.com\/leblogmoto\/2006\/07\/01\/motogp-doningto-2\/","name":"MotoGP DONINGTON: Qualif: PEDROSA fait parler la poudre - leblogmoto.com","isPartOf":{"@id":"https:\/\/blogs.thesocialmedia.com\/leblogmoto\/#website"},"primaryImageOfPage":{"@id":"https:\/\/blogs.thesocialmedia.com\/leblogmoto\/2006\/07\/01\/motogp-doningto-2\/#primaryimage"},"image":{"@id":"https:\/\/blogs.thesocialmedia.com\/leblogmoto\/2006\/07\/01\/motogp-doningto-2\/#primaryimage"},"thumbnailUrl":"http:\/\/www.leblogmoto.com\/images\/pedrosa.jpg","datePublished":"2006-07-01T16:26:40+00:00","dateModified":"2012-07-11T14:27:14+00:00","author":{"@id":"https:\/\/blogs.thesocialmedia.com\/leblogmoto\/#\/schema\/person\/1a1dcfc7cec206573105eb4af91155c2"},"breadcrumb":{"@id":"https:\/\/blogs.thesocialmedia.com\/leblogmoto\/2006\/07\/01\/motogp-doningto-2\/#breadcrumb"},"inLanguage":"fr-FR","potentialAction":[{"@type":"ReadAction","target":["https:\/\/blogs.thesocialmedia.com\/leblogmoto\/2006\/07\/01\/motogp-doningto-2\/"]}]},{"@type":"ImageObject","inLanguage":"fr-FR","@id":"https:\/\/blogs.thesocialmedia.com\/leblogmoto\/2006\/07\/01\/motogp-doningto-2\/#primaryimage","url":"http:\/\/www.leblogmoto.com\/images\/pedrosa.jpg","contentUrl":"http:\/\/www.leblogmoto.com\/images\/pedrosa.jpg"},{"@type":"BreadcrumbList","@id":"https:\/\/blogs.thesocialmedia.com\/leblogmoto\/2006\/07\/01\/motogp-doningto-2\/#breadcrumb","itemListElement":[{"@type":"ListItem","position":1,"name":"Accueil","item":"https:\/\/blogs.thesocialmedia.com\/leblogmoto\/"},{"@type":"ListItem","position":2,"name":"MotoGP DONINGTON: Qualif: PEDROSA fait parler la poudre"}]},{"@type":"WebSite","@id":"https:\/\/blogs.thesocialmedia.com\/leblogmoto\/#website","url":"https:\/\/blogs.thesocialmedia.com\/leblogmoto\/","name":"leblogmoto","description":"Toute l&#039;actualit\u00e9 des 2 roues","potentialAction":[{"@type":"SearchAction","target":{"@type":"EntryPoint","urlTemplate":"https:\/\/blogs.thesocialmedia.com\/leblogmoto\/?s={search_term_string}"},"query-input":{"@type":"PropertyValueSpecification","valueRequired":true,"valueName":"search_term_string"}}],"inLanguage":"fr-FR"},{"@type":"Person","@id":"https:\/\/blogs.thesocialmedia.com\/leblogmoto\/#\/schema\/person\/1a1dcfc7cec206573105eb4af91155c2","name":"andre leconde","image":{"@type":"ImageObject","inLanguage":"fr-FR","@id":"https:\/\/blogs.thesocialmedia.com\/leblogmoto\/#\/schema\/person\/image\/","url":"https:\/\/secure.gravatar.com\/avatar\/?s=96&d=mm&r=g","contentUrl":"https:\/\/secure.gravatar.com\/avatar\/?s=96&d=mm&r=g","caption":"andre leconde"},"url":"https:\/\/blogs.thesocialmedia.com\/leblogmoto\/author\/andre-leconde\/"}]}},"_links":{"self":[{"href":"https:\/\/blogs.thesocialmedia.com\/leblogmoto\/wp-json\/wp\/v2\/posts\/1695","targetHints":{"allow":["GET"]}}],"collection":[{"href":"https:\/\/blogs.thesocialmedia.com\/leblogmoto\/wp-json\/wp\/v2\/posts"}],"about":[{"href":"https:\/\/blogs.thesocialmedia.com\/leblogmoto\/wp-json\/wp\/v2\/types\/post"}],"author":[{"embeddable":true,"href":"https:\/\/blogs.thesocialmedia.com\/leblogmoto\/wp-json\/wp\/v2\/users\/336"}],"replies":[{"embeddable":true,"href":"https:\/\/blogs.thesocialmedia.com\/leblogmoto\/wp-json\/wp\/v2\/comments?post=1695"}],"version-history":[{"count":2,"href":"https:\/\/blogs.thesocialmedia.com\/leblogmoto\/wp-json\/wp\/v2\/posts\/1695\/revisions"}],"predecessor-version":[{"id":7740,"href":"https:\/\/blogs.thesocialmedia.com\/leblogmoto\/wp-json\/wp\/v2\/posts\/1695\/revisions\/7740"}],"wp:attachment":[{"href":"https:\/\/blogs.thesocialmedia.com\/leblogmoto\/wp-json\/wp\/v2\/media?parent=1695"}],"wp:term":[{"taxonomy":"category","embeddable":true,"href":"https:\/\/blogs.thesocialmedia.com\/leblogmoto\/wp-json\/wp\/v2\/categories?post=1695"},{"taxonomy":"post_tag","embeddable":true,"href":"https:\/\/blogs.thesocialmedia.com\/leblogmoto\/wp-json\/wp\/v2\/tags?post=1695"}],"curies":[{"name":"wp","href":"https:\/\/api.w.org\/{rel}","templated":true}]}}