{"id":1697,"date":"2006-07-01T14:44:00","date_gmt":"2006-07-01T14:44:00","guid":{"rendered":"http:\/\/blogs.thesocialmedia.com\/leblogmoto\/2006\/07\/01\/motogp-doningto-1\/"},"modified":"2012-07-11T14:27:10","modified_gmt":"2012-07-11T14:27:10","slug":"motogp-doningto-1","status":"publish","type":"post","link":"https:\/\/blogs.thesocialmedia.com\/leblogmoto\/2006\/07\/01\/motogp-doningto-1\/","title":{"rendered":"MotoGP DONINGTON: La s\u00e9rie noire continue"},"content":{"rendered":"<p><a href=\"http:\/\/blogs.thesocialmedia.com\/leblogmoto\/files\/2012\/07\/462138_1427.jpg\"><img loading=\"lazy\" decoding=\"async\" height=\"187\" alt=\"462138_1427\" src=\"http:\/\/www.leblogmoto.com\/images\/462138_1427.jpg\" width=\"250\"  \/><\/a> <a href=\"http:\/\/www.leblogmoto.com\/2006\/06\/motogp_fabrizio.html\">Michel FABRIZIO<\/a> n&rsquo;aura pas profit\u00e9 longtemps de sa pige chez <strong>GRESINI<\/strong>.<\/p>\n<p>A peine a-t-il eu l&rsquo;occasion d&rsquo;avoir ses premi\u00e8res sensations avec la <strong>RC211V<\/strong> qu&rsquo;il est all\u00e9 \u00e0 terre, et assez durement.<\/p>\n<p><strong>Clavicule droite fractur\u00e9e<\/strong>, le voil\u00e0 <a href=\"http:\/\/www.leblogmoto.com\/2006\/06\/assen_motogp_ro.html\">forfait<\/a> pour le reste du week-end. GRESINI se retrouve donc de nouveau avec un seul pilote, lui aussi encore tout endolori de sa <a href=\"http:\/\/www.leblogmoto.com\/2006\/07\/motogp_doningto.html\">m\u00e9saventure<\/a> catalane.<\/p>\n<p>Une vraie s\u00e9rie noire pour la MotoGP !<\/p>\n<p>SOURCE et illustration: <a href=\"http:\/\/www.motogp.com\">www.motogp.com<\/a> <\/p>\n","protected":false},"excerpt":{"rendered":"<p>Michel FABRIZIO n&rsquo;aura pas profit\u00e9 longtemps de sa pige chez GRESINI. A peine a-t-il eu l&rsquo;occasion d&rsquo;avoir ses premi\u00e8res sensations avec la RC211V qu&rsquo;il est all\u00e9 \u00e0 terre, et assez durement. Clavicule droite fractur\u00e9e, le voil\u00e0 forfait pour le reste du week-end. GRESINI se retrouve donc de nouveau avec un seul pilote, lui aussi encore [&hellip;]<\/p>\n","protected":false},"author":336,"featured_media":0,"comment_status":"open","ping_status":"open","sticky":false,"template":"","format":"standard","meta":{"footnotes":""},"categories":[3,22,32,46],"tags":[],"class_list":["post-1697","post","type-post","status-publish","format-standard","hentry","category-actualite","category-motogp","category-sport-moto","category-superbike"],"yoast_head":"<!-- This site is optimized with the Yoast SEO plugin v26.0 - https:\/\/yoast.com\/wordpress\/plugins\/seo\/ -->\n<title>MotoGP DONINGTON: La s\u00e9rie noire continue - leblogmoto.com<\/title>\n<meta name=\"robots\" content=\"index, follow, max-snippet:-1, max-image-preview:large, max-video-preview:-1\" \/>\n<link rel=\"canonical\" href=\"https:\/\/blogs.thesocialmedia.com\/leblogmoto\/2006\/07\/01\/motogp-doningto-1\/\" \/>\n<meta name=\"twitter:card\" content=\"summary_large_image\" \/>\n<meta name=\"twitter:title\" content=\"MotoGP DONINGTON: La s\u00e9rie noire continue - leblogmoto.com\" \/>\n<meta name=\"twitter:description\" content=\"Michel FABRIZIO n&rsquo;aura pas profit\u00e9 longtemps de sa pige chez GRESINI. A peine a-t-il eu l&rsquo;occasion d&rsquo;avoir ses premi\u00e8res sensations avec la RC211V qu&rsquo;il est all\u00e9 \u00e0 terre, et assez durement. Clavicule droite fractur\u00e9e, le voil\u00e0 forfait pour le reste du week-end. GRESINI se retrouve donc de nouveau avec un seul pilote, lui aussi encore [&hellip;]\" \/>\n<meta name=\"twitter:image\" content=\"http:\/\/www.leblogmoto.com\/images\/462138_1427.jpg\" \/>\n<meta name=\"twitter:label1\" content=\"\u00c9crit par\" \/>\n\t<meta name=\"twitter:data1\" content=\"andre leconde\" \/>\n<script type=\"application\/ld+json\" class=\"yoast-schema-graph\">{\"@context\":\"https:\/\/schema.org\",\"@graph\":[{\"@type\":\"WebPage\",\"@id\":\"https:\/\/blogs.thesocialmedia.com\/leblogmoto\/2006\/07\/01\/motogp-doningto-1\/\",\"url\":\"https:\/\/blogs.thesocialmedia.com\/leblogmoto\/2006\/07\/01\/motogp-doningto-1\/\",\"name\":\"MotoGP DONINGTON: La s\u00e9rie noire continue - leblogmoto.com\",\"isPartOf\":{\"@id\":\"https:\/\/blogs.thesocialmedia.com\/leblogmoto\/#website\"},\"primaryImageOfPage\":{\"@id\":\"https:\/\/blogs.thesocialmedia.com\/leblogmoto\/2006\/07\/01\/motogp-doningto-1\/#primaryimage\"},\"image\":{\"@id\":\"https:\/\/blogs.thesocialmedia.com\/leblogmoto\/2006\/07\/01\/motogp-doningto-1\/#primaryimage\"},\"thumbnailUrl\":\"http:\/\/www.leblogmoto.com\/images\/462138_1427.jpg\",\"datePublished\":\"2006-07-01T14:44:00+00:00\",\"dateModified\":\"2012-07-11T14:27:10+00:00\",\"author\":{\"@id\":\"https:\/\/blogs.thesocialmedia.com\/leblogmoto\/#\/schema\/person\/1a1dcfc7cec206573105eb4af91155c2\"},\"breadcrumb\":{\"@id\":\"https:\/\/blogs.thesocialmedia.com\/leblogmoto\/2006\/07\/01\/motogp-doningto-1\/#breadcrumb\"},\"inLanguage\":\"fr-FR\",\"potentialAction\":[{\"@type\":\"ReadAction\",\"target\":[\"https:\/\/blogs.thesocialmedia.com\/leblogmoto\/2006\/07\/01\/motogp-doningto-1\/\"]}]},{\"@type\":\"ImageObject\",\"inLanguage\":\"fr-FR\",\"@id\":\"https:\/\/blogs.thesocialmedia.com\/leblogmoto\/2006\/07\/01\/motogp-doningto-1\/#primaryimage\",\"url\":\"http:\/\/www.leblogmoto.com\/images\/462138_1427.jpg\",\"contentUrl\":\"http:\/\/www.leblogmoto.com\/images\/462138_1427.jpg\"},{\"@type\":\"BreadcrumbList\",\"@id\":\"https:\/\/blogs.thesocialmedia.com\/leblogmoto\/2006\/07\/01\/motogp-doningto-1\/#breadcrumb\",\"itemListElement\":[{\"@type\":\"ListItem\",\"position\":1,\"name\":\"Accueil\",\"item\":\"https:\/\/blogs.thesocialmedia.com\/leblogmoto\/\"},{\"@type\":\"ListItem\",\"position\":2,\"name\":\"MotoGP DONINGTON: La s\u00e9rie noire continue\"}]},{\"@type\":\"WebSite\",\"@id\":\"https:\/\/blogs.thesocialmedia.com\/leblogmoto\/#website\",\"url\":\"https:\/\/blogs.thesocialmedia.com\/leblogmoto\/\",\"name\":\"leblogmoto\",\"description\":\"Toute l&#039;actualit\u00e9 des 2 roues\",\"potentialAction\":[{\"@type\":\"SearchAction\",\"target\":{\"@type\":\"EntryPoint\",\"urlTemplate\":\"https:\/\/blogs.thesocialmedia.com\/leblogmoto\/?s={search_term_string}\"},\"query-input\":{\"@type\":\"PropertyValueSpecification\",\"valueRequired\":true,\"valueName\":\"search_term_string\"}}],\"inLanguage\":\"fr-FR\"},{\"@type\":\"Person\",\"@id\":\"https:\/\/blogs.thesocialmedia.com\/leblogmoto\/#\/schema\/person\/1a1dcfc7cec206573105eb4af91155c2\",\"name\":\"andre leconde\",\"image\":{\"@type\":\"ImageObject\",\"inLanguage\":\"fr-FR\",\"@id\":\"https:\/\/blogs.thesocialmedia.com\/leblogmoto\/#\/schema\/person\/image\/\",\"url\":\"https:\/\/secure.gravatar.com\/avatar\/?s=96&d=mm&r=g\",\"contentUrl\":\"https:\/\/secure.gravatar.com\/avatar\/?s=96&d=mm&r=g\",\"caption\":\"andre leconde\"},\"url\":\"https:\/\/blogs.thesocialmedia.com\/leblogmoto\/author\/andre-leconde\/\"}]}<\/script>\n<!-- \/ Yoast SEO plugin. -->","yoast_head_json":{"title":"MotoGP DONINGTON: La s\u00e9rie noire continue - leblogmoto.com","robots":{"index":"index","follow":"follow","max-snippet":"max-snippet:-1","max-image-preview":"max-image-preview:large","max-video-preview":"max-video-preview:-1"},"canonical":"https:\/\/blogs.thesocialmedia.com\/leblogmoto\/2006\/07\/01\/motogp-doningto-1\/","twitter_card":"summary_large_image","twitter_title":"MotoGP DONINGTON: La s\u00e9rie noire continue - leblogmoto.com","twitter_description":"Michel FABRIZIO n&rsquo;aura pas profit\u00e9 longtemps de sa pige chez GRESINI. A peine a-t-il eu l&rsquo;occasion d&rsquo;avoir ses premi\u00e8res sensations avec la RC211V qu&rsquo;il est all\u00e9 \u00e0 terre, et assez durement. Clavicule droite fractur\u00e9e, le voil\u00e0 forfait pour le reste du week-end. GRESINI se retrouve donc de nouveau avec un seul pilote, lui aussi encore [&hellip;]","twitter_image":"http:\/\/www.leblogmoto.com\/images\/462138_1427.jpg","twitter_misc":{"\u00c9crit par":"andre leconde"},"schema":{"@context":"https:\/\/schema.org","@graph":[{"@type":"WebPage","@id":"https:\/\/blogs.thesocialmedia.com\/leblogmoto\/2006\/07\/01\/motogp-doningto-1\/","url":"https:\/\/blogs.thesocialmedia.com\/leblogmoto\/2006\/07\/01\/motogp-doningto-1\/","name":"MotoGP DONINGTON: La s\u00e9rie noire continue - leblogmoto.com","isPartOf":{"@id":"https:\/\/blogs.thesocialmedia.com\/leblogmoto\/#website"},"primaryImageOfPage":{"@id":"https:\/\/blogs.thesocialmedia.com\/leblogmoto\/2006\/07\/01\/motogp-doningto-1\/#primaryimage"},"image":{"@id":"https:\/\/blogs.thesocialmedia.com\/leblogmoto\/2006\/07\/01\/motogp-doningto-1\/#primaryimage"},"thumbnailUrl":"http:\/\/www.leblogmoto.com\/images\/462138_1427.jpg","datePublished":"2006-07-01T14:44:00+00:00","dateModified":"2012-07-11T14:27:10+00:00","author":{"@id":"https:\/\/blogs.thesocialmedia.com\/leblogmoto\/#\/schema\/person\/1a1dcfc7cec206573105eb4af91155c2"},"breadcrumb":{"@id":"https:\/\/blogs.thesocialmedia.com\/leblogmoto\/2006\/07\/01\/motogp-doningto-1\/#breadcrumb"},"inLanguage":"fr-FR","potentialAction":[{"@type":"ReadAction","target":["https:\/\/blogs.thesocialmedia.com\/leblogmoto\/2006\/07\/01\/motogp-doningto-1\/"]}]},{"@type":"ImageObject","inLanguage":"fr-FR","@id":"https:\/\/blogs.thesocialmedia.com\/leblogmoto\/2006\/07\/01\/motogp-doningto-1\/#primaryimage","url":"http:\/\/www.leblogmoto.com\/images\/462138_1427.jpg","contentUrl":"http:\/\/www.leblogmoto.com\/images\/462138_1427.jpg"},{"@type":"BreadcrumbList","@id":"https:\/\/blogs.thesocialmedia.com\/leblogmoto\/2006\/07\/01\/motogp-doningto-1\/#breadcrumb","itemListElement":[{"@type":"ListItem","position":1,"name":"Accueil","item":"https:\/\/blogs.thesocialmedia.com\/leblogmoto\/"},{"@type":"ListItem","position":2,"name":"MotoGP DONINGTON: La s\u00e9rie noire continue"}]},{"@type":"WebSite","@id":"https:\/\/blogs.thesocialmedia.com\/leblogmoto\/#website","url":"https:\/\/blogs.thesocialmedia.com\/leblogmoto\/","name":"leblogmoto","description":"Toute l&#039;actualit\u00e9 des 2 roues","potentialAction":[{"@type":"SearchAction","target":{"@type":"EntryPoint","urlTemplate":"https:\/\/blogs.thesocialmedia.com\/leblogmoto\/?s={search_term_string}"},"query-input":{"@type":"PropertyValueSpecification","valueRequired":true,"valueName":"search_term_string"}}],"inLanguage":"fr-FR"},{"@type":"Person","@id":"https:\/\/blogs.thesocialmedia.com\/leblogmoto\/#\/schema\/person\/1a1dcfc7cec206573105eb4af91155c2","name":"andre leconde","image":{"@type":"ImageObject","inLanguage":"fr-FR","@id":"https:\/\/blogs.thesocialmedia.com\/leblogmoto\/#\/schema\/person\/image\/","url":"https:\/\/secure.gravatar.com\/avatar\/?s=96&d=mm&r=g","contentUrl":"https:\/\/secure.gravatar.com\/avatar\/?s=96&d=mm&r=g","caption":"andre leconde"},"url":"https:\/\/blogs.thesocialmedia.com\/leblogmoto\/author\/andre-leconde\/"}]}},"_links":{"self":[{"href":"https:\/\/blogs.thesocialmedia.com\/leblogmoto\/wp-json\/wp\/v2\/posts\/1697","targetHints":{"allow":["GET"]}}],"collection":[{"href":"https:\/\/blogs.thesocialmedia.com\/leblogmoto\/wp-json\/wp\/v2\/posts"}],"about":[{"href":"https:\/\/blogs.thesocialmedia.com\/leblogmoto\/wp-json\/wp\/v2\/types\/post"}],"author":[{"embeddable":true,"href":"https:\/\/blogs.thesocialmedia.com\/leblogmoto\/wp-json\/wp\/v2\/users\/336"}],"replies":[{"embeddable":true,"href":"https:\/\/blogs.thesocialmedia.com\/leblogmoto\/wp-json\/wp\/v2\/comments?post=1697"}],"version-history":[{"count":2,"href":"https:\/\/blogs.thesocialmedia.com\/leblogmoto\/wp-json\/wp\/v2\/posts\/1697\/revisions"}],"predecessor-version":[{"id":7736,"href":"https:\/\/blogs.thesocialmedia.com\/leblogmoto\/wp-json\/wp\/v2\/posts\/1697\/revisions\/7736"}],"wp:attachment":[{"href":"https:\/\/blogs.thesocialmedia.com\/leblogmoto\/wp-json\/wp\/v2\/media?parent=1697"}],"wp:term":[{"taxonomy":"category","embeddable":true,"href":"https:\/\/blogs.thesocialmedia.com\/leblogmoto\/wp-json\/wp\/v2\/categories?post=1697"},{"taxonomy":"post_tag","embeddable":true,"href":"https:\/\/blogs.thesocialmedia.com\/leblogmoto\/wp-json\/wp\/v2\/tags?post=1697"}],"curies":[{"name":"wp","href":"https:\/\/api.w.org\/{rel}","templated":true}]}}