{"id":1698,"date":"2006-07-01T11:41:39","date_gmt":"2006-07-01T11:41:39","guid":{"rendered":"http:\/\/blogs.thesocialmedia.com\/leblogmoto\/2006\/07\/01\/motogp-doningto\/"},"modified":"2012-07-11T14:27:07","modified_gmt":"2012-07-11T14:27:07","slug":"motogp-doningto","status":"publish","type":"post","link":"https:\/\/blogs.thesocialmedia.com\/leblogmoto\/2006\/07\/01\/motogp-doningto\/","title":{"rendered":"MotoGP DONINGTON: Le bilan de sant\u00e9"},"content":{"rendered":"<p><a href=\"http:\/\/blogs.thesocialmedia.com\/leblogmoto\/files\/2012\/07\/capirex.jpg\"><img loading=\"lazy\" decoding=\"async\" height=\"187\" alt=\"Capirex\" src=\"http:\/\/www.leblogmoto.com\/images\/capirex.jpg\" width=\"250\"  \/><\/a><strong>Arnaud VINCENT<\/strong> et <a href=\"http:\/\/www.leblogmoto.com\/2006\/06\/125_donington_m.html\">Alexis MASBOU<\/a> forfaits, <a href=\"http:\/\/www.leblogmoto.com\/2006\/06\/250_barbera_out.html\">BARBERA<\/a> de retour mais <a href=\"http:\/\/www.leblogmoto.com\/2006\/06\/motogp_gibernau.html\">GIBERNAU<\/a> et <a href=\"http:\/\/www.leblogmoto.com\/2006\/06\/motogp_barros_r.html\">ELIAS<\/a> sur le flanc, la clinique mobile du MotoGP a eu pas de travail ces derni\u00e8res semaines.<\/p>\n<p>Les effectifs pr\u00e9sents \u00e0 <strong>DONINGTON<\/strong> pour ce week-end se remettent de leurs \u00e9motions et serrent les dents pour continuer l&rsquo;aventure dans la qu\u00eate d&rsquo;un titre qu&rsquo;un <a href=\"http:\/\/www.leblogmoto.com\/2006\/06\/assen_motogp_46.html\">HAYDEN<\/a> au sourire de carnassier et \u00e0 la sant\u00e9 \u00e9clatante n&rsquo;est pas loin de rafler. <\/p>\n<p>Bilan sur les forces restantes de <strong>CAPIROSSI<\/strong>, <strong>MELANDRI<\/strong> et <strong>ROSSI<\/strong>&#8230; <\/p>\n<p><a href=\"http:\/\/clabedan.typepad.com\/.shared\/image.html?\/photos\/uncategorized\/melandri_01.jpg\"><strong><img loading=\"lazy\" decoding=\"async\" height=\"168\" alt=\"Melandri_01\" src=\"http:\/\/www.leblogmoto.com\/images\/melandri_01.jpg\" width=\"250\"  \/><\/strong><\/a><strong>CAPIROSSI<\/strong> est sans aucun doute le plus touch\u00e9. Sa blessure \u00e9tant <strong>interne<\/strong>, elle mettra beaucoup de temps \u00e0 se r\u00e9sorber. CAPIREX fait peine \u00e0 voir et ne participera qu&rsquo;\u00e0 la qualif et \u00e0 la course. Ces s\u00e9ances d&rsquo;essai d&rsquo;hier l&rsquo;ont dissuad\u00e9 de continuer \u00e0 forcer outre mesure.<\/p>\n<p>Pour <strong>MELANDRI<\/strong>, \u00e7a revient progressivement, m\u00eame s&rsquo;il est toujours physiquement marqu\u00e9 par sa m\u00e9saventure catalane.<\/p>\n<p><a href=\"http:\/\/blogs.thesocialmedia.com\/leblogmoto\/files\/2012\/07\/rossi_protezione.jpg\"><img loading=\"lazy\" decoding=\"async\" height=\"171\" alt=\"Rossi_protezione\" src=\"http:\/\/www.leblogmoto.com\/images\/rossi_protezione.jpg\" width=\"250\"  \/><\/a> Quant \u00e0 <strong>ROSSI<\/strong>, DAINESE lui a concoct\u00e9 des protections suppl\u00e9mentaires alors que son poignet droit est envelopp\u00e9 d&rsquo;un platre souple.<\/p>\n<p>Le chrono rendra son verdict sur tout ce petit monde d\u00e8s cet apr\u00e8s midi.<\/p>\n<p>SOURCE: <a href=\"http:\/\/www.gpone.com\">www.gpone.com<\/a> <\/p>\n","protected":false},"excerpt":{"rendered":"<p>Arnaud VINCENT et Alexis MASBOU forfaits, BARBERA de retour mais GIBERNAU et ELIAS sur le flanc, la clinique mobile du MotoGP a eu pas de travail ces derni\u00e8res semaines. Les effectifs pr\u00e9sents \u00e0 DONINGTON pour ce week-end se remettent de leurs \u00e9motions et serrent les dents pour continuer l&rsquo;aventure dans la qu\u00eate d&rsquo;un titre qu&rsquo;un [&hellip;]<\/p>\n","protected":false},"author":336,"featured_media":0,"comment_status":"open","ping_status":"open","sticky":false,"template":"","format":"standard","meta":{"footnotes":""},"categories":[3,22,32],"tags":[],"class_list":["post-1698","post","type-post","status-publish","format-standard","hentry","category-actualite","category-motogp","category-sport-moto"],"yoast_head":"<!-- This site is optimized with the Yoast SEO plugin v26.0 - https:\/\/yoast.com\/wordpress\/plugins\/seo\/ -->\n<title>MotoGP DONINGTON: Le bilan de sant\u00e9 - leblogmoto.com<\/title>\n<meta name=\"robots\" content=\"index, follow, max-snippet:-1, max-image-preview:large, max-video-preview:-1\" \/>\n<link rel=\"canonical\" href=\"https:\/\/blogs.thesocialmedia.com\/leblogmoto\/2006\/07\/01\/motogp-doningto\/\" \/>\n<meta name=\"twitter:card\" content=\"summary_large_image\" \/>\n<meta name=\"twitter:title\" content=\"MotoGP DONINGTON: Le bilan de sant\u00e9 - leblogmoto.com\" \/>\n<meta name=\"twitter:description\" content=\"Arnaud VINCENT et Alexis MASBOU forfaits, BARBERA de retour mais GIBERNAU et ELIAS sur le flanc, la clinique mobile du MotoGP a eu pas de travail ces derni\u00e8res semaines. Les effectifs pr\u00e9sents \u00e0 DONINGTON pour ce week-end se remettent de leurs \u00e9motions et serrent les dents pour continuer l&rsquo;aventure dans la qu\u00eate d&rsquo;un titre qu&rsquo;un [&hellip;]\" \/>\n<meta name=\"twitter:image\" content=\"http:\/\/www.leblogmoto.com\/images\/capirex.jpg\" \/>\n<meta name=\"twitter:label1\" content=\"\u00c9crit par\" \/>\n\t<meta name=\"twitter:data1\" content=\"andre leconde\" \/>\n\t<meta name=\"twitter:label2\" content=\"Dur\u00e9e de lecture estim\u00e9e\" \/>\n\t<meta name=\"twitter:data2\" content=\"1 minute\" \/>\n<script type=\"application\/ld+json\" class=\"yoast-schema-graph\">{\"@context\":\"https:\/\/schema.org\",\"@graph\":[{\"@type\":\"WebPage\",\"@id\":\"https:\/\/blogs.thesocialmedia.com\/leblogmoto\/2006\/07\/01\/motogp-doningto\/\",\"url\":\"https:\/\/blogs.thesocialmedia.com\/leblogmoto\/2006\/07\/01\/motogp-doningto\/\",\"name\":\"MotoGP DONINGTON: Le bilan de sant\u00e9 - leblogmoto.com\",\"isPartOf\":{\"@id\":\"https:\/\/blogs.thesocialmedia.com\/leblogmoto\/#website\"},\"primaryImageOfPage\":{\"@id\":\"https:\/\/blogs.thesocialmedia.com\/leblogmoto\/2006\/07\/01\/motogp-doningto\/#primaryimage\"},\"image\":{\"@id\":\"https:\/\/blogs.thesocialmedia.com\/leblogmoto\/2006\/07\/01\/motogp-doningto\/#primaryimage\"},\"thumbnailUrl\":\"http:\/\/www.leblogmoto.com\/images\/capirex.jpg\",\"datePublished\":\"2006-07-01T11:41:39+00:00\",\"dateModified\":\"2012-07-11T14:27:07+00:00\",\"author\":{\"@id\":\"https:\/\/blogs.thesocialmedia.com\/leblogmoto\/#\/schema\/person\/1a1dcfc7cec206573105eb4af91155c2\"},\"breadcrumb\":{\"@id\":\"https:\/\/blogs.thesocialmedia.com\/leblogmoto\/2006\/07\/01\/motogp-doningto\/#breadcrumb\"},\"inLanguage\":\"fr-FR\",\"potentialAction\":[{\"@type\":\"ReadAction\",\"target\":[\"https:\/\/blogs.thesocialmedia.com\/leblogmoto\/2006\/07\/01\/motogp-doningto\/\"]}]},{\"@type\":\"ImageObject\",\"inLanguage\":\"fr-FR\",\"@id\":\"https:\/\/blogs.thesocialmedia.com\/leblogmoto\/2006\/07\/01\/motogp-doningto\/#primaryimage\",\"url\":\"http:\/\/www.leblogmoto.com\/images\/capirex.jpg\",\"contentUrl\":\"http:\/\/www.leblogmoto.com\/images\/capirex.jpg\"},{\"@type\":\"BreadcrumbList\",\"@id\":\"https:\/\/blogs.thesocialmedia.com\/leblogmoto\/2006\/07\/01\/motogp-doningto\/#breadcrumb\",\"itemListElement\":[{\"@type\":\"ListItem\",\"position\":1,\"name\":\"Accueil\",\"item\":\"https:\/\/blogs.thesocialmedia.com\/leblogmoto\/\"},{\"@type\":\"ListItem\",\"position\":2,\"name\":\"MotoGP DONINGTON: Le bilan de sant\u00e9\"}]},{\"@type\":\"WebSite\",\"@id\":\"https:\/\/blogs.thesocialmedia.com\/leblogmoto\/#website\",\"url\":\"https:\/\/blogs.thesocialmedia.com\/leblogmoto\/\",\"name\":\"leblogmoto\",\"description\":\"Toute l&#039;actualit\u00e9 des 2 roues\",\"potentialAction\":[{\"@type\":\"SearchAction\",\"target\":{\"@type\":\"EntryPoint\",\"urlTemplate\":\"https:\/\/blogs.thesocialmedia.com\/leblogmoto\/?s={search_term_string}\"},\"query-input\":{\"@type\":\"PropertyValueSpecification\",\"valueRequired\":true,\"valueName\":\"search_term_string\"}}],\"inLanguage\":\"fr-FR\"},{\"@type\":\"Person\",\"@id\":\"https:\/\/blogs.thesocialmedia.com\/leblogmoto\/#\/schema\/person\/1a1dcfc7cec206573105eb4af91155c2\",\"name\":\"andre leconde\",\"image\":{\"@type\":\"ImageObject\",\"inLanguage\":\"fr-FR\",\"@id\":\"https:\/\/blogs.thesocialmedia.com\/leblogmoto\/#\/schema\/person\/image\/\",\"url\":\"https:\/\/secure.gravatar.com\/avatar\/?s=96&d=mm&r=g\",\"contentUrl\":\"https:\/\/secure.gravatar.com\/avatar\/?s=96&d=mm&r=g\",\"caption\":\"andre leconde\"},\"url\":\"https:\/\/blogs.thesocialmedia.com\/leblogmoto\/author\/andre-leconde\/\"}]}<\/script>\n<!-- \/ Yoast SEO plugin. -->","yoast_head_json":{"title":"MotoGP DONINGTON: Le bilan de sant\u00e9 - leblogmoto.com","robots":{"index":"index","follow":"follow","max-snippet":"max-snippet:-1","max-image-preview":"max-image-preview:large","max-video-preview":"max-video-preview:-1"},"canonical":"https:\/\/blogs.thesocialmedia.com\/leblogmoto\/2006\/07\/01\/motogp-doningto\/","twitter_card":"summary_large_image","twitter_title":"MotoGP DONINGTON: Le bilan de sant\u00e9 - leblogmoto.com","twitter_description":"Arnaud VINCENT et Alexis MASBOU forfaits, BARBERA de retour mais GIBERNAU et ELIAS sur le flanc, la clinique mobile du MotoGP a eu pas de travail ces derni\u00e8res semaines. Les effectifs pr\u00e9sents \u00e0 DONINGTON pour ce week-end se remettent de leurs \u00e9motions et serrent les dents pour continuer l&rsquo;aventure dans la qu\u00eate d&rsquo;un titre qu&rsquo;un [&hellip;]","twitter_image":"http:\/\/www.leblogmoto.com\/images\/capirex.jpg","twitter_misc":{"\u00c9crit par":"andre leconde","Dur\u00e9e de lecture estim\u00e9e":"1 minute"},"schema":{"@context":"https:\/\/schema.org","@graph":[{"@type":"WebPage","@id":"https:\/\/blogs.thesocialmedia.com\/leblogmoto\/2006\/07\/01\/motogp-doningto\/","url":"https:\/\/blogs.thesocialmedia.com\/leblogmoto\/2006\/07\/01\/motogp-doningto\/","name":"MotoGP DONINGTON: Le bilan de sant\u00e9 - leblogmoto.com","isPartOf":{"@id":"https:\/\/blogs.thesocialmedia.com\/leblogmoto\/#website"},"primaryImageOfPage":{"@id":"https:\/\/blogs.thesocialmedia.com\/leblogmoto\/2006\/07\/01\/motogp-doningto\/#primaryimage"},"image":{"@id":"https:\/\/blogs.thesocialmedia.com\/leblogmoto\/2006\/07\/01\/motogp-doningto\/#primaryimage"},"thumbnailUrl":"http:\/\/www.leblogmoto.com\/images\/capirex.jpg","datePublished":"2006-07-01T11:41:39+00:00","dateModified":"2012-07-11T14:27:07+00:00","author":{"@id":"https:\/\/blogs.thesocialmedia.com\/leblogmoto\/#\/schema\/person\/1a1dcfc7cec206573105eb4af91155c2"},"breadcrumb":{"@id":"https:\/\/blogs.thesocialmedia.com\/leblogmoto\/2006\/07\/01\/motogp-doningto\/#breadcrumb"},"inLanguage":"fr-FR","potentialAction":[{"@type":"ReadAction","target":["https:\/\/blogs.thesocialmedia.com\/leblogmoto\/2006\/07\/01\/motogp-doningto\/"]}]},{"@type":"ImageObject","inLanguage":"fr-FR","@id":"https:\/\/blogs.thesocialmedia.com\/leblogmoto\/2006\/07\/01\/motogp-doningto\/#primaryimage","url":"http:\/\/www.leblogmoto.com\/images\/capirex.jpg","contentUrl":"http:\/\/www.leblogmoto.com\/images\/capirex.jpg"},{"@type":"BreadcrumbList","@id":"https:\/\/blogs.thesocialmedia.com\/leblogmoto\/2006\/07\/01\/motogp-doningto\/#breadcrumb","itemListElement":[{"@type":"ListItem","position":1,"name":"Accueil","item":"https:\/\/blogs.thesocialmedia.com\/leblogmoto\/"},{"@type":"ListItem","position":2,"name":"MotoGP DONINGTON: Le bilan de sant\u00e9"}]},{"@type":"WebSite","@id":"https:\/\/blogs.thesocialmedia.com\/leblogmoto\/#website","url":"https:\/\/blogs.thesocialmedia.com\/leblogmoto\/","name":"leblogmoto","description":"Toute l&#039;actualit\u00e9 des 2 roues","potentialAction":[{"@type":"SearchAction","target":{"@type":"EntryPoint","urlTemplate":"https:\/\/blogs.thesocialmedia.com\/leblogmoto\/?s={search_term_string}"},"query-input":{"@type":"PropertyValueSpecification","valueRequired":true,"valueName":"search_term_string"}}],"inLanguage":"fr-FR"},{"@type":"Person","@id":"https:\/\/blogs.thesocialmedia.com\/leblogmoto\/#\/schema\/person\/1a1dcfc7cec206573105eb4af91155c2","name":"andre leconde","image":{"@type":"ImageObject","inLanguage":"fr-FR","@id":"https:\/\/blogs.thesocialmedia.com\/leblogmoto\/#\/schema\/person\/image\/","url":"https:\/\/secure.gravatar.com\/avatar\/?s=96&d=mm&r=g","contentUrl":"https:\/\/secure.gravatar.com\/avatar\/?s=96&d=mm&r=g","caption":"andre leconde"},"url":"https:\/\/blogs.thesocialmedia.com\/leblogmoto\/author\/andre-leconde\/"}]}},"_links":{"self":[{"href":"https:\/\/blogs.thesocialmedia.com\/leblogmoto\/wp-json\/wp\/v2\/posts\/1698","targetHints":{"allow":["GET"]}}],"collection":[{"href":"https:\/\/blogs.thesocialmedia.com\/leblogmoto\/wp-json\/wp\/v2\/posts"}],"about":[{"href":"https:\/\/blogs.thesocialmedia.com\/leblogmoto\/wp-json\/wp\/v2\/types\/post"}],"author":[{"embeddable":true,"href":"https:\/\/blogs.thesocialmedia.com\/leblogmoto\/wp-json\/wp\/v2\/users\/336"}],"replies":[{"embeddable":true,"href":"https:\/\/blogs.thesocialmedia.com\/leblogmoto\/wp-json\/wp\/v2\/comments?post=1698"}],"version-history":[{"count":2,"href":"https:\/\/blogs.thesocialmedia.com\/leblogmoto\/wp-json\/wp\/v2\/posts\/1698\/revisions"}],"predecessor-version":[{"id":7734,"href":"https:\/\/blogs.thesocialmedia.com\/leblogmoto\/wp-json\/wp\/v2\/posts\/1698\/revisions\/7734"}],"wp:attachment":[{"href":"https:\/\/blogs.thesocialmedia.com\/leblogmoto\/wp-json\/wp\/v2\/media?parent=1698"}],"wp:term":[{"taxonomy":"category","embeddable":true,"href":"https:\/\/blogs.thesocialmedia.com\/leblogmoto\/wp-json\/wp\/v2\/categories?post=1698"},{"taxonomy":"post_tag","embeddable":true,"href":"https:\/\/blogs.thesocialmedia.com\/leblogmoto\/wp-json\/wp\/v2\/tags?post=1698"}],"curies":[{"name":"wp","href":"https:\/\/api.w.org\/{rel}","templated":true}]}}