{"id":1699,"date":"2006-06-30T22:37:02","date_gmt":"2006-06-30T22:37:02","guid":{"rendered":"http:\/\/blogs.thesocialmedia.com\/leblogmoto\/2006\/06\/30\/silverstone-sbk\/"},"modified":"2012-07-11T14:27:04","modified_gmt":"2012-07-11T14:27:04","slug":"silverstone-sbk","status":"publish","type":"post","link":"https:\/\/blogs.thesocialmedia.com\/leblogmoto\/2006\/06\/30\/silverstone-sbk\/","title":{"rendered":"SILVERSTONE SBK: L&rsquo;autre crash"},"content":{"rendered":"<p><a href=\"http:\/\/blogs.thesocialmedia.com\/leblogmoto\/files\/2012\/07\/3_12.jpg\"><img loading=\"lazy\" decoding=\"async\" height=\"186\" alt=\"3_12\" src=\"http:\/\/www.leblogmoto.com\/images\/3_12.jpg\" width=\"250\"  \/><\/a>Lors de l&rsquo;\u00e9tape du <a href=\"http:\/\/www.leblogmoto.com\/2006\/06\/sbk_les_discuss.html\">mondial SBK<\/a> de l&rsquo;autre c\u00f4t\u00e9 de la Manche, \u00e0 <a href=\"http:\/\/www.leblogmoto.com\/2006\/05\/sbk_silverstone_1.html\">SILVERSTONE<\/a>, il y eut un d\u00e9part houleux, tout aussi spectaculaire que celui du <a href=\"http:\/\/www.leblogmoto.com\/2006\/06\/motogp_gibernau.html\">CATALUNYA<\/a> chez la grande soeur MotoGP.<\/p>\n<p>Fort heureusement, \u00e0 cette occasion, aucune blessure n&rsquo;a \u00e9t\u00e9 relev\u00e9e.<\/p>\n<p>Reste que pour ce qui est de se relever, <strong>BARROS<\/strong> a \u00e9t\u00e9 bien inspir\u00e9 de s&rsquo;y employer rapidement, vu qu&rsquo;une moto <strong>tout feu tout flamme<\/strong> se dirigeait droit sur lui. La suite, en images&#8230;&nbsp; <\/p>\n<p>   <embed src=\"http:\/\/www.youtube.com\/v\/J0OaNBM7mwA\" width=\"425\" height=\"350\" type=\"application\/x-shockwave-flash\"><\/embed> <\/p>\n","protected":false},"excerpt":{"rendered":"<p>Lors de l&rsquo;\u00e9tape du mondial SBK de l&rsquo;autre c\u00f4t\u00e9 de la Manche, \u00e0 SILVERSTONE, il y eut un d\u00e9part houleux, tout aussi spectaculaire que celui du CATALUNYA chez la grande soeur MotoGP. Fort heureusement, \u00e0 cette occasion, aucune blessure n&rsquo;a \u00e9t\u00e9 relev\u00e9e. Reste que pour ce qui est de se relever, BARROS a \u00e9t\u00e9 bien [&hellip;]<\/p>\n","protected":false},"author":336,"featured_media":0,"comment_status":"open","ping_status":"open","sticky":false,"template":"","format":"standard","meta":{"footnotes":""},"categories":[32,46,12],"tags":[],"class_list":["post-1699","post","type-post","status-publish","format-standard","hentry","category-sport-moto","category-superbike","category-videos"],"yoast_head":"<!-- This site is optimized with the Yoast SEO plugin v26.0 - https:\/\/yoast.com\/wordpress\/plugins\/seo\/ -->\n<title>SILVERSTONE SBK: L&#039;autre crash - leblogmoto.com<\/title>\n<meta name=\"robots\" content=\"index, follow, max-snippet:-1, max-image-preview:large, max-video-preview:-1\" \/>\n<link rel=\"canonical\" href=\"https:\/\/blogs.thesocialmedia.com\/leblogmoto\/2006\/06\/30\/silverstone-sbk\/\" \/>\n<meta name=\"twitter:card\" content=\"summary_large_image\" \/>\n<meta name=\"twitter:title\" content=\"SILVERSTONE SBK: L&#039;autre crash - leblogmoto.com\" \/>\n<meta name=\"twitter:description\" content=\"Lors de l&rsquo;\u00e9tape du mondial SBK de l&rsquo;autre c\u00f4t\u00e9 de la Manche, \u00e0 SILVERSTONE, il y eut un d\u00e9part houleux, tout aussi spectaculaire que celui du CATALUNYA chez la grande soeur MotoGP. Fort heureusement, \u00e0 cette occasion, aucune blessure n&rsquo;a \u00e9t\u00e9 relev\u00e9e. Reste que pour ce qui est de se relever, BARROS a \u00e9t\u00e9 bien [&hellip;]\" \/>\n<meta name=\"twitter:image\" content=\"http:\/\/www.leblogmoto.com\/images\/3_12.jpg\" \/>\n<meta name=\"twitter:label1\" content=\"\u00c9crit par\" \/>\n\t<meta name=\"twitter:data1\" content=\"andre leconde\" \/>\n<script type=\"application\/ld+json\" class=\"yoast-schema-graph\">{\"@context\":\"https:\/\/schema.org\",\"@graph\":[{\"@type\":\"WebPage\",\"@id\":\"https:\/\/blogs.thesocialmedia.com\/leblogmoto\/2006\/06\/30\/silverstone-sbk\/\",\"url\":\"https:\/\/blogs.thesocialmedia.com\/leblogmoto\/2006\/06\/30\/silverstone-sbk\/\",\"name\":\"SILVERSTONE SBK: L'autre crash - leblogmoto.com\",\"isPartOf\":{\"@id\":\"https:\/\/blogs.thesocialmedia.com\/leblogmoto\/#website\"},\"primaryImageOfPage\":{\"@id\":\"https:\/\/blogs.thesocialmedia.com\/leblogmoto\/2006\/06\/30\/silverstone-sbk\/#primaryimage\"},\"image\":{\"@id\":\"https:\/\/blogs.thesocialmedia.com\/leblogmoto\/2006\/06\/30\/silverstone-sbk\/#primaryimage\"},\"thumbnailUrl\":\"http:\/\/www.leblogmoto.com\/images\/3_12.jpg\",\"datePublished\":\"2006-06-30T22:37:02+00:00\",\"dateModified\":\"2012-07-11T14:27:04+00:00\",\"author\":{\"@id\":\"https:\/\/blogs.thesocialmedia.com\/leblogmoto\/#\/schema\/person\/1a1dcfc7cec206573105eb4af91155c2\"},\"breadcrumb\":{\"@id\":\"https:\/\/blogs.thesocialmedia.com\/leblogmoto\/2006\/06\/30\/silverstone-sbk\/#breadcrumb\"},\"inLanguage\":\"fr-FR\",\"potentialAction\":[{\"@type\":\"ReadAction\",\"target\":[\"https:\/\/blogs.thesocialmedia.com\/leblogmoto\/2006\/06\/30\/silverstone-sbk\/\"]}]},{\"@type\":\"ImageObject\",\"inLanguage\":\"fr-FR\",\"@id\":\"https:\/\/blogs.thesocialmedia.com\/leblogmoto\/2006\/06\/30\/silverstone-sbk\/#primaryimage\",\"url\":\"http:\/\/www.leblogmoto.com\/images\/3_12.jpg\",\"contentUrl\":\"http:\/\/www.leblogmoto.com\/images\/3_12.jpg\"},{\"@type\":\"BreadcrumbList\",\"@id\":\"https:\/\/blogs.thesocialmedia.com\/leblogmoto\/2006\/06\/30\/silverstone-sbk\/#breadcrumb\",\"itemListElement\":[{\"@type\":\"ListItem\",\"position\":1,\"name\":\"Accueil\",\"item\":\"https:\/\/blogs.thesocialmedia.com\/leblogmoto\/\"},{\"@type\":\"ListItem\",\"position\":2,\"name\":\"SILVERSTONE SBK: L&rsquo;autre crash\"}]},{\"@type\":\"WebSite\",\"@id\":\"https:\/\/blogs.thesocialmedia.com\/leblogmoto\/#website\",\"url\":\"https:\/\/blogs.thesocialmedia.com\/leblogmoto\/\",\"name\":\"leblogmoto\",\"description\":\"Toute l&#039;actualit\u00e9 des 2 roues\",\"potentialAction\":[{\"@type\":\"SearchAction\",\"target\":{\"@type\":\"EntryPoint\",\"urlTemplate\":\"https:\/\/blogs.thesocialmedia.com\/leblogmoto\/?s={search_term_string}\"},\"query-input\":{\"@type\":\"PropertyValueSpecification\",\"valueRequired\":true,\"valueName\":\"search_term_string\"}}],\"inLanguage\":\"fr-FR\"},{\"@type\":\"Person\",\"@id\":\"https:\/\/blogs.thesocialmedia.com\/leblogmoto\/#\/schema\/person\/1a1dcfc7cec206573105eb4af91155c2\",\"name\":\"andre leconde\",\"image\":{\"@type\":\"ImageObject\",\"inLanguage\":\"fr-FR\",\"@id\":\"https:\/\/blogs.thesocialmedia.com\/leblogmoto\/#\/schema\/person\/image\/\",\"url\":\"https:\/\/secure.gravatar.com\/avatar\/?s=96&d=mm&r=g\",\"contentUrl\":\"https:\/\/secure.gravatar.com\/avatar\/?s=96&d=mm&r=g\",\"caption\":\"andre leconde\"},\"url\":\"https:\/\/blogs.thesocialmedia.com\/leblogmoto\/author\/andre-leconde\/\"}]}<\/script>\n<!-- \/ Yoast SEO plugin. -->","yoast_head_json":{"title":"SILVERSTONE SBK: L'autre crash - leblogmoto.com","robots":{"index":"index","follow":"follow","max-snippet":"max-snippet:-1","max-image-preview":"max-image-preview:large","max-video-preview":"max-video-preview:-1"},"canonical":"https:\/\/blogs.thesocialmedia.com\/leblogmoto\/2006\/06\/30\/silverstone-sbk\/","twitter_card":"summary_large_image","twitter_title":"SILVERSTONE SBK: L'autre crash - leblogmoto.com","twitter_description":"Lors de l&rsquo;\u00e9tape du mondial SBK de l&rsquo;autre c\u00f4t\u00e9 de la Manche, \u00e0 SILVERSTONE, il y eut un d\u00e9part houleux, tout aussi spectaculaire que celui du CATALUNYA chez la grande soeur MotoGP. Fort heureusement, \u00e0 cette occasion, aucune blessure n&rsquo;a \u00e9t\u00e9 relev\u00e9e. Reste que pour ce qui est de se relever, BARROS a \u00e9t\u00e9 bien [&hellip;]","twitter_image":"http:\/\/www.leblogmoto.com\/images\/3_12.jpg","twitter_misc":{"\u00c9crit par":"andre leconde"},"schema":{"@context":"https:\/\/schema.org","@graph":[{"@type":"WebPage","@id":"https:\/\/blogs.thesocialmedia.com\/leblogmoto\/2006\/06\/30\/silverstone-sbk\/","url":"https:\/\/blogs.thesocialmedia.com\/leblogmoto\/2006\/06\/30\/silverstone-sbk\/","name":"SILVERSTONE SBK: L'autre crash - leblogmoto.com","isPartOf":{"@id":"https:\/\/blogs.thesocialmedia.com\/leblogmoto\/#website"},"primaryImageOfPage":{"@id":"https:\/\/blogs.thesocialmedia.com\/leblogmoto\/2006\/06\/30\/silverstone-sbk\/#primaryimage"},"image":{"@id":"https:\/\/blogs.thesocialmedia.com\/leblogmoto\/2006\/06\/30\/silverstone-sbk\/#primaryimage"},"thumbnailUrl":"http:\/\/www.leblogmoto.com\/images\/3_12.jpg","datePublished":"2006-06-30T22:37:02+00:00","dateModified":"2012-07-11T14:27:04+00:00","author":{"@id":"https:\/\/blogs.thesocialmedia.com\/leblogmoto\/#\/schema\/person\/1a1dcfc7cec206573105eb4af91155c2"},"breadcrumb":{"@id":"https:\/\/blogs.thesocialmedia.com\/leblogmoto\/2006\/06\/30\/silverstone-sbk\/#breadcrumb"},"inLanguage":"fr-FR","potentialAction":[{"@type":"ReadAction","target":["https:\/\/blogs.thesocialmedia.com\/leblogmoto\/2006\/06\/30\/silverstone-sbk\/"]}]},{"@type":"ImageObject","inLanguage":"fr-FR","@id":"https:\/\/blogs.thesocialmedia.com\/leblogmoto\/2006\/06\/30\/silverstone-sbk\/#primaryimage","url":"http:\/\/www.leblogmoto.com\/images\/3_12.jpg","contentUrl":"http:\/\/www.leblogmoto.com\/images\/3_12.jpg"},{"@type":"BreadcrumbList","@id":"https:\/\/blogs.thesocialmedia.com\/leblogmoto\/2006\/06\/30\/silverstone-sbk\/#breadcrumb","itemListElement":[{"@type":"ListItem","position":1,"name":"Accueil","item":"https:\/\/blogs.thesocialmedia.com\/leblogmoto\/"},{"@type":"ListItem","position":2,"name":"SILVERSTONE SBK: L&rsquo;autre crash"}]},{"@type":"WebSite","@id":"https:\/\/blogs.thesocialmedia.com\/leblogmoto\/#website","url":"https:\/\/blogs.thesocialmedia.com\/leblogmoto\/","name":"leblogmoto","description":"Toute l&#039;actualit\u00e9 des 2 roues","potentialAction":[{"@type":"SearchAction","target":{"@type":"EntryPoint","urlTemplate":"https:\/\/blogs.thesocialmedia.com\/leblogmoto\/?s={search_term_string}"},"query-input":{"@type":"PropertyValueSpecification","valueRequired":true,"valueName":"search_term_string"}}],"inLanguage":"fr-FR"},{"@type":"Person","@id":"https:\/\/blogs.thesocialmedia.com\/leblogmoto\/#\/schema\/person\/1a1dcfc7cec206573105eb4af91155c2","name":"andre leconde","image":{"@type":"ImageObject","inLanguage":"fr-FR","@id":"https:\/\/blogs.thesocialmedia.com\/leblogmoto\/#\/schema\/person\/image\/","url":"https:\/\/secure.gravatar.com\/avatar\/?s=96&d=mm&r=g","contentUrl":"https:\/\/secure.gravatar.com\/avatar\/?s=96&d=mm&r=g","caption":"andre leconde"},"url":"https:\/\/blogs.thesocialmedia.com\/leblogmoto\/author\/andre-leconde\/"}]}},"_links":{"self":[{"href":"https:\/\/blogs.thesocialmedia.com\/leblogmoto\/wp-json\/wp\/v2\/posts\/1699","targetHints":{"allow":["GET"]}}],"collection":[{"href":"https:\/\/blogs.thesocialmedia.com\/leblogmoto\/wp-json\/wp\/v2\/posts"}],"about":[{"href":"https:\/\/blogs.thesocialmedia.com\/leblogmoto\/wp-json\/wp\/v2\/types\/post"}],"author":[{"embeddable":true,"href":"https:\/\/blogs.thesocialmedia.com\/leblogmoto\/wp-json\/wp\/v2\/users\/336"}],"replies":[{"embeddable":true,"href":"https:\/\/blogs.thesocialmedia.com\/leblogmoto\/wp-json\/wp\/v2\/comments?post=1699"}],"version-history":[{"count":2,"href":"https:\/\/blogs.thesocialmedia.com\/leblogmoto\/wp-json\/wp\/v2\/posts\/1699\/revisions"}],"predecessor-version":[{"id":7731,"href":"https:\/\/blogs.thesocialmedia.com\/leblogmoto\/wp-json\/wp\/v2\/posts\/1699\/revisions\/7731"}],"wp:attachment":[{"href":"https:\/\/blogs.thesocialmedia.com\/leblogmoto\/wp-json\/wp\/v2\/media?parent=1699"}],"wp:term":[{"taxonomy":"category","embeddable":true,"href":"https:\/\/blogs.thesocialmedia.com\/leblogmoto\/wp-json\/wp\/v2\/categories?post=1699"},{"taxonomy":"post_tag","embeddable":true,"href":"https:\/\/blogs.thesocialmedia.com\/leblogmoto\/wp-json\/wp\/v2\/tags?post=1699"}],"curies":[{"name":"wp","href":"https:\/\/api.w.org\/{rel}","templated":true}]}}