{"id":1700,"date":"2006-06-30T22:03:06","date_gmt":"2006-06-30T22:03:06","guid":{"rendered":"http:\/\/blogs.thesocialmedia.com\/leblogmoto\/2006\/06\/30\/bientt-des-burn\/"},"modified":"2012-07-11T14:27:03","modified_gmt":"2012-07-11T14:27:03","slug":"bientt-des-burn","status":"publish","type":"post","link":"https:\/\/blogs.thesocialmedia.com\/leblogmoto\/2006\/06\/30\/bientt-des-burn\/","title":{"rendered":"Bient\u00f4t des \u00ab\u00a0burns\u00a0\u00bb au Tour ?"},"content":{"rendered":"<p><a href=\"http:\/\/blogs.thesocialmedia.com\/leblogmoto\/files\/2012\/07\/2_20.jpg\"><img loading=\"lazy\" decoding=\"async\" height=\"204\" alt=\"2_20\" src=\"http:\/\/www.leblogmoto.com\/images\/2_20.jpg\" width=\"250\"  \/><\/a>Bient\u00f4t le d\u00e9part du Tour de France cycliste, classique incontournable du <a href=\"http:\/\/www.leblogmoto.com\/2006\/06\/burt_munro_le_m.html\">mois de Juillet<\/a>. Les tenants de la petite reine vont pouvoir de nouveau se d\u00e9lecter de leur p\u00e9lerinage cathodique annuel, les yeux coll\u00e9s sur les programmes des chaines du service public.<\/p>\n<p>Le rapport avec la moto, me direz vous ? Nonobstant<a href=\"http:\/\/www.leblogmoto.com\/2006\/03\/disney_vous_emb.html\"> les acrobates<\/a> qui suivent le peloton pour en saisir les images les plus significatives, c&rsquo;est le nombe de roues. <strong>Deux<\/strong>. Et ce sera peut \u00eatre aussi bient\u00f4t les d\u00e9monstrations de victoire, tant l&rsquo;\u00e9nergie des comp\u00e9titeurs de cette discipline a \u00e9volu\u00e9 ces derni\u00e8res ann\u00e9es. <\/p>\n<p><a href=\"http:\/\/www.leblogmoto.com\/2006\/06\/la_future_moto_.html\">Fiction<\/a> ? Que nenni, regardez la suite&#8230;&nbsp; <\/p>\n<p>   <embed src=\"http:\/\/www.youtube.com\/v\/6GNB7xT3rNE\" width=\"425\" height=\"350\" type=\"application\/x-shockwave-flash\"><\/embed> <\/p>\n","protected":false},"excerpt":{"rendered":"<p>Bient\u00f4t le d\u00e9part du Tour de France cycliste, classique incontournable du mois de Juillet. Les tenants de la petite reine vont pouvoir de nouveau se d\u00e9lecter de leur p\u00e9lerinage cathodique annuel, les yeux coll\u00e9s sur les programmes des chaines du service public. Le rapport avec la moto, me direz vous ? Nonobstant les acrobates qui [&hellip;]<\/p>\n","protected":false},"author":336,"featured_media":0,"comment_status":"open","ping_status":"open","sticky":false,"template":"","format":"standard","meta":{"footnotes":""},"categories":[17,12],"tags":[],"class_list":["post-1700","post","type-post","status-publish","format-standard","hentry","category-divers","category-videos"],"yoast_head":"<!-- This site is optimized with the Yoast SEO plugin v26.0 - https:\/\/yoast.com\/wordpress\/plugins\/seo\/ -->\n<title>Bient\u00f4t des &quot;burns&quot; au Tour ? - leblogmoto.com<\/title>\n<meta name=\"robots\" content=\"index, follow, max-snippet:-1, max-image-preview:large, max-video-preview:-1\" \/>\n<link rel=\"canonical\" href=\"https:\/\/blogs.thesocialmedia.com\/leblogmoto\/2006\/06\/30\/bientt-des-burn\/\" \/>\n<meta name=\"twitter:card\" content=\"summary_large_image\" \/>\n<meta name=\"twitter:title\" content=\"Bient\u00f4t des &quot;burns&quot; au Tour ? - leblogmoto.com\" \/>\n<meta name=\"twitter:description\" content=\"Bient\u00f4t le d\u00e9part du Tour de France cycliste, classique incontournable du mois de Juillet. Les tenants de la petite reine vont pouvoir de nouveau se d\u00e9lecter de leur p\u00e9lerinage cathodique annuel, les yeux coll\u00e9s sur les programmes des chaines du service public. Le rapport avec la moto, me direz vous ? Nonobstant les acrobates qui [&hellip;]\" \/>\n<meta name=\"twitter:image\" content=\"http:\/\/www.leblogmoto.com\/images\/2_20.jpg\" \/>\n<meta name=\"twitter:label1\" content=\"\u00c9crit par\" \/>\n\t<meta name=\"twitter:data1\" content=\"andre leconde\" \/>\n\t<meta name=\"twitter:label2\" content=\"Dur\u00e9e de lecture estim\u00e9e\" \/>\n\t<meta name=\"twitter:data2\" content=\"1 minute\" \/>\n<script type=\"application\/ld+json\" class=\"yoast-schema-graph\">{\"@context\":\"https:\/\/schema.org\",\"@graph\":[{\"@type\":\"WebPage\",\"@id\":\"https:\/\/blogs.thesocialmedia.com\/leblogmoto\/2006\/06\/30\/bientt-des-burn\/\",\"url\":\"https:\/\/blogs.thesocialmedia.com\/leblogmoto\/2006\/06\/30\/bientt-des-burn\/\",\"name\":\"Bient\u00f4t des \\\"burns\\\" au Tour ? - leblogmoto.com\",\"isPartOf\":{\"@id\":\"https:\/\/blogs.thesocialmedia.com\/leblogmoto\/#website\"},\"primaryImageOfPage\":{\"@id\":\"https:\/\/blogs.thesocialmedia.com\/leblogmoto\/2006\/06\/30\/bientt-des-burn\/#primaryimage\"},\"image\":{\"@id\":\"https:\/\/blogs.thesocialmedia.com\/leblogmoto\/2006\/06\/30\/bientt-des-burn\/#primaryimage\"},\"thumbnailUrl\":\"http:\/\/www.leblogmoto.com\/images\/2_20.jpg\",\"datePublished\":\"2006-06-30T22:03:06+00:00\",\"dateModified\":\"2012-07-11T14:27:03+00:00\",\"author\":{\"@id\":\"https:\/\/blogs.thesocialmedia.com\/leblogmoto\/#\/schema\/person\/1a1dcfc7cec206573105eb4af91155c2\"},\"breadcrumb\":{\"@id\":\"https:\/\/blogs.thesocialmedia.com\/leblogmoto\/2006\/06\/30\/bientt-des-burn\/#breadcrumb\"},\"inLanguage\":\"fr-FR\",\"potentialAction\":[{\"@type\":\"ReadAction\",\"target\":[\"https:\/\/blogs.thesocialmedia.com\/leblogmoto\/2006\/06\/30\/bientt-des-burn\/\"]}]},{\"@type\":\"ImageObject\",\"inLanguage\":\"fr-FR\",\"@id\":\"https:\/\/blogs.thesocialmedia.com\/leblogmoto\/2006\/06\/30\/bientt-des-burn\/#primaryimage\",\"url\":\"http:\/\/www.leblogmoto.com\/images\/2_20.jpg\",\"contentUrl\":\"http:\/\/www.leblogmoto.com\/images\/2_20.jpg\"},{\"@type\":\"BreadcrumbList\",\"@id\":\"https:\/\/blogs.thesocialmedia.com\/leblogmoto\/2006\/06\/30\/bientt-des-burn\/#breadcrumb\",\"itemListElement\":[{\"@type\":\"ListItem\",\"position\":1,\"name\":\"Accueil\",\"item\":\"https:\/\/blogs.thesocialmedia.com\/leblogmoto\/\"},{\"@type\":\"ListItem\",\"position\":2,\"name\":\"Bient\u00f4t des \u00ab\u00a0burns\u00a0\u00bb au Tour ?\"}]},{\"@type\":\"WebSite\",\"@id\":\"https:\/\/blogs.thesocialmedia.com\/leblogmoto\/#website\",\"url\":\"https:\/\/blogs.thesocialmedia.com\/leblogmoto\/\",\"name\":\"leblogmoto\",\"description\":\"Toute l&#039;actualit\u00e9 des 2 roues\",\"potentialAction\":[{\"@type\":\"SearchAction\",\"target\":{\"@type\":\"EntryPoint\",\"urlTemplate\":\"https:\/\/blogs.thesocialmedia.com\/leblogmoto\/?s={search_term_string}\"},\"query-input\":{\"@type\":\"PropertyValueSpecification\",\"valueRequired\":true,\"valueName\":\"search_term_string\"}}],\"inLanguage\":\"fr-FR\"},{\"@type\":\"Person\",\"@id\":\"https:\/\/blogs.thesocialmedia.com\/leblogmoto\/#\/schema\/person\/1a1dcfc7cec206573105eb4af91155c2\",\"name\":\"andre leconde\",\"image\":{\"@type\":\"ImageObject\",\"inLanguage\":\"fr-FR\",\"@id\":\"https:\/\/blogs.thesocialmedia.com\/leblogmoto\/#\/schema\/person\/image\/\",\"url\":\"https:\/\/secure.gravatar.com\/avatar\/?s=96&d=mm&r=g\",\"contentUrl\":\"https:\/\/secure.gravatar.com\/avatar\/?s=96&d=mm&r=g\",\"caption\":\"andre leconde\"},\"url\":\"https:\/\/blogs.thesocialmedia.com\/leblogmoto\/author\/andre-leconde\/\"}]}<\/script>\n<!-- \/ Yoast SEO plugin. -->","yoast_head_json":{"title":"Bient\u00f4t des \"burns\" au Tour ? - leblogmoto.com","robots":{"index":"index","follow":"follow","max-snippet":"max-snippet:-1","max-image-preview":"max-image-preview:large","max-video-preview":"max-video-preview:-1"},"canonical":"https:\/\/blogs.thesocialmedia.com\/leblogmoto\/2006\/06\/30\/bientt-des-burn\/","twitter_card":"summary_large_image","twitter_title":"Bient\u00f4t des \"burns\" au Tour ? - leblogmoto.com","twitter_description":"Bient\u00f4t le d\u00e9part du Tour de France cycliste, classique incontournable du mois de Juillet. Les tenants de la petite reine vont pouvoir de nouveau se d\u00e9lecter de leur p\u00e9lerinage cathodique annuel, les yeux coll\u00e9s sur les programmes des chaines du service public. Le rapport avec la moto, me direz vous ? Nonobstant les acrobates qui [&hellip;]","twitter_image":"http:\/\/www.leblogmoto.com\/images\/2_20.jpg","twitter_misc":{"\u00c9crit par":"andre leconde","Dur\u00e9e de lecture estim\u00e9e":"1 minute"},"schema":{"@context":"https:\/\/schema.org","@graph":[{"@type":"WebPage","@id":"https:\/\/blogs.thesocialmedia.com\/leblogmoto\/2006\/06\/30\/bientt-des-burn\/","url":"https:\/\/blogs.thesocialmedia.com\/leblogmoto\/2006\/06\/30\/bientt-des-burn\/","name":"Bient\u00f4t des \"burns\" au Tour ? - leblogmoto.com","isPartOf":{"@id":"https:\/\/blogs.thesocialmedia.com\/leblogmoto\/#website"},"primaryImageOfPage":{"@id":"https:\/\/blogs.thesocialmedia.com\/leblogmoto\/2006\/06\/30\/bientt-des-burn\/#primaryimage"},"image":{"@id":"https:\/\/blogs.thesocialmedia.com\/leblogmoto\/2006\/06\/30\/bientt-des-burn\/#primaryimage"},"thumbnailUrl":"http:\/\/www.leblogmoto.com\/images\/2_20.jpg","datePublished":"2006-06-30T22:03:06+00:00","dateModified":"2012-07-11T14:27:03+00:00","author":{"@id":"https:\/\/blogs.thesocialmedia.com\/leblogmoto\/#\/schema\/person\/1a1dcfc7cec206573105eb4af91155c2"},"breadcrumb":{"@id":"https:\/\/blogs.thesocialmedia.com\/leblogmoto\/2006\/06\/30\/bientt-des-burn\/#breadcrumb"},"inLanguage":"fr-FR","potentialAction":[{"@type":"ReadAction","target":["https:\/\/blogs.thesocialmedia.com\/leblogmoto\/2006\/06\/30\/bientt-des-burn\/"]}]},{"@type":"ImageObject","inLanguage":"fr-FR","@id":"https:\/\/blogs.thesocialmedia.com\/leblogmoto\/2006\/06\/30\/bientt-des-burn\/#primaryimage","url":"http:\/\/www.leblogmoto.com\/images\/2_20.jpg","contentUrl":"http:\/\/www.leblogmoto.com\/images\/2_20.jpg"},{"@type":"BreadcrumbList","@id":"https:\/\/blogs.thesocialmedia.com\/leblogmoto\/2006\/06\/30\/bientt-des-burn\/#breadcrumb","itemListElement":[{"@type":"ListItem","position":1,"name":"Accueil","item":"https:\/\/blogs.thesocialmedia.com\/leblogmoto\/"},{"@type":"ListItem","position":2,"name":"Bient\u00f4t des \u00ab\u00a0burns\u00a0\u00bb au Tour ?"}]},{"@type":"WebSite","@id":"https:\/\/blogs.thesocialmedia.com\/leblogmoto\/#website","url":"https:\/\/blogs.thesocialmedia.com\/leblogmoto\/","name":"leblogmoto","description":"Toute l&#039;actualit\u00e9 des 2 roues","potentialAction":[{"@type":"SearchAction","target":{"@type":"EntryPoint","urlTemplate":"https:\/\/blogs.thesocialmedia.com\/leblogmoto\/?s={search_term_string}"},"query-input":{"@type":"PropertyValueSpecification","valueRequired":true,"valueName":"search_term_string"}}],"inLanguage":"fr-FR"},{"@type":"Person","@id":"https:\/\/blogs.thesocialmedia.com\/leblogmoto\/#\/schema\/person\/1a1dcfc7cec206573105eb4af91155c2","name":"andre leconde","image":{"@type":"ImageObject","inLanguage":"fr-FR","@id":"https:\/\/blogs.thesocialmedia.com\/leblogmoto\/#\/schema\/person\/image\/","url":"https:\/\/secure.gravatar.com\/avatar\/?s=96&d=mm&r=g","contentUrl":"https:\/\/secure.gravatar.com\/avatar\/?s=96&d=mm&r=g","caption":"andre leconde"},"url":"https:\/\/blogs.thesocialmedia.com\/leblogmoto\/author\/andre-leconde\/"}]}},"_links":{"self":[{"href":"https:\/\/blogs.thesocialmedia.com\/leblogmoto\/wp-json\/wp\/v2\/posts\/1700","targetHints":{"allow":["GET"]}}],"collection":[{"href":"https:\/\/blogs.thesocialmedia.com\/leblogmoto\/wp-json\/wp\/v2\/posts"}],"about":[{"href":"https:\/\/blogs.thesocialmedia.com\/leblogmoto\/wp-json\/wp\/v2\/types\/post"}],"author":[{"embeddable":true,"href":"https:\/\/blogs.thesocialmedia.com\/leblogmoto\/wp-json\/wp\/v2\/users\/336"}],"replies":[{"embeddable":true,"href":"https:\/\/blogs.thesocialmedia.com\/leblogmoto\/wp-json\/wp\/v2\/comments?post=1700"}],"version-history":[{"count":2,"href":"https:\/\/blogs.thesocialmedia.com\/leblogmoto\/wp-json\/wp\/v2\/posts\/1700\/revisions"}],"predecessor-version":[{"id":7729,"href":"https:\/\/blogs.thesocialmedia.com\/leblogmoto\/wp-json\/wp\/v2\/posts\/1700\/revisions\/7729"}],"wp:attachment":[{"href":"https:\/\/blogs.thesocialmedia.com\/leblogmoto\/wp-json\/wp\/v2\/media?parent=1700"}],"wp:term":[{"taxonomy":"category","embeddable":true,"href":"https:\/\/blogs.thesocialmedia.com\/leblogmoto\/wp-json\/wp\/v2\/categories?post=1700"},{"taxonomy":"post_tag","embeddable":true,"href":"https:\/\/blogs.thesocialmedia.com\/leblogmoto\/wp-json\/wp\/v2\/tags?post=1700"}],"curies":[{"name":"wp","href":"https:\/\/api.w.org\/{rel}","templated":true}]}}