{"id":1703,"date":"2006-06-29T18:52:30","date_gmt":"2006-06-29T18:52:30","guid":{"rendered":"http:\/\/blogs.thesocialmedia.com\/leblogmoto\/2006\/06\/29\/lumbrella-accad\/"},"modified":"2012-07-11T14:26:55","modified_gmt":"2012-07-11T14:26:55","slug":"lumbrella-accad","status":"publish","type":"post","link":"https:\/\/blogs.thesocialmedia.com\/leblogmoto\/2006\/06\/29\/lumbrella-accad\/","title":{"rendered":"L&rsquo;Umbrella Accademy"},"content":{"rendered":"<p><a href=\"http:\/\/blogs.thesocialmedia.com\/leblogmoto\/files\/2012\/07\/umbrellagirl.jpg\"><img loading=\"lazy\" decoding=\"async\" height=\"310\" alt=\"Umbrellagirl\" src=\"http:\/\/www.leblogmoto.com\/images\/umbrellagirl.jpg\" width=\"250\"  \/><\/a> Propre sur vous, vous r\u00eavez d&rsquo;approcher <a href=\"http:\/\/www.leblogmoto.com\/2006\/06\/lecture_estival.html\">les champions<\/a> de votre passion d\u00e9vorante pour la comp\u00e9tition moto.<\/p>\n<p>Quoi de plus id\u00e9al que de se retrouver sur la grille de <a href=\"http:\/\/www.leblogmoto.com\/2006\/06\/le_big_bang_du_.html\">d\u00e9part<\/a>, jouant l&rsquo;indispensable &quot;<strong>Umbrella Girl<\/strong>&quot;. Vous serez vue dans le monde entier avec votre idole, singeant ensemble une intimit\u00e9 fugace mais inoubliable.<\/p>\n<p>Pas facile me direz-vous ? Que nenni. Voici la fili\u00e8re, ou du moins une, qui est s\u00e9rieusement propos\u00e9e.<\/p>\n<p>C&rsquo;est le <a href=\"http:\/\/www.leblogmoto.com\/2005\/11\/superbike_corse.html\">team ALSTARE SUZUKI<\/a> qui vous propose le pied \u00e0 l&rsquo;\u00e9trier, ou, tout du moins, la main sur sur le p\u00e9broc. <\/p>\n<p>Une visite au paddock, une <strong>s\u00e9ance photos sur la GSXR<\/strong> et hop, vous voil\u00e0 <strong>en ligne<\/strong> sur<a href=\"http:\/\/www.gridgirlshoot.com\"> le site<\/a> et soumise au vote populaire.<\/p>\n<p><a href=\"http:\/\/clabedan.typepad.com\/.shared\/image.html?\/photos\/uncategorized\/gridgirlshoot.jpg\"><img loading=\"lazy\" decoding=\"async\" height=\"163\" alt=\"Gridgirlshoot\" src=\"http:\/\/www.leblogmoto.com\/images\/gridgirlshoot.jpg\" width=\"250\"  \/><\/a>La vox populi conquise, vous serez invit\u00e9 \u00e0 faire la belle \u00e0 l&rsquo;ombrelle sur la grille de d\u00e9part de la derni\u00e8re \u00e9preuve du mondial SBK \u00e0 c\u00f4t\u00e9 de la GSXR officielle du team.&nbsp; <\/p>\n<p>Et comme ce sera le <strong>8 octobre \u00e0 MAGNY COURS<\/strong>, pensez, d\u00e9j\u00e0, \u00e0 sortir couverte.<\/p>\n<p> Maintenant bien inform\u00e9e, vous pouvez vous lancer, les s\u00e9lections ont commenc\u00e9. Et les votes ont d\u00e9but\u00e9&#8230;&nbsp; <\/p>\n<p>SOURCE: <a href=\"http:\/\/www.gridgirlshoot.com\">www.gridgirlshoot.com<\/a> <\/p>\n","protected":false},"excerpt":{"rendered":"<p>Propre sur vous, vous r\u00eavez d&rsquo;approcher les champions de votre passion d\u00e9vorante pour la comp\u00e9tition moto. Quoi de plus id\u00e9al que de se retrouver sur la grille de d\u00e9part, jouant l&rsquo;indispensable &quot;Umbrella Girl&quot;. Vous serez vue dans le monde entier avec votre idole, singeant ensemble une intimit\u00e9 fugace mais inoubliable. Pas facile me direz-vous ? [&hellip;]<\/p>\n","protected":false},"author":336,"featured_media":0,"comment_status":"open","ping_status":"open","sticky":false,"template":"","format":"standard","meta":{"footnotes":""},"categories":[49,8,17,46,51],"tags":[],"class_list":["post-1703","post","type-post","status-publish","format-standard","hentry","category-actualites-entreprise","category-chaines-et-cuirs","category-divers","category-superbike","category-suzuki"],"yoast_head":"<!-- This site is optimized with the Yoast SEO plugin v26.0 - https:\/\/yoast.com\/wordpress\/plugins\/seo\/ -->\n<title>L&#039;Umbrella Accademy - leblogmoto.com<\/title>\n<meta name=\"robots\" content=\"index, follow, max-snippet:-1, max-image-preview:large, max-video-preview:-1\" \/>\n<link rel=\"canonical\" href=\"https:\/\/blogs.thesocialmedia.com\/leblogmoto\/2006\/06\/29\/lumbrella-accad\/\" \/>\n<meta name=\"twitter:card\" content=\"summary_large_image\" \/>\n<meta name=\"twitter:title\" content=\"L&#039;Umbrella Accademy - leblogmoto.com\" \/>\n<meta name=\"twitter:description\" content=\"Propre sur vous, vous r\u00eavez d&rsquo;approcher les champions de votre passion d\u00e9vorante pour la comp\u00e9tition moto. Quoi de plus id\u00e9al que de se retrouver sur la grille de d\u00e9part, jouant l&rsquo;indispensable &quot;Umbrella Girl&quot;. Vous serez vue dans le monde entier avec votre idole, singeant ensemble une intimit\u00e9 fugace mais inoubliable. Pas facile me direz-vous ? [&hellip;]\" \/>\n<meta name=\"twitter:image\" content=\"http:\/\/www.leblogmoto.com\/images\/umbrellagirl.jpg\" \/>\n<meta name=\"twitter:label1\" content=\"\u00c9crit par\" \/>\n\t<meta name=\"twitter:data1\" content=\"andre leconde\" \/>\n\t<meta name=\"twitter:label2\" content=\"Dur\u00e9e de lecture estim\u00e9e\" \/>\n\t<meta name=\"twitter:data2\" content=\"1 minute\" \/>\n<script type=\"application\/ld+json\" class=\"yoast-schema-graph\">{\"@context\":\"https:\/\/schema.org\",\"@graph\":[{\"@type\":\"WebPage\",\"@id\":\"https:\/\/blogs.thesocialmedia.com\/leblogmoto\/2006\/06\/29\/lumbrella-accad\/\",\"url\":\"https:\/\/blogs.thesocialmedia.com\/leblogmoto\/2006\/06\/29\/lumbrella-accad\/\",\"name\":\"L'Umbrella Accademy - leblogmoto.com\",\"isPartOf\":{\"@id\":\"https:\/\/blogs.thesocialmedia.com\/leblogmoto\/#website\"},\"primaryImageOfPage\":{\"@id\":\"https:\/\/blogs.thesocialmedia.com\/leblogmoto\/2006\/06\/29\/lumbrella-accad\/#primaryimage\"},\"image\":{\"@id\":\"https:\/\/blogs.thesocialmedia.com\/leblogmoto\/2006\/06\/29\/lumbrella-accad\/#primaryimage\"},\"thumbnailUrl\":\"http:\/\/www.leblogmoto.com\/images\/umbrellagirl.jpg\",\"datePublished\":\"2006-06-29T18:52:30+00:00\",\"dateModified\":\"2012-07-11T14:26:55+00:00\",\"author\":{\"@id\":\"https:\/\/blogs.thesocialmedia.com\/leblogmoto\/#\/schema\/person\/1a1dcfc7cec206573105eb4af91155c2\"},\"breadcrumb\":{\"@id\":\"https:\/\/blogs.thesocialmedia.com\/leblogmoto\/2006\/06\/29\/lumbrella-accad\/#breadcrumb\"},\"inLanguage\":\"fr-FR\",\"potentialAction\":[{\"@type\":\"ReadAction\",\"target\":[\"https:\/\/blogs.thesocialmedia.com\/leblogmoto\/2006\/06\/29\/lumbrella-accad\/\"]}]},{\"@type\":\"ImageObject\",\"inLanguage\":\"fr-FR\",\"@id\":\"https:\/\/blogs.thesocialmedia.com\/leblogmoto\/2006\/06\/29\/lumbrella-accad\/#primaryimage\",\"url\":\"http:\/\/www.leblogmoto.com\/images\/umbrellagirl.jpg\",\"contentUrl\":\"http:\/\/www.leblogmoto.com\/images\/umbrellagirl.jpg\"},{\"@type\":\"BreadcrumbList\",\"@id\":\"https:\/\/blogs.thesocialmedia.com\/leblogmoto\/2006\/06\/29\/lumbrella-accad\/#breadcrumb\",\"itemListElement\":[{\"@type\":\"ListItem\",\"position\":1,\"name\":\"Accueil\",\"item\":\"https:\/\/blogs.thesocialmedia.com\/leblogmoto\/\"},{\"@type\":\"ListItem\",\"position\":2,\"name\":\"L&rsquo;Umbrella Accademy\"}]},{\"@type\":\"WebSite\",\"@id\":\"https:\/\/blogs.thesocialmedia.com\/leblogmoto\/#website\",\"url\":\"https:\/\/blogs.thesocialmedia.com\/leblogmoto\/\",\"name\":\"leblogmoto\",\"description\":\"Toute l&#039;actualit\u00e9 des 2 roues\",\"potentialAction\":[{\"@type\":\"SearchAction\",\"target\":{\"@type\":\"EntryPoint\",\"urlTemplate\":\"https:\/\/blogs.thesocialmedia.com\/leblogmoto\/?s={search_term_string}\"},\"query-input\":{\"@type\":\"PropertyValueSpecification\",\"valueRequired\":true,\"valueName\":\"search_term_string\"}}],\"inLanguage\":\"fr-FR\"},{\"@type\":\"Person\",\"@id\":\"https:\/\/blogs.thesocialmedia.com\/leblogmoto\/#\/schema\/person\/1a1dcfc7cec206573105eb4af91155c2\",\"name\":\"andre leconde\",\"image\":{\"@type\":\"ImageObject\",\"inLanguage\":\"fr-FR\",\"@id\":\"https:\/\/blogs.thesocialmedia.com\/leblogmoto\/#\/schema\/person\/image\/\",\"url\":\"https:\/\/secure.gravatar.com\/avatar\/?s=96&d=mm&r=g\",\"contentUrl\":\"https:\/\/secure.gravatar.com\/avatar\/?s=96&d=mm&r=g\",\"caption\":\"andre leconde\"},\"url\":\"https:\/\/blogs.thesocialmedia.com\/leblogmoto\/author\/andre-leconde\/\"}]}<\/script>\n<!-- \/ Yoast SEO plugin. -->","yoast_head_json":{"title":"L'Umbrella Accademy - leblogmoto.com","robots":{"index":"index","follow":"follow","max-snippet":"max-snippet:-1","max-image-preview":"max-image-preview:large","max-video-preview":"max-video-preview:-1"},"canonical":"https:\/\/blogs.thesocialmedia.com\/leblogmoto\/2006\/06\/29\/lumbrella-accad\/","twitter_card":"summary_large_image","twitter_title":"L'Umbrella Accademy - leblogmoto.com","twitter_description":"Propre sur vous, vous r\u00eavez d&rsquo;approcher les champions de votre passion d\u00e9vorante pour la comp\u00e9tition moto. Quoi de plus id\u00e9al que de se retrouver sur la grille de d\u00e9part, jouant l&rsquo;indispensable &quot;Umbrella Girl&quot;. Vous serez vue dans le monde entier avec votre idole, singeant ensemble une intimit\u00e9 fugace mais inoubliable. Pas facile me direz-vous ? [&hellip;]","twitter_image":"http:\/\/www.leblogmoto.com\/images\/umbrellagirl.jpg","twitter_misc":{"\u00c9crit par":"andre leconde","Dur\u00e9e de lecture estim\u00e9e":"1 minute"},"schema":{"@context":"https:\/\/schema.org","@graph":[{"@type":"WebPage","@id":"https:\/\/blogs.thesocialmedia.com\/leblogmoto\/2006\/06\/29\/lumbrella-accad\/","url":"https:\/\/blogs.thesocialmedia.com\/leblogmoto\/2006\/06\/29\/lumbrella-accad\/","name":"L'Umbrella Accademy - leblogmoto.com","isPartOf":{"@id":"https:\/\/blogs.thesocialmedia.com\/leblogmoto\/#website"},"primaryImageOfPage":{"@id":"https:\/\/blogs.thesocialmedia.com\/leblogmoto\/2006\/06\/29\/lumbrella-accad\/#primaryimage"},"image":{"@id":"https:\/\/blogs.thesocialmedia.com\/leblogmoto\/2006\/06\/29\/lumbrella-accad\/#primaryimage"},"thumbnailUrl":"http:\/\/www.leblogmoto.com\/images\/umbrellagirl.jpg","datePublished":"2006-06-29T18:52:30+00:00","dateModified":"2012-07-11T14:26:55+00:00","author":{"@id":"https:\/\/blogs.thesocialmedia.com\/leblogmoto\/#\/schema\/person\/1a1dcfc7cec206573105eb4af91155c2"},"breadcrumb":{"@id":"https:\/\/blogs.thesocialmedia.com\/leblogmoto\/2006\/06\/29\/lumbrella-accad\/#breadcrumb"},"inLanguage":"fr-FR","potentialAction":[{"@type":"ReadAction","target":["https:\/\/blogs.thesocialmedia.com\/leblogmoto\/2006\/06\/29\/lumbrella-accad\/"]}]},{"@type":"ImageObject","inLanguage":"fr-FR","@id":"https:\/\/blogs.thesocialmedia.com\/leblogmoto\/2006\/06\/29\/lumbrella-accad\/#primaryimage","url":"http:\/\/www.leblogmoto.com\/images\/umbrellagirl.jpg","contentUrl":"http:\/\/www.leblogmoto.com\/images\/umbrellagirl.jpg"},{"@type":"BreadcrumbList","@id":"https:\/\/blogs.thesocialmedia.com\/leblogmoto\/2006\/06\/29\/lumbrella-accad\/#breadcrumb","itemListElement":[{"@type":"ListItem","position":1,"name":"Accueil","item":"https:\/\/blogs.thesocialmedia.com\/leblogmoto\/"},{"@type":"ListItem","position":2,"name":"L&rsquo;Umbrella Accademy"}]},{"@type":"WebSite","@id":"https:\/\/blogs.thesocialmedia.com\/leblogmoto\/#website","url":"https:\/\/blogs.thesocialmedia.com\/leblogmoto\/","name":"leblogmoto","description":"Toute l&#039;actualit\u00e9 des 2 roues","potentialAction":[{"@type":"SearchAction","target":{"@type":"EntryPoint","urlTemplate":"https:\/\/blogs.thesocialmedia.com\/leblogmoto\/?s={search_term_string}"},"query-input":{"@type":"PropertyValueSpecification","valueRequired":true,"valueName":"search_term_string"}}],"inLanguage":"fr-FR"},{"@type":"Person","@id":"https:\/\/blogs.thesocialmedia.com\/leblogmoto\/#\/schema\/person\/1a1dcfc7cec206573105eb4af91155c2","name":"andre leconde","image":{"@type":"ImageObject","inLanguage":"fr-FR","@id":"https:\/\/blogs.thesocialmedia.com\/leblogmoto\/#\/schema\/person\/image\/","url":"https:\/\/secure.gravatar.com\/avatar\/?s=96&d=mm&r=g","contentUrl":"https:\/\/secure.gravatar.com\/avatar\/?s=96&d=mm&r=g","caption":"andre leconde"},"url":"https:\/\/blogs.thesocialmedia.com\/leblogmoto\/author\/andre-leconde\/"}]}},"_links":{"self":[{"href":"https:\/\/blogs.thesocialmedia.com\/leblogmoto\/wp-json\/wp\/v2\/posts\/1703","targetHints":{"allow":["GET"]}}],"collection":[{"href":"https:\/\/blogs.thesocialmedia.com\/leblogmoto\/wp-json\/wp\/v2\/posts"}],"about":[{"href":"https:\/\/blogs.thesocialmedia.com\/leblogmoto\/wp-json\/wp\/v2\/types\/post"}],"author":[{"embeddable":true,"href":"https:\/\/blogs.thesocialmedia.com\/leblogmoto\/wp-json\/wp\/v2\/users\/336"}],"replies":[{"embeddable":true,"href":"https:\/\/blogs.thesocialmedia.com\/leblogmoto\/wp-json\/wp\/v2\/comments?post=1703"}],"version-history":[{"count":2,"href":"https:\/\/blogs.thesocialmedia.com\/leblogmoto\/wp-json\/wp\/v2\/posts\/1703\/revisions"}],"predecessor-version":[{"id":7722,"href":"https:\/\/blogs.thesocialmedia.com\/leblogmoto\/wp-json\/wp\/v2\/posts\/1703\/revisions\/7722"}],"wp:attachment":[{"href":"https:\/\/blogs.thesocialmedia.com\/leblogmoto\/wp-json\/wp\/v2\/media?parent=1703"}],"wp:term":[{"taxonomy":"category","embeddable":true,"href":"https:\/\/blogs.thesocialmedia.com\/leblogmoto\/wp-json\/wp\/v2\/categories?post=1703"},{"taxonomy":"post_tag","embeddable":true,"href":"https:\/\/blogs.thesocialmedia.com\/leblogmoto\/wp-json\/wp\/v2\/tags?post=1703"}],"curies":[{"name":"wp","href":"https:\/\/api.w.org\/{rel}","templated":true}]}}