{"id":1708,"date":"2006-06-28T18:47:21","date_gmt":"2006-06-28T18:47:21","guid":{"rendered":"http:\/\/blogs.thesocialmedia.com\/leblogmoto\/2006\/06\/28\/ide-de-campagne\/"},"modified":"2006-06-28T18:47:21","modified_gmt":"2006-06-28T18:47:21","slug":"ide-de-campagne","status":"publish","type":"post","link":"https:\/\/blogs.thesocialmedia.com\/leblogmoto\/2006\/06\/28\/ide-de-campagne\/","title":{"rendered":"Id\u00e9e de campagne h\u00e9xagonale"},"content":{"rendered":"<p><embed src=\"http:\/\/www.youtube.com\/v\/stwiu3akb5I\" width=\"425\" height=\"350\" type=\"application\/x-shockwave-flash\"><\/embed><\/p>\n<p>Les anglo-saxons semblent d\u00e9cid\u00e9ment avoir<a href=\"http:\/\/www.leblogmoto.com\/2006\/02\/_httpruinerpwpb.html\"> la sensibilit\u00e9 idoine<\/a> pour parler de s\u00e9curit\u00e9 routi\u00e8re pour les motards.<\/p>\n<p>Plut\u00f4t que de <a href=\"http:\/\/www.leblogmoto.com\/2006\/06\/chronique_de_la.html\">fustiger et cibler<\/a>, voici une d\u00e9marche p\u00e9dagogique pour ceux qui se d\u00e9placent avec la masse roulante la plus imposante. Et de clairement faire appel au sens des responsabilit\u00e9s qui en d\u00e9coule. A m\u00e9diter.<\/p>\n<p>SOURCE: <a href=\"http:\/\/www.motoblog.it\">www.motoblog.it<\/a>&nbsp; <\/p>\n","protected":false},"excerpt":{"rendered":"<p>Les anglo-saxons semblent d\u00e9cid\u00e9ment avoir la sensibilit\u00e9 idoine pour parler de s\u00e9curit\u00e9 routi\u00e8re pour les motards. Plut\u00f4t que de fustiger et cibler, voici une d\u00e9marche p\u00e9dagogique pour ceux qui se d\u00e9placent avec la masse roulante la plus imposante. Et de clairement faire appel au sens des responsabilit\u00e9s qui en d\u00e9coule. A m\u00e9diter. SOURCE: www.motoblog.it&nbsp;<\/p>\n","protected":false},"author":336,"featured_media":0,"comment_status":"open","ping_status":"open","sticky":false,"template":"","format":"standard","meta":{"footnotes":""},"categories":[27,12],"tags":[],"class_list":["post-1708","post","type-post","status-publish","format-standard","hentry","category-securite","category-videos"],"yoast_head":"<!-- This site is optimized with the Yoast SEO plugin v26.0 - https:\/\/yoast.com\/wordpress\/plugins\/seo\/ -->\n<title>Id\u00e9e de campagne h\u00e9xagonale - leblogmoto.com<\/title>\n<meta name=\"robots\" content=\"index, follow, max-snippet:-1, max-image-preview:large, max-video-preview:-1\" \/>\n<link rel=\"canonical\" href=\"https:\/\/blogs.thesocialmedia.com\/leblogmoto\/2006\/06\/28\/ide-de-campagne\/\" \/>\n<meta name=\"twitter:card\" content=\"summary_large_image\" \/>\n<meta name=\"twitter:title\" content=\"Id\u00e9e de campagne h\u00e9xagonale - leblogmoto.com\" \/>\n<meta name=\"twitter:description\" content=\"Les anglo-saxons semblent d\u00e9cid\u00e9ment avoir la sensibilit\u00e9 idoine pour parler de s\u00e9curit\u00e9 routi\u00e8re pour les motards. Plut\u00f4t que de fustiger et cibler, voici une d\u00e9marche p\u00e9dagogique pour ceux qui se d\u00e9placent avec la masse roulante la plus imposante. Et de clairement faire appel au sens des responsabilit\u00e9s qui en d\u00e9coule. A m\u00e9diter. SOURCE: www.motoblog.it&nbsp;\" \/>\n<meta name=\"twitter:label1\" content=\"\u00c9crit par\" \/>\n\t<meta name=\"twitter:data1\" content=\"andre leconde\" \/>\n<script type=\"application\/ld+json\" class=\"yoast-schema-graph\">{\"@context\":\"https:\/\/schema.org\",\"@graph\":[{\"@type\":\"WebPage\",\"@id\":\"https:\/\/blogs.thesocialmedia.com\/leblogmoto\/2006\/06\/28\/ide-de-campagne\/\",\"url\":\"https:\/\/blogs.thesocialmedia.com\/leblogmoto\/2006\/06\/28\/ide-de-campagne\/\",\"name\":\"Id\u00e9e de campagne h\u00e9xagonale - leblogmoto.com\",\"isPartOf\":{\"@id\":\"https:\/\/blogs.thesocialmedia.com\/leblogmoto\/#website\"},\"datePublished\":\"2006-06-28T18:47:21+00:00\",\"author\":{\"@id\":\"https:\/\/blogs.thesocialmedia.com\/leblogmoto\/#\/schema\/person\/1a1dcfc7cec206573105eb4af91155c2\"},\"breadcrumb\":{\"@id\":\"https:\/\/blogs.thesocialmedia.com\/leblogmoto\/2006\/06\/28\/ide-de-campagne\/#breadcrumb\"},\"inLanguage\":\"fr-FR\",\"potentialAction\":[{\"@type\":\"ReadAction\",\"target\":[\"https:\/\/blogs.thesocialmedia.com\/leblogmoto\/2006\/06\/28\/ide-de-campagne\/\"]}]},{\"@type\":\"BreadcrumbList\",\"@id\":\"https:\/\/blogs.thesocialmedia.com\/leblogmoto\/2006\/06\/28\/ide-de-campagne\/#breadcrumb\",\"itemListElement\":[{\"@type\":\"ListItem\",\"position\":1,\"name\":\"Accueil\",\"item\":\"https:\/\/blogs.thesocialmedia.com\/leblogmoto\/\"},{\"@type\":\"ListItem\",\"position\":2,\"name\":\"Id\u00e9e de campagne h\u00e9xagonale\"}]},{\"@type\":\"WebSite\",\"@id\":\"https:\/\/blogs.thesocialmedia.com\/leblogmoto\/#website\",\"url\":\"https:\/\/blogs.thesocialmedia.com\/leblogmoto\/\",\"name\":\"leblogmoto\",\"description\":\"Toute l&#039;actualit\u00e9 des 2 roues\",\"potentialAction\":[{\"@type\":\"SearchAction\",\"target\":{\"@type\":\"EntryPoint\",\"urlTemplate\":\"https:\/\/blogs.thesocialmedia.com\/leblogmoto\/?s={search_term_string}\"},\"query-input\":{\"@type\":\"PropertyValueSpecification\",\"valueRequired\":true,\"valueName\":\"search_term_string\"}}],\"inLanguage\":\"fr-FR\"},{\"@type\":\"Person\",\"@id\":\"https:\/\/blogs.thesocialmedia.com\/leblogmoto\/#\/schema\/person\/1a1dcfc7cec206573105eb4af91155c2\",\"name\":\"andre leconde\",\"image\":{\"@type\":\"ImageObject\",\"inLanguage\":\"fr-FR\",\"@id\":\"https:\/\/blogs.thesocialmedia.com\/leblogmoto\/#\/schema\/person\/image\/\",\"url\":\"https:\/\/secure.gravatar.com\/avatar\/?s=96&d=mm&r=g\",\"contentUrl\":\"https:\/\/secure.gravatar.com\/avatar\/?s=96&d=mm&r=g\",\"caption\":\"andre leconde\"},\"url\":\"https:\/\/blogs.thesocialmedia.com\/leblogmoto\/author\/andre-leconde\/\"}]}<\/script>\n<!-- \/ Yoast SEO plugin. -->","yoast_head_json":{"title":"Id\u00e9e de campagne h\u00e9xagonale - leblogmoto.com","robots":{"index":"index","follow":"follow","max-snippet":"max-snippet:-1","max-image-preview":"max-image-preview:large","max-video-preview":"max-video-preview:-1"},"canonical":"https:\/\/blogs.thesocialmedia.com\/leblogmoto\/2006\/06\/28\/ide-de-campagne\/","twitter_card":"summary_large_image","twitter_title":"Id\u00e9e de campagne h\u00e9xagonale - leblogmoto.com","twitter_description":"Les anglo-saxons semblent d\u00e9cid\u00e9ment avoir la sensibilit\u00e9 idoine pour parler de s\u00e9curit\u00e9 routi\u00e8re pour les motards. Plut\u00f4t que de fustiger et cibler, voici une d\u00e9marche p\u00e9dagogique pour ceux qui se d\u00e9placent avec la masse roulante la plus imposante. Et de clairement faire appel au sens des responsabilit\u00e9s qui en d\u00e9coule. A m\u00e9diter. SOURCE: www.motoblog.it&nbsp;","twitter_misc":{"\u00c9crit par":"andre leconde"},"schema":{"@context":"https:\/\/schema.org","@graph":[{"@type":"WebPage","@id":"https:\/\/blogs.thesocialmedia.com\/leblogmoto\/2006\/06\/28\/ide-de-campagne\/","url":"https:\/\/blogs.thesocialmedia.com\/leblogmoto\/2006\/06\/28\/ide-de-campagne\/","name":"Id\u00e9e de campagne h\u00e9xagonale - leblogmoto.com","isPartOf":{"@id":"https:\/\/blogs.thesocialmedia.com\/leblogmoto\/#website"},"datePublished":"2006-06-28T18:47:21+00:00","author":{"@id":"https:\/\/blogs.thesocialmedia.com\/leblogmoto\/#\/schema\/person\/1a1dcfc7cec206573105eb4af91155c2"},"breadcrumb":{"@id":"https:\/\/blogs.thesocialmedia.com\/leblogmoto\/2006\/06\/28\/ide-de-campagne\/#breadcrumb"},"inLanguage":"fr-FR","potentialAction":[{"@type":"ReadAction","target":["https:\/\/blogs.thesocialmedia.com\/leblogmoto\/2006\/06\/28\/ide-de-campagne\/"]}]},{"@type":"BreadcrumbList","@id":"https:\/\/blogs.thesocialmedia.com\/leblogmoto\/2006\/06\/28\/ide-de-campagne\/#breadcrumb","itemListElement":[{"@type":"ListItem","position":1,"name":"Accueil","item":"https:\/\/blogs.thesocialmedia.com\/leblogmoto\/"},{"@type":"ListItem","position":2,"name":"Id\u00e9e de campagne h\u00e9xagonale"}]},{"@type":"WebSite","@id":"https:\/\/blogs.thesocialmedia.com\/leblogmoto\/#website","url":"https:\/\/blogs.thesocialmedia.com\/leblogmoto\/","name":"leblogmoto","description":"Toute l&#039;actualit\u00e9 des 2 roues","potentialAction":[{"@type":"SearchAction","target":{"@type":"EntryPoint","urlTemplate":"https:\/\/blogs.thesocialmedia.com\/leblogmoto\/?s={search_term_string}"},"query-input":{"@type":"PropertyValueSpecification","valueRequired":true,"valueName":"search_term_string"}}],"inLanguage":"fr-FR"},{"@type":"Person","@id":"https:\/\/blogs.thesocialmedia.com\/leblogmoto\/#\/schema\/person\/1a1dcfc7cec206573105eb4af91155c2","name":"andre leconde","image":{"@type":"ImageObject","inLanguage":"fr-FR","@id":"https:\/\/blogs.thesocialmedia.com\/leblogmoto\/#\/schema\/person\/image\/","url":"https:\/\/secure.gravatar.com\/avatar\/?s=96&d=mm&r=g","contentUrl":"https:\/\/secure.gravatar.com\/avatar\/?s=96&d=mm&r=g","caption":"andre leconde"},"url":"https:\/\/blogs.thesocialmedia.com\/leblogmoto\/author\/andre-leconde\/"}]}},"_links":{"self":[{"href":"https:\/\/blogs.thesocialmedia.com\/leblogmoto\/wp-json\/wp\/v2\/posts\/1708","targetHints":{"allow":["GET"]}}],"collection":[{"href":"https:\/\/blogs.thesocialmedia.com\/leblogmoto\/wp-json\/wp\/v2\/posts"}],"about":[{"href":"https:\/\/blogs.thesocialmedia.com\/leblogmoto\/wp-json\/wp\/v2\/types\/post"}],"author":[{"embeddable":true,"href":"https:\/\/blogs.thesocialmedia.com\/leblogmoto\/wp-json\/wp\/v2\/users\/336"}],"replies":[{"embeddable":true,"href":"https:\/\/blogs.thesocialmedia.com\/leblogmoto\/wp-json\/wp\/v2\/comments?post=1708"}],"version-history":[{"count":0,"href":"https:\/\/blogs.thesocialmedia.com\/leblogmoto\/wp-json\/wp\/v2\/posts\/1708\/revisions"}],"wp:attachment":[{"href":"https:\/\/blogs.thesocialmedia.com\/leblogmoto\/wp-json\/wp\/v2\/media?parent=1708"}],"wp:term":[{"taxonomy":"category","embeddable":true,"href":"https:\/\/blogs.thesocialmedia.com\/leblogmoto\/wp-json\/wp\/v2\/categories?post=1708"},{"taxonomy":"post_tag","embeddable":true,"href":"https:\/\/blogs.thesocialmedia.com\/leblogmoto\/wp-json\/wp\/v2\/tags?post=1708"}],"curies":[{"name":"wp","href":"https:\/\/api.w.org\/{rel}","templated":true}]}}