{"id":1709,"date":"2006-06-28T13:09:55","date_gmt":"2006-06-28T13:09:55","guid":{"rendered":"http:\/\/blogs.thesocialmedia.com\/leblogmoto\/2006\/06\/28\/motogp-fabrizio\/"},"modified":"2012-07-11T14:26:48","modified_gmt":"2012-07-11T14:26:48","slug":"motogp-fabrizio","status":"publish","type":"post","link":"https:\/\/blogs.thesocialmedia.com\/leblogmoto\/2006\/06\/28\/motogp-fabrizio\/","title":{"rendered":"MotoGP: FABRIZIO remplace ELIAS"},"content":{"rendered":"<p><a href=\"http:\/\/blogs.thesocialmedia.com\/leblogmoto\/files\/2012\/07\/qatar_14v_b.jpg\"><img loading=\"lazy\" decoding=\"async\" height=\"377\" alt=\"Qatar_14v_b\" src=\"http:\/\/www.leblogmoto.com\/images\/qatar_14v_b.jpg\" width=\"250\"  \/><\/a>Il y aura deux italiens dans le <a href=\"http:\/\/www.leblogmoto.com\/2006\/06\/motogp_gersini_.html\">team GRESINI<\/a> ce week-end, \u00e0 DONINGTON. Le prometteur <strong>Michel FABRIZIO<\/strong>, \u00e2g\u00e9 de<strong> 21<\/strong> ans, a ainsi \u00e9t\u00e9 appel\u00e9 en remplacement de <strong>Toni ELIAS<\/strong>, s\u00e9v\u00e9rement<a href=\"http:\/\/www.leblogmoto.com\/2006\/06\/assen_motogp_ro.html\"> bless\u00e9 \u00e0 ASSEN<\/a>.<\/p>\n<p>Le nom de <a href=\"http:\/\/www.leblogmoto.com\/2006\/06\/motogp_barros_r.html\">BARROS<\/a> avait \u00e9t\u00e9 un temps prononc\u00e9 pour ce poste de pigiste sur la <strong>RC211V<\/strong>, mais le Br\u00e9silien et l&rsquo;argentier de l&rsquo;\u00e9curie, ALTADIS, n&rsquo;ont, semble-t-il, pas r\u00e9ussi \u00e0 trouver un terrain d&rsquo;entente.<\/p>\n<p>FABRIZIO court actuellement en <a href=\"http:\/\/www.leblogmoto.com\/2006\/06\/sbk_misano_pitt.html\">mondial SBK<\/a> sur une HONDA de la structure <strong>DFX<\/strong>.<\/p>\n<p>DONINGTON ne sera pas son premier GP, puisque, d\u00e9j\u00e0, en <strong>2004<\/strong>, il avait go\u00fbt\u00e9 au panth\u00e9on de la vitesse avec une <strong>WCM<\/strong>.<\/p>\n<p>SOURCE: <a href=\"http:\/\/www.motoblog.it\">www.motoblog.it<\/a>&nbsp; &nbsp;<\/p>\n","protected":false},"excerpt":{"rendered":"<p>Il y aura deux italiens dans le team GRESINI ce week-end, \u00e0 DONINGTON. Le prometteur Michel FABRIZIO, \u00e2g\u00e9 de 21 ans, a ainsi \u00e9t\u00e9 appel\u00e9 en remplacement de Toni ELIAS, s\u00e9v\u00e9rement bless\u00e9 \u00e0 ASSEN. Le nom de BARROS avait \u00e9t\u00e9 un temps prononc\u00e9 pour ce poste de pigiste sur la RC211V, mais le Br\u00e9silien et [&hellip;]<\/p>\n","protected":false},"author":336,"featured_media":0,"comment_status":"open","ping_status":"open","sticky":false,"template":"","format":"standard","meta":{"footnotes":""},"categories":[3,14,22,32],"tags":[],"class_list":["post-1709","post","type-post","status-publish","format-standard","hentry","category-actualite","category-honda","category-motogp","category-sport-moto"],"yoast_head":"<!-- This site is optimized with the Yoast SEO plugin v26.0 - https:\/\/yoast.com\/wordpress\/plugins\/seo\/ -->\n<title>MotoGP: FABRIZIO remplace ELIAS - leblogmoto.com<\/title>\n<meta name=\"robots\" content=\"index, follow, max-snippet:-1, max-image-preview:large, max-video-preview:-1\" \/>\n<link rel=\"canonical\" href=\"https:\/\/blogs.thesocialmedia.com\/leblogmoto\/2006\/06\/28\/motogp-fabrizio\/\" \/>\n<meta name=\"twitter:card\" content=\"summary_large_image\" \/>\n<meta name=\"twitter:title\" content=\"MotoGP: FABRIZIO remplace ELIAS - leblogmoto.com\" \/>\n<meta name=\"twitter:description\" content=\"Il y aura deux italiens dans le team GRESINI ce week-end, \u00e0 DONINGTON. Le prometteur Michel FABRIZIO, \u00e2g\u00e9 de 21 ans, a ainsi \u00e9t\u00e9 appel\u00e9 en remplacement de Toni ELIAS, s\u00e9v\u00e9rement bless\u00e9 \u00e0 ASSEN. Le nom de BARROS avait \u00e9t\u00e9 un temps prononc\u00e9 pour ce poste de pigiste sur la RC211V, mais le Br\u00e9silien et [&hellip;]\" \/>\n<meta name=\"twitter:image\" content=\"http:\/\/www.leblogmoto.com\/images\/qatar_14v_b.jpg\" \/>\n<meta name=\"twitter:label1\" content=\"\u00c9crit par\" \/>\n\t<meta name=\"twitter:data1\" content=\"andre leconde\" \/>\n\t<meta name=\"twitter:label2\" content=\"Dur\u00e9e de lecture estim\u00e9e\" \/>\n\t<meta name=\"twitter:data2\" content=\"1 minute\" \/>\n<script type=\"application\/ld+json\" class=\"yoast-schema-graph\">{\"@context\":\"https:\/\/schema.org\",\"@graph\":[{\"@type\":\"WebPage\",\"@id\":\"https:\/\/blogs.thesocialmedia.com\/leblogmoto\/2006\/06\/28\/motogp-fabrizio\/\",\"url\":\"https:\/\/blogs.thesocialmedia.com\/leblogmoto\/2006\/06\/28\/motogp-fabrizio\/\",\"name\":\"MotoGP: FABRIZIO remplace ELIAS - leblogmoto.com\",\"isPartOf\":{\"@id\":\"https:\/\/blogs.thesocialmedia.com\/leblogmoto\/#website\"},\"primaryImageOfPage\":{\"@id\":\"https:\/\/blogs.thesocialmedia.com\/leblogmoto\/2006\/06\/28\/motogp-fabrizio\/#primaryimage\"},\"image\":{\"@id\":\"https:\/\/blogs.thesocialmedia.com\/leblogmoto\/2006\/06\/28\/motogp-fabrizio\/#primaryimage\"},\"thumbnailUrl\":\"http:\/\/www.leblogmoto.com\/images\/qatar_14v_b.jpg\",\"datePublished\":\"2006-06-28T13:09:55+00:00\",\"dateModified\":\"2012-07-11T14:26:48+00:00\",\"author\":{\"@id\":\"https:\/\/blogs.thesocialmedia.com\/leblogmoto\/#\/schema\/person\/1a1dcfc7cec206573105eb4af91155c2\"},\"breadcrumb\":{\"@id\":\"https:\/\/blogs.thesocialmedia.com\/leblogmoto\/2006\/06\/28\/motogp-fabrizio\/#breadcrumb\"},\"inLanguage\":\"fr-FR\",\"potentialAction\":[{\"@type\":\"ReadAction\",\"target\":[\"https:\/\/blogs.thesocialmedia.com\/leblogmoto\/2006\/06\/28\/motogp-fabrizio\/\"]}]},{\"@type\":\"ImageObject\",\"inLanguage\":\"fr-FR\",\"@id\":\"https:\/\/blogs.thesocialmedia.com\/leblogmoto\/2006\/06\/28\/motogp-fabrizio\/#primaryimage\",\"url\":\"http:\/\/www.leblogmoto.com\/images\/qatar_14v_b.jpg\",\"contentUrl\":\"http:\/\/www.leblogmoto.com\/images\/qatar_14v_b.jpg\"},{\"@type\":\"BreadcrumbList\",\"@id\":\"https:\/\/blogs.thesocialmedia.com\/leblogmoto\/2006\/06\/28\/motogp-fabrizio\/#breadcrumb\",\"itemListElement\":[{\"@type\":\"ListItem\",\"position\":1,\"name\":\"Accueil\",\"item\":\"https:\/\/blogs.thesocialmedia.com\/leblogmoto\/\"},{\"@type\":\"ListItem\",\"position\":2,\"name\":\"MotoGP: FABRIZIO remplace ELIAS\"}]},{\"@type\":\"WebSite\",\"@id\":\"https:\/\/blogs.thesocialmedia.com\/leblogmoto\/#website\",\"url\":\"https:\/\/blogs.thesocialmedia.com\/leblogmoto\/\",\"name\":\"leblogmoto\",\"description\":\"Toute l&#039;actualit\u00e9 des 2 roues\",\"potentialAction\":[{\"@type\":\"SearchAction\",\"target\":{\"@type\":\"EntryPoint\",\"urlTemplate\":\"https:\/\/blogs.thesocialmedia.com\/leblogmoto\/?s={search_term_string}\"},\"query-input\":{\"@type\":\"PropertyValueSpecification\",\"valueRequired\":true,\"valueName\":\"search_term_string\"}}],\"inLanguage\":\"fr-FR\"},{\"@type\":\"Person\",\"@id\":\"https:\/\/blogs.thesocialmedia.com\/leblogmoto\/#\/schema\/person\/1a1dcfc7cec206573105eb4af91155c2\",\"name\":\"andre leconde\",\"image\":{\"@type\":\"ImageObject\",\"inLanguage\":\"fr-FR\",\"@id\":\"https:\/\/blogs.thesocialmedia.com\/leblogmoto\/#\/schema\/person\/image\/\",\"url\":\"https:\/\/secure.gravatar.com\/avatar\/?s=96&d=mm&r=g\",\"contentUrl\":\"https:\/\/secure.gravatar.com\/avatar\/?s=96&d=mm&r=g\",\"caption\":\"andre leconde\"},\"url\":\"https:\/\/blogs.thesocialmedia.com\/leblogmoto\/author\/andre-leconde\/\"}]}<\/script>\n<!-- \/ Yoast SEO plugin. -->","yoast_head_json":{"title":"MotoGP: FABRIZIO remplace ELIAS - leblogmoto.com","robots":{"index":"index","follow":"follow","max-snippet":"max-snippet:-1","max-image-preview":"max-image-preview:large","max-video-preview":"max-video-preview:-1"},"canonical":"https:\/\/blogs.thesocialmedia.com\/leblogmoto\/2006\/06\/28\/motogp-fabrizio\/","twitter_card":"summary_large_image","twitter_title":"MotoGP: FABRIZIO remplace ELIAS - leblogmoto.com","twitter_description":"Il y aura deux italiens dans le team GRESINI ce week-end, \u00e0 DONINGTON. Le prometteur Michel FABRIZIO, \u00e2g\u00e9 de 21 ans, a ainsi \u00e9t\u00e9 appel\u00e9 en remplacement de Toni ELIAS, s\u00e9v\u00e9rement bless\u00e9 \u00e0 ASSEN. Le nom de BARROS avait \u00e9t\u00e9 un temps prononc\u00e9 pour ce poste de pigiste sur la RC211V, mais le Br\u00e9silien et [&hellip;]","twitter_image":"http:\/\/www.leblogmoto.com\/images\/qatar_14v_b.jpg","twitter_misc":{"\u00c9crit par":"andre leconde","Dur\u00e9e de lecture estim\u00e9e":"1 minute"},"schema":{"@context":"https:\/\/schema.org","@graph":[{"@type":"WebPage","@id":"https:\/\/blogs.thesocialmedia.com\/leblogmoto\/2006\/06\/28\/motogp-fabrizio\/","url":"https:\/\/blogs.thesocialmedia.com\/leblogmoto\/2006\/06\/28\/motogp-fabrizio\/","name":"MotoGP: FABRIZIO remplace ELIAS - leblogmoto.com","isPartOf":{"@id":"https:\/\/blogs.thesocialmedia.com\/leblogmoto\/#website"},"primaryImageOfPage":{"@id":"https:\/\/blogs.thesocialmedia.com\/leblogmoto\/2006\/06\/28\/motogp-fabrizio\/#primaryimage"},"image":{"@id":"https:\/\/blogs.thesocialmedia.com\/leblogmoto\/2006\/06\/28\/motogp-fabrizio\/#primaryimage"},"thumbnailUrl":"http:\/\/www.leblogmoto.com\/images\/qatar_14v_b.jpg","datePublished":"2006-06-28T13:09:55+00:00","dateModified":"2012-07-11T14:26:48+00:00","author":{"@id":"https:\/\/blogs.thesocialmedia.com\/leblogmoto\/#\/schema\/person\/1a1dcfc7cec206573105eb4af91155c2"},"breadcrumb":{"@id":"https:\/\/blogs.thesocialmedia.com\/leblogmoto\/2006\/06\/28\/motogp-fabrizio\/#breadcrumb"},"inLanguage":"fr-FR","potentialAction":[{"@type":"ReadAction","target":["https:\/\/blogs.thesocialmedia.com\/leblogmoto\/2006\/06\/28\/motogp-fabrizio\/"]}]},{"@type":"ImageObject","inLanguage":"fr-FR","@id":"https:\/\/blogs.thesocialmedia.com\/leblogmoto\/2006\/06\/28\/motogp-fabrizio\/#primaryimage","url":"http:\/\/www.leblogmoto.com\/images\/qatar_14v_b.jpg","contentUrl":"http:\/\/www.leblogmoto.com\/images\/qatar_14v_b.jpg"},{"@type":"BreadcrumbList","@id":"https:\/\/blogs.thesocialmedia.com\/leblogmoto\/2006\/06\/28\/motogp-fabrizio\/#breadcrumb","itemListElement":[{"@type":"ListItem","position":1,"name":"Accueil","item":"https:\/\/blogs.thesocialmedia.com\/leblogmoto\/"},{"@type":"ListItem","position":2,"name":"MotoGP: FABRIZIO remplace ELIAS"}]},{"@type":"WebSite","@id":"https:\/\/blogs.thesocialmedia.com\/leblogmoto\/#website","url":"https:\/\/blogs.thesocialmedia.com\/leblogmoto\/","name":"leblogmoto","description":"Toute l&#039;actualit\u00e9 des 2 roues","potentialAction":[{"@type":"SearchAction","target":{"@type":"EntryPoint","urlTemplate":"https:\/\/blogs.thesocialmedia.com\/leblogmoto\/?s={search_term_string}"},"query-input":{"@type":"PropertyValueSpecification","valueRequired":true,"valueName":"search_term_string"}}],"inLanguage":"fr-FR"},{"@type":"Person","@id":"https:\/\/blogs.thesocialmedia.com\/leblogmoto\/#\/schema\/person\/1a1dcfc7cec206573105eb4af91155c2","name":"andre leconde","image":{"@type":"ImageObject","inLanguage":"fr-FR","@id":"https:\/\/blogs.thesocialmedia.com\/leblogmoto\/#\/schema\/person\/image\/","url":"https:\/\/secure.gravatar.com\/avatar\/?s=96&d=mm&r=g","contentUrl":"https:\/\/secure.gravatar.com\/avatar\/?s=96&d=mm&r=g","caption":"andre leconde"},"url":"https:\/\/blogs.thesocialmedia.com\/leblogmoto\/author\/andre-leconde\/"}]}},"_links":{"self":[{"href":"https:\/\/blogs.thesocialmedia.com\/leblogmoto\/wp-json\/wp\/v2\/posts\/1709","targetHints":{"allow":["GET"]}}],"collection":[{"href":"https:\/\/blogs.thesocialmedia.com\/leblogmoto\/wp-json\/wp\/v2\/posts"}],"about":[{"href":"https:\/\/blogs.thesocialmedia.com\/leblogmoto\/wp-json\/wp\/v2\/types\/post"}],"author":[{"embeddable":true,"href":"https:\/\/blogs.thesocialmedia.com\/leblogmoto\/wp-json\/wp\/v2\/users\/336"}],"replies":[{"embeddable":true,"href":"https:\/\/blogs.thesocialmedia.com\/leblogmoto\/wp-json\/wp\/v2\/comments?post=1709"}],"version-history":[{"count":2,"href":"https:\/\/blogs.thesocialmedia.com\/leblogmoto\/wp-json\/wp\/v2\/posts\/1709\/revisions"}],"predecessor-version":[{"id":7712,"href":"https:\/\/blogs.thesocialmedia.com\/leblogmoto\/wp-json\/wp\/v2\/posts\/1709\/revisions\/7712"}],"wp:attachment":[{"href":"https:\/\/blogs.thesocialmedia.com\/leblogmoto\/wp-json\/wp\/v2\/media?parent=1709"}],"wp:term":[{"taxonomy":"category","embeddable":true,"href":"https:\/\/blogs.thesocialmedia.com\/leblogmoto\/wp-json\/wp\/v2\/categories?post=1709"},{"taxonomy":"post_tag","embeddable":true,"href":"https:\/\/blogs.thesocialmedia.com\/leblogmoto\/wp-json\/wp\/v2\/tags?post=1709"}],"curies":[{"name":"wp","href":"https:\/\/api.w.org\/{rel}","templated":true}]}}