{"id":171,"date":"2009-04-25T21:22:14","date_gmt":"2009-04-25T21:22:14","guid":{"rendered":"http:\/\/blogs.thesocialmedia.com\/leblogmoto\/2009\/04\/25\/wsbk-assen-et-de-quatre-pour-spies\/"},"modified":"2012-07-11T17:21:22","modified_gmt":"2012-07-11T17:21:22","slug":"wsbk-assen-et-de-quatre-pour-spies","status":"publish","type":"post","link":"https:\/\/blogs.thesocialmedia.com\/leblogmoto\/2009\/04\/25\/wsbk-assen-et-de-quatre-pour-spies\/","title":{"rendered":"WSBK Assen &#8211; Et de quatre pour Spies"},"content":{"rendered":"<p><a href=\"http:\/\/blogs.thesocialmedia.com\/leblogmoto\/files\/2012\/07\/6a00d83451b18369e201156f5bc603970c-popup.png\"><img decoding=\"async\" alt=\"Assen1\" class=\"at-xid-6a00d83451b18369e201156f5bc603970c \" src=\"http:\/\/blogs.thesocialmedia.com\/leblogmoto\/files\/2012\/07\/6a00d83451b18369e201156f5bc603970c-500wi.jpg\" style=\"width: 470px\" \/><\/a> <\/p>\n<p>Il y a comme une redondance de la part de Ben Spies et ses poles \u00e0 r\u00e9p\u00e9tition, au point que la surprise viendra le jour o\u00f9 il ne la fera pas. Ce qui lui manque maintenant est la constance en course, parce qu&#039;il a beau prendre rapidement&#160; ses marques sur ces nouveaux circuits qu&#039;il d\u00e9couvre, presque chaque week-end, et tirer tout le potentiel de sa R1 pour un ou deux tours rapides, l&#039;erreur en course se cache \u00e0 chaque virage. Et avec un Haga qui semble ne pas trop se pr\u00e9occuper de sa v\u00e9locit\u00e9 en qualif, mais qui ne manque pas d&#039;\u00eatre rapidement aux avants-poste d\u00e8s la fin du premier tour, Spies risque bien, encore une fois, en avoir plein les bras avec Haga, qui incidemment sera 4e sur la premi\u00e8re ligne.<\/p>\n<p> La surprise de la journ\u00e9e vient de <a href=\"http:\/\/www.facebook.com\/pages\/JAKUB-SMRZ-96\/20047122861\">Jakub Smrz<\/a>, qui taquinera le temps de Spies pour la superpole, et de <a href=\"http:\/\/www.leonhaslam.com\/\">Leon Haslam<\/a>, un autre client prenant la mesure de l&#039;\u00e9quipe officielle. En effet, <a href=\"http:\/\/www.tenkateracing.com\/en\/\">Ten Kate Honda<\/a>, qui court \u00e0 la maison, ne peut faire mieux que 7e, 11e et 16e avec dans l&#039;ordre Carlos Checa, Jonathan Rea et Kiyonari.<br \/>Avant de poursuivre avec les d\u00e9ceptions, mentionnons que Max Neukirchner se maintient devant, 6e aujourd&#039;hui, et confirme un excellent d\u00e9but de saison. Sa troisi\u00e8me place au championnat par contre risque d&#039;\u00eatre difficile \u00e0 maintenir.<br \/>Derri\u00e8re, une 12e pour R\u00e9gis Laconi qui nous faisait esp\u00e9rer mieux, et \u00e0 part Biaggi sur son Aprilia RSV-4 qui assure, 10e, Nakano sur l&#039;autre RSV-4 et les deux BMW semble vraiment \u00e0 la peine. Il leur faudra plus que des \u00e9clairs de brillance pour esp\u00e9rer, ne serait-ce qu&#039;un podium.<br \/>John Hopkins (Stiggy Honda) ayant violemment chut\u00e9 d\u00e8s les premiers tours en qualification, se blessant \u00e0 la hanche, ne participera pas \u00e0 l&#039;\u00e9preuve de dimanche, et son cas est encore incertain pour la suite des choses \u00e0 Monza.<\/p>\n<p><a href=\"http:\/\/clabedan.typepad.com\/.a\/6a00d83451b18369e201157051ed63970b-popup\"><img decoding=\"async\" alt=\"Assen2\" class=\"at-xid-6a00d83451b18369e201157051ed63970b\" src=\"http:\/\/blogs.thesocialmedia.com\/leblogmoto\/files\/2012\/07\/6a00d83451b18369e201157051ed63970b-500wi.jpg\" style=\"width: 470px\" \/><\/a> <\/p>\n<p><a href=\"http:\/\/blogs.thesocialmedia.com\/leblogmoto\/files\/2012\/07\/6a00d83451b18369e201156f5bc65c970c-popup.png\"><img decoding=\"async\" alt=\"Assen3\" class=\"at-xid-6a00d83451b18369e201156f5bc65c970c \" src=\"http:\/\/blogs.thesocialmedia.com\/leblogmoto\/files\/2012\/07\/6a00d83451b18369e201156f5bc65c970c-500wi.jpg\" style=\"width: 470px\" \/><\/a> <\/p>\n<p><a href=\"http:\/\/blogs.thesocialmedia.com\/leblogmoto\/files\/2012\/07\/6a00d83451b18369e201157051ed06970b-popup.png\"><img decoding=\"async\" alt=\"Assen4\" class=\"at-xid-6a00d83451b18369e201157051ed06970b \" src=\"http:\/\/blogs.thesocialmedia.com\/leblogmoto\/files\/2012\/07\/6a00d83451b18369e201157051ed06970b-500wi.jpg\" style=\"width: 470px\" \/><\/a> <\/p>\n<p>1. <strong>Ben Spies<\/strong> USA Yamaha Italia YZF R1 <strong>1min 37.626 sec<\/strong><br \/>2. <strong>Jakub Smrz<\/strong> CZE Guandalini Racing Ducati 1098R <strong>1min 37.765 sec<\/strong><br \/>3. <strong>Leon Haslam<\/strong> GBR Stiggy Motorsport Honda CBR1000RR <strong>1min 38.072 sec<\/strong><br \/>4. <strong>Noriyuki Haga<\/strong> JPN Ducati Xerox 1098R <strong>1min 38.202 sec<\/strong><br \/>5. Michel Fabrizio ITA Ducati Xerox 1098R 1min 38.215 sec<br \/>6. Max Neukirchner GER Alstare Suzuki GSX-R 1000K9 1min 38.363 sec<br \/>7. Carlos Checa ESP HANNspree Ten Kate Honda CBR1000RR 1min 38.640 sec<br \/>8. Tom Sykes GBR Yamaha Italia YZF R1 1min 38.770 sec<br \/>Superpole 2<br \/>9. Yukio Kagayama JPN Alstare Suzuki GSX-R 1000K9 1min 38.288 sec<br \/>10. Max Biaggi ITA Aprilia Racing RSV-4 1min 38.441 sec<br \/>11. Jonathan Rea GBR HANNspree Ten Kate Honda CBR1000RR 1min 38.510 sec<br \/>12. Regis Laconi FRA DFX Corse Ducati 1098R 1min 38.521 sec<br \/>13. Karl Muggeridge AUS Celani Suzuki GSX-R1000 1min 38.802 sec<br \/>14. Shane Byrne GBR Sterilgarda Ducati 1098R 1min 38.881 sec<br \/>15. Troy Corser AUS BMW Motorrad S1000RR 1min 38.906 sec<br \/>16. Ryuichi Kiyonari JPN Ten Kate Honda CBR1000RR 1min 39.079 sec<br \/>Superpole 1<br \/>17. Tommy Hill GBR HANNspree Althea Honda CBR1000RR 1min 39.387 sec<br \/>18. Brendan Roberts AUS Guandalini Racing Ducati 1098R 1min 39.390 sec<br \/>19. Shinya Nakano JPN Aprilia Racing RSV-4 1min 39.569 sec<br \/>20. Ruben Xaus ESP BMW Motorrad S1000RR 1min 39.643 sec<\/p>\n<p>Source: <a href=\"http:\/\/www.crash.net\/wsbk\/home.html\">Crash.net<\/a><\/p>\n","protected":false},"excerpt":{"rendered":"<p>Il y a comme une redondance de la part de Ben Spies et ses poles \u00e0 r\u00e9p\u00e9tition, au point que la surprise viendra le jour o\u00f9 il ne la fera pas. Ce qui lui manque maintenant est la constance en course, parce qu&#039;il a beau prendre rapidement&#160; ses marques sur ces nouveaux circuits qu&#039;il d\u00e9couvre, [&hellip;]<\/p>\n","protected":false},"author":325,"featured_media":13367,"comment_status":"open","ping_status":"open","sticky":false,"template":"","format":"standard","meta":{"footnotes":""},"categories":[43],"tags":[],"class_list":["post-171","post","type-post","status-publish","format-standard","has-post-thumbnail","hentry","category-wsbk"],"yoast_head":"<!-- This site is optimized with the Yoast SEO plugin v26.0 - https:\/\/yoast.com\/wordpress\/plugins\/seo\/ -->\n<title>WSBK Assen - Et de quatre pour Spies - leblogmoto.com<\/title>\n<meta name=\"robots\" content=\"index, follow, max-snippet:-1, max-image-preview:large, max-video-preview:-1\" \/>\n<link rel=\"canonical\" href=\"https:\/\/blogs.thesocialmedia.com\/leblogmoto\/2009\/04\/25\/wsbk-assen-et-de-quatre-pour-spies\/\" \/>\n<meta name=\"twitter:card\" content=\"summary_large_image\" \/>\n<meta name=\"twitter:title\" content=\"WSBK Assen - Et de quatre pour Spies - leblogmoto.com\" \/>\n<meta name=\"twitter:description\" content=\"Il y a comme une redondance de la part de Ben Spies et ses poles \u00e0 r\u00e9p\u00e9tition, au point que la surprise viendra le jour o\u00f9 il ne la fera pas. Ce qui lui manque maintenant est la constance en course, parce qu&#039;il a beau prendre rapidement&#160; ses marques sur ces nouveaux circuits qu&#039;il d\u00e9couvre, [&hellip;]\" \/>\n<meta name=\"twitter:image\" content=\"https:\/\/blogs.thesocialmedia.com\/leblogmoto\/files\/2012\/07\/6a00d83451b18369e201156f5bc603970c-500wi.jpg\" \/>\n<meta name=\"twitter:label1\" content=\"\u00c9crit par\" \/>\n\t<meta name=\"twitter:data1\" content=\"jacques lesage\" \/>\n\t<meta name=\"twitter:label2\" content=\"Dur\u00e9e de lecture estim\u00e9e\" \/>\n\t<meta name=\"twitter:data2\" content=\"3 minutes\" \/>\n<script type=\"application\/ld+json\" class=\"yoast-schema-graph\">{\"@context\":\"https:\/\/schema.org\",\"@graph\":[{\"@type\":\"WebPage\",\"@id\":\"https:\/\/blogs.thesocialmedia.com\/leblogmoto\/2009\/04\/25\/wsbk-assen-et-de-quatre-pour-spies\/\",\"url\":\"https:\/\/blogs.thesocialmedia.com\/leblogmoto\/2009\/04\/25\/wsbk-assen-et-de-quatre-pour-spies\/\",\"name\":\"WSBK Assen - Et de quatre pour Spies - leblogmoto.com\",\"isPartOf\":{\"@id\":\"https:\/\/blogs.thesocialmedia.com\/leblogmoto\/#website\"},\"primaryImageOfPage\":{\"@id\":\"https:\/\/blogs.thesocialmedia.com\/leblogmoto\/2009\/04\/25\/wsbk-assen-et-de-quatre-pour-spies\/#primaryimage\"},\"image\":{\"@id\":\"https:\/\/blogs.thesocialmedia.com\/leblogmoto\/2009\/04\/25\/wsbk-assen-et-de-quatre-pour-spies\/#primaryimage\"},\"thumbnailUrl\":\"https:\/\/blogs.thesocialmedia.com\/leblogmoto\/files\/2012\/07\/6a00d83451b18369e201156f5bc603970c-500wi.jpg\",\"datePublished\":\"2009-04-25T21:22:14+00:00\",\"dateModified\":\"2012-07-11T17:21:22+00:00\",\"author\":{\"@id\":\"https:\/\/blogs.thesocialmedia.com\/leblogmoto\/#\/schema\/person\/e82a0ca8a9a63d031586097a3ed58526\"},\"breadcrumb\":{\"@id\":\"https:\/\/blogs.thesocialmedia.com\/leblogmoto\/2009\/04\/25\/wsbk-assen-et-de-quatre-pour-spies\/#breadcrumb\"},\"inLanguage\":\"fr-FR\",\"potentialAction\":[{\"@type\":\"ReadAction\",\"target\":[\"https:\/\/blogs.thesocialmedia.com\/leblogmoto\/2009\/04\/25\/wsbk-assen-et-de-quatre-pour-spies\/\"]}]},{\"@type\":\"ImageObject\",\"inLanguage\":\"fr-FR\",\"@id\":\"https:\/\/blogs.thesocialmedia.com\/leblogmoto\/2009\/04\/25\/wsbk-assen-et-de-quatre-pour-spies\/#primaryimage\",\"url\":\"https:\/\/blogs.thesocialmedia.com\/leblogmoto\/files\/2012\/07\/6a00d83451b18369e201156f5bc603970c-500wi.jpg\",\"contentUrl\":\"https:\/\/blogs.thesocialmedia.com\/leblogmoto\/files\/2012\/07\/6a00d83451b18369e201156f5bc603970c-500wi.jpg\",\"width\":\"500\",\"height\":\"333\"},{\"@type\":\"BreadcrumbList\",\"@id\":\"https:\/\/blogs.thesocialmedia.com\/leblogmoto\/2009\/04\/25\/wsbk-assen-et-de-quatre-pour-spies\/#breadcrumb\",\"itemListElement\":[{\"@type\":\"ListItem\",\"position\":1,\"name\":\"Accueil\",\"item\":\"https:\/\/blogs.thesocialmedia.com\/leblogmoto\/\"},{\"@type\":\"ListItem\",\"position\":2,\"name\":\"WSBK Assen &#8211; Et de quatre pour Spies\"}]},{\"@type\":\"WebSite\",\"@id\":\"https:\/\/blogs.thesocialmedia.com\/leblogmoto\/#website\",\"url\":\"https:\/\/blogs.thesocialmedia.com\/leblogmoto\/\",\"name\":\"leblogmoto\",\"description\":\"Toute l&#039;actualit\u00e9 des 2 roues\",\"potentialAction\":[{\"@type\":\"SearchAction\",\"target\":{\"@type\":\"EntryPoint\",\"urlTemplate\":\"https:\/\/blogs.thesocialmedia.com\/leblogmoto\/?s={search_term_string}\"},\"query-input\":{\"@type\":\"PropertyValueSpecification\",\"valueRequired\":true,\"valueName\":\"search_term_string\"}}],\"inLanguage\":\"fr-FR\"},{\"@type\":\"Person\",\"@id\":\"https:\/\/blogs.thesocialmedia.com\/leblogmoto\/#\/schema\/person\/e82a0ca8a9a63d031586097a3ed58526\",\"name\":\"jacques lesage\",\"image\":{\"@type\":\"ImageObject\",\"inLanguage\":\"fr-FR\",\"@id\":\"https:\/\/blogs.thesocialmedia.com\/leblogmoto\/#\/schema\/person\/image\/\",\"url\":\"https:\/\/secure.gravatar.com\/avatar\/?s=96&d=mm&r=g\",\"contentUrl\":\"https:\/\/secure.gravatar.com\/avatar\/?s=96&d=mm&r=g\",\"caption\":\"jacques lesage\"},\"url\":\"https:\/\/blogs.thesocialmedia.com\/leblogmoto\/author\/jacques-lesage\/\"}]}<\/script>\n<!-- \/ Yoast SEO plugin. -->","yoast_head_json":{"title":"WSBK Assen - Et de quatre pour Spies - leblogmoto.com","robots":{"index":"index","follow":"follow","max-snippet":"max-snippet:-1","max-image-preview":"max-image-preview:large","max-video-preview":"max-video-preview:-1"},"canonical":"https:\/\/blogs.thesocialmedia.com\/leblogmoto\/2009\/04\/25\/wsbk-assen-et-de-quatre-pour-spies\/","twitter_card":"summary_large_image","twitter_title":"WSBK Assen - Et de quatre pour Spies - leblogmoto.com","twitter_description":"Il y a comme une redondance de la part de Ben Spies et ses poles \u00e0 r\u00e9p\u00e9tition, au point que la surprise viendra le jour o\u00f9 il ne la fera pas. Ce qui lui manque maintenant est la constance en course, parce qu&#039;il a beau prendre rapidement&#160; ses marques sur ces nouveaux circuits qu&#039;il d\u00e9couvre, [&hellip;]","twitter_image":"https:\/\/blogs.thesocialmedia.com\/leblogmoto\/files\/2012\/07\/6a00d83451b18369e201156f5bc603970c-500wi.jpg","twitter_misc":{"\u00c9crit par":"jacques lesage","Dur\u00e9e de lecture estim\u00e9e":"3 minutes"},"schema":{"@context":"https:\/\/schema.org","@graph":[{"@type":"WebPage","@id":"https:\/\/blogs.thesocialmedia.com\/leblogmoto\/2009\/04\/25\/wsbk-assen-et-de-quatre-pour-spies\/","url":"https:\/\/blogs.thesocialmedia.com\/leblogmoto\/2009\/04\/25\/wsbk-assen-et-de-quatre-pour-spies\/","name":"WSBK Assen - Et de quatre pour Spies - leblogmoto.com","isPartOf":{"@id":"https:\/\/blogs.thesocialmedia.com\/leblogmoto\/#website"},"primaryImageOfPage":{"@id":"https:\/\/blogs.thesocialmedia.com\/leblogmoto\/2009\/04\/25\/wsbk-assen-et-de-quatre-pour-spies\/#primaryimage"},"image":{"@id":"https:\/\/blogs.thesocialmedia.com\/leblogmoto\/2009\/04\/25\/wsbk-assen-et-de-quatre-pour-spies\/#primaryimage"},"thumbnailUrl":"https:\/\/blogs.thesocialmedia.com\/leblogmoto\/files\/2012\/07\/6a00d83451b18369e201156f5bc603970c-500wi.jpg","datePublished":"2009-04-25T21:22:14+00:00","dateModified":"2012-07-11T17:21:22+00:00","author":{"@id":"https:\/\/blogs.thesocialmedia.com\/leblogmoto\/#\/schema\/person\/e82a0ca8a9a63d031586097a3ed58526"},"breadcrumb":{"@id":"https:\/\/blogs.thesocialmedia.com\/leblogmoto\/2009\/04\/25\/wsbk-assen-et-de-quatre-pour-spies\/#breadcrumb"},"inLanguage":"fr-FR","potentialAction":[{"@type":"ReadAction","target":["https:\/\/blogs.thesocialmedia.com\/leblogmoto\/2009\/04\/25\/wsbk-assen-et-de-quatre-pour-spies\/"]}]},{"@type":"ImageObject","inLanguage":"fr-FR","@id":"https:\/\/blogs.thesocialmedia.com\/leblogmoto\/2009\/04\/25\/wsbk-assen-et-de-quatre-pour-spies\/#primaryimage","url":"https:\/\/blogs.thesocialmedia.com\/leblogmoto\/files\/2012\/07\/6a00d83451b18369e201156f5bc603970c-500wi.jpg","contentUrl":"https:\/\/blogs.thesocialmedia.com\/leblogmoto\/files\/2012\/07\/6a00d83451b18369e201156f5bc603970c-500wi.jpg","width":"500","height":"333"},{"@type":"BreadcrumbList","@id":"https:\/\/blogs.thesocialmedia.com\/leblogmoto\/2009\/04\/25\/wsbk-assen-et-de-quatre-pour-spies\/#breadcrumb","itemListElement":[{"@type":"ListItem","position":1,"name":"Accueil","item":"https:\/\/blogs.thesocialmedia.com\/leblogmoto\/"},{"@type":"ListItem","position":2,"name":"WSBK Assen &#8211; Et de quatre pour Spies"}]},{"@type":"WebSite","@id":"https:\/\/blogs.thesocialmedia.com\/leblogmoto\/#website","url":"https:\/\/blogs.thesocialmedia.com\/leblogmoto\/","name":"leblogmoto","description":"Toute l&#039;actualit\u00e9 des 2 roues","potentialAction":[{"@type":"SearchAction","target":{"@type":"EntryPoint","urlTemplate":"https:\/\/blogs.thesocialmedia.com\/leblogmoto\/?s={search_term_string}"},"query-input":{"@type":"PropertyValueSpecification","valueRequired":true,"valueName":"search_term_string"}}],"inLanguage":"fr-FR"},{"@type":"Person","@id":"https:\/\/blogs.thesocialmedia.com\/leblogmoto\/#\/schema\/person\/e82a0ca8a9a63d031586097a3ed58526","name":"jacques lesage","image":{"@type":"ImageObject","inLanguage":"fr-FR","@id":"https:\/\/blogs.thesocialmedia.com\/leblogmoto\/#\/schema\/person\/image\/","url":"https:\/\/secure.gravatar.com\/avatar\/?s=96&d=mm&r=g","contentUrl":"https:\/\/secure.gravatar.com\/avatar\/?s=96&d=mm&r=g","caption":"jacques lesage"},"url":"https:\/\/blogs.thesocialmedia.com\/leblogmoto\/author\/jacques-lesage\/"}]}},"_links":{"self":[{"href":"https:\/\/blogs.thesocialmedia.com\/leblogmoto\/wp-json\/wp\/v2\/posts\/171","targetHints":{"allow":["GET"]}}],"collection":[{"href":"https:\/\/blogs.thesocialmedia.com\/leblogmoto\/wp-json\/wp\/v2\/posts"}],"about":[{"href":"https:\/\/blogs.thesocialmedia.com\/leblogmoto\/wp-json\/wp\/v2\/types\/post"}],"author":[{"embeddable":true,"href":"https:\/\/blogs.thesocialmedia.com\/leblogmoto\/wp-json\/wp\/v2\/users\/325"}],"replies":[{"embeddable":true,"href":"https:\/\/blogs.thesocialmedia.com\/leblogmoto\/wp-json\/wp\/v2\/comments?post=171"}],"version-history":[{"count":2,"href":"https:\/\/blogs.thesocialmedia.com\/leblogmoto\/wp-json\/wp\/v2\/posts\/171\/revisions"}],"predecessor-version":[{"id":13374,"href":"https:\/\/blogs.thesocialmedia.com\/leblogmoto\/wp-json\/wp\/v2\/posts\/171\/revisions\/13374"}],"wp:featuredmedia":[{"embeddable":true,"href":"https:\/\/blogs.thesocialmedia.com\/leblogmoto\/wp-json\/wp\/v2\/media\/13367"}],"wp:attachment":[{"href":"https:\/\/blogs.thesocialmedia.com\/leblogmoto\/wp-json\/wp\/v2\/media?parent=171"}],"wp:term":[{"taxonomy":"category","embeddable":true,"href":"https:\/\/blogs.thesocialmedia.com\/leblogmoto\/wp-json\/wp\/v2\/categories?post=171"},{"taxonomy":"post_tag","embeddable":true,"href":"https:\/\/blogs.thesocialmedia.com\/leblogmoto\/wp-json\/wp\/v2\/tags?post=171"}],"curies":[{"name":"wp","href":"https:\/\/api.w.org\/{rel}","templated":true}]}}