{"id":1712,"date":"2006-06-27T21:19:23","date_gmt":"2006-06-27T21:19:23","guid":{"rendered":"http:\/\/blogs.thesocialmedia.com\/leblogmoto\/2006\/06\/27\/motogp-le-dsesp\/"},"modified":"2012-07-11T14:26:42","modified_gmt":"2012-07-11T14:26:42","slug":"motogp-le-dsesp","status":"publish","type":"post","link":"https:\/\/blogs.thesocialmedia.com\/leblogmoto\/2006\/06\/27\/motogp-le-dsesp\/","title":{"rendered":"MotoGP: Le d\u00e9sespoir de Colin"},"content":{"rendered":"<p><a href=\"http:\/\/blogs.thesocialmedia.com\/leblogmoto\/files\/2012\/07\/tbl_noticias_fichero_imagenes_6919.jpg\"><img loading=\"lazy\" decoding=\"async\" height=\"320\" alt=\"Tbl_noticias_fichero_imagenes_6919\" src=\"http:\/\/www.leblogmoto.com\/images\/tbl_noticias_fichero_imagenes_6919.jpg\" width=\"470\"  \/><\/a>En image, \u00e0 suivre ci-dessous, l&rsquo;incroyable d\u00e9nouement du dernier <a href=\"http:\/\/www.leblogmoto.com\/2006\/06\/assen_motogp_46.html\">Grand Prix des PAYS BAS<\/a> qui s&rsquo;est d\u00e9roul\u00e9 sur le circuit d&rsquo;ASSEN.<\/p>\n<p>Une terrible frustration pour <strong>Colin EDWARDS<\/strong> qui, revenu avec l&rsquo;\u00e9nergie du d\u00e9sespoir sur son compatriote <strong>HAYDEN<\/strong> s&rsquo;est bien vu gagner avant que&#8230;&nbsp; <\/p>\n<p><embed src=\"http:\/\/www.youtube.com\/v\/35wgRzeqst8\" width=\"425\" height=\"350\" type=\"application\/x-shockwave-flash\"><\/embed><\/p>\n<p>La revanche \u00e0 DONINGTON Colin !<\/p>\n","protected":false},"excerpt":{"rendered":"<p>En image, \u00e0 suivre ci-dessous, l&rsquo;incroyable d\u00e9nouement du dernier Grand Prix des PAYS BAS qui s&rsquo;est d\u00e9roul\u00e9 sur le circuit d&rsquo;ASSEN. Une terrible frustration pour Colin EDWARDS qui, revenu avec l&rsquo;\u00e9nergie du d\u00e9sespoir sur son compatriote HAYDEN s&rsquo;est bien vu gagner avant que&#8230;&nbsp; La revanche \u00e0 DONINGTON Colin !<\/p>\n","protected":false},"author":336,"featured_media":0,"comment_status":"open","ping_status":"open","sticky":false,"template":"","format":"standard","meta":{"footnotes":""},"categories":[22,32,44],"tags":[],"class_list":["post-1712","post","type-post","status-publish","format-standard","hentry","category-motogp","category-sport-moto","category-yamaha"],"yoast_head":"<!-- This site is optimized with the Yoast SEO plugin v26.0 - https:\/\/yoast.com\/wordpress\/plugins\/seo\/ -->\n<title>MotoGP: Le d\u00e9sespoir de Colin - leblogmoto.com<\/title>\n<meta name=\"robots\" content=\"index, follow, max-snippet:-1, max-image-preview:large, max-video-preview:-1\" \/>\n<link rel=\"canonical\" href=\"https:\/\/blogs.thesocialmedia.com\/leblogmoto\/2006\/06\/27\/motogp-le-dsesp\/\" \/>\n<meta name=\"twitter:card\" content=\"summary_large_image\" \/>\n<meta name=\"twitter:title\" content=\"MotoGP: Le d\u00e9sespoir de Colin - leblogmoto.com\" \/>\n<meta name=\"twitter:description\" content=\"En image, \u00e0 suivre ci-dessous, l&rsquo;incroyable d\u00e9nouement du dernier Grand Prix des PAYS BAS qui s&rsquo;est d\u00e9roul\u00e9 sur le circuit d&rsquo;ASSEN. Une terrible frustration pour Colin EDWARDS qui, revenu avec l&rsquo;\u00e9nergie du d\u00e9sespoir sur son compatriote HAYDEN s&rsquo;est bien vu gagner avant que&#8230;&nbsp; La revanche \u00e0 DONINGTON Colin !\" \/>\n<meta name=\"twitter:image\" content=\"http:\/\/www.leblogmoto.com\/images\/tbl_noticias_fichero_imagenes_6919.jpg\" \/>\n<meta name=\"twitter:label1\" content=\"\u00c9crit par\" \/>\n\t<meta name=\"twitter:data1\" content=\"andre leconde\" \/>\n<script type=\"application\/ld+json\" class=\"yoast-schema-graph\">{\"@context\":\"https:\/\/schema.org\",\"@graph\":[{\"@type\":\"WebPage\",\"@id\":\"https:\/\/blogs.thesocialmedia.com\/leblogmoto\/2006\/06\/27\/motogp-le-dsesp\/\",\"url\":\"https:\/\/blogs.thesocialmedia.com\/leblogmoto\/2006\/06\/27\/motogp-le-dsesp\/\",\"name\":\"MotoGP: Le d\u00e9sespoir de Colin - leblogmoto.com\",\"isPartOf\":{\"@id\":\"https:\/\/blogs.thesocialmedia.com\/leblogmoto\/#website\"},\"primaryImageOfPage\":{\"@id\":\"https:\/\/blogs.thesocialmedia.com\/leblogmoto\/2006\/06\/27\/motogp-le-dsesp\/#primaryimage\"},\"image\":{\"@id\":\"https:\/\/blogs.thesocialmedia.com\/leblogmoto\/2006\/06\/27\/motogp-le-dsesp\/#primaryimage\"},\"thumbnailUrl\":\"http:\/\/www.leblogmoto.com\/images\/tbl_noticias_fichero_imagenes_6919.jpg\",\"datePublished\":\"2006-06-27T21:19:23+00:00\",\"dateModified\":\"2012-07-11T14:26:42+00:00\",\"author\":{\"@id\":\"https:\/\/blogs.thesocialmedia.com\/leblogmoto\/#\/schema\/person\/1a1dcfc7cec206573105eb4af91155c2\"},\"breadcrumb\":{\"@id\":\"https:\/\/blogs.thesocialmedia.com\/leblogmoto\/2006\/06\/27\/motogp-le-dsesp\/#breadcrumb\"},\"inLanguage\":\"fr-FR\",\"potentialAction\":[{\"@type\":\"ReadAction\",\"target\":[\"https:\/\/blogs.thesocialmedia.com\/leblogmoto\/2006\/06\/27\/motogp-le-dsesp\/\"]}]},{\"@type\":\"ImageObject\",\"inLanguage\":\"fr-FR\",\"@id\":\"https:\/\/blogs.thesocialmedia.com\/leblogmoto\/2006\/06\/27\/motogp-le-dsesp\/#primaryimage\",\"url\":\"http:\/\/www.leblogmoto.com\/images\/tbl_noticias_fichero_imagenes_6919.jpg\",\"contentUrl\":\"http:\/\/www.leblogmoto.com\/images\/tbl_noticias_fichero_imagenes_6919.jpg\"},{\"@type\":\"BreadcrumbList\",\"@id\":\"https:\/\/blogs.thesocialmedia.com\/leblogmoto\/2006\/06\/27\/motogp-le-dsesp\/#breadcrumb\",\"itemListElement\":[{\"@type\":\"ListItem\",\"position\":1,\"name\":\"Accueil\",\"item\":\"https:\/\/blogs.thesocialmedia.com\/leblogmoto\/\"},{\"@type\":\"ListItem\",\"position\":2,\"name\":\"MotoGP: Le d\u00e9sespoir de Colin\"}]},{\"@type\":\"WebSite\",\"@id\":\"https:\/\/blogs.thesocialmedia.com\/leblogmoto\/#website\",\"url\":\"https:\/\/blogs.thesocialmedia.com\/leblogmoto\/\",\"name\":\"leblogmoto\",\"description\":\"Toute l&#039;actualit\u00e9 des 2 roues\",\"potentialAction\":[{\"@type\":\"SearchAction\",\"target\":{\"@type\":\"EntryPoint\",\"urlTemplate\":\"https:\/\/blogs.thesocialmedia.com\/leblogmoto\/?s={search_term_string}\"},\"query-input\":{\"@type\":\"PropertyValueSpecification\",\"valueRequired\":true,\"valueName\":\"search_term_string\"}}],\"inLanguage\":\"fr-FR\"},{\"@type\":\"Person\",\"@id\":\"https:\/\/blogs.thesocialmedia.com\/leblogmoto\/#\/schema\/person\/1a1dcfc7cec206573105eb4af91155c2\",\"name\":\"andre leconde\",\"image\":{\"@type\":\"ImageObject\",\"inLanguage\":\"fr-FR\",\"@id\":\"https:\/\/blogs.thesocialmedia.com\/leblogmoto\/#\/schema\/person\/image\/\",\"url\":\"https:\/\/secure.gravatar.com\/avatar\/?s=96&d=mm&r=g\",\"contentUrl\":\"https:\/\/secure.gravatar.com\/avatar\/?s=96&d=mm&r=g\",\"caption\":\"andre leconde\"},\"url\":\"https:\/\/blogs.thesocialmedia.com\/leblogmoto\/author\/andre-leconde\/\"}]}<\/script>\n<!-- \/ Yoast SEO plugin. -->","yoast_head_json":{"title":"MotoGP: Le d\u00e9sespoir de Colin - leblogmoto.com","robots":{"index":"index","follow":"follow","max-snippet":"max-snippet:-1","max-image-preview":"max-image-preview:large","max-video-preview":"max-video-preview:-1"},"canonical":"https:\/\/blogs.thesocialmedia.com\/leblogmoto\/2006\/06\/27\/motogp-le-dsesp\/","twitter_card":"summary_large_image","twitter_title":"MotoGP: Le d\u00e9sespoir de Colin - leblogmoto.com","twitter_description":"En image, \u00e0 suivre ci-dessous, l&rsquo;incroyable d\u00e9nouement du dernier Grand Prix des PAYS BAS qui s&rsquo;est d\u00e9roul\u00e9 sur le circuit d&rsquo;ASSEN. Une terrible frustration pour Colin EDWARDS qui, revenu avec l&rsquo;\u00e9nergie du d\u00e9sespoir sur son compatriote HAYDEN s&rsquo;est bien vu gagner avant que&#8230;&nbsp; La revanche \u00e0 DONINGTON Colin !","twitter_image":"http:\/\/www.leblogmoto.com\/images\/tbl_noticias_fichero_imagenes_6919.jpg","twitter_misc":{"\u00c9crit par":"andre leconde"},"schema":{"@context":"https:\/\/schema.org","@graph":[{"@type":"WebPage","@id":"https:\/\/blogs.thesocialmedia.com\/leblogmoto\/2006\/06\/27\/motogp-le-dsesp\/","url":"https:\/\/blogs.thesocialmedia.com\/leblogmoto\/2006\/06\/27\/motogp-le-dsesp\/","name":"MotoGP: Le d\u00e9sespoir de Colin - leblogmoto.com","isPartOf":{"@id":"https:\/\/blogs.thesocialmedia.com\/leblogmoto\/#website"},"primaryImageOfPage":{"@id":"https:\/\/blogs.thesocialmedia.com\/leblogmoto\/2006\/06\/27\/motogp-le-dsesp\/#primaryimage"},"image":{"@id":"https:\/\/blogs.thesocialmedia.com\/leblogmoto\/2006\/06\/27\/motogp-le-dsesp\/#primaryimage"},"thumbnailUrl":"http:\/\/www.leblogmoto.com\/images\/tbl_noticias_fichero_imagenes_6919.jpg","datePublished":"2006-06-27T21:19:23+00:00","dateModified":"2012-07-11T14:26:42+00:00","author":{"@id":"https:\/\/blogs.thesocialmedia.com\/leblogmoto\/#\/schema\/person\/1a1dcfc7cec206573105eb4af91155c2"},"breadcrumb":{"@id":"https:\/\/blogs.thesocialmedia.com\/leblogmoto\/2006\/06\/27\/motogp-le-dsesp\/#breadcrumb"},"inLanguage":"fr-FR","potentialAction":[{"@type":"ReadAction","target":["https:\/\/blogs.thesocialmedia.com\/leblogmoto\/2006\/06\/27\/motogp-le-dsesp\/"]}]},{"@type":"ImageObject","inLanguage":"fr-FR","@id":"https:\/\/blogs.thesocialmedia.com\/leblogmoto\/2006\/06\/27\/motogp-le-dsesp\/#primaryimage","url":"http:\/\/www.leblogmoto.com\/images\/tbl_noticias_fichero_imagenes_6919.jpg","contentUrl":"http:\/\/www.leblogmoto.com\/images\/tbl_noticias_fichero_imagenes_6919.jpg"},{"@type":"BreadcrumbList","@id":"https:\/\/blogs.thesocialmedia.com\/leblogmoto\/2006\/06\/27\/motogp-le-dsesp\/#breadcrumb","itemListElement":[{"@type":"ListItem","position":1,"name":"Accueil","item":"https:\/\/blogs.thesocialmedia.com\/leblogmoto\/"},{"@type":"ListItem","position":2,"name":"MotoGP: Le d\u00e9sespoir de Colin"}]},{"@type":"WebSite","@id":"https:\/\/blogs.thesocialmedia.com\/leblogmoto\/#website","url":"https:\/\/blogs.thesocialmedia.com\/leblogmoto\/","name":"leblogmoto","description":"Toute l&#039;actualit\u00e9 des 2 roues","potentialAction":[{"@type":"SearchAction","target":{"@type":"EntryPoint","urlTemplate":"https:\/\/blogs.thesocialmedia.com\/leblogmoto\/?s={search_term_string}"},"query-input":{"@type":"PropertyValueSpecification","valueRequired":true,"valueName":"search_term_string"}}],"inLanguage":"fr-FR"},{"@type":"Person","@id":"https:\/\/blogs.thesocialmedia.com\/leblogmoto\/#\/schema\/person\/1a1dcfc7cec206573105eb4af91155c2","name":"andre leconde","image":{"@type":"ImageObject","inLanguage":"fr-FR","@id":"https:\/\/blogs.thesocialmedia.com\/leblogmoto\/#\/schema\/person\/image\/","url":"https:\/\/secure.gravatar.com\/avatar\/?s=96&d=mm&r=g","contentUrl":"https:\/\/secure.gravatar.com\/avatar\/?s=96&d=mm&r=g","caption":"andre leconde"},"url":"https:\/\/blogs.thesocialmedia.com\/leblogmoto\/author\/andre-leconde\/"}]}},"_links":{"self":[{"href":"https:\/\/blogs.thesocialmedia.com\/leblogmoto\/wp-json\/wp\/v2\/posts\/1712","targetHints":{"allow":["GET"]}}],"collection":[{"href":"https:\/\/blogs.thesocialmedia.com\/leblogmoto\/wp-json\/wp\/v2\/posts"}],"about":[{"href":"https:\/\/blogs.thesocialmedia.com\/leblogmoto\/wp-json\/wp\/v2\/types\/post"}],"author":[{"embeddable":true,"href":"https:\/\/blogs.thesocialmedia.com\/leblogmoto\/wp-json\/wp\/v2\/users\/336"}],"replies":[{"embeddable":true,"href":"https:\/\/blogs.thesocialmedia.com\/leblogmoto\/wp-json\/wp\/v2\/comments?post=1712"}],"version-history":[{"count":2,"href":"https:\/\/blogs.thesocialmedia.com\/leblogmoto\/wp-json\/wp\/v2\/posts\/1712\/revisions"}],"predecessor-version":[{"id":7706,"href":"https:\/\/blogs.thesocialmedia.com\/leblogmoto\/wp-json\/wp\/v2\/posts\/1712\/revisions\/7706"}],"wp:attachment":[{"href":"https:\/\/blogs.thesocialmedia.com\/leblogmoto\/wp-json\/wp\/v2\/media?parent=1712"}],"wp:term":[{"taxonomy":"category","embeddable":true,"href":"https:\/\/blogs.thesocialmedia.com\/leblogmoto\/wp-json\/wp\/v2\/categories?post=1712"},{"taxonomy":"post_tag","embeddable":true,"href":"https:\/\/blogs.thesocialmedia.com\/leblogmoto\/wp-json\/wp\/v2\/tags?post=1712"}],"curies":[{"name":"wp","href":"https:\/\/api.w.org\/{rel}","templated":true}]}}