{"id":1716,"date":"2006-06-26T22:59:39","date_gmt":"2006-06-26T22:59:39","guid":{"rendered":"http:\/\/blogs.thesocialmedia.com\/leblogmoto\/2006\/06\/26\/la-future-moto\/"},"modified":"2012-07-11T14:26:31","modified_gmt":"2012-07-11T14:26:31","slug":"la-future-moto","status":"publish","type":"post","link":"https:\/\/blogs.thesocialmedia.com\/leblogmoto\/2006\/06\/26\/la-future-moto\/","title":{"rendered":"La future moto vue par la Commission Europ\u00e9enne."},"content":{"rendered":"<p><a href=\"http:\/\/blogs.thesocialmedia.com\/leblogmoto\/files\/2012\/07\/kawa400.jpg\"><img loading=\"lazy\" decoding=\"async\" height=\"220\" alt=\"Kawa400\" src=\"http:\/\/www.leblogmoto.com\/images\/kawa400.jpg\" width=\"250\"  \/><\/a>Il se dit que dans les courcives de la Commission Europ\u00e9enne circule un rapport de quelques <strong>cent vingt six pages<\/strong>, th\u00e9orisant sur la r\u00e9duction de la consommation et des \u00e9missions des v\u00e9hicules motoris\u00e9s. <\/p>\n<p>Tous les v\u00e9hicules. Et donc, <a href=\"http:\/\/www.leblogmoto.com\/2005\/12\/il_ny_a_jamais_.html\">la moto<\/a>.<\/p>\n<p>Partant de ce postulat, des gens bien \u00e9duqu\u00e9s ont imagin\u00e9 le deux roues du futur. <\/p>\n<p>Accrochez vous <a href=\"http:\/\/www.leblogmoto.com\/2006\/06\/mfx_inc_essorer.html\">au guidon<\/a>, \u00e7a d\u00e9pote&#8230;&nbsp; <\/p>\n<p><a href=\"http:\/\/clabedan.typepad.com\/.shared\/image.html?\/photos\/uncategorized\/nickyhilton.jpg\"><img loading=\"lazy\" decoding=\"async\" height=\"375\" alt=\"Nickyhilton\" src=\"http:\/\/www.leblogmoto.com\/images\/nickyhilton.jpg\" width=\"250\"  \/><\/a>Le groupe d&rsquo;\u00e9tude a ainsi estim\u00e9 que la moto de demain sera un <strong>650 cm3 monocylindre \u00e0 variateur<\/strong>, ou ne sera pas. <\/p>\n<p>Finis les envol\u00e9es dans les tours, les gros cubes coupleux. Ce sera un engin d\u00e9riv\u00e9 de la matrice <a href=\"http:\/\/www.leblogmoto.com\/2006\/06\/yamaha_ec02_en_.html\">scooter<\/a>, point barre.<\/p>\n<p>Bien s\u00fbr, tout cela n&rsquo;est que projections jet\u00e9es \u00e0 la simple reflexion. Mais \u00e7a existe et c&rsquo;est maintenant dans les tuyaux. <\/p>\n<p>D&rsquo;ici l\u00e0 que l&rsquo;affaire prenne une tournure tout ce qu&rsquo;il y a de plus r\u00e9elle, il n&rsquo;y a qu&rsquo;un pas que nos dirigeants ne s&rsquo;effrayeraient gu\u00e8re de franchir, \u00e0 l&rsquo;occasion.<\/p>\n<p>SOURCE: <a href=\"http:\/\/news.motorbiker.org\/\">http:\/\/news.motorbiker.org<\/a>&nbsp; &nbsp; <\/p>\n","protected":false},"excerpt":{"rendered":"<p>Il se dit que dans les courcives de la Commission Europ\u00e9enne circule un rapport de quelques cent vingt six pages, th\u00e9orisant sur la r\u00e9duction de la consommation et des \u00e9missions des v\u00e9hicules motoris\u00e9s. Tous les v\u00e9hicules. Et donc, la moto. Partant de ce postulat, des gens bien \u00e9duqu\u00e9s ont imagin\u00e9 le deux roues du futur. [&hellip;]<\/p>\n","protected":false},"author":336,"featured_media":0,"comment_status":"open","ping_status":"open","sticky":false,"template":"","format":"standard","meta":{"footnotes":""},"categories":[17,27],"tags":[],"class_list":["post-1716","post","type-post","status-publish","format-standard","hentry","category-divers","category-securite"],"yoast_head":"<!-- This site is optimized with the Yoast SEO plugin v26.0 - https:\/\/yoast.com\/wordpress\/plugins\/seo\/ -->\n<title>La future moto vue par la Commission Europ\u00e9enne. - leblogmoto.com<\/title>\n<meta name=\"robots\" content=\"index, follow, max-snippet:-1, max-image-preview:large, max-video-preview:-1\" \/>\n<link rel=\"canonical\" href=\"https:\/\/blogs.thesocialmedia.com\/leblogmoto\/2006\/06\/26\/la-future-moto\/\" \/>\n<meta name=\"twitter:card\" content=\"summary_large_image\" \/>\n<meta name=\"twitter:title\" content=\"La future moto vue par la Commission Europ\u00e9enne. - leblogmoto.com\" \/>\n<meta name=\"twitter:description\" content=\"Il se dit que dans les courcives de la Commission Europ\u00e9enne circule un rapport de quelques cent vingt six pages, th\u00e9orisant sur la r\u00e9duction de la consommation et des \u00e9missions des v\u00e9hicules motoris\u00e9s. Tous les v\u00e9hicules. Et donc, la moto. Partant de ce postulat, des gens bien \u00e9duqu\u00e9s ont imagin\u00e9 le deux roues du futur. [&hellip;]\" \/>\n<meta name=\"twitter:image\" content=\"http:\/\/www.leblogmoto.com\/images\/kawa400.jpg\" \/>\n<meta name=\"twitter:label1\" content=\"\u00c9crit par\" \/>\n\t<meta name=\"twitter:data1\" content=\"andre leconde\" \/>\n\t<meta name=\"twitter:label2\" content=\"Dur\u00e9e de lecture estim\u00e9e\" \/>\n\t<meta name=\"twitter:data2\" content=\"1 minute\" \/>\n<script type=\"application\/ld+json\" class=\"yoast-schema-graph\">{\"@context\":\"https:\/\/schema.org\",\"@graph\":[{\"@type\":\"WebPage\",\"@id\":\"https:\/\/blogs.thesocialmedia.com\/leblogmoto\/2006\/06\/26\/la-future-moto\/\",\"url\":\"https:\/\/blogs.thesocialmedia.com\/leblogmoto\/2006\/06\/26\/la-future-moto\/\",\"name\":\"La future moto vue par la Commission Europ\u00e9enne. - leblogmoto.com\",\"isPartOf\":{\"@id\":\"https:\/\/blogs.thesocialmedia.com\/leblogmoto\/#website\"},\"primaryImageOfPage\":{\"@id\":\"https:\/\/blogs.thesocialmedia.com\/leblogmoto\/2006\/06\/26\/la-future-moto\/#primaryimage\"},\"image\":{\"@id\":\"https:\/\/blogs.thesocialmedia.com\/leblogmoto\/2006\/06\/26\/la-future-moto\/#primaryimage\"},\"thumbnailUrl\":\"http:\/\/www.leblogmoto.com\/images\/kawa400.jpg\",\"datePublished\":\"2006-06-26T22:59:39+00:00\",\"dateModified\":\"2012-07-11T14:26:31+00:00\",\"author\":{\"@id\":\"https:\/\/blogs.thesocialmedia.com\/leblogmoto\/#\/schema\/person\/1a1dcfc7cec206573105eb4af91155c2\"},\"breadcrumb\":{\"@id\":\"https:\/\/blogs.thesocialmedia.com\/leblogmoto\/2006\/06\/26\/la-future-moto\/#breadcrumb\"},\"inLanguage\":\"fr-FR\",\"potentialAction\":[{\"@type\":\"ReadAction\",\"target\":[\"https:\/\/blogs.thesocialmedia.com\/leblogmoto\/2006\/06\/26\/la-future-moto\/\"]}]},{\"@type\":\"ImageObject\",\"inLanguage\":\"fr-FR\",\"@id\":\"https:\/\/blogs.thesocialmedia.com\/leblogmoto\/2006\/06\/26\/la-future-moto\/#primaryimage\",\"url\":\"http:\/\/www.leblogmoto.com\/images\/kawa400.jpg\",\"contentUrl\":\"http:\/\/www.leblogmoto.com\/images\/kawa400.jpg\"},{\"@type\":\"BreadcrumbList\",\"@id\":\"https:\/\/blogs.thesocialmedia.com\/leblogmoto\/2006\/06\/26\/la-future-moto\/#breadcrumb\",\"itemListElement\":[{\"@type\":\"ListItem\",\"position\":1,\"name\":\"Accueil\",\"item\":\"https:\/\/blogs.thesocialmedia.com\/leblogmoto\/\"},{\"@type\":\"ListItem\",\"position\":2,\"name\":\"La future moto vue par la Commission Europ\u00e9enne.\"}]},{\"@type\":\"WebSite\",\"@id\":\"https:\/\/blogs.thesocialmedia.com\/leblogmoto\/#website\",\"url\":\"https:\/\/blogs.thesocialmedia.com\/leblogmoto\/\",\"name\":\"leblogmoto\",\"description\":\"Toute l&#039;actualit\u00e9 des 2 roues\",\"potentialAction\":[{\"@type\":\"SearchAction\",\"target\":{\"@type\":\"EntryPoint\",\"urlTemplate\":\"https:\/\/blogs.thesocialmedia.com\/leblogmoto\/?s={search_term_string}\"},\"query-input\":{\"@type\":\"PropertyValueSpecification\",\"valueRequired\":true,\"valueName\":\"search_term_string\"}}],\"inLanguage\":\"fr-FR\"},{\"@type\":\"Person\",\"@id\":\"https:\/\/blogs.thesocialmedia.com\/leblogmoto\/#\/schema\/person\/1a1dcfc7cec206573105eb4af91155c2\",\"name\":\"andre leconde\",\"image\":{\"@type\":\"ImageObject\",\"inLanguage\":\"fr-FR\",\"@id\":\"https:\/\/blogs.thesocialmedia.com\/leblogmoto\/#\/schema\/person\/image\/\",\"url\":\"https:\/\/secure.gravatar.com\/avatar\/?s=96&d=mm&r=g\",\"contentUrl\":\"https:\/\/secure.gravatar.com\/avatar\/?s=96&d=mm&r=g\",\"caption\":\"andre leconde\"},\"url\":\"https:\/\/blogs.thesocialmedia.com\/leblogmoto\/author\/andre-leconde\/\"}]}<\/script>\n<!-- \/ Yoast SEO plugin. -->","yoast_head_json":{"title":"La future moto vue par la Commission Europ\u00e9enne. - leblogmoto.com","robots":{"index":"index","follow":"follow","max-snippet":"max-snippet:-1","max-image-preview":"max-image-preview:large","max-video-preview":"max-video-preview:-1"},"canonical":"https:\/\/blogs.thesocialmedia.com\/leblogmoto\/2006\/06\/26\/la-future-moto\/","twitter_card":"summary_large_image","twitter_title":"La future moto vue par la Commission Europ\u00e9enne. - leblogmoto.com","twitter_description":"Il se dit que dans les courcives de la Commission Europ\u00e9enne circule un rapport de quelques cent vingt six pages, th\u00e9orisant sur la r\u00e9duction de la consommation et des \u00e9missions des v\u00e9hicules motoris\u00e9s. Tous les v\u00e9hicules. Et donc, la moto. Partant de ce postulat, des gens bien \u00e9duqu\u00e9s ont imagin\u00e9 le deux roues du futur. [&hellip;]","twitter_image":"http:\/\/www.leblogmoto.com\/images\/kawa400.jpg","twitter_misc":{"\u00c9crit par":"andre leconde","Dur\u00e9e de lecture estim\u00e9e":"1 minute"},"schema":{"@context":"https:\/\/schema.org","@graph":[{"@type":"WebPage","@id":"https:\/\/blogs.thesocialmedia.com\/leblogmoto\/2006\/06\/26\/la-future-moto\/","url":"https:\/\/blogs.thesocialmedia.com\/leblogmoto\/2006\/06\/26\/la-future-moto\/","name":"La future moto vue par la Commission Europ\u00e9enne. - leblogmoto.com","isPartOf":{"@id":"https:\/\/blogs.thesocialmedia.com\/leblogmoto\/#website"},"primaryImageOfPage":{"@id":"https:\/\/blogs.thesocialmedia.com\/leblogmoto\/2006\/06\/26\/la-future-moto\/#primaryimage"},"image":{"@id":"https:\/\/blogs.thesocialmedia.com\/leblogmoto\/2006\/06\/26\/la-future-moto\/#primaryimage"},"thumbnailUrl":"http:\/\/www.leblogmoto.com\/images\/kawa400.jpg","datePublished":"2006-06-26T22:59:39+00:00","dateModified":"2012-07-11T14:26:31+00:00","author":{"@id":"https:\/\/blogs.thesocialmedia.com\/leblogmoto\/#\/schema\/person\/1a1dcfc7cec206573105eb4af91155c2"},"breadcrumb":{"@id":"https:\/\/blogs.thesocialmedia.com\/leblogmoto\/2006\/06\/26\/la-future-moto\/#breadcrumb"},"inLanguage":"fr-FR","potentialAction":[{"@type":"ReadAction","target":["https:\/\/blogs.thesocialmedia.com\/leblogmoto\/2006\/06\/26\/la-future-moto\/"]}]},{"@type":"ImageObject","inLanguage":"fr-FR","@id":"https:\/\/blogs.thesocialmedia.com\/leblogmoto\/2006\/06\/26\/la-future-moto\/#primaryimage","url":"http:\/\/www.leblogmoto.com\/images\/kawa400.jpg","contentUrl":"http:\/\/www.leblogmoto.com\/images\/kawa400.jpg"},{"@type":"BreadcrumbList","@id":"https:\/\/blogs.thesocialmedia.com\/leblogmoto\/2006\/06\/26\/la-future-moto\/#breadcrumb","itemListElement":[{"@type":"ListItem","position":1,"name":"Accueil","item":"https:\/\/blogs.thesocialmedia.com\/leblogmoto\/"},{"@type":"ListItem","position":2,"name":"La future moto vue par la Commission Europ\u00e9enne."}]},{"@type":"WebSite","@id":"https:\/\/blogs.thesocialmedia.com\/leblogmoto\/#website","url":"https:\/\/blogs.thesocialmedia.com\/leblogmoto\/","name":"leblogmoto","description":"Toute l&#039;actualit\u00e9 des 2 roues","potentialAction":[{"@type":"SearchAction","target":{"@type":"EntryPoint","urlTemplate":"https:\/\/blogs.thesocialmedia.com\/leblogmoto\/?s={search_term_string}"},"query-input":{"@type":"PropertyValueSpecification","valueRequired":true,"valueName":"search_term_string"}}],"inLanguage":"fr-FR"},{"@type":"Person","@id":"https:\/\/blogs.thesocialmedia.com\/leblogmoto\/#\/schema\/person\/1a1dcfc7cec206573105eb4af91155c2","name":"andre leconde","image":{"@type":"ImageObject","inLanguage":"fr-FR","@id":"https:\/\/blogs.thesocialmedia.com\/leblogmoto\/#\/schema\/person\/image\/","url":"https:\/\/secure.gravatar.com\/avatar\/?s=96&d=mm&r=g","contentUrl":"https:\/\/secure.gravatar.com\/avatar\/?s=96&d=mm&r=g","caption":"andre leconde"},"url":"https:\/\/blogs.thesocialmedia.com\/leblogmoto\/author\/andre-leconde\/"}]}},"_links":{"self":[{"href":"https:\/\/blogs.thesocialmedia.com\/leblogmoto\/wp-json\/wp\/v2\/posts\/1716","targetHints":{"allow":["GET"]}}],"collection":[{"href":"https:\/\/blogs.thesocialmedia.com\/leblogmoto\/wp-json\/wp\/v2\/posts"}],"about":[{"href":"https:\/\/blogs.thesocialmedia.com\/leblogmoto\/wp-json\/wp\/v2\/types\/post"}],"author":[{"embeddable":true,"href":"https:\/\/blogs.thesocialmedia.com\/leblogmoto\/wp-json\/wp\/v2\/users\/336"}],"replies":[{"embeddable":true,"href":"https:\/\/blogs.thesocialmedia.com\/leblogmoto\/wp-json\/wp\/v2\/comments?post=1716"}],"version-history":[{"count":2,"href":"https:\/\/blogs.thesocialmedia.com\/leblogmoto\/wp-json\/wp\/v2\/posts\/1716\/revisions"}],"predecessor-version":[{"id":7698,"href":"https:\/\/blogs.thesocialmedia.com\/leblogmoto\/wp-json\/wp\/v2\/posts\/1716\/revisions\/7698"}],"wp:attachment":[{"href":"https:\/\/blogs.thesocialmedia.com\/leblogmoto\/wp-json\/wp\/v2\/media?parent=1716"}],"wp:term":[{"taxonomy":"category","embeddable":true,"href":"https:\/\/blogs.thesocialmedia.com\/leblogmoto\/wp-json\/wp\/v2\/categories?post=1716"},{"taxonomy":"post_tag","embeddable":true,"href":"https:\/\/blogs.thesocialmedia.com\/leblogmoto\/wp-json\/wp\/v2\/tags?post=1716"}],"curies":[{"name":"wp","href":"https:\/\/api.w.org\/{rel}","templated":true}]}}