{"id":1719,"date":"2006-06-25T21:36:36","date_gmt":"2006-06-25T21:36:36","guid":{"rendered":"http:\/\/blogs.thesocialmedia.com\/leblogmoto\/2006\/06\/25\/motogp-barros-r\/"},"modified":"2012-07-11T14:26:20","modified_gmt":"2012-07-11T14:26:20","slug":"motogp-barros-r","status":"publish","type":"post","link":"https:\/\/blogs.thesocialmedia.com\/leblogmoto\/2006\/06\/25\/motogp-barros-r\/","title":{"rendered":"MotoGP: BARROS rempla\u00e7ant d&rsquo;ELIAS ?"},"content":{"rendered":"<p><a href=\"http:\/\/blogs.thesocialmedia.com\/leblogmoto\/files\/2012\/07\/barroselias.jpg\"><img loading=\"lazy\" decoding=\"async\" height=\"166\" alt=\"Barroselias\" src=\"http:\/\/www.leblogmoto.com\/images\/barroselias.jpg\" width=\"250\"  \/><\/a> La prochaine \u00e9preuve de SBK n&rsquo;aura lieu que le <strong>23 juillet<\/strong> sur le circuit de BRNO. Et l&rsquo;\u00e9curie <a href=\"http:\/\/www.leblogmoto.com\/2006\/06\/motogp_gersini_.html\">HONDA GRESINI<\/a> est <a href=\"http:\/\/www.leblogmoto.com\/2006\/06\/assen_motogp_ro.html\">orpheline d&rsquo;ELIAS<\/a> qui ne pourra se rendre \u00e0 DONINGTON la semaine prochaine.<\/p>\n<p>Pour faire face \u00e0 cette situation, HONDA pousserait son Br\u00e9silien pour une pige en MotoGP lors de l&rsquo;\u00e9preuve anglaise. Alex court actuellement pour <strong>HONDA-EUROPE<\/strong> au sein de la structure KLAFFI, <a href=\"http:\/\/www.leblogmoto.com\/2005\/12\/barros_en_super.html\">o\u00f9 il a \u00e9t\u00e9 parachut\u00e9<\/a> avec des capitaux br\u00e9siliens pour y continuer sa riche carri\u00e8re. <\/p>\n<p>Cet hiver, on l&rsquo;avait jug\u00e9 d\u00e9pass\u00e9 pour continuer en MotoGP. Aujourd&rsquo;hui, l&rsquo;infirmerie pleine, on rappelle la vieille garde. Encore un peu, et on va voir d\u00e9bouler <a href=\"http:\/\/www.leblogmoto.com\/2006\/06\/motogp_biaggi_p.html\">BIAGGI<\/a>&#8230; <\/p>\n<p>ILLUSTRATION: <a href=\"http:\/\/www.motoblog.it\">www.motoblog.it<\/a> <\/p>\n","protected":false},"excerpt":{"rendered":"<p>La prochaine \u00e9preuve de SBK n&rsquo;aura lieu que le 23 juillet sur le circuit de BRNO. Et l&rsquo;\u00e9curie HONDA GRESINI est orpheline d&rsquo;ELIAS qui ne pourra se rendre \u00e0 DONINGTON la semaine prochaine. Pour faire face \u00e0 cette situation, HONDA pousserait son Br\u00e9silien pour une pige en MotoGP lors de l&rsquo;\u00e9preuve anglaise. Alex court actuellement [&hellip;]<\/p>\n","protected":false},"author":336,"featured_media":0,"comment_status":"open","ping_status":"open","sticky":false,"template":"","format":"standard","meta":{"footnotes":""},"categories":[14,22,32,46],"tags":[],"class_list":["post-1719","post","type-post","status-publish","format-standard","hentry","category-honda","category-motogp","category-sport-moto","category-superbike"],"yoast_head":"<!-- This site is optimized with the Yoast SEO plugin v26.0 - https:\/\/yoast.com\/wordpress\/plugins\/seo\/ -->\n<title>MotoGP: BARROS rempla\u00e7ant d&#039;ELIAS ? - leblogmoto.com<\/title>\n<meta name=\"robots\" content=\"index, follow, max-snippet:-1, max-image-preview:large, max-video-preview:-1\" \/>\n<link rel=\"canonical\" href=\"https:\/\/blogs.thesocialmedia.com\/leblogmoto\/2006\/06\/25\/motogp-barros-r\/\" \/>\n<meta name=\"twitter:card\" content=\"summary_large_image\" \/>\n<meta name=\"twitter:title\" content=\"MotoGP: BARROS rempla\u00e7ant d&#039;ELIAS ? - leblogmoto.com\" \/>\n<meta name=\"twitter:description\" content=\"La prochaine \u00e9preuve de SBK n&rsquo;aura lieu que le 23 juillet sur le circuit de BRNO. Et l&rsquo;\u00e9curie HONDA GRESINI est orpheline d&rsquo;ELIAS qui ne pourra se rendre \u00e0 DONINGTON la semaine prochaine. Pour faire face \u00e0 cette situation, HONDA pousserait son Br\u00e9silien pour une pige en MotoGP lors de l&rsquo;\u00e9preuve anglaise. Alex court actuellement [&hellip;]\" \/>\n<meta name=\"twitter:image\" content=\"http:\/\/www.leblogmoto.com\/images\/barroselias.jpg\" \/>\n<meta name=\"twitter:label1\" content=\"\u00c9crit par\" \/>\n\t<meta name=\"twitter:data1\" content=\"andre leconde\" \/>\n\t<meta name=\"twitter:label2\" content=\"Dur\u00e9e de lecture estim\u00e9e\" \/>\n\t<meta name=\"twitter:data2\" content=\"1 minute\" \/>\n<script type=\"application\/ld+json\" class=\"yoast-schema-graph\">{\"@context\":\"https:\/\/schema.org\",\"@graph\":[{\"@type\":\"WebPage\",\"@id\":\"https:\/\/blogs.thesocialmedia.com\/leblogmoto\/2006\/06\/25\/motogp-barros-r\/\",\"url\":\"https:\/\/blogs.thesocialmedia.com\/leblogmoto\/2006\/06\/25\/motogp-barros-r\/\",\"name\":\"MotoGP: BARROS rempla\u00e7ant d'ELIAS ? - leblogmoto.com\",\"isPartOf\":{\"@id\":\"https:\/\/blogs.thesocialmedia.com\/leblogmoto\/#website\"},\"primaryImageOfPage\":{\"@id\":\"https:\/\/blogs.thesocialmedia.com\/leblogmoto\/2006\/06\/25\/motogp-barros-r\/#primaryimage\"},\"image\":{\"@id\":\"https:\/\/blogs.thesocialmedia.com\/leblogmoto\/2006\/06\/25\/motogp-barros-r\/#primaryimage\"},\"thumbnailUrl\":\"http:\/\/www.leblogmoto.com\/images\/barroselias.jpg\",\"datePublished\":\"2006-06-25T21:36:36+00:00\",\"dateModified\":\"2012-07-11T14:26:20+00:00\",\"author\":{\"@id\":\"https:\/\/blogs.thesocialmedia.com\/leblogmoto\/#\/schema\/person\/1a1dcfc7cec206573105eb4af91155c2\"},\"breadcrumb\":{\"@id\":\"https:\/\/blogs.thesocialmedia.com\/leblogmoto\/2006\/06\/25\/motogp-barros-r\/#breadcrumb\"},\"inLanguage\":\"fr-FR\",\"potentialAction\":[{\"@type\":\"ReadAction\",\"target\":[\"https:\/\/blogs.thesocialmedia.com\/leblogmoto\/2006\/06\/25\/motogp-barros-r\/\"]}]},{\"@type\":\"ImageObject\",\"inLanguage\":\"fr-FR\",\"@id\":\"https:\/\/blogs.thesocialmedia.com\/leblogmoto\/2006\/06\/25\/motogp-barros-r\/#primaryimage\",\"url\":\"http:\/\/www.leblogmoto.com\/images\/barroselias.jpg\",\"contentUrl\":\"http:\/\/www.leblogmoto.com\/images\/barroselias.jpg\"},{\"@type\":\"BreadcrumbList\",\"@id\":\"https:\/\/blogs.thesocialmedia.com\/leblogmoto\/2006\/06\/25\/motogp-barros-r\/#breadcrumb\",\"itemListElement\":[{\"@type\":\"ListItem\",\"position\":1,\"name\":\"Accueil\",\"item\":\"https:\/\/blogs.thesocialmedia.com\/leblogmoto\/\"},{\"@type\":\"ListItem\",\"position\":2,\"name\":\"MotoGP: BARROS rempla\u00e7ant d&rsquo;ELIAS ?\"}]},{\"@type\":\"WebSite\",\"@id\":\"https:\/\/blogs.thesocialmedia.com\/leblogmoto\/#website\",\"url\":\"https:\/\/blogs.thesocialmedia.com\/leblogmoto\/\",\"name\":\"leblogmoto\",\"description\":\"Toute l&#039;actualit\u00e9 des 2 roues\",\"potentialAction\":[{\"@type\":\"SearchAction\",\"target\":{\"@type\":\"EntryPoint\",\"urlTemplate\":\"https:\/\/blogs.thesocialmedia.com\/leblogmoto\/?s={search_term_string}\"},\"query-input\":{\"@type\":\"PropertyValueSpecification\",\"valueRequired\":true,\"valueName\":\"search_term_string\"}}],\"inLanguage\":\"fr-FR\"},{\"@type\":\"Person\",\"@id\":\"https:\/\/blogs.thesocialmedia.com\/leblogmoto\/#\/schema\/person\/1a1dcfc7cec206573105eb4af91155c2\",\"name\":\"andre leconde\",\"image\":{\"@type\":\"ImageObject\",\"inLanguage\":\"fr-FR\",\"@id\":\"https:\/\/blogs.thesocialmedia.com\/leblogmoto\/#\/schema\/person\/image\/\",\"url\":\"https:\/\/secure.gravatar.com\/avatar\/?s=96&d=mm&r=g\",\"contentUrl\":\"https:\/\/secure.gravatar.com\/avatar\/?s=96&d=mm&r=g\",\"caption\":\"andre leconde\"},\"url\":\"https:\/\/blogs.thesocialmedia.com\/leblogmoto\/author\/andre-leconde\/\"}]}<\/script>\n<!-- \/ Yoast SEO plugin. -->","yoast_head_json":{"title":"MotoGP: BARROS rempla\u00e7ant d'ELIAS ? - leblogmoto.com","robots":{"index":"index","follow":"follow","max-snippet":"max-snippet:-1","max-image-preview":"max-image-preview:large","max-video-preview":"max-video-preview:-1"},"canonical":"https:\/\/blogs.thesocialmedia.com\/leblogmoto\/2006\/06\/25\/motogp-barros-r\/","twitter_card":"summary_large_image","twitter_title":"MotoGP: BARROS rempla\u00e7ant d'ELIAS ? - leblogmoto.com","twitter_description":"La prochaine \u00e9preuve de SBK n&rsquo;aura lieu que le 23 juillet sur le circuit de BRNO. Et l&rsquo;\u00e9curie HONDA GRESINI est orpheline d&rsquo;ELIAS qui ne pourra se rendre \u00e0 DONINGTON la semaine prochaine. Pour faire face \u00e0 cette situation, HONDA pousserait son Br\u00e9silien pour une pige en MotoGP lors de l&rsquo;\u00e9preuve anglaise. Alex court actuellement [&hellip;]","twitter_image":"http:\/\/www.leblogmoto.com\/images\/barroselias.jpg","twitter_misc":{"\u00c9crit par":"andre leconde","Dur\u00e9e de lecture estim\u00e9e":"1 minute"},"schema":{"@context":"https:\/\/schema.org","@graph":[{"@type":"WebPage","@id":"https:\/\/blogs.thesocialmedia.com\/leblogmoto\/2006\/06\/25\/motogp-barros-r\/","url":"https:\/\/blogs.thesocialmedia.com\/leblogmoto\/2006\/06\/25\/motogp-barros-r\/","name":"MotoGP: BARROS rempla\u00e7ant d'ELIAS ? - leblogmoto.com","isPartOf":{"@id":"https:\/\/blogs.thesocialmedia.com\/leblogmoto\/#website"},"primaryImageOfPage":{"@id":"https:\/\/blogs.thesocialmedia.com\/leblogmoto\/2006\/06\/25\/motogp-barros-r\/#primaryimage"},"image":{"@id":"https:\/\/blogs.thesocialmedia.com\/leblogmoto\/2006\/06\/25\/motogp-barros-r\/#primaryimage"},"thumbnailUrl":"http:\/\/www.leblogmoto.com\/images\/barroselias.jpg","datePublished":"2006-06-25T21:36:36+00:00","dateModified":"2012-07-11T14:26:20+00:00","author":{"@id":"https:\/\/blogs.thesocialmedia.com\/leblogmoto\/#\/schema\/person\/1a1dcfc7cec206573105eb4af91155c2"},"breadcrumb":{"@id":"https:\/\/blogs.thesocialmedia.com\/leblogmoto\/2006\/06\/25\/motogp-barros-r\/#breadcrumb"},"inLanguage":"fr-FR","potentialAction":[{"@type":"ReadAction","target":["https:\/\/blogs.thesocialmedia.com\/leblogmoto\/2006\/06\/25\/motogp-barros-r\/"]}]},{"@type":"ImageObject","inLanguage":"fr-FR","@id":"https:\/\/blogs.thesocialmedia.com\/leblogmoto\/2006\/06\/25\/motogp-barros-r\/#primaryimage","url":"http:\/\/www.leblogmoto.com\/images\/barroselias.jpg","contentUrl":"http:\/\/www.leblogmoto.com\/images\/barroselias.jpg"},{"@type":"BreadcrumbList","@id":"https:\/\/blogs.thesocialmedia.com\/leblogmoto\/2006\/06\/25\/motogp-barros-r\/#breadcrumb","itemListElement":[{"@type":"ListItem","position":1,"name":"Accueil","item":"https:\/\/blogs.thesocialmedia.com\/leblogmoto\/"},{"@type":"ListItem","position":2,"name":"MotoGP: BARROS rempla\u00e7ant d&rsquo;ELIAS ?"}]},{"@type":"WebSite","@id":"https:\/\/blogs.thesocialmedia.com\/leblogmoto\/#website","url":"https:\/\/blogs.thesocialmedia.com\/leblogmoto\/","name":"leblogmoto","description":"Toute l&#039;actualit\u00e9 des 2 roues","potentialAction":[{"@type":"SearchAction","target":{"@type":"EntryPoint","urlTemplate":"https:\/\/blogs.thesocialmedia.com\/leblogmoto\/?s={search_term_string}"},"query-input":{"@type":"PropertyValueSpecification","valueRequired":true,"valueName":"search_term_string"}}],"inLanguage":"fr-FR"},{"@type":"Person","@id":"https:\/\/blogs.thesocialmedia.com\/leblogmoto\/#\/schema\/person\/1a1dcfc7cec206573105eb4af91155c2","name":"andre leconde","image":{"@type":"ImageObject","inLanguage":"fr-FR","@id":"https:\/\/blogs.thesocialmedia.com\/leblogmoto\/#\/schema\/person\/image\/","url":"https:\/\/secure.gravatar.com\/avatar\/?s=96&d=mm&r=g","contentUrl":"https:\/\/secure.gravatar.com\/avatar\/?s=96&d=mm&r=g","caption":"andre leconde"},"url":"https:\/\/blogs.thesocialmedia.com\/leblogmoto\/author\/andre-leconde\/"}]}},"_links":{"self":[{"href":"https:\/\/blogs.thesocialmedia.com\/leblogmoto\/wp-json\/wp\/v2\/posts\/1719","targetHints":{"allow":["GET"]}}],"collection":[{"href":"https:\/\/blogs.thesocialmedia.com\/leblogmoto\/wp-json\/wp\/v2\/posts"}],"about":[{"href":"https:\/\/blogs.thesocialmedia.com\/leblogmoto\/wp-json\/wp\/v2\/types\/post"}],"author":[{"embeddable":true,"href":"https:\/\/blogs.thesocialmedia.com\/leblogmoto\/wp-json\/wp\/v2\/users\/336"}],"replies":[{"embeddable":true,"href":"https:\/\/blogs.thesocialmedia.com\/leblogmoto\/wp-json\/wp\/v2\/comments?post=1719"}],"version-history":[{"count":2,"href":"https:\/\/blogs.thesocialmedia.com\/leblogmoto\/wp-json\/wp\/v2\/posts\/1719\/revisions"}],"predecessor-version":[{"id":7690,"href":"https:\/\/blogs.thesocialmedia.com\/leblogmoto\/wp-json\/wp\/v2\/posts\/1719\/revisions\/7690"}],"wp:attachment":[{"href":"https:\/\/blogs.thesocialmedia.com\/leblogmoto\/wp-json\/wp\/v2\/media?parent=1719"}],"wp:term":[{"taxonomy":"category","embeddable":true,"href":"https:\/\/blogs.thesocialmedia.com\/leblogmoto\/wp-json\/wp\/v2\/categories?post=1719"},{"taxonomy":"post_tag","embeddable":true,"href":"https:\/\/blogs.thesocialmedia.com\/leblogmoto\/wp-json\/wp\/v2\/tags?post=1719"}],"curies":[{"name":"wp","href":"https:\/\/api.w.org\/{rel}","templated":true}]}}