{"id":1720,"date":"2006-06-25T21:14:50","date_gmt":"2006-06-25T21:14:50","guid":{"rendered":"http:\/\/blogs.thesocialmedia.com\/leblogmoto\/2006\/06\/25\/sbk-2007-honda\/"},"modified":"2012-07-11T14:26:18","modified_gmt":"2012-07-11T14:26:18","slug":"sbk-2007-honda","status":"publish","type":"post","link":"https:\/\/blogs.thesocialmedia.com\/leblogmoto\/2006\/06\/25\/sbk-2007-honda\/","title":{"rendered":"SBK 2007: HONDA pr\u00e9pare ses troupes"},"content":{"rendered":"<p><a href=\"http:\/\/blogs.thesocialmedia.com\/leblogmoto\/files\/2012\/07\/cbrminoltasbk1.jpg\"><img loading=\"lazy\" decoding=\"async\" height=\"170\" alt=\"Cbrminoltasbk1\" src=\"http:\/\/www.leblogmoto.com\/images\/cbrminoltasbk1.jpg\" width=\"250\"  \/><\/a> La machine a \u00e9t\u00e9 expos\u00e9e au <a href=\"http:\/\/www.leblogmoto.com\/2006\/06\/motogp_biaggi_p.html\">MUGELLO<\/a> pendant le MotoGP, et elle pourrait bien figurer <strong>la future SBK de HONDA en 2007.<\/strong><\/p>\n<p>Le regain de forme des CBRR lors de la derni\u00e8re manche mondiale \u00e0 <a href=\"http:\/\/www.leblogmoto.com\/2006\/06\/sbk_misano_pitt.html\">MISANO<\/a>, semble \u00eatre un indice s\u00e9rieux que le blason ail\u00e9 a bel et bien d\u00e9cid\u00e9 de faire comme <strong>DUCATI<\/strong>: faire profiter \u00e0 ses machines engag\u00e9es dans cette discipline, des techniques concernant le <a href=\"http:\/\/www.leblogmoto.com\/2006\/06\/sbk_misano_pitt.html\">contr\u00f4le de traction<\/a>, et d\u00e9velopp\u00e9es en MotoGP&#8230;<\/p>\n<p><a href=\"http:\/\/clabedan.typepad.com\/.shared\/image.html?\/photos\/uncategorized\/tamada_photomisc.jpg\"><img loading=\"lazy\" decoding=\"async\" height=\"360\" alt=\"Tamada_photomisc\" src=\"http:\/\/www.leblogmoto.com\/images\/tamada_photomisc.jpg\" width=\"250\"  \/><\/a> Reste que cela se fera avec un team enti\u00e8rement d\u00e9volu \u00e0 la cause du blason ail\u00e9. Or, <strong>l&rsquo;\u00e9curie TEN KATE agace<\/strong> les dirigeants nippons, car jug\u00e9e trop &quot;familiale&quot;. Et par ailleurs, les fr\u00e8res TEN KATE <a href=\"http:\/\/www.leblogmoto.com\/2006\/05\/motogp_yamaha_p.html\">perdont en 2007 leur sponsor titre cigarettier<\/a>, en partance pour un team YAMAHA en MotoGP.<\/p>\n<p>C&rsquo;est donc la structure qui fait actuellement courir <strong>TAMADA <\/strong>qui irait en SBK d\u00e9fendre les couleurs de HONDA. Un pilote et des sponsors japonais, \u00e7a colle mieux. <\/p>\n<p>Certes, HONDA a bien essay\u00e9 de convaincre <a href=\"http:\/\/www.leblogmoto.com\/2006\/06\/motogp_gersini_.html\">GRESINI<\/a> du bien fond\u00e9 de l&rsquo;op\u00e9ration. Mais l&rsquo;Italien tient \u00e0 rester en MotoGP, et n\u00e9gocie pour ce faire avec<strong> DUCATI<\/strong>.<\/p>\n<p>Alors, TAMADA fer de lance de HONDA en SBK en 2007 ?<\/p>\n<p>SOURCE: <a href=\"http:\/\/www.racergp.com\/\">www.racergp.com<\/a>&nbsp; <\/p>\n","protected":false},"excerpt":{"rendered":"<p>La machine a \u00e9t\u00e9 expos\u00e9e au MUGELLO pendant le MotoGP, et elle pourrait bien figurer la future SBK de HONDA en 2007. Le regain de forme des CBRR lors de la derni\u00e8re manche mondiale \u00e0 MISANO, semble \u00eatre un indice s\u00e9rieux que le blason ail\u00e9 a bel et bien d\u00e9cid\u00e9 de faire comme DUCATI: faire [&hellip;]<\/p>\n","protected":false},"author":336,"featured_media":0,"comment_status":"open","ping_status":"open","sticky":false,"template":"","format":"standard","meta":{"footnotes":""},"categories":[14,32,46],"tags":[],"class_list":["post-1720","post","type-post","status-publish","format-standard","hentry","category-honda","category-sport-moto","category-superbike"],"yoast_head":"<!-- This site is optimized with the Yoast SEO plugin v26.0 - https:\/\/yoast.com\/wordpress\/plugins\/seo\/ -->\n<title>SBK 2007: HONDA pr\u00e9pare ses troupes - leblogmoto.com<\/title>\n<meta name=\"robots\" content=\"index, follow, max-snippet:-1, max-image-preview:large, max-video-preview:-1\" \/>\n<link rel=\"canonical\" href=\"https:\/\/blogs.thesocialmedia.com\/leblogmoto\/2006\/06\/25\/sbk-2007-honda\/\" \/>\n<meta name=\"twitter:card\" content=\"summary_large_image\" \/>\n<meta name=\"twitter:title\" content=\"SBK 2007: HONDA pr\u00e9pare ses troupes - leblogmoto.com\" \/>\n<meta name=\"twitter:description\" content=\"La machine a \u00e9t\u00e9 expos\u00e9e au MUGELLO pendant le MotoGP, et elle pourrait bien figurer la future SBK de HONDA en 2007. Le regain de forme des CBRR lors de la derni\u00e8re manche mondiale \u00e0 MISANO, semble \u00eatre un indice s\u00e9rieux que le blason ail\u00e9 a bel et bien d\u00e9cid\u00e9 de faire comme DUCATI: faire [&hellip;]\" \/>\n<meta name=\"twitter:image\" content=\"http:\/\/www.leblogmoto.com\/images\/cbrminoltasbk1.jpg\" \/>\n<meta name=\"twitter:label1\" content=\"\u00c9crit par\" \/>\n\t<meta name=\"twitter:data1\" content=\"andre leconde\" \/>\n\t<meta name=\"twitter:label2\" content=\"Dur\u00e9e de lecture estim\u00e9e\" \/>\n\t<meta name=\"twitter:data2\" content=\"1 minute\" \/>\n<script type=\"application\/ld+json\" class=\"yoast-schema-graph\">{\"@context\":\"https:\/\/schema.org\",\"@graph\":[{\"@type\":\"WebPage\",\"@id\":\"https:\/\/blogs.thesocialmedia.com\/leblogmoto\/2006\/06\/25\/sbk-2007-honda\/\",\"url\":\"https:\/\/blogs.thesocialmedia.com\/leblogmoto\/2006\/06\/25\/sbk-2007-honda\/\",\"name\":\"SBK 2007: HONDA pr\u00e9pare ses troupes - leblogmoto.com\",\"isPartOf\":{\"@id\":\"https:\/\/blogs.thesocialmedia.com\/leblogmoto\/#website\"},\"primaryImageOfPage\":{\"@id\":\"https:\/\/blogs.thesocialmedia.com\/leblogmoto\/2006\/06\/25\/sbk-2007-honda\/#primaryimage\"},\"image\":{\"@id\":\"https:\/\/blogs.thesocialmedia.com\/leblogmoto\/2006\/06\/25\/sbk-2007-honda\/#primaryimage\"},\"thumbnailUrl\":\"http:\/\/www.leblogmoto.com\/images\/cbrminoltasbk1.jpg\",\"datePublished\":\"2006-06-25T21:14:50+00:00\",\"dateModified\":\"2012-07-11T14:26:18+00:00\",\"author\":{\"@id\":\"https:\/\/blogs.thesocialmedia.com\/leblogmoto\/#\/schema\/person\/1a1dcfc7cec206573105eb4af91155c2\"},\"breadcrumb\":{\"@id\":\"https:\/\/blogs.thesocialmedia.com\/leblogmoto\/2006\/06\/25\/sbk-2007-honda\/#breadcrumb\"},\"inLanguage\":\"fr-FR\",\"potentialAction\":[{\"@type\":\"ReadAction\",\"target\":[\"https:\/\/blogs.thesocialmedia.com\/leblogmoto\/2006\/06\/25\/sbk-2007-honda\/\"]}]},{\"@type\":\"ImageObject\",\"inLanguage\":\"fr-FR\",\"@id\":\"https:\/\/blogs.thesocialmedia.com\/leblogmoto\/2006\/06\/25\/sbk-2007-honda\/#primaryimage\",\"url\":\"http:\/\/www.leblogmoto.com\/images\/cbrminoltasbk1.jpg\",\"contentUrl\":\"http:\/\/www.leblogmoto.com\/images\/cbrminoltasbk1.jpg\"},{\"@type\":\"BreadcrumbList\",\"@id\":\"https:\/\/blogs.thesocialmedia.com\/leblogmoto\/2006\/06\/25\/sbk-2007-honda\/#breadcrumb\",\"itemListElement\":[{\"@type\":\"ListItem\",\"position\":1,\"name\":\"Accueil\",\"item\":\"https:\/\/blogs.thesocialmedia.com\/leblogmoto\/\"},{\"@type\":\"ListItem\",\"position\":2,\"name\":\"SBK 2007: HONDA pr\u00e9pare ses troupes\"}]},{\"@type\":\"WebSite\",\"@id\":\"https:\/\/blogs.thesocialmedia.com\/leblogmoto\/#website\",\"url\":\"https:\/\/blogs.thesocialmedia.com\/leblogmoto\/\",\"name\":\"leblogmoto\",\"description\":\"Toute l&#039;actualit\u00e9 des 2 roues\",\"potentialAction\":[{\"@type\":\"SearchAction\",\"target\":{\"@type\":\"EntryPoint\",\"urlTemplate\":\"https:\/\/blogs.thesocialmedia.com\/leblogmoto\/?s={search_term_string}\"},\"query-input\":{\"@type\":\"PropertyValueSpecification\",\"valueRequired\":true,\"valueName\":\"search_term_string\"}}],\"inLanguage\":\"fr-FR\"},{\"@type\":\"Person\",\"@id\":\"https:\/\/blogs.thesocialmedia.com\/leblogmoto\/#\/schema\/person\/1a1dcfc7cec206573105eb4af91155c2\",\"name\":\"andre leconde\",\"image\":{\"@type\":\"ImageObject\",\"inLanguage\":\"fr-FR\",\"@id\":\"https:\/\/blogs.thesocialmedia.com\/leblogmoto\/#\/schema\/person\/image\/\",\"url\":\"https:\/\/secure.gravatar.com\/avatar\/?s=96&d=mm&r=g\",\"contentUrl\":\"https:\/\/secure.gravatar.com\/avatar\/?s=96&d=mm&r=g\",\"caption\":\"andre leconde\"},\"url\":\"https:\/\/blogs.thesocialmedia.com\/leblogmoto\/author\/andre-leconde\/\"}]}<\/script>\n<!-- \/ Yoast SEO plugin. -->","yoast_head_json":{"title":"SBK 2007: HONDA pr\u00e9pare ses troupes - leblogmoto.com","robots":{"index":"index","follow":"follow","max-snippet":"max-snippet:-1","max-image-preview":"max-image-preview:large","max-video-preview":"max-video-preview:-1"},"canonical":"https:\/\/blogs.thesocialmedia.com\/leblogmoto\/2006\/06\/25\/sbk-2007-honda\/","twitter_card":"summary_large_image","twitter_title":"SBK 2007: HONDA pr\u00e9pare ses troupes - leblogmoto.com","twitter_description":"La machine a \u00e9t\u00e9 expos\u00e9e au MUGELLO pendant le MotoGP, et elle pourrait bien figurer la future SBK de HONDA en 2007. Le regain de forme des CBRR lors de la derni\u00e8re manche mondiale \u00e0 MISANO, semble \u00eatre un indice s\u00e9rieux que le blason ail\u00e9 a bel et bien d\u00e9cid\u00e9 de faire comme DUCATI: faire [&hellip;]","twitter_image":"http:\/\/www.leblogmoto.com\/images\/cbrminoltasbk1.jpg","twitter_misc":{"\u00c9crit par":"andre leconde","Dur\u00e9e de lecture estim\u00e9e":"1 minute"},"schema":{"@context":"https:\/\/schema.org","@graph":[{"@type":"WebPage","@id":"https:\/\/blogs.thesocialmedia.com\/leblogmoto\/2006\/06\/25\/sbk-2007-honda\/","url":"https:\/\/blogs.thesocialmedia.com\/leblogmoto\/2006\/06\/25\/sbk-2007-honda\/","name":"SBK 2007: HONDA pr\u00e9pare ses troupes - leblogmoto.com","isPartOf":{"@id":"https:\/\/blogs.thesocialmedia.com\/leblogmoto\/#website"},"primaryImageOfPage":{"@id":"https:\/\/blogs.thesocialmedia.com\/leblogmoto\/2006\/06\/25\/sbk-2007-honda\/#primaryimage"},"image":{"@id":"https:\/\/blogs.thesocialmedia.com\/leblogmoto\/2006\/06\/25\/sbk-2007-honda\/#primaryimage"},"thumbnailUrl":"http:\/\/www.leblogmoto.com\/images\/cbrminoltasbk1.jpg","datePublished":"2006-06-25T21:14:50+00:00","dateModified":"2012-07-11T14:26:18+00:00","author":{"@id":"https:\/\/blogs.thesocialmedia.com\/leblogmoto\/#\/schema\/person\/1a1dcfc7cec206573105eb4af91155c2"},"breadcrumb":{"@id":"https:\/\/blogs.thesocialmedia.com\/leblogmoto\/2006\/06\/25\/sbk-2007-honda\/#breadcrumb"},"inLanguage":"fr-FR","potentialAction":[{"@type":"ReadAction","target":["https:\/\/blogs.thesocialmedia.com\/leblogmoto\/2006\/06\/25\/sbk-2007-honda\/"]}]},{"@type":"ImageObject","inLanguage":"fr-FR","@id":"https:\/\/blogs.thesocialmedia.com\/leblogmoto\/2006\/06\/25\/sbk-2007-honda\/#primaryimage","url":"http:\/\/www.leblogmoto.com\/images\/cbrminoltasbk1.jpg","contentUrl":"http:\/\/www.leblogmoto.com\/images\/cbrminoltasbk1.jpg"},{"@type":"BreadcrumbList","@id":"https:\/\/blogs.thesocialmedia.com\/leblogmoto\/2006\/06\/25\/sbk-2007-honda\/#breadcrumb","itemListElement":[{"@type":"ListItem","position":1,"name":"Accueil","item":"https:\/\/blogs.thesocialmedia.com\/leblogmoto\/"},{"@type":"ListItem","position":2,"name":"SBK 2007: HONDA pr\u00e9pare ses troupes"}]},{"@type":"WebSite","@id":"https:\/\/blogs.thesocialmedia.com\/leblogmoto\/#website","url":"https:\/\/blogs.thesocialmedia.com\/leblogmoto\/","name":"leblogmoto","description":"Toute l&#039;actualit\u00e9 des 2 roues","potentialAction":[{"@type":"SearchAction","target":{"@type":"EntryPoint","urlTemplate":"https:\/\/blogs.thesocialmedia.com\/leblogmoto\/?s={search_term_string}"},"query-input":{"@type":"PropertyValueSpecification","valueRequired":true,"valueName":"search_term_string"}}],"inLanguage":"fr-FR"},{"@type":"Person","@id":"https:\/\/blogs.thesocialmedia.com\/leblogmoto\/#\/schema\/person\/1a1dcfc7cec206573105eb4af91155c2","name":"andre leconde","image":{"@type":"ImageObject","inLanguage":"fr-FR","@id":"https:\/\/blogs.thesocialmedia.com\/leblogmoto\/#\/schema\/person\/image\/","url":"https:\/\/secure.gravatar.com\/avatar\/?s=96&d=mm&r=g","contentUrl":"https:\/\/secure.gravatar.com\/avatar\/?s=96&d=mm&r=g","caption":"andre leconde"},"url":"https:\/\/blogs.thesocialmedia.com\/leblogmoto\/author\/andre-leconde\/"}]}},"_links":{"self":[{"href":"https:\/\/blogs.thesocialmedia.com\/leblogmoto\/wp-json\/wp\/v2\/posts\/1720","targetHints":{"allow":["GET"]}}],"collection":[{"href":"https:\/\/blogs.thesocialmedia.com\/leblogmoto\/wp-json\/wp\/v2\/posts"}],"about":[{"href":"https:\/\/blogs.thesocialmedia.com\/leblogmoto\/wp-json\/wp\/v2\/types\/post"}],"author":[{"embeddable":true,"href":"https:\/\/blogs.thesocialmedia.com\/leblogmoto\/wp-json\/wp\/v2\/users\/336"}],"replies":[{"embeddable":true,"href":"https:\/\/blogs.thesocialmedia.com\/leblogmoto\/wp-json\/wp\/v2\/comments?post=1720"}],"version-history":[{"count":2,"href":"https:\/\/blogs.thesocialmedia.com\/leblogmoto\/wp-json\/wp\/v2\/posts\/1720\/revisions"}],"predecessor-version":[{"id":7688,"href":"https:\/\/blogs.thesocialmedia.com\/leblogmoto\/wp-json\/wp\/v2\/posts\/1720\/revisions\/7688"}],"wp:attachment":[{"href":"https:\/\/blogs.thesocialmedia.com\/leblogmoto\/wp-json\/wp\/v2\/media?parent=1720"}],"wp:term":[{"taxonomy":"category","embeddable":true,"href":"https:\/\/blogs.thesocialmedia.com\/leblogmoto\/wp-json\/wp\/v2\/categories?post=1720"},{"taxonomy":"post_tag","embeddable":true,"href":"https:\/\/blogs.thesocialmedia.com\/leblogmoto\/wp-json\/wp\/v2\/tags?post=1720"}],"curies":[{"name":"wp","href":"https:\/\/api.w.org\/{rel}","templated":true}]}}