{"id":1723,"date":"2006-06-25T12:21:59","date_gmt":"2006-06-25T12:21:59","guid":{"rendered":"http:\/\/blogs.thesocialmedia.com\/leblogmoto\/2006\/06\/25\/motogp-gibernau\/"},"modified":"2012-07-11T14:26:15","modified_gmt":"2012-07-11T14:26:15","slug":"motogp-gibernau","status":"publish","type":"post","link":"https:\/\/blogs.thesocialmedia.com\/leblogmoto\/2006\/06\/25\/motogp-gibernau\/","title":{"rendered":"MotoGP: GIBERNAU se r\u00e9tablit"},"content":{"rendered":"<p><a href=\"http:\/\/blogs.thesocialmedia.com\/leblogmoto\/files\/2012\/07\/seteospedale.jpg\"><img loading=\"lazy\" decoding=\"async\" height=\"267\" alt=\"Seteospedale\" src=\"http:\/\/www.leblogmoto.com\/images\/seteospedale.jpg\" width=\"250\"  \/><\/a> Voici des nouvelles de <strong>Sete GIBERNAU<\/strong>, initiateur bien malheureux de la <a href=\"http:\/\/www.leblogmoto.com\/2006\/06\/le_big_bang_du_.html\">chute collective du CATALUNYA<\/a>.<\/p>\n<p>L&rsquo;Espagnol s&rsquo;est vu poser une plaque en titane \u00e0 sa clavicule fractur\u00e9e, en lieu et place de sa pr\u00e9c\u00e9dente, en m\u00e9tal. <\/p>\n<p>Reste qu&rsquo;il en a pour <strong>trois \u00e0 cinq semaines<\/strong> de convalescence. <a href=\"http:\/\/www.leblogmoto.com\/2006\/06\/assen_motogp_46.html\">ASSEN<\/a> ne sera donc pas le dernier GP qu&rsquo;il devra regarder \u00e0 la t\u00e9l\u00e9vision. D&rsquo;ores et d\u00e9j\u00e0, il peut s&rsquo;informer des programmes qui retransmettront l&rsquo;\u00e9preuve de DONINGTON, le week end prochain.<\/p>\n<p>Ca faisait <strong>dix ans<\/strong> que GIBERNAU n&rsquo;avait pas loup\u00e9 une grille de d\u00e9part. Mais au regard de ce qui s&rsquo;est pass\u00e9 sur le <a href=\"http:\/\/www.leblogmoto.com\/2006\/06\/dpart_catalunya.html\">circuit de Montmelo<\/a>, \u00e7a aurait pu \u00eatre bien pire.<\/p>\n<p>SOURCE: <a href=\"http:\/\/www.motoblog.it\">www.motoblog.it<\/a>&nbsp; &nbsp; <\/p>\n","protected":false},"excerpt":{"rendered":"<p>Voici des nouvelles de Sete GIBERNAU, initiateur bien malheureux de la chute collective du CATALUNYA. L&rsquo;Espagnol s&rsquo;est vu poser une plaque en titane \u00e0 sa clavicule fractur\u00e9e, en lieu et place de sa pr\u00e9c\u00e9dente, en m\u00e9tal. Reste qu&rsquo;il en a pour trois \u00e0 cinq semaines de convalescence. ASSEN ne sera donc pas le dernier GP [&hellip;]<\/p>\n","protected":false},"author":336,"featured_media":0,"comment_status":"open","ping_status":"open","sticky":false,"template":"","format":"standard","meta":{"footnotes":""},"categories":[41,22,32],"tags":[],"class_list":["post-1723","post","type-post","status-publish","format-standard","hentry","category-ducati","category-motogp","category-sport-moto"],"yoast_head":"<!-- This site is optimized with the Yoast SEO plugin v26.0 - https:\/\/yoast.com\/wordpress\/plugins\/seo\/ -->\n<title>MotoGP: GIBERNAU se r\u00e9tablit - leblogmoto.com<\/title>\n<meta name=\"robots\" content=\"index, follow, max-snippet:-1, max-image-preview:large, max-video-preview:-1\" \/>\n<link rel=\"canonical\" href=\"https:\/\/blogs.thesocialmedia.com\/leblogmoto\/2006\/06\/25\/motogp-gibernau\/\" \/>\n<meta name=\"twitter:card\" content=\"summary_large_image\" \/>\n<meta name=\"twitter:title\" content=\"MotoGP: GIBERNAU se r\u00e9tablit - leblogmoto.com\" \/>\n<meta name=\"twitter:description\" content=\"Voici des nouvelles de Sete GIBERNAU, initiateur bien malheureux de la chute collective du CATALUNYA. L&rsquo;Espagnol s&rsquo;est vu poser une plaque en titane \u00e0 sa clavicule fractur\u00e9e, en lieu et place de sa pr\u00e9c\u00e9dente, en m\u00e9tal. Reste qu&rsquo;il en a pour trois \u00e0 cinq semaines de convalescence. ASSEN ne sera donc pas le dernier GP [&hellip;]\" \/>\n<meta name=\"twitter:image\" content=\"http:\/\/www.leblogmoto.com\/images\/seteospedale.jpg\" \/>\n<meta name=\"twitter:label1\" content=\"\u00c9crit par\" \/>\n\t<meta name=\"twitter:data1\" content=\"andre leconde\" \/>\n\t<meta name=\"twitter:label2\" content=\"Dur\u00e9e de lecture estim\u00e9e\" \/>\n\t<meta name=\"twitter:data2\" content=\"1 minute\" \/>\n<script type=\"application\/ld+json\" class=\"yoast-schema-graph\">{\"@context\":\"https:\/\/schema.org\",\"@graph\":[{\"@type\":\"WebPage\",\"@id\":\"https:\/\/blogs.thesocialmedia.com\/leblogmoto\/2006\/06\/25\/motogp-gibernau\/\",\"url\":\"https:\/\/blogs.thesocialmedia.com\/leblogmoto\/2006\/06\/25\/motogp-gibernau\/\",\"name\":\"MotoGP: GIBERNAU se r\u00e9tablit - leblogmoto.com\",\"isPartOf\":{\"@id\":\"https:\/\/blogs.thesocialmedia.com\/leblogmoto\/#website\"},\"primaryImageOfPage\":{\"@id\":\"https:\/\/blogs.thesocialmedia.com\/leblogmoto\/2006\/06\/25\/motogp-gibernau\/#primaryimage\"},\"image\":{\"@id\":\"https:\/\/blogs.thesocialmedia.com\/leblogmoto\/2006\/06\/25\/motogp-gibernau\/#primaryimage\"},\"thumbnailUrl\":\"http:\/\/www.leblogmoto.com\/images\/seteospedale.jpg\",\"datePublished\":\"2006-06-25T12:21:59+00:00\",\"dateModified\":\"2012-07-11T14:26:15+00:00\",\"author\":{\"@id\":\"https:\/\/blogs.thesocialmedia.com\/leblogmoto\/#\/schema\/person\/1a1dcfc7cec206573105eb4af91155c2\"},\"breadcrumb\":{\"@id\":\"https:\/\/blogs.thesocialmedia.com\/leblogmoto\/2006\/06\/25\/motogp-gibernau\/#breadcrumb\"},\"inLanguage\":\"fr-FR\",\"potentialAction\":[{\"@type\":\"ReadAction\",\"target\":[\"https:\/\/blogs.thesocialmedia.com\/leblogmoto\/2006\/06\/25\/motogp-gibernau\/\"]}]},{\"@type\":\"ImageObject\",\"inLanguage\":\"fr-FR\",\"@id\":\"https:\/\/blogs.thesocialmedia.com\/leblogmoto\/2006\/06\/25\/motogp-gibernau\/#primaryimage\",\"url\":\"http:\/\/www.leblogmoto.com\/images\/seteospedale.jpg\",\"contentUrl\":\"http:\/\/www.leblogmoto.com\/images\/seteospedale.jpg\"},{\"@type\":\"BreadcrumbList\",\"@id\":\"https:\/\/blogs.thesocialmedia.com\/leblogmoto\/2006\/06\/25\/motogp-gibernau\/#breadcrumb\",\"itemListElement\":[{\"@type\":\"ListItem\",\"position\":1,\"name\":\"Accueil\",\"item\":\"https:\/\/blogs.thesocialmedia.com\/leblogmoto\/\"},{\"@type\":\"ListItem\",\"position\":2,\"name\":\"MotoGP: GIBERNAU se r\u00e9tablit\"}]},{\"@type\":\"WebSite\",\"@id\":\"https:\/\/blogs.thesocialmedia.com\/leblogmoto\/#website\",\"url\":\"https:\/\/blogs.thesocialmedia.com\/leblogmoto\/\",\"name\":\"leblogmoto\",\"description\":\"Toute l&#039;actualit\u00e9 des 2 roues\",\"potentialAction\":[{\"@type\":\"SearchAction\",\"target\":{\"@type\":\"EntryPoint\",\"urlTemplate\":\"https:\/\/blogs.thesocialmedia.com\/leblogmoto\/?s={search_term_string}\"},\"query-input\":{\"@type\":\"PropertyValueSpecification\",\"valueRequired\":true,\"valueName\":\"search_term_string\"}}],\"inLanguage\":\"fr-FR\"},{\"@type\":\"Person\",\"@id\":\"https:\/\/blogs.thesocialmedia.com\/leblogmoto\/#\/schema\/person\/1a1dcfc7cec206573105eb4af91155c2\",\"name\":\"andre leconde\",\"image\":{\"@type\":\"ImageObject\",\"inLanguage\":\"fr-FR\",\"@id\":\"https:\/\/blogs.thesocialmedia.com\/leblogmoto\/#\/schema\/person\/image\/\",\"url\":\"https:\/\/secure.gravatar.com\/avatar\/?s=96&d=mm&r=g\",\"contentUrl\":\"https:\/\/secure.gravatar.com\/avatar\/?s=96&d=mm&r=g\",\"caption\":\"andre leconde\"},\"url\":\"https:\/\/blogs.thesocialmedia.com\/leblogmoto\/author\/andre-leconde\/\"}]}<\/script>\n<!-- \/ Yoast SEO plugin. -->","yoast_head_json":{"title":"MotoGP: GIBERNAU se r\u00e9tablit - leblogmoto.com","robots":{"index":"index","follow":"follow","max-snippet":"max-snippet:-1","max-image-preview":"max-image-preview:large","max-video-preview":"max-video-preview:-1"},"canonical":"https:\/\/blogs.thesocialmedia.com\/leblogmoto\/2006\/06\/25\/motogp-gibernau\/","twitter_card":"summary_large_image","twitter_title":"MotoGP: GIBERNAU se r\u00e9tablit - leblogmoto.com","twitter_description":"Voici des nouvelles de Sete GIBERNAU, initiateur bien malheureux de la chute collective du CATALUNYA. L&rsquo;Espagnol s&rsquo;est vu poser une plaque en titane \u00e0 sa clavicule fractur\u00e9e, en lieu et place de sa pr\u00e9c\u00e9dente, en m\u00e9tal. Reste qu&rsquo;il en a pour trois \u00e0 cinq semaines de convalescence. ASSEN ne sera donc pas le dernier GP [&hellip;]","twitter_image":"http:\/\/www.leblogmoto.com\/images\/seteospedale.jpg","twitter_misc":{"\u00c9crit par":"andre leconde","Dur\u00e9e de lecture estim\u00e9e":"1 minute"},"schema":{"@context":"https:\/\/schema.org","@graph":[{"@type":"WebPage","@id":"https:\/\/blogs.thesocialmedia.com\/leblogmoto\/2006\/06\/25\/motogp-gibernau\/","url":"https:\/\/blogs.thesocialmedia.com\/leblogmoto\/2006\/06\/25\/motogp-gibernau\/","name":"MotoGP: GIBERNAU se r\u00e9tablit - leblogmoto.com","isPartOf":{"@id":"https:\/\/blogs.thesocialmedia.com\/leblogmoto\/#website"},"primaryImageOfPage":{"@id":"https:\/\/blogs.thesocialmedia.com\/leblogmoto\/2006\/06\/25\/motogp-gibernau\/#primaryimage"},"image":{"@id":"https:\/\/blogs.thesocialmedia.com\/leblogmoto\/2006\/06\/25\/motogp-gibernau\/#primaryimage"},"thumbnailUrl":"http:\/\/www.leblogmoto.com\/images\/seteospedale.jpg","datePublished":"2006-06-25T12:21:59+00:00","dateModified":"2012-07-11T14:26:15+00:00","author":{"@id":"https:\/\/blogs.thesocialmedia.com\/leblogmoto\/#\/schema\/person\/1a1dcfc7cec206573105eb4af91155c2"},"breadcrumb":{"@id":"https:\/\/blogs.thesocialmedia.com\/leblogmoto\/2006\/06\/25\/motogp-gibernau\/#breadcrumb"},"inLanguage":"fr-FR","potentialAction":[{"@type":"ReadAction","target":["https:\/\/blogs.thesocialmedia.com\/leblogmoto\/2006\/06\/25\/motogp-gibernau\/"]}]},{"@type":"ImageObject","inLanguage":"fr-FR","@id":"https:\/\/blogs.thesocialmedia.com\/leblogmoto\/2006\/06\/25\/motogp-gibernau\/#primaryimage","url":"http:\/\/www.leblogmoto.com\/images\/seteospedale.jpg","contentUrl":"http:\/\/www.leblogmoto.com\/images\/seteospedale.jpg"},{"@type":"BreadcrumbList","@id":"https:\/\/blogs.thesocialmedia.com\/leblogmoto\/2006\/06\/25\/motogp-gibernau\/#breadcrumb","itemListElement":[{"@type":"ListItem","position":1,"name":"Accueil","item":"https:\/\/blogs.thesocialmedia.com\/leblogmoto\/"},{"@type":"ListItem","position":2,"name":"MotoGP: GIBERNAU se r\u00e9tablit"}]},{"@type":"WebSite","@id":"https:\/\/blogs.thesocialmedia.com\/leblogmoto\/#website","url":"https:\/\/blogs.thesocialmedia.com\/leblogmoto\/","name":"leblogmoto","description":"Toute l&#039;actualit\u00e9 des 2 roues","potentialAction":[{"@type":"SearchAction","target":{"@type":"EntryPoint","urlTemplate":"https:\/\/blogs.thesocialmedia.com\/leblogmoto\/?s={search_term_string}"},"query-input":{"@type":"PropertyValueSpecification","valueRequired":true,"valueName":"search_term_string"}}],"inLanguage":"fr-FR"},{"@type":"Person","@id":"https:\/\/blogs.thesocialmedia.com\/leblogmoto\/#\/schema\/person\/1a1dcfc7cec206573105eb4af91155c2","name":"andre leconde","image":{"@type":"ImageObject","inLanguage":"fr-FR","@id":"https:\/\/blogs.thesocialmedia.com\/leblogmoto\/#\/schema\/person\/image\/","url":"https:\/\/secure.gravatar.com\/avatar\/?s=96&d=mm&r=g","contentUrl":"https:\/\/secure.gravatar.com\/avatar\/?s=96&d=mm&r=g","caption":"andre leconde"},"url":"https:\/\/blogs.thesocialmedia.com\/leblogmoto\/author\/andre-leconde\/"}]}},"_links":{"self":[{"href":"https:\/\/blogs.thesocialmedia.com\/leblogmoto\/wp-json\/wp\/v2\/posts\/1723","targetHints":{"allow":["GET"]}}],"collection":[{"href":"https:\/\/blogs.thesocialmedia.com\/leblogmoto\/wp-json\/wp\/v2\/posts"}],"about":[{"href":"https:\/\/blogs.thesocialmedia.com\/leblogmoto\/wp-json\/wp\/v2\/types\/post"}],"author":[{"embeddable":true,"href":"https:\/\/blogs.thesocialmedia.com\/leblogmoto\/wp-json\/wp\/v2\/users\/336"}],"replies":[{"embeddable":true,"href":"https:\/\/blogs.thesocialmedia.com\/leblogmoto\/wp-json\/wp\/v2\/comments?post=1723"}],"version-history":[{"count":2,"href":"https:\/\/blogs.thesocialmedia.com\/leblogmoto\/wp-json\/wp\/v2\/posts\/1723\/revisions"}],"predecessor-version":[{"id":7684,"href":"https:\/\/blogs.thesocialmedia.com\/leblogmoto\/wp-json\/wp\/v2\/posts\/1723\/revisions\/7684"}],"wp:attachment":[{"href":"https:\/\/blogs.thesocialmedia.com\/leblogmoto\/wp-json\/wp\/v2\/media?parent=1723"}],"wp:term":[{"taxonomy":"category","embeddable":true,"href":"https:\/\/blogs.thesocialmedia.com\/leblogmoto\/wp-json\/wp\/v2\/categories?post=1723"},{"taxonomy":"post_tag","embeddable":true,"href":"https:\/\/blogs.thesocialmedia.com\/leblogmoto\/wp-json\/wp\/v2\/tags?post=1723"}],"curies":[{"name":"wp","href":"https:\/\/api.w.org\/{rel}","templated":true}]}}