{"id":1724,"date":"2006-06-25T10:54:29","date_gmt":"2006-06-25T10:54:29","guid":{"rendered":"http:\/\/blogs.thesocialmedia.com\/leblogmoto\/2006\/06\/25\/chronique-de-la\/"},"modified":"2012-07-11T14:26:14","modified_gmt":"2012-07-11T14:26:14","slug":"chronique-de-la","status":"publish","type":"post","link":"https:\/\/blogs.thesocialmedia.com\/leblogmoto\/2006\/06\/25\/chronique-de-la\/","title":{"rendered":"Chronique de la b\u00eatise ordinaire"},"content":{"rendered":"<p><a href=\"http:\/\/blogs.thesocialmedia.com\/leblogmoto\/files\/2012\/07\/chemin1.jpg\"><img loading=\"lazy\" decoding=\"async\" height=\"333\" alt=\"Chemin1\" src=\"http:\/\/www.leblogmoto.com\/images\/chemin1.jpg\" width=\"250\"  \/><\/a>Ce qui va suivre pourrait para\u00eetre comme le sc\u00e9nario d&rsquo;un mauvais film. Mais il semble bien \u00eatre une triste r\u00e9alit\u00e9, relay\u00e9e par le quotidien <strong>NICE MATIN du 22 juin<\/strong>.<\/p>\n<p>L&rsquo;application de la <a href=\"http:\/\/www.leblogmoto.com\/2006\/03\/codever_le_mouv.html\">circulaire OLIN<\/a>, on le sait, a r\u00e9veill\u00e9 les passions. Celle des riverains, l\u00e9gitimement amoureux des chemins, celle des enduristes et autres int\u00e9ress\u00e9s par le loisir dit &quot;vert&quot;, qui ont toutes les raisons d&rsquo;estimer qu&rsquo;on entrave leur libert\u00e9. Chacun semble avoir donc raison, et, dans un contexte exacerb\u00e9, le respect des positions de l&rsquo;autre s&rsquo;oublie.<\/p>\n<p>Mais, cette fois, du c\u00f4t\u00e9 des ALPES MARITIMES, il semble que l&rsquo;on ait franchi un dangereux cap: dans les chemins, entre deux arbres, il arrive ainsi que l&rsquo;on y rencontre <strong>du fil de fer barbel\u00e9 tendu \u00e0 hauteur de gorge<\/strong>&#8230;<\/p>\n<p>A ce stade de la b\u00eatise, il n&rsquo;est plus question de savoir qui est dans son droit quant \u00e0 sa mani\u00e8re d&rsquo;arpenter les chemins recul\u00e9s. Il faut revenir \u00e0 la raison, sinon, le drame ne va pas tarder \u00e0 surgir.<\/p>\n<p>SOURCE: NICE MATIN<\/p>\n<p>&nbsp; &nbsp;&nbsp; <\/p>\n","protected":false},"excerpt":{"rendered":"<p>Ce qui va suivre pourrait para\u00eetre comme le sc\u00e9nario d&rsquo;un mauvais film. Mais il semble bien \u00eatre une triste r\u00e9alit\u00e9, relay\u00e9e par le quotidien NICE MATIN du 22 juin. L&rsquo;application de la circulaire OLIN, on le sait, a r\u00e9veill\u00e9 les passions. Celle des riverains, l\u00e9gitimement amoureux des chemins, celle des enduristes et autres int\u00e9ress\u00e9s par [&hellip;]<\/p>\n","protected":false},"author":336,"featured_media":0,"comment_status":"open","ping_status":"open","sticky":false,"template":"","format":"standard","meta":{"footnotes":""},"categories":[3,17],"tags":[],"class_list":["post-1724","post","type-post","status-publish","format-standard","hentry","category-actualite","category-divers"],"yoast_head":"<!-- This site is optimized with the Yoast SEO plugin v26.0 - https:\/\/yoast.com\/wordpress\/plugins\/seo\/ -->\n<title>Chronique de la b\u00eatise ordinaire - leblogmoto.com<\/title>\n<meta name=\"robots\" content=\"index, follow, max-snippet:-1, max-image-preview:large, max-video-preview:-1\" \/>\n<link rel=\"canonical\" href=\"https:\/\/blogs.thesocialmedia.com\/leblogmoto\/2006\/06\/25\/chronique-de-la\/\" \/>\n<meta name=\"twitter:card\" content=\"summary_large_image\" \/>\n<meta name=\"twitter:title\" content=\"Chronique de la b\u00eatise ordinaire - leblogmoto.com\" \/>\n<meta name=\"twitter:description\" content=\"Ce qui va suivre pourrait para\u00eetre comme le sc\u00e9nario d&rsquo;un mauvais film. Mais il semble bien \u00eatre une triste r\u00e9alit\u00e9, relay\u00e9e par le quotidien NICE MATIN du 22 juin. L&rsquo;application de la circulaire OLIN, on le sait, a r\u00e9veill\u00e9 les passions. Celle des riverains, l\u00e9gitimement amoureux des chemins, celle des enduristes et autres int\u00e9ress\u00e9s par [&hellip;]\" \/>\n<meta name=\"twitter:image\" content=\"http:\/\/www.leblogmoto.com\/images\/chemin1.jpg\" \/>\n<meta name=\"twitter:label1\" content=\"\u00c9crit par\" \/>\n\t<meta name=\"twitter:data1\" content=\"andre leconde\" \/>\n\t<meta name=\"twitter:label2\" content=\"Dur\u00e9e de lecture estim\u00e9e\" \/>\n\t<meta name=\"twitter:data2\" content=\"1 minute\" \/>\n<script type=\"application\/ld+json\" class=\"yoast-schema-graph\">{\"@context\":\"https:\/\/schema.org\",\"@graph\":[{\"@type\":\"WebPage\",\"@id\":\"https:\/\/blogs.thesocialmedia.com\/leblogmoto\/2006\/06\/25\/chronique-de-la\/\",\"url\":\"https:\/\/blogs.thesocialmedia.com\/leblogmoto\/2006\/06\/25\/chronique-de-la\/\",\"name\":\"Chronique de la b\u00eatise ordinaire - leblogmoto.com\",\"isPartOf\":{\"@id\":\"https:\/\/blogs.thesocialmedia.com\/leblogmoto\/#website\"},\"primaryImageOfPage\":{\"@id\":\"https:\/\/blogs.thesocialmedia.com\/leblogmoto\/2006\/06\/25\/chronique-de-la\/#primaryimage\"},\"image\":{\"@id\":\"https:\/\/blogs.thesocialmedia.com\/leblogmoto\/2006\/06\/25\/chronique-de-la\/#primaryimage\"},\"thumbnailUrl\":\"http:\/\/www.leblogmoto.com\/images\/chemin1.jpg\",\"datePublished\":\"2006-06-25T10:54:29+00:00\",\"dateModified\":\"2012-07-11T14:26:14+00:00\",\"author\":{\"@id\":\"https:\/\/blogs.thesocialmedia.com\/leblogmoto\/#\/schema\/person\/1a1dcfc7cec206573105eb4af91155c2\"},\"breadcrumb\":{\"@id\":\"https:\/\/blogs.thesocialmedia.com\/leblogmoto\/2006\/06\/25\/chronique-de-la\/#breadcrumb\"},\"inLanguage\":\"fr-FR\",\"potentialAction\":[{\"@type\":\"ReadAction\",\"target\":[\"https:\/\/blogs.thesocialmedia.com\/leblogmoto\/2006\/06\/25\/chronique-de-la\/\"]}]},{\"@type\":\"ImageObject\",\"inLanguage\":\"fr-FR\",\"@id\":\"https:\/\/blogs.thesocialmedia.com\/leblogmoto\/2006\/06\/25\/chronique-de-la\/#primaryimage\",\"url\":\"http:\/\/www.leblogmoto.com\/images\/chemin1.jpg\",\"contentUrl\":\"http:\/\/www.leblogmoto.com\/images\/chemin1.jpg\"},{\"@type\":\"BreadcrumbList\",\"@id\":\"https:\/\/blogs.thesocialmedia.com\/leblogmoto\/2006\/06\/25\/chronique-de-la\/#breadcrumb\",\"itemListElement\":[{\"@type\":\"ListItem\",\"position\":1,\"name\":\"Accueil\",\"item\":\"https:\/\/blogs.thesocialmedia.com\/leblogmoto\/\"},{\"@type\":\"ListItem\",\"position\":2,\"name\":\"Chronique de la b\u00eatise ordinaire\"}]},{\"@type\":\"WebSite\",\"@id\":\"https:\/\/blogs.thesocialmedia.com\/leblogmoto\/#website\",\"url\":\"https:\/\/blogs.thesocialmedia.com\/leblogmoto\/\",\"name\":\"leblogmoto\",\"description\":\"Toute l&#039;actualit\u00e9 des 2 roues\",\"potentialAction\":[{\"@type\":\"SearchAction\",\"target\":{\"@type\":\"EntryPoint\",\"urlTemplate\":\"https:\/\/blogs.thesocialmedia.com\/leblogmoto\/?s={search_term_string}\"},\"query-input\":{\"@type\":\"PropertyValueSpecification\",\"valueRequired\":true,\"valueName\":\"search_term_string\"}}],\"inLanguage\":\"fr-FR\"},{\"@type\":\"Person\",\"@id\":\"https:\/\/blogs.thesocialmedia.com\/leblogmoto\/#\/schema\/person\/1a1dcfc7cec206573105eb4af91155c2\",\"name\":\"andre leconde\",\"image\":{\"@type\":\"ImageObject\",\"inLanguage\":\"fr-FR\",\"@id\":\"https:\/\/blogs.thesocialmedia.com\/leblogmoto\/#\/schema\/person\/image\/\",\"url\":\"https:\/\/secure.gravatar.com\/avatar\/?s=96&d=mm&r=g\",\"contentUrl\":\"https:\/\/secure.gravatar.com\/avatar\/?s=96&d=mm&r=g\",\"caption\":\"andre leconde\"},\"url\":\"https:\/\/blogs.thesocialmedia.com\/leblogmoto\/author\/andre-leconde\/\"}]}<\/script>\n<!-- \/ Yoast SEO plugin. -->","yoast_head_json":{"title":"Chronique de la b\u00eatise ordinaire - leblogmoto.com","robots":{"index":"index","follow":"follow","max-snippet":"max-snippet:-1","max-image-preview":"max-image-preview:large","max-video-preview":"max-video-preview:-1"},"canonical":"https:\/\/blogs.thesocialmedia.com\/leblogmoto\/2006\/06\/25\/chronique-de-la\/","twitter_card":"summary_large_image","twitter_title":"Chronique de la b\u00eatise ordinaire - leblogmoto.com","twitter_description":"Ce qui va suivre pourrait para\u00eetre comme le sc\u00e9nario d&rsquo;un mauvais film. Mais il semble bien \u00eatre une triste r\u00e9alit\u00e9, relay\u00e9e par le quotidien NICE MATIN du 22 juin. L&rsquo;application de la circulaire OLIN, on le sait, a r\u00e9veill\u00e9 les passions. Celle des riverains, l\u00e9gitimement amoureux des chemins, celle des enduristes et autres int\u00e9ress\u00e9s par [&hellip;]","twitter_image":"http:\/\/www.leblogmoto.com\/images\/chemin1.jpg","twitter_misc":{"\u00c9crit par":"andre leconde","Dur\u00e9e de lecture estim\u00e9e":"1 minute"},"schema":{"@context":"https:\/\/schema.org","@graph":[{"@type":"WebPage","@id":"https:\/\/blogs.thesocialmedia.com\/leblogmoto\/2006\/06\/25\/chronique-de-la\/","url":"https:\/\/blogs.thesocialmedia.com\/leblogmoto\/2006\/06\/25\/chronique-de-la\/","name":"Chronique de la b\u00eatise ordinaire - leblogmoto.com","isPartOf":{"@id":"https:\/\/blogs.thesocialmedia.com\/leblogmoto\/#website"},"primaryImageOfPage":{"@id":"https:\/\/blogs.thesocialmedia.com\/leblogmoto\/2006\/06\/25\/chronique-de-la\/#primaryimage"},"image":{"@id":"https:\/\/blogs.thesocialmedia.com\/leblogmoto\/2006\/06\/25\/chronique-de-la\/#primaryimage"},"thumbnailUrl":"http:\/\/www.leblogmoto.com\/images\/chemin1.jpg","datePublished":"2006-06-25T10:54:29+00:00","dateModified":"2012-07-11T14:26:14+00:00","author":{"@id":"https:\/\/blogs.thesocialmedia.com\/leblogmoto\/#\/schema\/person\/1a1dcfc7cec206573105eb4af91155c2"},"breadcrumb":{"@id":"https:\/\/blogs.thesocialmedia.com\/leblogmoto\/2006\/06\/25\/chronique-de-la\/#breadcrumb"},"inLanguage":"fr-FR","potentialAction":[{"@type":"ReadAction","target":["https:\/\/blogs.thesocialmedia.com\/leblogmoto\/2006\/06\/25\/chronique-de-la\/"]}]},{"@type":"ImageObject","inLanguage":"fr-FR","@id":"https:\/\/blogs.thesocialmedia.com\/leblogmoto\/2006\/06\/25\/chronique-de-la\/#primaryimage","url":"http:\/\/www.leblogmoto.com\/images\/chemin1.jpg","contentUrl":"http:\/\/www.leblogmoto.com\/images\/chemin1.jpg"},{"@type":"BreadcrumbList","@id":"https:\/\/blogs.thesocialmedia.com\/leblogmoto\/2006\/06\/25\/chronique-de-la\/#breadcrumb","itemListElement":[{"@type":"ListItem","position":1,"name":"Accueil","item":"https:\/\/blogs.thesocialmedia.com\/leblogmoto\/"},{"@type":"ListItem","position":2,"name":"Chronique de la b\u00eatise ordinaire"}]},{"@type":"WebSite","@id":"https:\/\/blogs.thesocialmedia.com\/leblogmoto\/#website","url":"https:\/\/blogs.thesocialmedia.com\/leblogmoto\/","name":"leblogmoto","description":"Toute l&#039;actualit\u00e9 des 2 roues","potentialAction":[{"@type":"SearchAction","target":{"@type":"EntryPoint","urlTemplate":"https:\/\/blogs.thesocialmedia.com\/leblogmoto\/?s={search_term_string}"},"query-input":{"@type":"PropertyValueSpecification","valueRequired":true,"valueName":"search_term_string"}}],"inLanguage":"fr-FR"},{"@type":"Person","@id":"https:\/\/blogs.thesocialmedia.com\/leblogmoto\/#\/schema\/person\/1a1dcfc7cec206573105eb4af91155c2","name":"andre leconde","image":{"@type":"ImageObject","inLanguage":"fr-FR","@id":"https:\/\/blogs.thesocialmedia.com\/leblogmoto\/#\/schema\/person\/image\/","url":"https:\/\/secure.gravatar.com\/avatar\/?s=96&d=mm&r=g","contentUrl":"https:\/\/secure.gravatar.com\/avatar\/?s=96&d=mm&r=g","caption":"andre leconde"},"url":"https:\/\/blogs.thesocialmedia.com\/leblogmoto\/author\/andre-leconde\/"}]}},"_links":{"self":[{"href":"https:\/\/blogs.thesocialmedia.com\/leblogmoto\/wp-json\/wp\/v2\/posts\/1724","targetHints":{"allow":["GET"]}}],"collection":[{"href":"https:\/\/blogs.thesocialmedia.com\/leblogmoto\/wp-json\/wp\/v2\/posts"}],"about":[{"href":"https:\/\/blogs.thesocialmedia.com\/leblogmoto\/wp-json\/wp\/v2\/types\/post"}],"author":[{"embeddable":true,"href":"https:\/\/blogs.thesocialmedia.com\/leblogmoto\/wp-json\/wp\/v2\/users\/336"}],"replies":[{"embeddable":true,"href":"https:\/\/blogs.thesocialmedia.com\/leblogmoto\/wp-json\/wp\/v2\/comments?post=1724"}],"version-history":[{"count":2,"href":"https:\/\/blogs.thesocialmedia.com\/leblogmoto\/wp-json\/wp\/v2\/posts\/1724\/revisions"}],"predecessor-version":[{"id":7682,"href":"https:\/\/blogs.thesocialmedia.com\/leblogmoto\/wp-json\/wp\/v2\/posts\/1724\/revisions\/7682"}],"wp:attachment":[{"href":"https:\/\/blogs.thesocialmedia.com\/leblogmoto\/wp-json\/wp\/v2\/media?parent=1724"}],"wp:term":[{"taxonomy":"category","embeddable":true,"href":"https:\/\/blogs.thesocialmedia.com\/leblogmoto\/wp-json\/wp\/v2\/categories?post=1724"},{"taxonomy":"post_tag","embeddable":true,"href":"https:\/\/blogs.thesocialmedia.com\/leblogmoto\/wp-json\/wp\/v2\/tags?post=1724"}],"curies":[{"name":"wp","href":"https:\/\/api.w.org\/{rel}","templated":true}]}}