{"id":1725,"date":"2006-06-24T22:36:25","date_gmt":"2006-06-24T22:36:25","guid":{"rendered":"http:\/\/blogs.thesocialmedia.com\/leblogmoto\/2006\/06\/24\/brudeli-625l-la\/"},"modified":"2012-07-11T14:26:12","modified_gmt":"2012-07-11T14:26:12","slug":"brudeli-625l-la","status":"publish","type":"post","link":"https:\/\/blogs.thesocialmedia.com\/leblogmoto\/2006\/06\/24\/brudeli-625l-la\/","title":{"rendered":"BRUDELI 625L: La KTM \u00e0 3 roues"},"content":{"rendered":"<p><a href=\"http:\/\/blogs.thesocialmedia.com\/leblogmoto\/files\/2012\/07\/45degree.jpg\"><img loading=\"lazy\" decoding=\"async\" height=\"312\" alt=\"45degree\" src=\"http:\/\/www.leblogmoto.com\/images\/45degree.jpg\" width=\"470\"  \/><\/a>Du c\u00f4t\u00e9 de la <strong>Norv\u00e8ge<\/strong>, on a aussi r\u00e9fl\u00e9chi sur le concept de la <a href=\"http:\/\/www.leblogmoto.com\/2006\/05\/piaggio_arrive_.html\">machine \u00e0 trois roues<\/a>.<\/p>\n<p>Mais, \u00e0 la diff\u00e9rence de <a href=\"http:\/\/www.leblogmoto.com\/2006\/05\/piaggo_mp3_le_n.html\">PIAGGIO<\/a> qui a conjugu\u00e9 l&rsquo;id\u00e9e sur le mode pragmatique, la d\u00e9clinant ainsi en trio, chez <strong>BRUDELI<\/strong>, on s&rsquo;est l\u00e2ch\u00e9, pour un r\u00e9sultat plut\u00f4t tendance <a href=\"http:\/\/www.leblogmoto.com\/2006\/05\/strike_on_trike.html\">triolisme<\/a>&#8230;&nbsp; &nbsp;<\/p>\n<p><a href=\"http:\/\/clabedan.typepad.com\/.shared\/image.html?\/photos\/uncategorized\/b0024p200052.jpg\"><img loading=\"lazy\" decoding=\"async\" height=\"199\" alt=\"B0024p200052\" src=\"http:\/\/www.leblogmoto.com\/images\/b0024p200052.jpg\" width=\"250\"  \/><\/a>L&rsquo;id\u00e9e vient d&rsquo;un d\u00e9nomm\u00e9 <strong>Geir BRUDELI<\/strong>, aux commandes de BRUDELI Tech, bas\u00e9e en NORVEGE.<\/p>\n<p>Sp\u00e9cialiste de la transmission et des liaisons au sol, passionn\u00e9 de moto, l&rsquo;int\u00e9ress\u00e9 a cr\u00e9e sa machine infernale sur base m\u00e9canique de <a href=\"http:\/\/www.leblogmoto.com\/2006\/06\/assen_125_kalli.html\">KTM<\/a>.<\/p>\n<p>L\u00e0, on n&rsquo;est plus au tripode ludique et fonctionnel. On est sur un engin p\u00e9tant de sant\u00e9, \u00e0 l&rsquo;image de son inspiration, la <strong>KTM 625 SMC<\/strong>, soit la Supermotard.<\/p>\n<p>Les sensations et l&rsquo;efficacit\u00e9 semblent au rendez-vous, <a href=\"http:\/\/clabedan.typepad.com\/.shared\/image.html?\/photos\/uncategorized\/img_3096.jpg\"><img loading=\"lazy\" decoding=\"async\" height=\"169\" alt=\"Img_3096\" src=\"http:\/\/www.leblogmoto.com\/images\/img_3096.jpg\" width=\"250\"  \/><\/a> accr\u00e9ditant le fait que trois roues, ce n&rsquo;est franchement pas une si mauvaise id\u00e9e.<\/p>\n<p>Le <strong>BRUDELI 625L<\/strong> sera disponible en 2007 aupr\u00e8s de son concepteur. Au prix de <strong>20 000<\/strong> euros, quand m\u00eame.<\/p>\n<p>SOURCE: <a href=\"http:\/\/thekneeslider.com\/\">http:\/\/thekneeslider.com<\/a>&nbsp; <\/p>\n<p>&nbsp; <\/p>\n<p><a href=\"http:\/\/clabedan.typepad.com\/.shared\/image.html?\/photos\/uncategorized\/brudeli625.jpg\"><img loading=\"lazy\" decoding=\"async\" height=\"137\" alt=\"Brudeli625\" src=\"http:\/\/www.leblogmoto.com\/images\/brudeli625.jpg\" width=\"250\"  \/><\/a>  <\/p>\n","protected":false},"excerpt":{"rendered":"<p>Du c\u00f4t\u00e9 de la Norv\u00e8ge, on a aussi r\u00e9fl\u00e9chi sur le concept de la machine \u00e0 trois roues. Mais, \u00e0 la diff\u00e9rence de PIAGGIO qui a conjugu\u00e9 l&rsquo;id\u00e9e sur le mode pragmatique, la d\u00e9clinant ainsi en trio, chez BRUDELI, on s&rsquo;est l\u00e2ch\u00e9, pour un r\u00e9sultat plut\u00f4t tendance triolisme&#8230;&nbsp; &nbsp; L&rsquo;id\u00e9e vient d&rsquo;un d\u00e9nomm\u00e9 Geir BRUDELI, [&hellip;]<\/p>\n","protected":false},"author":336,"featured_media":0,"comment_status":"open","ping_status":"open","sticky":false,"template":"","format":"standard","meta":{"footnotes":""},"categories":[3,8,33,17,66,19,52],"tags":[],"class_list":["post-1725","post","type-post","status-publish","format-standard","hentry","category-actualite","category-chaines-et-cuirs","category-concept-bike","category-divers","category-moto-cross","category-scooter","category-trike"],"yoast_head":"<!-- This site is optimized with the Yoast SEO plugin v26.0 - https:\/\/yoast.com\/wordpress\/plugins\/seo\/ -->\n<title>BRUDELI 625L: La KTM \u00e0 3 roues - leblogmoto.com<\/title>\n<meta name=\"robots\" content=\"index, follow, max-snippet:-1, max-image-preview:large, max-video-preview:-1\" \/>\n<link rel=\"canonical\" href=\"https:\/\/blogs.thesocialmedia.com\/leblogmoto\/2006\/06\/24\/brudeli-625l-la\/\" \/>\n<meta name=\"twitter:card\" content=\"summary_large_image\" \/>\n<meta name=\"twitter:title\" content=\"BRUDELI 625L: La KTM \u00e0 3 roues - leblogmoto.com\" \/>\n<meta name=\"twitter:description\" content=\"Du c\u00f4t\u00e9 de la Norv\u00e8ge, on a aussi r\u00e9fl\u00e9chi sur le concept de la machine \u00e0 trois roues. Mais, \u00e0 la diff\u00e9rence de PIAGGIO qui a conjugu\u00e9 l&rsquo;id\u00e9e sur le mode pragmatique, la d\u00e9clinant ainsi en trio, chez BRUDELI, on s&rsquo;est l\u00e2ch\u00e9, pour un r\u00e9sultat plut\u00f4t tendance triolisme&#8230;&nbsp; &nbsp; L&rsquo;id\u00e9e vient d&rsquo;un d\u00e9nomm\u00e9 Geir BRUDELI, [&hellip;]\" \/>\n<meta name=\"twitter:image\" content=\"http:\/\/www.leblogmoto.com\/images\/45degree.jpg\" \/>\n<meta name=\"twitter:label1\" content=\"\u00c9crit par\" \/>\n\t<meta name=\"twitter:data1\" content=\"andre leconde\" \/>\n\t<meta name=\"twitter:label2\" content=\"Dur\u00e9e de lecture estim\u00e9e\" \/>\n\t<meta name=\"twitter:data2\" content=\"1 minute\" \/>\n<script type=\"application\/ld+json\" class=\"yoast-schema-graph\">{\"@context\":\"https:\/\/schema.org\",\"@graph\":[{\"@type\":\"WebPage\",\"@id\":\"https:\/\/blogs.thesocialmedia.com\/leblogmoto\/2006\/06\/24\/brudeli-625l-la\/\",\"url\":\"https:\/\/blogs.thesocialmedia.com\/leblogmoto\/2006\/06\/24\/brudeli-625l-la\/\",\"name\":\"BRUDELI 625L: La KTM \u00e0 3 roues - leblogmoto.com\",\"isPartOf\":{\"@id\":\"https:\/\/blogs.thesocialmedia.com\/leblogmoto\/#website\"},\"primaryImageOfPage\":{\"@id\":\"https:\/\/blogs.thesocialmedia.com\/leblogmoto\/2006\/06\/24\/brudeli-625l-la\/#primaryimage\"},\"image\":{\"@id\":\"https:\/\/blogs.thesocialmedia.com\/leblogmoto\/2006\/06\/24\/brudeli-625l-la\/#primaryimage\"},\"thumbnailUrl\":\"http:\/\/www.leblogmoto.com\/images\/45degree.jpg\",\"datePublished\":\"2006-06-24T22:36:25+00:00\",\"dateModified\":\"2012-07-11T14:26:12+00:00\",\"author\":{\"@id\":\"https:\/\/blogs.thesocialmedia.com\/leblogmoto\/#\/schema\/person\/1a1dcfc7cec206573105eb4af91155c2\"},\"breadcrumb\":{\"@id\":\"https:\/\/blogs.thesocialmedia.com\/leblogmoto\/2006\/06\/24\/brudeli-625l-la\/#breadcrumb\"},\"inLanguage\":\"fr-FR\",\"potentialAction\":[{\"@type\":\"ReadAction\",\"target\":[\"https:\/\/blogs.thesocialmedia.com\/leblogmoto\/2006\/06\/24\/brudeli-625l-la\/\"]}]},{\"@type\":\"ImageObject\",\"inLanguage\":\"fr-FR\",\"@id\":\"https:\/\/blogs.thesocialmedia.com\/leblogmoto\/2006\/06\/24\/brudeli-625l-la\/#primaryimage\",\"url\":\"http:\/\/www.leblogmoto.com\/images\/45degree.jpg\",\"contentUrl\":\"http:\/\/www.leblogmoto.com\/images\/45degree.jpg\"},{\"@type\":\"BreadcrumbList\",\"@id\":\"https:\/\/blogs.thesocialmedia.com\/leblogmoto\/2006\/06\/24\/brudeli-625l-la\/#breadcrumb\",\"itemListElement\":[{\"@type\":\"ListItem\",\"position\":1,\"name\":\"Accueil\",\"item\":\"https:\/\/blogs.thesocialmedia.com\/leblogmoto\/\"},{\"@type\":\"ListItem\",\"position\":2,\"name\":\"BRUDELI 625L: La KTM \u00e0 3 roues\"}]},{\"@type\":\"WebSite\",\"@id\":\"https:\/\/blogs.thesocialmedia.com\/leblogmoto\/#website\",\"url\":\"https:\/\/blogs.thesocialmedia.com\/leblogmoto\/\",\"name\":\"leblogmoto\",\"description\":\"Toute l&#039;actualit\u00e9 des 2 roues\",\"potentialAction\":[{\"@type\":\"SearchAction\",\"target\":{\"@type\":\"EntryPoint\",\"urlTemplate\":\"https:\/\/blogs.thesocialmedia.com\/leblogmoto\/?s={search_term_string}\"},\"query-input\":{\"@type\":\"PropertyValueSpecification\",\"valueRequired\":true,\"valueName\":\"search_term_string\"}}],\"inLanguage\":\"fr-FR\"},{\"@type\":\"Person\",\"@id\":\"https:\/\/blogs.thesocialmedia.com\/leblogmoto\/#\/schema\/person\/1a1dcfc7cec206573105eb4af91155c2\",\"name\":\"andre leconde\",\"image\":{\"@type\":\"ImageObject\",\"inLanguage\":\"fr-FR\",\"@id\":\"https:\/\/blogs.thesocialmedia.com\/leblogmoto\/#\/schema\/person\/image\/\",\"url\":\"https:\/\/secure.gravatar.com\/avatar\/?s=96&d=mm&r=g\",\"contentUrl\":\"https:\/\/secure.gravatar.com\/avatar\/?s=96&d=mm&r=g\",\"caption\":\"andre leconde\"},\"url\":\"https:\/\/blogs.thesocialmedia.com\/leblogmoto\/author\/andre-leconde\/\"}]}<\/script>\n<!-- \/ Yoast SEO plugin. -->","yoast_head_json":{"title":"BRUDELI 625L: La KTM \u00e0 3 roues - leblogmoto.com","robots":{"index":"index","follow":"follow","max-snippet":"max-snippet:-1","max-image-preview":"max-image-preview:large","max-video-preview":"max-video-preview:-1"},"canonical":"https:\/\/blogs.thesocialmedia.com\/leblogmoto\/2006\/06\/24\/brudeli-625l-la\/","twitter_card":"summary_large_image","twitter_title":"BRUDELI 625L: La KTM \u00e0 3 roues - leblogmoto.com","twitter_description":"Du c\u00f4t\u00e9 de la Norv\u00e8ge, on a aussi r\u00e9fl\u00e9chi sur le concept de la machine \u00e0 trois roues. Mais, \u00e0 la diff\u00e9rence de PIAGGIO qui a conjugu\u00e9 l&rsquo;id\u00e9e sur le mode pragmatique, la d\u00e9clinant ainsi en trio, chez BRUDELI, on s&rsquo;est l\u00e2ch\u00e9, pour un r\u00e9sultat plut\u00f4t tendance triolisme&#8230;&nbsp; &nbsp; L&rsquo;id\u00e9e vient d&rsquo;un d\u00e9nomm\u00e9 Geir BRUDELI, [&hellip;]","twitter_image":"http:\/\/www.leblogmoto.com\/images\/45degree.jpg","twitter_misc":{"\u00c9crit par":"andre leconde","Dur\u00e9e de lecture estim\u00e9e":"1 minute"},"schema":{"@context":"https:\/\/schema.org","@graph":[{"@type":"WebPage","@id":"https:\/\/blogs.thesocialmedia.com\/leblogmoto\/2006\/06\/24\/brudeli-625l-la\/","url":"https:\/\/blogs.thesocialmedia.com\/leblogmoto\/2006\/06\/24\/brudeli-625l-la\/","name":"BRUDELI 625L: La KTM \u00e0 3 roues - leblogmoto.com","isPartOf":{"@id":"https:\/\/blogs.thesocialmedia.com\/leblogmoto\/#website"},"primaryImageOfPage":{"@id":"https:\/\/blogs.thesocialmedia.com\/leblogmoto\/2006\/06\/24\/brudeli-625l-la\/#primaryimage"},"image":{"@id":"https:\/\/blogs.thesocialmedia.com\/leblogmoto\/2006\/06\/24\/brudeli-625l-la\/#primaryimage"},"thumbnailUrl":"http:\/\/www.leblogmoto.com\/images\/45degree.jpg","datePublished":"2006-06-24T22:36:25+00:00","dateModified":"2012-07-11T14:26:12+00:00","author":{"@id":"https:\/\/blogs.thesocialmedia.com\/leblogmoto\/#\/schema\/person\/1a1dcfc7cec206573105eb4af91155c2"},"breadcrumb":{"@id":"https:\/\/blogs.thesocialmedia.com\/leblogmoto\/2006\/06\/24\/brudeli-625l-la\/#breadcrumb"},"inLanguage":"fr-FR","potentialAction":[{"@type":"ReadAction","target":["https:\/\/blogs.thesocialmedia.com\/leblogmoto\/2006\/06\/24\/brudeli-625l-la\/"]}]},{"@type":"ImageObject","inLanguage":"fr-FR","@id":"https:\/\/blogs.thesocialmedia.com\/leblogmoto\/2006\/06\/24\/brudeli-625l-la\/#primaryimage","url":"http:\/\/www.leblogmoto.com\/images\/45degree.jpg","contentUrl":"http:\/\/www.leblogmoto.com\/images\/45degree.jpg"},{"@type":"BreadcrumbList","@id":"https:\/\/blogs.thesocialmedia.com\/leblogmoto\/2006\/06\/24\/brudeli-625l-la\/#breadcrumb","itemListElement":[{"@type":"ListItem","position":1,"name":"Accueil","item":"https:\/\/blogs.thesocialmedia.com\/leblogmoto\/"},{"@type":"ListItem","position":2,"name":"BRUDELI 625L: La KTM \u00e0 3 roues"}]},{"@type":"WebSite","@id":"https:\/\/blogs.thesocialmedia.com\/leblogmoto\/#website","url":"https:\/\/blogs.thesocialmedia.com\/leblogmoto\/","name":"leblogmoto","description":"Toute l&#039;actualit\u00e9 des 2 roues","potentialAction":[{"@type":"SearchAction","target":{"@type":"EntryPoint","urlTemplate":"https:\/\/blogs.thesocialmedia.com\/leblogmoto\/?s={search_term_string}"},"query-input":{"@type":"PropertyValueSpecification","valueRequired":true,"valueName":"search_term_string"}}],"inLanguage":"fr-FR"},{"@type":"Person","@id":"https:\/\/blogs.thesocialmedia.com\/leblogmoto\/#\/schema\/person\/1a1dcfc7cec206573105eb4af91155c2","name":"andre leconde","image":{"@type":"ImageObject","inLanguage":"fr-FR","@id":"https:\/\/blogs.thesocialmedia.com\/leblogmoto\/#\/schema\/person\/image\/","url":"https:\/\/secure.gravatar.com\/avatar\/?s=96&d=mm&r=g","contentUrl":"https:\/\/secure.gravatar.com\/avatar\/?s=96&d=mm&r=g","caption":"andre leconde"},"url":"https:\/\/blogs.thesocialmedia.com\/leblogmoto\/author\/andre-leconde\/"}]}},"_links":{"self":[{"href":"https:\/\/blogs.thesocialmedia.com\/leblogmoto\/wp-json\/wp\/v2\/posts\/1725","targetHints":{"allow":["GET"]}}],"collection":[{"href":"https:\/\/blogs.thesocialmedia.com\/leblogmoto\/wp-json\/wp\/v2\/posts"}],"about":[{"href":"https:\/\/blogs.thesocialmedia.com\/leblogmoto\/wp-json\/wp\/v2\/types\/post"}],"author":[{"embeddable":true,"href":"https:\/\/blogs.thesocialmedia.com\/leblogmoto\/wp-json\/wp\/v2\/users\/336"}],"replies":[{"embeddable":true,"href":"https:\/\/blogs.thesocialmedia.com\/leblogmoto\/wp-json\/wp\/v2\/comments?post=1725"}],"version-history":[{"count":2,"href":"https:\/\/blogs.thesocialmedia.com\/leblogmoto\/wp-json\/wp\/v2\/posts\/1725\/revisions"}],"predecessor-version":[{"id":7680,"href":"https:\/\/blogs.thesocialmedia.com\/leblogmoto\/wp-json\/wp\/v2\/posts\/1725\/revisions\/7680"}],"wp:attachment":[{"href":"https:\/\/blogs.thesocialmedia.com\/leblogmoto\/wp-json\/wp\/v2\/media?parent=1725"}],"wp:term":[{"taxonomy":"category","embeddable":true,"href":"https:\/\/blogs.thesocialmedia.com\/leblogmoto\/wp-json\/wp\/v2\/categories?post=1725"},{"taxonomy":"post_tag","embeddable":true,"href":"https:\/\/blogs.thesocialmedia.com\/leblogmoto\/wp-json\/wp\/v2\/tags?post=1725"}],"curies":[{"name":"wp","href":"https:\/\/api.w.org\/{rel}","templated":true}]}}