{"id":1726,"date":"2006-06-24T21:59:04","date_gmt":"2006-06-24T21:59:04","guid":{"rendered":"http:\/\/blogs.thesocialmedia.com\/leblogmoto\/2006\/06\/24\/supersport-misa\/"},"modified":"2012-07-11T13:21:49","modified_gmt":"2012-07-11T13:21:49","slug":"supersport-misa","status":"publish","type":"post","link":"https:\/\/blogs.thesocialmedia.com\/leblogmoto\/2006\/06\/24\/supersport-misa\/","title":{"rendered":"Supersport MISANO: Qualif: PARKES devra se m\u00e9fier de Simone"},"content":{"rendered":"<p><a href=\"http:\/\/www.leblogmoto.com\/2006\/06\/supersport_char.html\"><img loading=\"lazy\" decoding=\"async\" height=\"165\" alt=\"Noticia663_1\" src=\"http:\/\/www.leblogmoto.com\/images\/noticia663_1.jpg\" width=\"250\"  \/>CHARPENTIER absent<\/a>, le reste du plateau Supersport se voit offrir une occasion r\u00eav\u00e9e pour inscrire, enfin, une victoire cette saison.<\/p>\n<p><strong>PARKES<\/strong> et sa YAMAHA, poursuivant t\u00e9tu du Fran\u00e7ais au championnat, ne se sont ainsi pas faits prier pour signer la pole \u00e0 <a href=\"http:\/\/www.leblogmoto.com\/2006\/06\/sbk_misano_supe.html\">MISANO<\/a>.<\/p>\n<p>Reste que son Dimanche est loin de s&rsquo;annoncer tranquille. Car un rival est apparu sur les bords de l&rsquo;Adriatique: <strong>Simone SANNA<\/strong>, deuxi\u00e8me temps&#8230;&nbsp; &nbsp;<\/p>\n<p><a href=\"http:\/\/clabedan.typepad.com\/.shared\/image.html?\/photos\/uncategorized\/06misavene09.jpg\"><img loading=\"lazy\" decoding=\"async\" height=\"165\" alt=\"06misavene09\" src=\"http:\/\/www.leblogmoto.com\/images\/06misavene09.jpg\" width=\"250\"  \/><\/a>L&rsquo;Italien remplace le Japonais FUJIWARA sur la <strong>HONDA MEGABIKE<\/strong>. Il compte bien, demain, transformer son essai par une victoire sur ses terres.<\/p>\n<p>Un autre transalpin suit, <strong>ROCCOLI<\/strong>, qui fait aussi une pige \u00e0 domicile, et devance <strong>David CHECA<\/strong>, le fr\u00e8re de l&rsquo;autre, et qui court ici pour le team fran\u00e7ais <a href=\"http:\/\/www.leblogmoto.com\/2006\/04\/le_mans_avec_mc.html\">GMT 94<\/a>.<\/p>\n<p>Enfin, <strong>TIBERIO<\/strong>, sur l&rsquo;autre HONDA MEGABIKE pointe \u00e0 une bonne sixi\u00e8me place. L&rsquo;air d&rsquo;Italie lui r\u00e9ussit, lui qui a enlev\u00e9 <a href=\"http:\/\/www.leblogmoto.com\/2006\/05\/monza_superspor_1.html\">sa premi\u00e8re victoire \u00e0 MONZA<\/a>&#8230;<\/p>\n","protected":false},"excerpt":{"rendered":"<p>CHARPENTIER absent, le reste du plateau Supersport se voit offrir une occasion r\u00eav\u00e9e pour inscrire, enfin, une victoire cette saison. PARKES et sa YAMAHA, poursuivant t\u00e9tu du Fran\u00e7ais au championnat, ne se sont ainsi pas faits prier pour signer la pole \u00e0 MISANO. Reste que son Dimanche est loin de s&rsquo;annoncer tranquille. Car un rival [&hellip;]<\/p>\n","protected":false},"author":336,"featured_media":0,"comment_status":"open","ping_status":"open","sticky":false,"template":"","format":"standard","meta":{"footnotes":""},"categories":[32,46,44],"tags":[],"class_list":["post-1726","post","type-post","status-publish","format-standard","hentry","category-sport-moto","category-superbike","category-yamaha"],"yoast_head":"<!-- This site is optimized with the Yoast SEO plugin v26.0 - https:\/\/yoast.com\/wordpress\/plugins\/seo\/ -->\n<title>Supersport MISANO: Qualif: PARKES devra se m\u00e9fier de Simone - leblogmoto.com<\/title>\n<meta name=\"robots\" content=\"index, follow, max-snippet:-1, max-image-preview:large, max-video-preview:-1\" \/>\n<link rel=\"canonical\" href=\"https:\/\/blogs.thesocialmedia.com\/leblogmoto\/2006\/06\/24\/supersport-misa\/\" \/>\n<meta name=\"twitter:card\" content=\"summary_large_image\" \/>\n<meta name=\"twitter:title\" content=\"Supersport MISANO: Qualif: PARKES devra se m\u00e9fier de Simone - leblogmoto.com\" \/>\n<meta name=\"twitter:description\" content=\"CHARPENTIER absent, le reste du plateau Supersport se voit offrir une occasion r\u00eav\u00e9e pour inscrire, enfin, une victoire cette saison. PARKES et sa YAMAHA, poursuivant t\u00e9tu du Fran\u00e7ais au championnat, ne se sont ainsi pas faits prier pour signer la pole \u00e0 MISANO. Reste que son Dimanche est loin de s&rsquo;annoncer tranquille. Car un rival [&hellip;]\" \/>\n<meta name=\"twitter:image\" content=\"http:\/\/www.leblogmoto.com\/images\/noticia663_1.jpg\" \/>\n<meta name=\"twitter:label1\" content=\"\u00c9crit par\" \/>\n\t<meta name=\"twitter:data1\" content=\"andre leconde\" \/>\n\t<meta name=\"twitter:label2\" content=\"Dur\u00e9e de lecture estim\u00e9e\" \/>\n\t<meta name=\"twitter:data2\" content=\"1 minute\" \/>\n<script type=\"application\/ld+json\" class=\"yoast-schema-graph\">{\"@context\":\"https:\/\/schema.org\",\"@graph\":[{\"@type\":\"WebPage\",\"@id\":\"https:\/\/blogs.thesocialmedia.com\/leblogmoto\/2006\/06\/24\/supersport-misa\/\",\"url\":\"https:\/\/blogs.thesocialmedia.com\/leblogmoto\/2006\/06\/24\/supersport-misa\/\",\"name\":\"Supersport MISANO: Qualif: PARKES devra se m\u00e9fier de Simone - leblogmoto.com\",\"isPartOf\":{\"@id\":\"https:\/\/blogs.thesocialmedia.com\/leblogmoto\/#website\"},\"primaryImageOfPage\":{\"@id\":\"https:\/\/blogs.thesocialmedia.com\/leblogmoto\/2006\/06\/24\/supersport-misa\/#primaryimage\"},\"image\":{\"@id\":\"https:\/\/blogs.thesocialmedia.com\/leblogmoto\/2006\/06\/24\/supersport-misa\/#primaryimage\"},\"thumbnailUrl\":\"http:\/\/www.leblogmoto.com\/images\/noticia663_1.jpg\",\"datePublished\":\"2006-06-24T21:59:04+00:00\",\"dateModified\":\"2012-07-11T13:21:49+00:00\",\"author\":{\"@id\":\"https:\/\/blogs.thesocialmedia.com\/leblogmoto\/#\/schema\/person\/1a1dcfc7cec206573105eb4af91155c2\"},\"breadcrumb\":{\"@id\":\"https:\/\/blogs.thesocialmedia.com\/leblogmoto\/2006\/06\/24\/supersport-misa\/#breadcrumb\"},\"inLanguage\":\"fr-FR\",\"potentialAction\":[{\"@type\":\"ReadAction\",\"target\":[\"https:\/\/blogs.thesocialmedia.com\/leblogmoto\/2006\/06\/24\/supersport-misa\/\"]}]},{\"@type\":\"ImageObject\",\"inLanguage\":\"fr-FR\",\"@id\":\"https:\/\/blogs.thesocialmedia.com\/leblogmoto\/2006\/06\/24\/supersport-misa\/#primaryimage\",\"url\":\"http:\/\/www.leblogmoto.com\/images\/noticia663_1.jpg\",\"contentUrl\":\"http:\/\/www.leblogmoto.com\/images\/noticia663_1.jpg\"},{\"@type\":\"BreadcrumbList\",\"@id\":\"https:\/\/blogs.thesocialmedia.com\/leblogmoto\/2006\/06\/24\/supersport-misa\/#breadcrumb\",\"itemListElement\":[{\"@type\":\"ListItem\",\"position\":1,\"name\":\"Accueil\",\"item\":\"https:\/\/blogs.thesocialmedia.com\/leblogmoto\/\"},{\"@type\":\"ListItem\",\"position\":2,\"name\":\"Supersport MISANO: Qualif: PARKES devra se m\u00e9fier de Simone\"}]},{\"@type\":\"WebSite\",\"@id\":\"https:\/\/blogs.thesocialmedia.com\/leblogmoto\/#website\",\"url\":\"https:\/\/blogs.thesocialmedia.com\/leblogmoto\/\",\"name\":\"leblogmoto\",\"description\":\"Toute l&#039;actualit\u00e9 des 2 roues\",\"potentialAction\":[{\"@type\":\"SearchAction\",\"target\":{\"@type\":\"EntryPoint\",\"urlTemplate\":\"https:\/\/blogs.thesocialmedia.com\/leblogmoto\/?s={search_term_string}\"},\"query-input\":{\"@type\":\"PropertyValueSpecification\",\"valueRequired\":true,\"valueName\":\"search_term_string\"}}],\"inLanguage\":\"fr-FR\"},{\"@type\":\"Person\",\"@id\":\"https:\/\/blogs.thesocialmedia.com\/leblogmoto\/#\/schema\/person\/1a1dcfc7cec206573105eb4af91155c2\",\"name\":\"andre leconde\",\"image\":{\"@type\":\"ImageObject\",\"inLanguage\":\"fr-FR\",\"@id\":\"https:\/\/blogs.thesocialmedia.com\/leblogmoto\/#\/schema\/person\/image\/\",\"url\":\"https:\/\/secure.gravatar.com\/avatar\/?s=96&d=mm&r=g\",\"contentUrl\":\"https:\/\/secure.gravatar.com\/avatar\/?s=96&d=mm&r=g\",\"caption\":\"andre leconde\"},\"url\":\"https:\/\/blogs.thesocialmedia.com\/leblogmoto\/author\/andre-leconde\/\"}]}<\/script>\n<!-- \/ Yoast SEO plugin. -->","yoast_head_json":{"title":"Supersport MISANO: Qualif: PARKES devra se m\u00e9fier de Simone - leblogmoto.com","robots":{"index":"index","follow":"follow","max-snippet":"max-snippet:-1","max-image-preview":"max-image-preview:large","max-video-preview":"max-video-preview:-1"},"canonical":"https:\/\/blogs.thesocialmedia.com\/leblogmoto\/2006\/06\/24\/supersport-misa\/","twitter_card":"summary_large_image","twitter_title":"Supersport MISANO: Qualif: PARKES devra se m\u00e9fier de Simone - leblogmoto.com","twitter_description":"CHARPENTIER absent, le reste du plateau Supersport se voit offrir une occasion r\u00eav\u00e9e pour inscrire, enfin, une victoire cette saison. PARKES et sa YAMAHA, poursuivant t\u00e9tu du Fran\u00e7ais au championnat, ne se sont ainsi pas faits prier pour signer la pole \u00e0 MISANO. Reste que son Dimanche est loin de s&rsquo;annoncer tranquille. Car un rival [&hellip;]","twitter_image":"http:\/\/www.leblogmoto.com\/images\/noticia663_1.jpg","twitter_misc":{"\u00c9crit par":"andre leconde","Dur\u00e9e de lecture estim\u00e9e":"1 minute"},"schema":{"@context":"https:\/\/schema.org","@graph":[{"@type":"WebPage","@id":"https:\/\/blogs.thesocialmedia.com\/leblogmoto\/2006\/06\/24\/supersport-misa\/","url":"https:\/\/blogs.thesocialmedia.com\/leblogmoto\/2006\/06\/24\/supersport-misa\/","name":"Supersport MISANO: Qualif: PARKES devra se m\u00e9fier de Simone - leblogmoto.com","isPartOf":{"@id":"https:\/\/blogs.thesocialmedia.com\/leblogmoto\/#website"},"primaryImageOfPage":{"@id":"https:\/\/blogs.thesocialmedia.com\/leblogmoto\/2006\/06\/24\/supersport-misa\/#primaryimage"},"image":{"@id":"https:\/\/blogs.thesocialmedia.com\/leblogmoto\/2006\/06\/24\/supersport-misa\/#primaryimage"},"thumbnailUrl":"http:\/\/www.leblogmoto.com\/images\/noticia663_1.jpg","datePublished":"2006-06-24T21:59:04+00:00","dateModified":"2012-07-11T13:21:49+00:00","author":{"@id":"https:\/\/blogs.thesocialmedia.com\/leblogmoto\/#\/schema\/person\/1a1dcfc7cec206573105eb4af91155c2"},"breadcrumb":{"@id":"https:\/\/blogs.thesocialmedia.com\/leblogmoto\/2006\/06\/24\/supersport-misa\/#breadcrumb"},"inLanguage":"fr-FR","potentialAction":[{"@type":"ReadAction","target":["https:\/\/blogs.thesocialmedia.com\/leblogmoto\/2006\/06\/24\/supersport-misa\/"]}]},{"@type":"ImageObject","inLanguage":"fr-FR","@id":"https:\/\/blogs.thesocialmedia.com\/leblogmoto\/2006\/06\/24\/supersport-misa\/#primaryimage","url":"http:\/\/www.leblogmoto.com\/images\/noticia663_1.jpg","contentUrl":"http:\/\/www.leblogmoto.com\/images\/noticia663_1.jpg"},{"@type":"BreadcrumbList","@id":"https:\/\/blogs.thesocialmedia.com\/leblogmoto\/2006\/06\/24\/supersport-misa\/#breadcrumb","itemListElement":[{"@type":"ListItem","position":1,"name":"Accueil","item":"https:\/\/blogs.thesocialmedia.com\/leblogmoto\/"},{"@type":"ListItem","position":2,"name":"Supersport MISANO: Qualif: PARKES devra se m\u00e9fier de Simone"}]},{"@type":"WebSite","@id":"https:\/\/blogs.thesocialmedia.com\/leblogmoto\/#website","url":"https:\/\/blogs.thesocialmedia.com\/leblogmoto\/","name":"leblogmoto","description":"Toute l&#039;actualit\u00e9 des 2 roues","potentialAction":[{"@type":"SearchAction","target":{"@type":"EntryPoint","urlTemplate":"https:\/\/blogs.thesocialmedia.com\/leblogmoto\/?s={search_term_string}"},"query-input":{"@type":"PropertyValueSpecification","valueRequired":true,"valueName":"search_term_string"}}],"inLanguage":"fr-FR"},{"@type":"Person","@id":"https:\/\/blogs.thesocialmedia.com\/leblogmoto\/#\/schema\/person\/1a1dcfc7cec206573105eb4af91155c2","name":"andre leconde","image":{"@type":"ImageObject","inLanguage":"fr-FR","@id":"https:\/\/blogs.thesocialmedia.com\/leblogmoto\/#\/schema\/person\/image\/","url":"https:\/\/secure.gravatar.com\/avatar\/?s=96&d=mm&r=g","contentUrl":"https:\/\/secure.gravatar.com\/avatar\/?s=96&d=mm&r=g","caption":"andre leconde"},"url":"https:\/\/blogs.thesocialmedia.com\/leblogmoto\/author\/andre-leconde\/"}]}},"_links":{"self":[{"href":"https:\/\/blogs.thesocialmedia.com\/leblogmoto\/wp-json\/wp\/v2\/posts\/1726","targetHints":{"allow":["GET"]}}],"collection":[{"href":"https:\/\/blogs.thesocialmedia.com\/leblogmoto\/wp-json\/wp\/v2\/posts"}],"about":[{"href":"https:\/\/blogs.thesocialmedia.com\/leblogmoto\/wp-json\/wp\/v2\/types\/post"}],"author":[{"embeddable":true,"href":"https:\/\/blogs.thesocialmedia.com\/leblogmoto\/wp-json\/wp\/v2\/users\/336"}],"replies":[{"embeddable":true,"href":"https:\/\/blogs.thesocialmedia.com\/leblogmoto\/wp-json\/wp\/v2\/comments?post=1726"}],"version-history":[{"count":1,"href":"https:\/\/blogs.thesocialmedia.com\/leblogmoto\/wp-json\/wp\/v2\/posts\/1726\/revisions"}],"predecessor-version":[{"id":3447,"href":"https:\/\/blogs.thesocialmedia.com\/leblogmoto\/wp-json\/wp\/v2\/posts\/1726\/revisions\/3447"}],"wp:attachment":[{"href":"https:\/\/blogs.thesocialmedia.com\/leblogmoto\/wp-json\/wp\/v2\/media?parent=1726"}],"wp:term":[{"taxonomy":"category","embeddable":true,"href":"https:\/\/blogs.thesocialmedia.com\/leblogmoto\/wp-json\/wp\/v2\/categories?post=1726"},{"taxonomy":"post_tag","embeddable":true,"href":"https:\/\/blogs.thesocialmedia.com\/leblogmoto\/wp-json\/wp\/v2\/tags?post=1726"}],"curies":[{"name":"wp","href":"https:\/\/api.w.org\/{rel}","templated":true}]}}