{"id":1728,"date":"2006-06-24T15:40:11","date_gmt":"2006-06-24T15:40:11","guid":{"rendered":"http:\/\/blogs.thesocialmedia.com\/leblogmoto\/2006\/06\/24\/assen-motogp-46\/"},"modified":"2012-07-11T14:26:04","modified_gmt":"2012-07-11T14:26:04","slug":"assen-motogp-46","status":"publish","type":"post","link":"https:\/\/blogs.thesocialmedia.com\/leblogmoto\/2006\/06\/24\/assen-motogp-46\/","title":{"rendered":"ASSEN MotoGP: 46&#8230; points de retard"},"content":{"rendered":"<p><a href=\"http:\/\/blogs.thesocialmedia.com\/leblogmoto\/files\/2012\/07\/1nickyvi.jpg\"><img loading=\"lazy\" decoding=\"async\" height=\"373\" alt=\"1nickyvi\" src=\"http:\/\/www.leblogmoto.com\/images\/1nickyvi.jpg\" width=\"470\"  \/><\/a>Il y a la <a href=\"http:\/\/www.leblogmoto.com\/2006\/06\/quarantasei_cha.html\">bande dessin\u00e9e<\/a>, il y aura <a href=\"http:\/\/www.leblogmoto.com\/2006\/06\/rossi_la_voie_r.html\">l&rsquo;avenue<\/a>, il y a, depuis ce GP disput\u00e9 sur le circuit d&rsquo;ASSEN, <strong>le handicap<\/strong>.<\/p>\n<p>Avec sa victoire arrach\u00e9e \u00e0 un vaillant <strong>EDWARDS<\/strong> dans les derniers m\u00e8tres, <strong>Nicky HAYDEN compte ainsi \u00e0 pr\u00e9sent 46 points d&rsquo;avance sur un ROSSI diminu\u00e9<\/strong> qui n&rsquo;a pu faire mieux que <strong>huiti\u00e8me<\/strong>, dans la douleur. Presque un boulevard pour le soci\u00e8taire d&rsquo;un HRC, qui enregistre avec satisfaction, en terre batave, la <strong>200\u00e8me<\/strong> victoire de son Histoire en Grand Prix&#8230;&nbsp; &nbsp; <\/p>\n<p><a href=\"http:\/\/clabedan.typepad.com\/.shared\/image.html?\/photos\/uncategorized\/colin_b.jpg\"><img loading=\"lazy\" decoding=\"async\" height=\"230\" alt=\"Colin_b\" src=\"http:\/\/www.leblogmoto.com\/images\/colin_b.jpg\" width=\"470\"  \/><\/a>Path\u00e9tique a \u00e9t\u00e9 la derni\u00e8re joute entre les deux am\u00e9ricains en vue de la ligne d&rsquo;arriv\u00e9e. Personne n&rsquo;a voulu c\u00e9der \u00e0 l&rsquo;entame de la derni\u00e8re chicane abord\u00e9e c\u00f4te \u00e0 c\u00f4te. <strong>HAYDEN<\/strong> tire droit dans les graviers, <strong>EDWARDS<\/strong> veut passer l&rsquo;enchainement mais mord l&rsquo;herbe synth\u00e9tique qui d\u00e9s\u00e9quilibre sa machine. D\u00e9sar\u00e7onn\u00e9, Colin ne franchira jamais en t\u00eate cette fatidique ligne finale, au grand soulagement de son compatriote qui enl\u00e8ve son premier succ\u00e8s de la saison.<\/p>\n<p><strong>NAKANO <\/strong>signe son premier podium avec les verts en terminant second alors que <strong>PEDROSA<\/strong> souffle la derni\u00e8re marche du podium \u00e0 <strong>STONER<\/strong>. <strong>DE PUNIET<\/strong> est un anonyme quatori\u00e8me.<\/p>\n<p><a href=\"http:\/\/www.leblogmoto.com\/2006\/06\/le_big_bang_du_.html\">MELANDRI<\/a> se tra\u00eene jusqu&rsquo;\u00e0 la septi\u00e8me position, <a href=\"http:\/\/www.leblogmoto.com\/2006\/06\/assen_motogp_ro.html\">ROSSI<\/a> rampe jusqu&rsquo;\u00e0 la huiti\u00e8me alors que <a href=\"http:\/\/www.leblogmoto.com\/2006\/06\/assen_motogp_ho.html\">CAPIROSSI<\/a> s&rsquo;est arrach\u00e9 pour faire quinzi\u00e8me. Valentino avait raison en d\u00e9clarant au d\u00e9part: &quot;<em><span style=\"color: #3333cc\">Avec trois italiens ici, vous n&rsquo;arriverez pas \u00e0 en faire un valide<\/span><\/em>&quot;&#8230;<\/p>\n<p><strong>CHAMPIONNAT<\/strong>: HAYDEN 144 &#8211; PEDROSA 102 &#8211; CAPIROSSI 100 &#8211; ROSSI et MELANDRI 98 <\/p>\n","protected":false},"excerpt":{"rendered":"<p>Il y a la bande dessin\u00e9e, il y aura l&rsquo;avenue, il y a, depuis ce GP disput\u00e9 sur le circuit d&rsquo;ASSEN, le handicap. Avec sa victoire arrach\u00e9e \u00e0 un vaillant EDWARDS dans les derniers m\u00e8tres, Nicky HAYDEN compte ainsi \u00e0 pr\u00e9sent 46 points d&rsquo;avance sur un ROSSI diminu\u00e9 qui n&rsquo;a pu faire mieux que huiti\u00e8me, [&hellip;]<\/p>\n","protected":false},"author":336,"featured_media":0,"comment_status":"open","ping_status":"open","sticky":false,"template":"","format":"standard","meta":{"footnotes":""},"categories":[14,22,32],"tags":[],"class_list":["post-1728","post","type-post","status-publish","format-standard","hentry","category-honda","category-motogp","category-sport-moto"],"yoast_head":"<!-- This site is optimized with the Yoast SEO plugin v26.0 - https:\/\/yoast.com\/wordpress\/plugins\/seo\/ -->\n<title>ASSEN MotoGP: 46... points de retard - leblogmoto.com<\/title>\n<meta name=\"robots\" content=\"index, follow, max-snippet:-1, max-image-preview:large, max-video-preview:-1\" \/>\n<link rel=\"canonical\" href=\"https:\/\/blogs.thesocialmedia.com\/leblogmoto\/2006\/06\/24\/assen-motogp-46\/\" \/>\n<meta name=\"twitter:card\" content=\"summary_large_image\" \/>\n<meta name=\"twitter:title\" content=\"ASSEN MotoGP: 46... points de retard - leblogmoto.com\" \/>\n<meta name=\"twitter:description\" content=\"Il y a la bande dessin\u00e9e, il y aura l&rsquo;avenue, il y a, depuis ce GP disput\u00e9 sur le circuit d&rsquo;ASSEN, le handicap. Avec sa victoire arrach\u00e9e \u00e0 un vaillant EDWARDS dans les derniers m\u00e8tres, Nicky HAYDEN compte ainsi \u00e0 pr\u00e9sent 46 points d&rsquo;avance sur un ROSSI diminu\u00e9 qui n&rsquo;a pu faire mieux que huiti\u00e8me, [&hellip;]\" \/>\n<meta name=\"twitter:image\" content=\"http:\/\/www.leblogmoto.com\/images\/1nickyvi.jpg\" \/>\n<meta name=\"twitter:label1\" content=\"\u00c9crit par\" \/>\n\t<meta name=\"twitter:data1\" content=\"andre leconde\" \/>\n\t<meta name=\"twitter:label2\" content=\"Dur\u00e9e de lecture estim\u00e9e\" \/>\n\t<meta name=\"twitter:data2\" content=\"1 minute\" \/>\n<script type=\"application\/ld+json\" class=\"yoast-schema-graph\">{\"@context\":\"https:\/\/schema.org\",\"@graph\":[{\"@type\":\"WebPage\",\"@id\":\"https:\/\/blogs.thesocialmedia.com\/leblogmoto\/2006\/06\/24\/assen-motogp-46\/\",\"url\":\"https:\/\/blogs.thesocialmedia.com\/leblogmoto\/2006\/06\/24\/assen-motogp-46\/\",\"name\":\"ASSEN MotoGP: 46... points de retard - leblogmoto.com\",\"isPartOf\":{\"@id\":\"https:\/\/blogs.thesocialmedia.com\/leblogmoto\/#website\"},\"primaryImageOfPage\":{\"@id\":\"https:\/\/blogs.thesocialmedia.com\/leblogmoto\/2006\/06\/24\/assen-motogp-46\/#primaryimage\"},\"image\":{\"@id\":\"https:\/\/blogs.thesocialmedia.com\/leblogmoto\/2006\/06\/24\/assen-motogp-46\/#primaryimage\"},\"thumbnailUrl\":\"http:\/\/www.leblogmoto.com\/images\/1nickyvi.jpg\",\"datePublished\":\"2006-06-24T15:40:11+00:00\",\"dateModified\":\"2012-07-11T14:26:04+00:00\",\"author\":{\"@id\":\"https:\/\/blogs.thesocialmedia.com\/leblogmoto\/#\/schema\/person\/1a1dcfc7cec206573105eb4af91155c2\"},\"breadcrumb\":{\"@id\":\"https:\/\/blogs.thesocialmedia.com\/leblogmoto\/2006\/06\/24\/assen-motogp-46\/#breadcrumb\"},\"inLanguage\":\"fr-FR\",\"potentialAction\":[{\"@type\":\"ReadAction\",\"target\":[\"https:\/\/blogs.thesocialmedia.com\/leblogmoto\/2006\/06\/24\/assen-motogp-46\/\"]}]},{\"@type\":\"ImageObject\",\"inLanguage\":\"fr-FR\",\"@id\":\"https:\/\/blogs.thesocialmedia.com\/leblogmoto\/2006\/06\/24\/assen-motogp-46\/#primaryimage\",\"url\":\"http:\/\/www.leblogmoto.com\/images\/1nickyvi.jpg\",\"contentUrl\":\"http:\/\/www.leblogmoto.com\/images\/1nickyvi.jpg\"},{\"@type\":\"BreadcrumbList\",\"@id\":\"https:\/\/blogs.thesocialmedia.com\/leblogmoto\/2006\/06\/24\/assen-motogp-46\/#breadcrumb\",\"itemListElement\":[{\"@type\":\"ListItem\",\"position\":1,\"name\":\"Accueil\",\"item\":\"https:\/\/blogs.thesocialmedia.com\/leblogmoto\/\"},{\"@type\":\"ListItem\",\"position\":2,\"name\":\"ASSEN MotoGP: 46&#8230; points de retard\"}]},{\"@type\":\"WebSite\",\"@id\":\"https:\/\/blogs.thesocialmedia.com\/leblogmoto\/#website\",\"url\":\"https:\/\/blogs.thesocialmedia.com\/leblogmoto\/\",\"name\":\"leblogmoto\",\"description\":\"Toute l&#039;actualit\u00e9 des 2 roues\",\"potentialAction\":[{\"@type\":\"SearchAction\",\"target\":{\"@type\":\"EntryPoint\",\"urlTemplate\":\"https:\/\/blogs.thesocialmedia.com\/leblogmoto\/?s={search_term_string}\"},\"query-input\":{\"@type\":\"PropertyValueSpecification\",\"valueRequired\":true,\"valueName\":\"search_term_string\"}}],\"inLanguage\":\"fr-FR\"},{\"@type\":\"Person\",\"@id\":\"https:\/\/blogs.thesocialmedia.com\/leblogmoto\/#\/schema\/person\/1a1dcfc7cec206573105eb4af91155c2\",\"name\":\"andre leconde\",\"image\":{\"@type\":\"ImageObject\",\"inLanguage\":\"fr-FR\",\"@id\":\"https:\/\/blogs.thesocialmedia.com\/leblogmoto\/#\/schema\/person\/image\/\",\"url\":\"https:\/\/secure.gravatar.com\/avatar\/?s=96&d=mm&r=g\",\"contentUrl\":\"https:\/\/secure.gravatar.com\/avatar\/?s=96&d=mm&r=g\",\"caption\":\"andre leconde\"},\"url\":\"https:\/\/blogs.thesocialmedia.com\/leblogmoto\/author\/andre-leconde\/\"}]}<\/script>\n<!-- \/ Yoast SEO plugin. -->","yoast_head_json":{"title":"ASSEN MotoGP: 46... points de retard - leblogmoto.com","robots":{"index":"index","follow":"follow","max-snippet":"max-snippet:-1","max-image-preview":"max-image-preview:large","max-video-preview":"max-video-preview:-1"},"canonical":"https:\/\/blogs.thesocialmedia.com\/leblogmoto\/2006\/06\/24\/assen-motogp-46\/","twitter_card":"summary_large_image","twitter_title":"ASSEN MotoGP: 46... points de retard - leblogmoto.com","twitter_description":"Il y a la bande dessin\u00e9e, il y aura l&rsquo;avenue, il y a, depuis ce GP disput\u00e9 sur le circuit d&rsquo;ASSEN, le handicap. Avec sa victoire arrach\u00e9e \u00e0 un vaillant EDWARDS dans les derniers m\u00e8tres, Nicky HAYDEN compte ainsi \u00e0 pr\u00e9sent 46 points d&rsquo;avance sur un ROSSI diminu\u00e9 qui n&rsquo;a pu faire mieux que huiti\u00e8me, [&hellip;]","twitter_image":"http:\/\/www.leblogmoto.com\/images\/1nickyvi.jpg","twitter_misc":{"\u00c9crit par":"andre leconde","Dur\u00e9e de lecture estim\u00e9e":"1 minute"},"schema":{"@context":"https:\/\/schema.org","@graph":[{"@type":"WebPage","@id":"https:\/\/blogs.thesocialmedia.com\/leblogmoto\/2006\/06\/24\/assen-motogp-46\/","url":"https:\/\/blogs.thesocialmedia.com\/leblogmoto\/2006\/06\/24\/assen-motogp-46\/","name":"ASSEN MotoGP: 46... points de retard - leblogmoto.com","isPartOf":{"@id":"https:\/\/blogs.thesocialmedia.com\/leblogmoto\/#website"},"primaryImageOfPage":{"@id":"https:\/\/blogs.thesocialmedia.com\/leblogmoto\/2006\/06\/24\/assen-motogp-46\/#primaryimage"},"image":{"@id":"https:\/\/blogs.thesocialmedia.com\/leblogmoto\/2006\/06\/24\/assen-motogp-46\/#primaryimage"},"thumbnailUrl":"http:\/\/www.leblogmoto.com\/images\/1nickyvi.jpg","datePublished":"2006-06-24T15:40:11+00:00","dateModified":"2012-07-11T14:26:04+00:00","author":{"@id":"https:\/\/blogs.thesocialmedia.com\/leblogmoto\/#\/schema\/person\/1a1dcfc7cec206573105eb4af91155c2"},"breadcrumb":{"@id":"https:\/\/blogs.thesocialmedia.com\/leblogmoto\/2006\/06\/24\/assen-motogp-46\/#breadcrumb"},"inLanguage":"fr-FR","potentialAction":[{"@type":"ReadAction","target":["https:\/\/blogs.thesocialmedia.com\/leblogmoto\/2006\/06\/24\/assen-motogp-46\/"]}]},{"@type":"ImageObject","inLanguage":"fr-FR","@id":"https:\/\/blogs.thesocialmedia.com\/leblogmoto\/2006\/06\/24\/assen-motogp-46\/#primaryimage","url":"http:\/\/www.leblogmoto.com\/images\/1nickyvi.jpg","contentUrl":"http:\/\/www.leblogmoto.com\/images\/1nickyvi.jpg"},{"@type":"BreadcrumbList","@id":"https:\/\/blogs.thesocialmedia.com\/leblogmoto\/2006\/06\/24\/assen-motogp-46\/#breadcrumb","itemListElement":[{"@type":"ListItem","position":1,"name":"Accueil","item":"https:\/\/blogs.thesocialmedia.com\/leblogmoto\/"},{"@type":"ListItem","position":2,"name":"ASSEN MotoGP: 46&#8230; points de retard"}]},{"@type":"WebSite","@id":"https:\/\/blogs.thesocialmedia.com\/leblogmoto\/#website","url":"https:\/\/blogs.thesocialmedia.com\/leblogmoto\/","name":"leblogmoto","description":"Toute l&#039;actualit\u00e9 des 2 roues","potentialAction":[{"@type":"SearchAction","target":{"@type":"EntryPoint","urlTemplate":"https:\/\/blogs.thesocialmedia.com\/leblogmoto\/?s={search_term_string}"},"query-input":{"@type":"PropertyValueSpecification","valueRequired":true,"valueName":"search_term_string"}}],"inLanguage":"fr-FR"},{"@type":"Person","@id":"https:\/\/blogs.thesocialmedia.com\/leblogmoto\/#\/schema\/person\/1a1dcfc7cec206573105eb4af91155c2","name":"andre leconde","image":{"@type":"ImageObject","inLanguage":"fr-FR","@id":"https:\/\/blogs.thesocialmedia.com\/leblogmoto\/#\/schema\/person\/image\/","url":"https:\/\/secure.gravatar.com\/avatar\/?s=96&d=mm&r=g","contentUrl":"https:\/\/secure.gravatar.com\/avatar\/?s=96&d=mm&r=g","caption":"andre leconde"},"url":"https:\/\/blogs.thesocialmedia.com\/leblogmoto\/author\/andre-leconde\/"}]}},"_links":{"self":[{"href":"https:\/\/blogs.thesocialmedia.com\/leblogmoto\/wp-json\/wp\/v2\/posts\/1728","targetHints":{"allow":["GET"]}}],"collection":[{"href":"https:\/\/blogs.thesocialmedia.com\/leblogmoto\/wp-json\/wp\/v2\/posts"}],"about":[{"href":"https:\/\/blogs.thesocialmedia.com\/leblogmoto\/wp-json\/wp\/v2\/types\/post"}],"author":[{"embeddable":true,"href":"https:\/\/blogs.thesocialmedia.com\/leblogmoto\/wp-json\/wp\/v2\/users\/336"}],"replies":[{"embeddable":true,"href":"https:\/\/blogs.thesocialmedia.com\/leblogmoto\/wp-json\/wp\/v2\/comments?post=1728"}],"version-history":[{"count":2,"href":"https:\/\/blogs.thesocialmedia.com\/leblogmoto\/wp-json\/wp\/v2\/posts\/1728\/revisions"}],"predecessor-version":[{"id":7676,"href":"https:\/\/blogs.thesocialmedia.com\/leblogmoto\/wp-json\/wp\/v2\/posts\/1728\/revisions\/7676"}],"wp:attachment":[{"href":"https:\/\/blogs.thesocialmedia.com\/leblogmoto\/wp-json\/wp\/v2\/media?parent=1728"}],"wp:term":[{"taxonomy":"category","embeddable":true,"href":"https:\/\/blogs.thesocialmedia.com\/leblogmoto\/wp-json\/wp\/v2\/categories?post=1728"},{"taxonomy":"post_tag","embeddable":true,"href":"https:\/\/blogs.thesocialmedia.com\/leblogmoto\/wp-json\/wp\/v2\/tags?post=1728"}],"curies":[{"name":"wp","href":"https:\/\/api.w.org\/{rel}","templated":true}]}}