{"id":173,"date":"2009-04-24T05:19:24","date_gmt":"2009-04-24T05:19:24","guid":{"rendered":"http:\/\/blogs.thesocialmedia.com\/leblogmoto\/2009\/04\/24\/album-du-vendredi-delire-insomniaque\/"},"modified":"2012-07-11T17:20:59","modified_gmt":"2012-07-11T17:20:59","slug":"album-du-vendredi-delire-insomniaque","status":"publish","type":"post","link":"https:\/\/blogs.thesocialmedia.com\/leblogmoto\/2009\/04\/24\/album-du-vendredi-delire-insomniaque\/","title":{"rendered":"Album du vendredi &#8211; D\u00e9lire insomniaque"},"content":{"rendered":"<p><a href=\"http:\/\/blogs.thesocialmedia.com\/leblogmoto\/files\/2012\/07\/6a00d83451b18369e201156f52ab35970c-popup.png\"><img decoding=\"async\" alt=\"Ven1\" class=\"at-xid-6a00d83451b18369e201156f52ab35970c \" src=\"http:\/\/blogs.thesocialmedia.com\/leblogmoto\/files\/2012\/07\/6a00d83451b18369e201156f52ab35970c-500wi.jpg\" style=\"width: 470px\" \/><\/a> <\/p>\n<p>Vous excuserez le fil plut\u00f4t tordu qui tisse la trame de cet Album, mais j&#039;ai cette image de <a href=\"http:\/\/www.starck.com\/\">Philippe Starck<\/a> sur son Aprilia moto 6.5 et je me d\u00e9sesp\u00e9rais de ne jamais pouvoir la montrer. Alors plut\u00f4t que d&#039;attendre ind\u00e9finiment, la voici, avec en plus, ce portrait de la mannequin <a href=\"http:\/\/en.wikipedia.org\/wiki\/Jenny_Shimizu\">Jenny Shimizu<\/a>, c\u00e9l\u00e8bre pour avoir \u00e9t\u00e9 la \u00abboy toy\u00bb de Madonna lors de sa p\u00e9riode d&#039;ambivalence sexuelle.<\/p>\n<p> Le reste des images et bien, je vous laisse en penser ce que vous voulez, il est tard et j&#039;en ai marre de ne dormir que 5 heures par nuit. Alors, je termine \u00e7a tout de suite, pour esp\u00e9rer rejoindre ma douce avant que demain ne devienne aujourd&#039;hui.<\/p>\n<p><a href=\"http:\/\/clabedan.typepad.com\/.a\/6a00d83451b18369e201156f52c023970c-popup\"><img decoding=\"async\" alt=\"Ven2\" class=\"at-xid-6a00d83451b18369e201156f52c023970c \" src=\"http:\/\/blogs.thesocialmedia.com\/leblogmoto\/files\/2012\/07\/6a00d83451b18369e201156f52c023970c-500wi.jpg\" style=\"width: 470px\" \/><\/a> <\/p>\n<p><a href=\"http:\/\/blogs.thesocialmedia.com\/leblogmoto\/files\/2012\/07\/6a00d83451b18369e201157048e515970b-popup.png\"><img decoding=\"async\" alt=\"Ven3\" class=\"at-xid-6a00d83451b18369e201157048e515970b \" src=\"http:\/\/blogs.thesocialmedia.com\/leblogmoto\/files\/2012\/07\/6a00d83451b18369e201157048e515970b-500wi.jpg\" style=\"width: 470px\" \/><\/a> <\/p>\n<p><a href=\"http:\/\/blogs.thesocialmedia.com\/leblogmoto\/files\/2012\/07\/6a00d83451b18369e201157048e2c9970b-popup.png\"><img decoding=\"async\" alt=\"Ven4\" class=\"at-xid-6a00d83451b18369e201157048e2c9970b \" src=\"http:\/\/blogs.thesocialmedia.com\/leblogmoto\/files\/2012\/07\/6a00d83451b18369e201157048e2c9970b-500wi.jpg\" style=\"width: 470px\" \/><\/a> <\/p>\n<p><a href=\"http:\/\/blogs.thesocialmedia.com\/leblogmoto\/files\/2012\/07\/6a00d83451b18369e201157048e170970b-popup.png\"><img decoding=\"async\" alt=\"Ven5\" class=\"at-xid-6a00d83451b18369e201157048e170970b \" src=\"http:\/\/blogs.thesocialmedia.com\/leblogmoto\/files\/2012\/07\/6a00d83451b18369e201157048e170970b-500wi.jpg\" style=\"width: 470px\" \/><\/a> <\/p>\n<p><a href=\"http:\/\/blogs.thesocialmedia.com\/leblogmoto\/files\/2012\/07\/6a00d83451b18369e201157048df26970b-popup.png\"><img decoding=\"async\" alt=\"Ven6\" class=\"at-xid-6a00d83451b18369e201157048df26970b \" src=\"http:\/\/blogs.thesocialmedia.com\/leblogmoto\/files\/2012\/07\/6a00d83451b18369e201157048df26970b-500wi.jpg\" style=\"width: 470px\" \/><\/a> <\/p>\n<p><a href=\"http:\/\/blogs.thesocialmedia.com\/leblogmoto\/files\/2012\/07\/6a00d83451b18369e201156f52b430970c-popup.png\"><img decoding=\"async\" alt=\"Ven7\" class=\"at-xid-6a00d83451b18369e201156f52b430970c \" src=\"http:\/\/blogs.thesocialmedia.com\/leblogmoto\/files\/2012\/07\/6a00d83451b18369e201156f52b430970c-500wi.jpg\" style=\"width: 470px\" \/><\/a> <\/p>\n<p><a href=\"http:\/\/blogs.thesocialmedia.com\/leblogmoto\/files\/2012\/07\/6a00d83451b18369e201157048da87970b-popup.png\"><img decoding=\"async\" alt=\"Ven8\" class=\"at-xid-6a00d83451b18369e201157048da87970b \" src=\"http:\/\/blogs.thesocialmedia.com\/leblogmoto\/files\/2012\/07\/6a00d83451b18369e201157048da87970b-500wi.jpg\" style=\"width: 470px\" \/><\/a> <\/p>\n<p><a href=\"http:\/\/blogs.thesocialmedia.com\/leblogmoto\/files\/2012\/07\/6a00d83451b18369e201157048d85b970b-popup.png\"><img decoding=\"async\" alt=\"Ven9\" class=\"at-xid-6a00d83451b18369e201157048d85b970b \" src=\"http:\/\/blogs.thesocialmedia.com\/leblogmoto\/files\/2012\/07\/6a00d83451b18369e201157048d85b970b-500wi.jpg\" style=\"width: 470px\" \/><\/a> <\/p>\n<p><a href=\"http:\/\/blogs.thesocialmedia.com\/leblogmoto\/files\/2012\/07\/6a00d83451b18369e201156f52ae9b970c-popup.png\"><img decoding=\"async\" alt=\"Motostarck\" class=\"at-xid-6a00d83451b18369e201156f52ae9b970c \" src=\"http:\/\/blogs.thesocialmedia.com\/leblogmoto\/files\/2012\/07\/6a00d83451b18369e201156f52ae9b970c-500wi.jpg\" style=\"width: 470px\" \/><\/a> <\/p>\n<p><object height=\"364\" width=\"445\"><param name=\"movie\" value=\"http:\/\/www.youtube.com\/v\/Z4PwHD7XKj0&amp;hl=fr&amp;fs=1&amp;rel=0&amp;border=1\" \/><param name=\"allowFullScreen\" value=\"true\" \/><param name=\"allowscriptaccess\" value=\"always\" \/><embed height=\"364\" src=\"http:\/\/www.youtube.com\/v\/Z4PwHD7XKj0&amp;hl=fr&amp;fs=1&amp;rel=0&amp;border=1\" type=\"application\/x-shockwave-flash\" width=\"445\" \/><\/object><\/p>\n","protected":false},"excerpt":{"rendered":"<p>Vous excuserez le fil plut\u00f4t tordu qui tisse la trame de cet Album, mais j&#039;ai cette image de Philippe Starck sur son Aprilia moto 6.5 et je me d\u00e9sesp\u00e9rais de ne jamais pouvoir la montrer. Alors plut\u00f4t que d&#039;attendre ind\u00e9finiment, la voici, avec en plus, ce portrait de la mannequin Jenny Shimizu, c\u00e9l\u00e8bre pour avoir [&hellip;]<\/p>\n","protected":false},"author":325,"featured_media":13337,"comment_status":"open","ping_status":"open","sticky":false,"template":"","format":"standard","meta":{"footnotes":""},"categories":[31,17],"tags":[],"class_list":["post-173","post","type-post","status-publish","format-standard","has-post-thumbnail","hentry","category-aprilia","category-divers"],"yoast_head":"<!-- This site is optimized with the Yoast SEO plugin v26.0 - https:\/\/yoast.com\/wordpress\/plugins\/seo\/ -->\n<title>Album du vendredi - D\u00e9lire insomniaque - leblogmoto.com<\/title>\n<meta name=\"robots\" content=\"index, follow, max-snippet:-1, max-image-preview:large, max-video-preview:-1\" \/>\n<link rel=\"canonical\" href=\"https:\/\/blogs.thesocialmedia.com\/leblogmoto\/2009\/04\/24\/album-du-vendredi-delire-insomniaque\/\" \/>\n<meta name=\"twitter:card\" content=\"summary_large_image\" \/>\n<meta name=\"twitter:title\" content=\"Album du vendredi - D\u00e9lire insomniaque - leblogmoto.com\" \/>\n<meta name=\"twitter:description\" content=\"Vous excuserez le fil plut\u00f4t tordu qui tisse la trame de cet Album, mais j&#039;ai cette image de Philippe Starck sur son Aprilia moto 6.5 et je me d\u00e9sesp\u00e9rais de ne jamais pouvoir la montrer. Alors plut\u00f4t que d&#039;attendre ind\u00e9finiment, la voici, avec en plus, ce portrait de la mannequin Jenny Shimizu, c\u00e9l\u00e8bre pour avoir [&hellip;]\" \/>\n<meta name=\"twitter:image\" content=\"https:\/\/blogs.thesocialmedia.com\/leblogmoto\/files\/2012\/07\/6a00d83451b18369e201156f52ab35970c-500wi.jpg\" \/>\n<meta name=\"twitter:label1\" content=\"\u00c9crit par\" \/>\n\t<meta name=\"twitter:data1\" content=\"jacques lesage\" \/>\n\t<meta name=\"twitter:label2\" content=\"Dur\u00e9e de lecture estim\u00e9e\" \/>\n\t<meta name=\"twitter:data2\" content=\"1 minute\" \/>\n<script type=\"application\/ld+json\" class=\"yoast-schema-graph\">{\"@context\":\"https:\/\/schema.org\",\"@graph\":[{\"@type\":\"WebPage\",\"@id\":\"https:\/\/blogs.thesocialmedia.com\/leblogmoto\/2009\/04\/24\/album-du-vendredi-delire-insomniaque\/\",\"url\":\"https:\/\/blogs.thesocialmedia.com\/leblogmoto\/2009\/04\/24\/album-du-vendredi-delire-insomniaque\/\",\"name\":\"Album du vendredi - D\u00e9lire insomniaque - leblogmoto.com\",\"isPartOf\":{\"@id\":\"https:\/\/blogs.thesocialmedia.com\/leblogmoto\/#website\"},\"primaryImageOfPage\":{\"@id\":\"https:\/\/blogs.thesocialmedia.com\/leblogmoto\/2009\/04\/24\/album-du-vendredi-delire-insomniaque\/#primaryimage\"},\"image\":{\"@id\":\"https:\/\/blogs.thesocialmedia.com\/leblogmoto\/2009\/04\/24\/album-du-vendredi-delire-insomniaque\/#primaryimage\"},\"thumbnailUrl\":\"https:\/\/blogs.thesocialmedia.com\/leblogmoto\/files\/2012\/07\/6a00d83451b18369e201156f52ab35970c-500wi.jpg\",\"datePublished\":\"2009-04-24T05:19:24+00:00\",\"dateModified\":\"2012-07-11T17:20:59+00:00\",\"author\":{\"@id\":\"https:\/\/blogs.thesocialmedia.com\/leblogmoto\/#\/schema\/person\/e82a0ca8a9a63d031586097a3ed58526\"},\"breadcrumb\":{\"@id\":\"https:\/\/blogs.thesocialmedia.com\/leblogmoto\/2009\/04\/24\/album-du-vendredi-delire-insomniaque\/#breadcrumb\"},\"inLanguage\":\"fr-FR\",\"potentialAction\":[{\"@type\":\"ReadAction\",\"target\":[\"https:\/\/blogs.thesocialmedia.com\/leblogmoto\/2009\/04\/24\/album-du-vendredi-delire-insomniaque\/\"]}]},{\"@type\":\"ImageObject\",\"inLanguage\":\"fr-FR\",\"@id\":\"https:\/\/blogs.thesocialmedia.com\/leblogmoto\/2009\/04\/24\/album-du-vendredi-delire-insomniaque\/#primaryimage\",\"url\":\"https:\/\/blogs.thesocialmedia.com\/leblogmoto\/files\/2012\/07\/6a00d83451b18369e201156f52ab35970c-500wi.jpg\",\"contentUrl\":\"https:\/\/blogs.thesocialmedia.com\/leblogmoto\/files\/2012\/07\/6a00d83451b18369e201156f52ab35970c-500wi.jpg\",\"width\":\"500\",\"height\":\"465\"},{\"@type\":\"BreadcrumbList\",\"@id\":\"https:\/\/blogs.thesocialmedia.com\/leblogmoto\/2009\/04\/24\/album-du-vendredi-delire-insomniaque\/#breadcrumb\",\"itemListElement\":[{\"@type\":\"ListItem\",\"position\":1,\"name\":\"Accueil\",\"item\":\"https:\/\/blogs.thesocialmedia.com\/leblogmoto\/\"},{\"@type\":\"ListItem\",\"position\":2,\"name\":\"Album du vendredi &#8211; D\u00e9lire insomniaque\"}]},{\"@type\":\"WebSite\",\"@id\":\"https:\/\/blogs.thesocialmedia.com\/leblogmoto\/#website\",\"url\":\"https:\/\/blogs.thesocialmedia.com\/leblogmoto\/\",\"name\":\"leblogmoto\",\"description\":\"Toute l&#039;actualit\u00e9 des 2 roues\",\"potentialAction\":[{\"@type\":\"SearchAction\",\"target\":{\"@type\":\"EntryPoint\",\"urlTemplate\":\"https:\/\/blogs.thesocialmedia.com\/leblogmoto\/?s={search_term_string}\"},\"query-input\":{\"@type\":\"PropertyValueSpecification\",\"valueRequired\":true,\"valueName\":\"search_term_string\"}}],\"inLanguage\":\"fr-FR\"},{\"@type\":\"Person\",\"@id\":\"https:\/\/blogs.thesocialmedia.com\/leblogmoto\/#\/schema\/person\/e82a0ca8a9a63d031586097a3ed58526\",\"name\":\"jacques lesage\",\"image\":{\"@type\":\"ImageObject\",\"inLanguage\":\"fr-FR\",\"@id\":\"https:\/\/blogs.thesocialmedia.com\/leblogmoto\/#\/schema\/person\/image\/\",\"url\":\"https:\/\/secure.gravatar.com\/avatar\/?s=96&d=mm&r=g\",\"contentUrl\":\"https:\/\/secure.gravatar.com\/avatar\/?s=96&d=mm&r=g\",\"caption\":\"jacques lesage\"},\"url\":\"https:\/\/blogs.thesocialmedia.com\/leblogmoto\/author\/jacques-lesage\/\"}]}<\/script>\n<!-- \/ Yoast SEO plugin. -->","yoast_head_json":{"title":"Album du vendredi - D\u00e9lire insomniaque - leblogmoto.com","robots":{"index":"index","follow":"follow","max-snippet":"max-snippet:-1","max-image-preview":"max-image-preview:large","max-video-preview":"max-video-preview:-1"},"canonical":"https:\/\/blogs.thesocialmedia.com\/leblogmoto\/2009\/04\/24\/album-du-vendredi-delire-insomniaque\/","twitter_card":"summary_large_image","twitter_title":"Album du vendredi - D\u00e9lire insomniaque - leblogmoto.com","twitter_description":"Vous excuserez le fil plut\u00f4t tordu qui tisse la trame de cet Album, mais j&#039;ai cette image de Philippe Starck sur son Aprilia moto 6.5 et je me d\u00e9sesp\u00e9rais de ne jamais pouvoir la montrer. Alors plut\u00f4t que d&#039;attendre ind\u00e9finiment, la voici, avec en plus, ce portrait de la mannequin Jenny Shimizu, c\u00e9l\u00e8bre pour avoir [&hellip;]","twitter_image":"https:\/\/blogs.thesocialmedia.com\/leblogmoto\/files\/2012\/07\/6a00d83451b18369e201156f52ab35970c-500wi.jpg","twitter_misc":{"\u00c9crit par":"jacques lesage","Dur\u00e9e de lecture estim\u00e9e":"1 minute"},"schema":{"@context":"https:\/\/schema.org","@graph":[{"@type":"WebPage","@id":"https:\/\/blogs.thesocialmedia.com\/leblogmoto\/2009\/04\/24\/album-du-vendredi-delire-insomniaque\/","url":"https:\/\/blogs.thesocialmedia.com\/leblogmoto\/2009\/04\/24\/album-du-vendredi-delire-insomniaque\/","name":"Album du vendredi - D\u00e9lire insomniaque - leblogmoto.com","isPartOf":{"@id":"https:\/\/blogs.thesocialmedia.com\/leblogmoto\/#website"},"primaryImageOfPage":{"@id":"https:\/\/blogs.thesocialmedia.com\/leblogmoto\/2009\/04\/24\/album-du-vendredi-delire-insomniaque\/#primaryimage"},"image":{"@id":"https:\/\/blogs.thesocialmedia.com\/leblogmoto\/2009\/04\/24\/album-du-vendredi-delire-insomniaque\/#primaryimage"},"thumbnailUrl":"https:\/\/blogs.thesocialmedia.com\/leblogmoto\/files\/2012\/07\/6a00d83451b18369e201156f52ab35970c-500wi.jpg","datePublished":"2009-04-24T05:19:24+00:00","dateModified":"2012-07-11T17:20:59+00:00","author":{"@id":"https:\/\/blogs.thesocialmedia.com\/leblogmoto\/#\/schema\/person\/e82a0ca8a9a63d031586097a3ed58526"},"breadcrumb":{"@id":"https:\/\/blogs.thesocialmedia.com\/leblogmoto\/2009\/04\/24\/album-du-vendredi-delire-insomniaque\/#breadcrumb"},"inLanguage":"fr-FR","potentialAction":[{"@type":"ReadAction","target":["https:\/\/blogs.thesocialmedia.com\/leblogmoto\/2009\/04\/24\/album-du-vendredi-delire-insomniaque\/"]}]},{"@type":"ImageObject","inLanguage":"fr-FR","@id":"https:\/\/blogs.thesocialmedia.com\/leblogmoto\/2009\/04\/24\/album-du-vendredi-delire-insomniaque\/#primaryimage","url":"https:\/\/blogs.thesocialmedia.com\/leblogmoto\/files\/2012\/07\/6a00d83451b18369e201156f52ab35970c-500wi.jpg","contentUrl":"https:\/\/blogs.thesocialmedia.com\/leblogmoto\/files\/2012\/07\/6a00d83451b18369e201156f52ab35970c-500wi.jpg","width":"500","height":"465"},{"@type":"BreadcrumbList","@id":"https:\/\/blogs.thesocialmedia.com\/leblogmoto\/2009\/04\/24\/album-du-vendredi-delire-insomniaque\/#breadcrumb","itemListElement":[{"@type":"ListItem","position":1,"name":"Accueil","item":"https:\/\/blogs.thesocialmedia.com\/leblogmoto\/"},{"@type":"ListItem","position":2,"name":"Album du vendredi &#8211; D\u00e9lire insomniaque"}]},{"@type":"WebSite","@id":"https:\/\/blogs.thesocialmedia.com\/leblogmoto\/#website","url":"https:\/\/blogs.thesocialmedia.com\/leblogmoto\/","name":"leblogmoto","description":"Toute l&#039;actualit\u00e9 des 2 roues","potentialAction":[{"@type":"SearchAction","target":{"@type":"EntryPoint","urlTemplate":"https:\/\/blogs.thesocialmedia.com\/leblogmoto\/?s={search_term_string}"},"query-input":{"@type":"PropertyValueSpecification","valueRequired":true,"valueName":"search_term_string"}}],"inLanguage":"fr-FR"},{"@type":"Person","@id":"https:\/\/blogs.thesocialmedia.com\/leblogmoto\/#\/schema\/person\/e82a0ca8a9a63d031586097a3ed58526","name":"jacques lesage","image":{"@type":"ImageObject","inLanguage":"fr-FR","@id":"https:\/\/blogs.thesocialmedia.com\/leblogmoto\/#\/schema\/person\/image\/","url":"https:\/\/secure.gravatar.com\/avatar\/?s=96&d=mm&r=g","contentUrl":"https:\/\/secure.gravatar.com\/avatar\/?s=96&d=mm&r=g","caption":"jacques lesage"},"url":"https:\/\/blogs.thesocialmedia.com\/leblogmoto\/author\/jacques-lesage\/"}]}},"_links":{"self":[{"href":"https:\/\/blogs.thesocialmedia.com\/leblogmoto\/wp-json\/wp\/v2\/posts\/173","targetHints":{"allow":["GET"]}}],"collection":[{"href":"https:\/\/blogs.thesocialmedia.com\/leblogmoto\/wp-json\/wp\/v2\/posts"}],"about":[{"href":"https:\/\/blogs.thesocialmedia.com\/leblogmoto\/wp-json\/wp\/v2\/types\/post"}],"author":[{"embeddable":true,"href":"https:\/\/blogs.thesocialmedia.com\/leblogmoto\/wp-json\/wp\/v2\/users\/325"}],"replies":[{"embeddable":true,"href":"https:\/\/blogs.thesocialmedia.com\/leblogmoto\/wp-json\/wp\/v2\/comments?post=173"}],"version-history":[{"count":2,"href":"https:\/\/blogs.thesocialmedia.com\/leblogmoto\/wp-json\/wp\/v2\/posts\/173\/revisions"}],"predecessor-version":[{"id":13356,"href":"https:\/\/blogs.thesocialmedia.com\/leblogmoto\/wp-json\/wp\/v2\/posts\/173\/revisions\/13356"}],"wp:featuredmedia":[{"embeddable":true,"href":"https:\/\/blogs.thesocialmedia.com\/leblogmoto\/wp-json\/wp\/v2\/media\/13337"}],"wp:attachment":[{"href":"https:\/\/blogs.thesocialmedia.com\/leblogmoto\/wp-json\/wp\/v2\/media?parent=173"}],"wp:term":[{"taxonomy":"category","embeddable":true,"href":"https:\/\/blogs.thesocialmedia.com\/leblogmoto\/wp-json\/wp\/v2\/categories?post=173"},{"taxonomy":"post_tag","embeddable":true,"href":"https:\/\/blogs.thesocialmedia.com\/leblogmoto\/wp-json\/wp\/v2\/tags?post=173"}],"curies":[{"name":"wp","href":"https:\/\/api.w.org\/{rel}","templated":true}]}}