{"id":1730,"date":"2006-06-24T12:21:26","date_gmt":"2006-06-24T12:21:26","guid":{"rendered":"http:\/\/blogs.thesocialmedia.com\/leblogmoto\/2006\/06\/24\/assen-125-kalli\/"},"modified":"2012-07-11T14:25:58","modified_gmt":"2012-07-11T14:25:58","slug":"assen-125-kalli","status":"publish","type":"post","link":"https:\/\/blogs.thesocialmedia.com\/leblogmoto\/2006\/06\/24\/assen-125-kalli\/","title":{"rendered":"ASSEN 125: KALLIO, au sprint"},"content":{"rendered":"<p><a href=\"http:\/\/blogs.thesocialmedia.com\/leblogmoto\/files\/2012\/07\/mika20kallio20le20mans2_tb.jpg\"><img loading=\"lazy\" decoding=\"async\" height=\"167\" alt=\"Mika20kallio20le20mans2_tb\" src=\"http:\/\/www.leblogmoto.com\/images\/mika20kallio20le20mans2_tb.jpg\" width=\"250\"  \/><\/a>Le circuit d&rsquo;<a href=\"http:\/\/www.leblogmoto.com\/2006\/06\/assen_125_quali.html\">ASSEN<\/a> a eu beau \u00eatre fondamentalement remani\u00e9, c&rsquo;est toujours dans ses derniers encha\u00eenements que la d\u00e9cision se fait.<\/p>\n<p>La course <strong>125<\/strong> en a encore fait la d\u00e9monstration, avec un combat \u00e9pique entre un trio d&rsquo;enfer compos\u00e9 de <strong>KALLIO<\/strong>, <strong>BAUTISTA<\/strong> et <strong>GADEA<\/strong>. Et c&rsquo;est finalement le Finlandais \u00e0 la KTM qui s&rsquo;est impos\u00e9 au prix d&rsquo;un freinage de bucheron, devant les deux \u00e9quipiers du team <a href=\"http:\/\/www.leblogmoto.com\/2006\/06\/125_catalunya_a.html\">APRILIA Martinez<\/a>, GADEA et BAUTISTA&#8230;<\/p>\n<p><a href=\"http:\/\/clabedan.typepad.com\/.shared\/image.html?\/photos\/uncategorized\/mika20kallio20le20mans9_tb_1.jpg\"><img loading=\"lazy\" decoding=\"async\" height=\"376\" alt=\"Mika20kallio20le20mans9_tb_1\" src=\"http:\/\/www.leblogmoto.com\/images\/mika20kallio20le20mans9_tb_1.jpg\" width=\"250\"  \/><\/a> C\u00f4t\u00e9 Fran\u00e7ais, on a des raisons d&rsquo;esp\u00e9rer apr\u00e8s un d\u00e9but de course flamboyant de <strong>DI MEGLIO<\/strong> que l&rsquo;on a vu pointer cinqui\u00e8me en premi\u00e8re partie de course. Puis sa <strong>HONDA<\/strong> s&rsquo;est effondr\u00e9e. Mike ram\u00e9ne quand m\u00eane les points de la <strong>treizi\u00e8me<\/strong> place. Pour <strong>MASBOU<\/strong>, en revanche, englu\u00e9 en fond de peloton, il s&rsquo;est fait embarquer par <strong>SANDI<\/strong>, se blessant encore un peu plus \u00e0 son pied gauche. La guigne.<\/p>\n<p>Palme de la plus belle remont\u00e9e \u00e0 <strong>PESEK<\/strong>. Parti des stands \u00e0 cause de sa <a href=\"http:\/\/www.leblogmoto.com\/2006\/06\/derbi_gpx1_mini.html\">DERBI<\/a><strong>&nbsp;<\/strong>engorg\u00e9e, il est revenu cinqui\u00e8me, devant FAUBEL, PASINI et L\u00dcTHI. Mais derri\u00e8re CORSI qui l&rsquo;a piqu\u00e9 au dernier freinage avec sa <strong>GILERA<\/strong>.<\/p>\n<p><strong><em><u>Championnat<\/u><\/em><\/strong>: BAUTISTA 160-KALLIO 113-GADEA 103-FAUBEL 97-PASINI 96-PESEK 77-L\u00dcTHI 62<\/p>\n","protected":false},"excerpt":{"rendered":"<p>Le circuit d&rsquo;ASSEN a eu beau \u00eatre fondamentalement remani\u00e9, c&rsquo;est toujours dans ses derniers encha\u00eenements que la d\u00e9cision se fait. La course 125 en a encore fait la d\u00e9monstration, avec un combat \u00e9pique entre un trio d&rsquo;enfer compos\u00e9 de KALLIO, BAUTISTA et GADEA. Et c&rsquo;est finalement le Finlandais \u00e0 la KTM qui s&rsquo;est impos\u00e9 au [&hellip;]<\/p>\n","protected":false},"author":336,"featured_media":0,"comment_status":"open","ping_status":"open","sticky":false,"template":"","format":"standard","meta":{"footnotes":""},"categories":[39,22,32],"tags":[],"class_list":["post-1730","post","type-post","status-publish","format-standard","hentry","category-ktm","category-motogp","category-sport-moto"],"yoast_head":"<!-- This site is optimized with the Yoast SEO plugin v26.0 - https:\/\/yoast.com\/wordpress\/plugins\/seo\/ -->\n<title>ASSEN 125: KALLIO, au sprint - leblogmoto.com<\/title>\n<meta name=\"robots\" content=\"index, follow, max-snippet:-1, max-image-preview:large, max-video-preview:-1\" \/>\n<link rel=\"canonical\" href=\"https:\/\/blogs.thesocialmedia.com\/leblogmoto\/2006\/06\/24\/assen-125-kalli\/\" \/>\n<meta name=\"twitter:card\" content=\"summary_large_image\" \/>\n<meta name=\"twitter:title\" content=\"ASSEN 125: KALLIO, au sprint - leblogmoto.com\" \/>\n<meta name=\"twitter:description\" content=\"Le circuit d&rsquo;ASSEN a eu beau \u00eatre fondamentalement remani\u00e9, c&rsquo;est toujours dans ses derniers encha\u00eenements que la d\u00e9cision se fait. La course 125 en a encore fait la d\u00e9monstration, avec un combat \u00e9pique entre un trio d&rsquo;enfer compos\u00e9 de KALLIO, BAUTISTA et GADEA. Et c&rsquo;est finalement le Finlandais \u00e0 la KTM qui s&rsquo;est impos\u00e9 au [&hellip;]\" \/>\n<meta name=\"twitter:image\" content=\"http:\/\/www.leblogmoto.com\/images\/mika20kallio20le20mans2_tb.jpg\" \/>\n<meta name=\"twitter:label1\" content=\"\u00c9crit par\" \/>\n\t<meta name=\"twitter:data1\" content=\"andre leconde\" \/>\n\t<meta name=\"twitter:label2\" content=\"Dur\u00e9e de lecture estim\u00e9e\" \/>\n\t<meta name=\"twitter:data2\" content=\"1 minute\" \/>\n<script type=\"application\/ld+json\" class=\"yoast-schema-graph\">{\"@context\":\"https:\/\/schema.org\",\"@graph\":[{\"@type\":\"WebPage\",\"@id\":\"https:\/\/blogs.thesocialmedia.com\/leblogmoto\/2006\/06\/24\/assen-125-kalli\/\",\"url\":\"https:\/\/blogs.thesocialmedia.com\/leblogmoto\/2006\/06\/24\/assen-125-kalli\/\",\"name\":\"ASSEN 125: KALLIO, au sprint - leblogmoto.com\",\"isPartOf\":{\"@id\":\"https:\/\/blogs.thesocialmedia.com\/leblogmoto\/#website\"},\"primaryImageOfPage\":{\"@id\":\"https:\/\/blogs.thesocialmedia.com\/leblogmoto\/2006\/06\/24\/assen-125-kalli\/#primaryimage\"},\"image\":{\"@id\":\"https:\/\/blogs.thesocialmedia.com\/leblogmoto\/2006\/06\/24\/assen-125-kalli\/#primaryimage\"},\"thumbnailUrl\":\"http:\/\/www.leblogmoto.com\/images\/mika20kallio20le20mans2_tb.jpg\",\"datePublished\":\"2006-06-24T12:21:26+00:00\",\"dateModified\":\"2012-07-11T14:25:58+00:00\",\"author\":{\"@id\":\"https:\/\/blogs.thesocialmedia.com\/leblogmoto\/#\/schema\/person\/1a1dcfc7cec206573105eb4af91155c2\"},\"breadcrumb\":{\"@id\":\"https:\/\/blogs.thesocialmedia.com\/leblogmoto\/2006\/06\/24\/assen-125-kalli\/#breadcrumb\"},\"inLanguage\":\"fr-FR\",\"potentialAction\":[{\"@type\":\"ReadAction\",\"target\":[\"https:\/\/blogs.thesocialmedia.com\/leblogmoto\/2006\/06\/24\/assen-125-kalli\/\"]}]},{\"@type\":\"ImageObject\",\"inLanguage\":\"fr-FR\",\"@id\":\"https:\/\/blogs.thesocialmedia.com\/leblogmoto\/2006\/06\/24\/assen-125-kalli\/#primaryimage\",\"url\":\"http:\/\/www.leblogmoto.com\/images\/mika20kallio20le20mans2_tb.jpg\",\"contentUrl\":\"http:\/\/www.leblogmoto.com\/images\/mika20kallio20le20mans2_tb.jpg\"},{\"@type\":\"BreadcrumbList\",\"@id\":\"https:\/\/blogs.thesocialmedia.com\/leblogmoto\/2006\/06\/24\/assen-125-kalli\/#breadcrumb\",\"itemListElement\":[{\"@type\":\"ListItem\",\"position\":1,\"name\":\"Accueil\",\"item\":\"https:\/\/blogs.thesocialmedia.com\/leblogmoto\/\"},{\"@type\":\"ListItem\",\"position\":2,\"name\":\"ASSEN 125: KALLIO, au sprint\"}]},{\"@type\":\"WebSite\",\"@id\":\"https:\/\/blogs.thesocialmedia.com\/leblogmoto\/#website\",\"url\":\"https:\/\/blogs.thesocialmedia.com\/leblogmoto\/\",\"name\":\"leblogmoto\",\"description\":\"Toute l&#039;actualit\u00e9 des 2 roues\",\"potentialAction\":[{\"@type\":\"SearchAction\",\"target\":{\"@type\":\"EntryPoint\",\"urlTemplate\":\"https:\/\/blogs.thesocialmedia.com\/leblogmoto\/?s={search_term_string}\"},\"query-input\":{\"@type\":\"PropertyValueSpecification\",\"valueRequired\":true,\"valueName\":\"search_term_string\"}}],\"inLanguage\":\"fr-FR\"},{\"@type\":\"Person\",\"@id\":\"https:\/\/blogs.thesocialmedia.com\/leblogmoto\/#\/schema\/person\/1a1dcfc7cec206573105eb4af91155c2\",\"name\":\"andre leconde\",\"image\":{\"@type\":\"ImageObject\",\"inLanguage\":\"fr-FR\",\"@id\":\"https:\/\/blogs.thesocialmedia.com\/leblogmoto\/#\/schema\/person\/image\/\",\"url\":\"https:\/\/secure.gravatar.com\/avatar\/?s=96&d=mm&r=g\",\"contentUrl\":\"https:\/\/secure.gravatar.com\/avatar\/?s=96&d=mm&r=g\",\"caption\":\"andre leconde\"},\"url\":\"https:\/\/blogs.thesocialmedia.com\/leblogmoto\/author\/andre-leconde\/\"}]}<\/script>\n<!-- \/ Yoast SEO plugin. -->","yoast_head_json":{"title":"ASSEN 125: KALLIO, au sprint - leblogmoto.com","robots":{"index":"index","follow":"follow","max-snippet":"max-snippet:-1","max-image-preview":"max-image-preview:large","max-video-preview":"max-video-preview:-1"},"canonical":"https:\/\/blogs.thesocialmedia.com\/leblogmoto\/2006\/06\/24\/assen-125-kalli\/","twitter_card":"summary_large_image","twitter_title":"ASSEN 125: KALLIO, au sprint - leblogmoto.com","twitter_description":"Le circuit d&rsquo;ASSEN a eu beau \u00eatre fondamentalement remani\u00e9, c&rsquo;est toujours dans ses derniers encha\u00eenements que la d\u00e9cision se fait. La course 125 en a encore fait la d\u00e9monstration, avec un combat \u00e9pique entre un trio d&rsquo;enfer compos\u00e9 de KALLIO, BAUTISTA et GADEA. Et c&rsquo;est finalement le Finlandais \u00e0 la KTM qui s&rsquo;est impos\u00e9 au [&hellip;]","twitter_image":"http:\/\/www.leblogmoto.com\/images\/mika20kallio20le20mans2_tb.jpg","twitter_misc":{"\u00c9crit par":"andre leconde","Dur\u00e9e de lecture estim\u00e9e":"1 minute"},"schema":{"@context":"https:\/\/schema.org","@graph":[{"@type":"WebPage","@id":"https:\/\/blogs.thesocialmedia.com\/leblogmoto\/2006\/06\/24\/assen-125-kalli\/","url":"https:\/\/blogs.thesocialmedia.com\/leblogmoto\/2006\/06\/24\/assen-125-kalli\/","name":"ASSEN 125: KALLIO, au sprint - leblogmoto.com","isPartOf":{"@id":"https:\/\/blogs.thesocialmedia.com\/leblogmoto\/#website"},"primaryImageOfPage":{"@id":"https:\/\/blogs.thesocialmedia.com\/leblogmoto\/2006\/06\/24\/assen-125-kalli\/#primaryimage"},"image":{"@id":"https:\/\/blogs.thesocialmedia.com\/leblogmoto\/2006\/06\/24\/assen-125-kalli\/#primaryimage"},"thumbnailUrl":"http:\/\/www.leblogmoto.com\/images\/mika20kallio20le20mans2_tb.jpg","datePublished":"2006-06-24T12:21:26+00:00","dateModified":"2012-07-11T14:25:58+00:00","author":{"@id":"https:\/\/blogs.thesocialmedia.com\/leblogmoto\/#\/schema\/person\/1a1dcfc7cec206573105eb4af91155c2"},"breadcrumb":{"@id":"https:\/\/blogs.thesocialmedia.com\/leblogmoto\/2006\/06\/24\/assen-125-kalli\/#breadcrumb"},"inLanguage":"fr-FR","potentialAction":[{"@type":"ReadAction","target":["https:\/\/blogs.thesocialmedia.com\/leblogmoto\/2006\/06\/24\/assen-125-kalli\/"]}]},{"@type":"ImageObject","inLanguage":"fr-FR","@id":"https:\/\/blogs.thesocialmedia.com\/leblogmoto\/2006\/06\/24\/assen-125-kalli\/#primaryimage","url":"http:\/\/www.leblogmoto.com\/images\/mika20kallio20le20mans2_tb.jpg","contentUrl":"http:\/\/www.leblogmoto.com\/images\/mika20kallio20le20mans2_tb.jpg"},{"@type":"BreadcrumbList","@id":"https:\/\/blogs.thesocialmedia.com\/leblogmoto\/2006\/06\/24\/assen-125-kalli\/#breadcrumb","itemListElement":[{"@type":"ListItem","position":1,"name":"Accueil","item":"https:\/\/blogs.thesocialmedia.com\/leblogmoto\/"},{"@type":"ListItem","position":2,"name":"ASSEN 125: KALLIO, au sprint"}]},{"@type":"WebSite","@id":"https:\/\/blogs.thesocialmedia.com\/leblogmoto\/#website","url":"https:\/\/blogs.thesocialmedia.com\/leblogmoto\/","name":"leblogmoto","description":"Toute l&#039;actualit\u00e9 des 2 roues","potentialAction":[{"@type":"SearchAction","target":{"@type":"EntryPoint","urlTemplate":"https:\/\/blogs.thesocialmedia.com\/leblogmoto\/?s={search_term_string}"},"query-input":{"@type":"PropertyValueSpecification","valueRequired":true,"valueName":"search_term_string"}}],"inLanguage":"fr-FR"},{"@type":"Person","@id":"https:\/\/blogs.thesocialmedia.com\/leblogmoto\/#\/schema\/person\/1a1dcfc7cec206573105eb4af91155c2","name":"andre leconde","image":{"@type":"ImageObject","inLanguage":"fr-FR","@id":"https:\/\/blogs.thesocialmedia.com\/leblogmoto\/#\/schema\/person\/image\/","url":"https:\/\/secure.gravatar.com\/avatar\/?s=96&d=mm&r=g","contentUrl":"https:\/\/secure.gravatar.com\/avatar\/?s=96&d=mm&r=g","caption":"andre leconde"},"url":"https:\/\/blogs.thesocialmedia.com\/leblogmoto\/author\/andre-leconde\/"}]}},"_links":{"self":[{"href":"https:\/\/blogs.thesocialmedia.com\/leblogmoto\/wp-json\/wp\/v2\/posts\/1730","targetHints":{"allow":["GET"]}}],"collection":[{"href":"https:\/\/blogs.thesocialmedia.com\/leblogmoto\/wp-json\/wp\/v2\/posts"}],"about":[{"href":"https:\/\/blogs.thesocialmedia.com\/leblogmoto\/wp-json\/wp\/v2\/types\/post"}],"author":[{"embeddable":true,"href":"https:\/\/blogs.thesocialmedia.com\/leblogmoto\/wp-json\/wp\/v2\/users\/336"}],"replies":[{"embeddable":true,"href":"https:\/\/blogs.thesocialmedia.com\/leblogmoto\/wp-json\/wp\/v2\/comments?post=1730"}],"version-history":[{"count":2,"href":"https:\/\/blogs.thesocialmedia.com\/leblogmoto\/wp-json\/wp\/v2\/posts\/1730\/revisions"}],"predecessor-version":[{"id":7672,"href":"https:\/\/blogs.thesocialmedia.com\/leblogmoto\/wp-json\/wp\/v2\/posts\/1730\/revisions\/7672"}],"wp:attachment":[{"href":"https:\/\/blogs.thesocialmedia.com\/leblogmoto\/wp-json\/wp\/v2\/media?parent=1730"}],"wp:term":[{"taxonomy":"category","embeddable":true,"href":"https:\/\/blogs.thesocialmedia.com\/leblogmoto\/wp-json\/wp\/v2\/categories?post=1730"},{"taxonomy":"post_tag","embeddable":true,"href":"https:\/\/blogs.thesocialmedia.com\/leblogmoto\/wp-json\/wp\/v2\/tags?post=1730"}],"curies":[{"name":"wp","href":"https:\/\/api.w.org\/{rel}","templated":true}]}}