{"id":1731,"date":"2006-06-24T00:21:07","date_gmt":"2006-06-24T00:21:07","guid":{"rendered":"http:\/\/blogs.thesocialmedia.com\/leblogmoto\/2006\/06\/24\/le-custom-quad\/"},"modified":"2012-07-11T14:25:55","modified_gmt":"2012-07-11T14:25:55","slug":"le-custom-quad","status":"publish","type":"post","link":"https:\/\/blogs.thesocialmedia.com\/leblogmoto\/2006\/06\/24\/le-custom-quad\/","title":{"rendered":"LE CUSTOM QUAD"},"content":{"rendered":"<p><a href=\"http:\/\/blogs.thesocialmedia.com\/leblogmoto\/files\/2012\/07\/62_1.jpg\"><img loading=\"lazy\" decoding=\"async\" height=\"187\" alt=\"62_1\" src=\"http:\/\/www.leblogmoto.com\/images\/62_1.jpg\" width=\"250\"  \/><\/a>Votre Quad est devenu un dommage collat\u00e9ral de l&rsquo;application de la <strong>circulaire OLIN<\/strong> ? Le <a href=\"http:\/\/www.leblogmoto.com\/2006\/03\/codever_le_mouv.html\">collectif CODEVER<\/a> n&rsquo;a pas r\u00e9ussi \u00e0 vous redonner espoir ?<\/p>\n<p>Honnis des chemins, pestif\u00e9r\u00e9s des f\u00f4rets, n&rsquo;immolez pas tout de suite votre engin. <\/p>\n<p>Attardez vous un peu sur ses pages et regardez ce que l&rsquo;on peut aussi faire avec un <strong>Quad<\/strong>&#8230;&nbsp; <\/p>\n<p><a href=\"http:\/\/clabedan.typepad.com\/.shared\/image.html?\/photos\/uncategorized\/f6_1.jpg\"><img loading=\"lazy\" decoding=\"async\" height=\"187\" alt=\"F6_1\" src=\"http:\/\/www.leblogmoto.com\/images\/f6_1.jpg\" width=\"250\"  \/><\/a>Troquez vous pneus \u00e0 crampons pour des slicks sur jantes de salon.<\/p>\n<p>Et voil\u00e0 la citrouille transform\u00e9e en carosse. Impossible de passer inaper\u00e7u.<\/p>\n<p>Si ca vous tente, \u00e7a peut \u00eatre \u00e0 vous. Pour les modalit\u00e9s, voir <a href=\"http:\/\/cgi.ebay.com\/ebaymotors\/KAWASAKI-KFX-400-ATV-ON-DUBS-20in-RIMS-WHEELS-TIRE-LTZ_W0QQcmdZViewItemQQcategoryZ42590QQihZ002QQitemZ4652899229QQrdZ1\">ici<\/a>. Ca nous vient des Etats-Unis.&nbsp; <\/p>\n<p>SOURCE: <a href=\"http:\/\/www.jalopnik.com\">www.jalopnik.com<\/a> <\/p>\n<p><a href=\"http:\/\/clabedan.typepad.com\/.shared\/image.html?\/photos\/uncategorized\/e2_1.jpg\"><img loading=\"lazy\" decoding=\"async\" height=\"187\" alt=\"E2_1\" src=\"http:\/\/www.leblogmoto.com\/images\/e2_1.jpg\" width=\"250\"  \/><\/a> <\/p>\n","protected":false},"excerpt":{"rendered":"<p>Votre Quad est devenu un dommage collat\u00e9ral de l&rsquo;application de la circulaire OLIN ? Le collectif CODEVER n&rsquo;a pas r\u00e9ussi \u00e0 vous redonner espoir ? Honnis des chemins, pestif\u00e9r\u00e9s des f\u00f4rets, n&rsquo;immolez pas tout de suite votre engin. Attardez vous un peu sur ses pages et regardez ce que l&rsquo;on peut aussi faire avec un [&hellip;]<\/p>\n","protected":false},"author":336,"featured_media":0,"comment_status":"open","ping_status":"open","sticky":false,"template":"","format":"standard","meta":{"footnotes":""},"categories":[8,17,45,70],"tags":[],"class_list":["post-1731","post","type-post","status-publish","format-standard","hentry","category-chaines-et-cuirs","category-divers","category-kawasaki","category-quad"],"yoast_head":"<!-- This site is optimized with the Yoast SEO plugin v26.0 - https:\/\/yoast.com\/wordpress\/plugins\/seo\/ -->\n<title>LE CUSTOM QUAD - leblogmoto.com<\/title>\n<meta name=\"robots\" content=\"index, follow, max-snippet:-1, max-image-preview:large, max-video-preview:-1\" \/>\n<link rel=\"canonical\" href=\"https:\/\/blogs.thesocialmedia.com\/leblogmoto\/2006\/06\/24\/le-custom-quad\/\" \/>\n<meta name=\"twitter:card\" content=\"summary_large_image\" \/>\n<meta name=\"twitter:title\" content=\"LE CUSTOM QUAD - leblogmoto.com\" \/>\n<meta name=\"twitter:description\" content=\"Votre Quad est devenu un dommage collat\u00e9ral de l&rsquo;application de la circulaire OLIN ? Le collectif CODEVER n&rsquo;a pas r\u00e9ussi \u00e0 vous redonner espoir ? Honnis des chemins, pestif\u00e9r\u00e9s des f\u00f4rets, n&rsquo;immolez pas tout de suite votre engin. Attardez vous un peu sur ses pages et regardez ce que l&rsquo;on peut aussi faire avec un [&hellip;]\" \/>\n<meta name=\"twitter:image\" content=\"http:\/\/www.leblogmoto.com\/images\/62_1.jpg\" \/>\n<meta name=\"twitter:label1\" content=\"\u00c9crit par\" \/>\n\t<meta name=\"twitter:data1\" content=\"andre leconde\" \/>\n\t<meta name=\"twitter:label2\" content=\"Dur\u00e9e de lecture estim\u00e9e\" \/>\n\t<meta name=\"twitter:data2\" content=\"1 minute\" \/>\n<script type=\"application\/ld+json\" class=\"yoast-schema-graph\">{\"@context\":\"https:\/\/schema.org\",\"@graph\":[{\"@type\":\"WebPage\",\"@id\":\"https:\/\/blogs.thesocialmedia.com\/leblogmoto\/2006\/06\/24\/le-custom-quad\/\",\"url\":\"https:\/\/blogs.thesocialmedia.com\/leblogmoto\/2006\/06\/24\/le-custom-quad\/\",\"name\":\"LE CUSTOM QUAD - leblogmoto.com\",\"isPartOf\":{\"@id\":\"https:\/\/blogs.thesocialmedia.com\/leblogmoto\/#website\"},\"primaryImageOfPage\":{\"@id\":\"https:\/\/blogs.thesocialmedia.com\/leblogmoto\/2006\/06\/24\/le-custom-quad\/#primaryimage\"},\"image\":{\"@id\":\"https:\/\/blogs.thesocialmedia.com\/leblogmoto\/2006\/06\/24\/le-custom-quad\/#primaryimage\"},\"thumbnailUrl\":\"http:\/\/www.leblogmoto.com\/images\/62_1.jpg\",\"datePublished\":\"2006-06-24T00:21:07+00:00\",\"dateModified\":\"2012-07-11T14:25:55+00:00\",\"author\":{\"@id\":\"https:\/\/blogs.thesocialmedia.com\/leblogmoto\/#\/schema\/person\/1a1dcfc7cec206573105eb4af91155c2\"},\"breadcrumb\":{\"@id\":\"https:\/\/blogs.thesocialmedia.com\/leblogmoto\/2006\/06\/24\/le-custom-quad\/#breadcrumb\"},\"inLanguage\":\"fr-FR\",\"potentialAction\":[{\"@type\":\"ReadAction\",\"target\":[\"https:\/\/blogs.thesocialmedia.com\/leblogmoto\/2006\/06\/24\/le-custom-quad\/\"]}]},{\"@type\":\"ImageObject\",\"inLanguage\":\"fr-FR\",\"@id\":\"https:\/\/blogs.thesocialmedia.com\/leblogmoto\/2006\/06\/24\/le-custom-quad\/#primaryimage\",\"url\":\"http:\/\/www.leblogmoto.com\/images\/62_1.jpg\",\"contentUrl\":\"http:\/\/www.leblogmoto.com\/images\/62_1.jpg\"},{\"@type\":\"BreadcrumbList\",\"@id\":\"https:\/\/blogs.thesocialmedia.com\/leblogmoto\/2006\/06\/24\/le-custom-quad\/#breadcrumb\",\"itemListElement\":[{\"@type\":\"ListItem\",\"position\":1,\"name\":\"Accueil\",\"item\":\"https:\/\/blogs.thesocialmedia.com\/leblogmoto\/\"},{\"@type\":\"ListItem\",\"position\":2,\"name\":\"LE CUSTOM QUAD\"}]},{\"@type\":\"WebSite\",\"@id\":\"https:\/\/blogs.thesocialmedia.com\/leblogmoto\/#website\",\"url\":\"https:\/\/blogs.thesocialmedia.com\/leblogmoto\/\",\"name\":\"leblogmoto\",\"description\":\"Toute l&#039;actualit\u00e9 des 2 roues\",\"potentialAction\":[{\"@type\":\"SearchAction\",\"target\":{\"@type\":\"EntryPoint\",\"urlTemplate\":\"https:\/\/blogs.thesocialmedia.com\/leblogmoto\/?s={search_term_string}\"},\"query-input\":{\"@type\":\"PropertyValueSpecification\",\"valueRequired\":true,\"valueName\":\"search_term_string\"}}],\"inLanguage\":\"fr-FR\"},{\"@type\":\"Person\",\"@id\":\"https:\/\/blogs.thesocialmedia.com\/leblogmoto\/#\/schema\/person\/1a1dcfc7cec206573105eb4af91155c2\",\"name\":\"andre leconde\",\"image\":{\"@type\":\"ImageObject\",\"inLanguage\":\"fr-FR\",\"@id\":\"https:\/\/blogs.thesocialmedia.com\/leblogmoto\/#\/schema\/person\/image\/\",\"url\":\"https:\/\/secure.gravatar.com\/avatar\/?s=96&d=mm&r=g\",\"contentUrl\":\"https:\/\/secure.gravatar.com\/avatar\/?s=96&d=mm&r=g\",\"caption\":\"andre leconde\"},\"url\":\"https:\/\/blogs.thesocialmedia.com\/leblogmoto\/author\/andre-leconde\/\"}]}<\/script>\n<!-- \/ Yoast SEO plugin. -->","yoast_head_json":{"title":"LE CUSTOM QUAD - leblogmoto.com","robots":{"index":"index","follow":"follow","max-snippet":"max-snippet:-1","max-image-preview":"max-image-preview:large","max-video-preview":"max-video-preview:-1"},"canonical":"https:\/\/blogs.thesocialmedia.com\/leblogmoto\/2006\/06\/24\/le-custom-quad\/","twitter_card":"summary_large_image","twitter_title":"LE CUSTOM QUAD - leblogmoto.com","twitter_description":"Votre Quad est devenu un dommage collat\u00e9ral de l&rsquo;application de la circulaire OLIN ? Le collectif CODEVER n&rsquo;a pas r\u00e9ussi \u00e0 vous redonner espoir ? Honnis des chemins, pestif\u00e9r\u00e9s des f\u00f4rets, n&rsquo;immolez pas tout de suite votre engin. Attardez vous un peu sur ses pages et regardez ce que l&rsquo;on peut aussi faire avec un [&hellip;]","twitter_image":"http:\/\/www.leblogmoto.com\/images\/62_1.jpg","twitter_misc":{"\u00c9crit par":"andre leconde","Dur\u00e9e de lecture estim\u00e9e":"1 minute"},"schema":{"@context":"https:\/\/schema.org","@graph":[{"@type":"WebPage","@id":"https:\/\/blogs.thesocialmedia.com\/leblogmoto\/2006\/06\/24\/le-custom-quad\/","url":"https:\/\/blogs.thesocialmedia.com\/leblogmoto\/2006\/06\/24\/le-custom-quad\/","name":"LE CUSTOM QUAD - leblogmoto.com","isPartOf":{"@id":"https:\/\/blogs.thesocialmedia.com\/leblogmoto\/#website"},"primaryImageOfPage":{"@id":"https:\/\/blogs.thesocialmedia.com\/leblogmoto\/2006\/06\/24\/le-custom-quad\/#primaryimage"},"image":{"@id":"https:\/\/blogs.thesocialmedia.com\/leblogmoto\/2006\/06\/24\/le-custom-quad\/#primaryimage"},"thumbnailUrl":"http:\/\/www.leblogmoto.com\/images\/62_1.jpg","datePublished":"2006-06-24T00:21:07+00:00","dateModified":"2012-07-11T14:25:55+00:00","author":{"@id":"https:\/\/blogs.thesocialmedia.com\/leblogmoto\/#\/schema\/person\/1a1dcfc7cec206573105eb4af91155c2"},"breadcrumb":{"@id":"https:\/\/blogs.thesocialmedia.com\/leblogmoto\/2006\/06\/24\/le-custom-quad\/#breadcrumb"},"inLanguage":"fr-FR","potentialAction":[{"@type":"ReadAction","target":["https:\/\/blogs.thesocialmedia.com\/leblogmoto\/2006\/06\/24\/le-custom-quad\/"]}]},{"@type":"ImageObject","inLanguage":"fr-FR","@id":"https:\/\/blogs.thesocialmedia.com\/leblogmoto\/2006\/06\/24\/le-custom-quad\/#primaryimage","url":"http:\/\/www.leblogmoto.com\/images\/62_1.jpg","contentUrl":"http:\/\/www.leblogmoto.com\/images\/62_1.jpg"},{"@type":"BreadcrumbList","@id":"https:\/\/blogs.thesocialmedia.com\/leblogmoto\/2006\/06\/24\/le-custom-quad\/#breadcrumb","itemListElement":[{"@type":"ListItem","position":1,"name":"Accueil","item":"https:\/\/blogs.thesocialmedia.com\/leblogmoto\/"},{"@type":"ListItem","position":2,"name":"LE CUSTOM QUAD"}]},{"@type":"WebSite","@id":"https:\/\/blogs.thesocialmedia.com\/leblogmoto\/#website","url":"https:\/\/blogs.thesocialmedia.com\/leblogmoto\/","name":"leblogmoto","description":"Toute l&#039;actualit\u00e9 des 2 roues","potentialAction":[{"@type":"SearchAction","target":{"@type":"EntryPoint","urlTemplate":"https:\/\/blogs.thesocialmedia.com\/leblogmoto\/?s={search_term_string}"},"query-input":{"@type":"PropertyValueSpecification","valueRequired":true,"valueName":"search_term_string"}}],"inLanguage":"fr-FR"},{"@type":"Person","@id":"https:\/\/blogs.thesocialmedia.com\/leblogmoto\/#\/schema\/person\/1a1dcfc7cec206573105eb4af91155c2","name":"andre leconde","image":{"@type":"ImageObject","inLanguage":"fr-FR","@id":"https:\/\/blogs.thesocialmedia.com\/leblogmoto\/#\/schema\/person\/image\/","url":"https:\/\/secure.gravatar.com\/avatar\/?s=96&d=mm&r=g","contentUrl":"https:\/\/secure.gravatar.com\/avatar\/?s=96&d=mm&r=g","caption":"andre leconde"},"url":"https:\/\/blogs.thesocialmedia.com\/leblogmoto\/author\/andre-leconde\/"}]}},"_links":{"self":[{"href":"https:\/\/blogs.thesocialmedia.com\/leblogmoto\/wp-json\/wp\/v2\/posts\/1731","targetHints":{"allow":["GET"]}}],"collection":[{"href":"https:\/\/blogs.thesocialmedia.com\/leblogmoto\/wp-json\/wp\/v2\/posts"}],"about":[{"href":"https:\/\/blogs.thesocialmedia.com\/leblogmoto\/wp-json\/wp\/v2\/types\/post"}],"author":[{"embeddable":true,"href":"https:\/\/blogs.thesocialmedia.com\/leblogmoto\/wp-json\/wp\/v2\/users\/336"}],"replies":[{"embeddable":true,"href":"https:\/\/blogs.thesocialmedia.com\/leblogmoto\/wp-json\/wp\/v2\/comments?post=1731"}],"version-history":[{"count":2,"href":"https:\/\/blogs.thesocialmedia.com\/leblogmoto\/wp-json\/wp\/v2\/posts\/1731\/revisions"}],"predecessor-version":[{"id":7670,"href":"https:\/\/blogs.thesocialmedia.com\/leblogmoto\/wp-json\/wp\/v2\/posts\/1731\/revisions\/7670"}],"wp:attachment":[{"href":"https:\/\/blogs.thesocialmedia.com\/leblogmoto\/wp-json\/wp\/v2\/media?parent=1731"}],"wp:term":[{"taxonomy":"category","embeddable":true,"href":"https:\/\/blogs.thesocialmedia.com\/leblogmoto\/wp-json\/wp\/v2\/categories?post=1731"},{"taxonomy":"post_tag","embeddable":true,"href":"https:\/\/blogs.thesocialmedia.com\/leblogmoto\/wp-json\/wp\/v2\/tags?post=1731"}],"curies":[{"name":"wp","href":"https:\/\/api.w.org\/{rel}","templated":true}]}}