{"id":1734,"date":"2006-06-23T21:47:46","date_gmt":"2006-06-23T21:47:46","guid":{"rendered":"http:\/\/blogs.thesocialmedia.com\/leblogmoto\/2006\/06\/23\/assen-125-quali\/"},"modified":"2012-07-11T14:25:44","modified_gmt":"2012-07-11T14:25:44","slug":"assen-125-quali","status":"publish","type":"post","link":"https:\/\/blogs.thesocialmedia.com\/leblogmoto\/2006\/06\/23\/assen-125-quali\/","title":{"rendered":"ASSEN 125: QUALIF: KALLIO s&rsquo;accroche"},"content":{"rendered":"<p><a href=\"http:\/\/blogs.thesocialmedia.com\/leblogmoto\/files\/2012\/07\/kallioktm.jpg\"><img loading=\"lazy\" decoding=\"async\" height=\"209\" alt=\"Kallioktm\" src=\"http:\/\/www.leblogmoto.com\/images\/kallioktm.jpg\" width=\"250\"  \/><\/a>A terre en <a href=\"http:\/\/www.leblogmoto.com\/2006\/06\/125_catalunya_a.html\">Catalogne<\/a>, il y a une semaine, o\u00f9, en sus, il y a vu son rival au championnat <strong>BAUTISTA<\/strong> triompher, le Finlandais s&rsquo;est octroy\u00e9 la pole ce Vendredi sur le circuit d&rsquo;ASSEN.<\/p>\n<p>Il devance d&rsquo;une poign\u00e9e de centi\u00e8mes <strong>BAUTISTA<\/strong> qui, lui m\u00eame, voit pointer la DERBI de <a href=\"http:\/\/www.leblogmoto.com\/2006\/06\/125_catalunya_a.html\">PESEK<\/a>. C&rsquo;est <strong>GADEA<\/strong> qui ferme la premi\u00e8re ligne devant <strong>PASINI<\/strong> et <strong>IANONE<\/strong>&#8230;<\/p>\n<p><a href=\"http:\/\/clabedan.typepad.com\/.shared\/image.html?\/photos\/uncategorized\/bautistaassen0606.jpg\"><img loading=\"lazy\" decoding=\"async\" height=\"394\" alt=\"Bautistaassen0606\" src=\"http:\/\/www.leblogmoto.com\/images\/bautistaassen0606.jpg\" width=\"250\"  \/><\/a>C\u00f4t\u00e9 Fran\u00e7ais, <strong>DI MEGLIO<\/strong> est englu\u00e9 en <strong>quatorzi\u00e8me<\/strong> position alors que <strong>MASBOU<\/strong>, souffrant d&rsquo;un pied est rejet\u00e9 en <strong>trente deuxi\u00e8me<\/strong> position. D\u00e9primant.<\/p>\n<p><a href=\"http:\/\/www.leblogmoto.com\/2006\/05\/125_la_tuile_po.html\">L\u00dcTHI<\/a>, quant \u00e0 lui, est <strong>dix neuvi\u00e8me<\/strong>. Mais les <strong>HONDA<\/strong> sont mal sur ce tourniquet. La premi\u00e8re du blason ail\u00e9 est seulement <strong>onzi\u00e8me<\/strong>, avec <strong>TALMACSI<\/strong>.<\/p>\n","protected":false},"excerpt":{"rendered":"<p>A terre en Catalogne, il y a une semaine, o\u00f9, en sus, il y a vu son rival au championnat BAUTISTA triompher, le Finlandais s&rsquo;est octroy\u00e9 la pole ce Vendredi sur le circuit d&rsquo;ASSEN. Il devance d&rsquo;une poign\u00e9e de centi\u00e8mes BAUTISTA qui, lui m\u00eame, voit pointer la DERBI de PESEK. C&rsquo;est GADEA qui ferme la [&hellip;]<\/p>\n","protected":false},"author":336,"featured_media":0,"comment_status":"open","ping_status":"open","sticky":false,"template":"","format":"standard","meta":{"footnotes":""},"categories":[39,22,32],"tags":[],"class_list":["post-1734","post","type-post","status-publish","format-standard","hentry","category-ktm","category-motogp","category-sport-moto"],"yoast_head":"<!-- This site is optimized with the Yoast SEO plugin v26.0 - https:\/\/yoast.com\/wordpress\/plugins\/seo\/ -->\n<title>ASSEN 125: QUALIF: KALLIO s&#039;accroche - leblogmoto.com<\/title>\n<meta name=\"robots\" content=\"index, follow, max-snippet:-1, max-image-preview:large, max-video-preview:-1\" \/>\n<link rel=\"canonical\" href=\"https:\/\/blogs.thesocialmedia.com\/leblogmoto\/2006\/06\/23\/assen-125-quali\/\" \/>\n<meta name=\"twitter:card\" content=\"summary_large_image\" \/>\n<meta name=\"twitter:title\" content=\"ASSEN 125: QUALIF: KALLIO s&#039;accroche - leblogmoto.com\" \/>\n<meta name=\"twitter:description\" content=\"A terre en Catalogne, il y a une semaine, o\u00f9, en sus, il y a vu son rival au championnat BAUTISTA triompher, le Finlandais s&rsquo;est octroy\u00e9 la pole ce Vendredi sur le circuit d&rsquo;ASSEN. Il devance d&rsquo;une poign\u00e9e de centi\u00e8mes BAUTISTA qui, lui m\u00eame, voit pointer la DERBI de PESEK. C&rsquo;est GADEA qui ferme la [&hellip;]\" \/>\n<meta name=\"twitter:image\" content=\"http:\/\/www.leblogmoto.com\/images\/kallioktm.jpg\" \/>\n<meta name=\"twitter:label1\" content=\"\u00c9crit par\" \/>\n\t<meta name=\"twitter:data1\" content=\"andre leconde\" \/>\n\t<meta name=\"twitter:label2\" content=\"Dur\u00e9e de lecture estim\u00e9e\" \/>\n\t<meta name=\"twitter:data2\" content=\"1 minute\" \/>\n<script type=\"application\/ld+json\" class=\"yoast-schema-graph\">{\"@context\":\"https:\/\/schema.org\",\"@graph\":[{\"@type\":\"WebPage\",\"@id\":\"https:\/\/blogs.thesocialmedia.com\/leblogmoto\/2006\/06\/23\/assen-125-quali\/\",\"url\":\"https:\/\/blogs.thesocialmedia.com\/leblogmoto\/2006\/06\/23\/assen-125-quali\/\",\"name\":\"ASSEN 125: QUALIF: KALLIO s'accroche - leblogmoto.com\",\"isPartOf\":{\"@id\":\"https:\/\/blogs.thesocialmedia.com\/leblogmoto\/#website\"},\"primaryImageOfPage\":{\"@id\":\"https:\/\/blogs.thesocialmedia.com\/leblogmoto\/2006\/06\/23\/assen-125-quali\/#primaryimage\"},\"image\":{\"@id\":\"https:\/\/blogs.thesocialmedia.com\/leblogmoto\/2006\/06\/23\/assen-125-quali\/#primaryimage\"},\"thumbnailUrl\":\"http:\/\/www.leblogmoto.com\/images\/kallioktm.jpg\",\"datePublished\":\"2006-06-23T21:47:46+00:00\",\"dateModified\":\"2012-07-11T14:25:44+00:00\",\"author\":{\"@id\":\"https:\/\/blogs.thesocialmedia.com\/leblogmoto\/#\/schema\/person\/1a1dcfc7cec206573105eb4af91155c2\"},\"breadcrumb\":{\"@id\":\"https:\/\/blogs.thesocialmedia.com\/leblogmoto\/2006\/06\/23\/assen-125-quali\/#breadcrumb\"},\"inLanguage\":\"fr-FR\",\"potentialAction\":[{\"@type\":\"ReadAction\",\"target\":[\"https:\/\/blogs.thesocialmedia.com\/leblogmoto\/2006\/06\/23\/assen-125-quali\/\"]}]},{\"@type\":\"ImageObject\",\"inLanguage\":\"fr-FR\",\"@id\":\"https:\/\/blogs.thesocialmedia.com\/leblogmoto\/2006\/06\/23\/assen-125-quali\/#primaryimage\",\"url\":\"http:\/\/www.leblogmoto.com\/images\/kallioktm.jpg\",\"contentUrl\":\"http:\/\/www.leblogmoto.com\/images\/kallioktm.jpg\"},{\"@type\":\"BreadcrumbList\",\"@id\":\"https:\/\/blogs.thesocialmedia.com\/leblogmoto\/2006\/06\/23\/assen-125-quali\/#breadcrumb\",\"itemListElement\":[{\"@type\":\"ListItem\",\"position\":1,\"name\":\"Accueil\",\"item\":\"https:\/\/blogs.thesocialmedia.com\/leblogmoto\/\"},{\"@type\":\"ListItem\",\"position\":2,\"name\":\"ASSEN 125: QUALIF: KALLIO s&rsquo;accroche\"}]},{\"@type\":\"WebSite\",\"@id\":\"https:\/\/blogs.thesocialmedia.com\/leblogmoto\/#website\",\"url\":\"https:\/\/blogs.thesocialmedia.com\/leblogmoto\/\",\"name\":\"leblogmoto\",\"description\":\"Toute l&#039;actualit\u00e9 des 2 roues\",\"potentialAction\":[{\"@type\":\"SearchAction\",\"target\":{\"@type\":\"EntryPoint\",\"urlTemplate\":\"https:\/\/blogs.thesocialmedia.com\/leblogmoto\/?s={search_term_string}\"},\"query-input\":{\"@type\":\"PropertyValueSpecification\",\"valueRequired\":true,\"valueName\":\"search_term_string\"}}],\"inLanguage\":\"fr-FR\"},{\"@type\":\"Person\",\"@id\":\"https:\/\/blogs.thesocialmedia.com\/leblogmoto\/#\/schema\/person\/1a1dcfc7cec206573105eb4af91155c2\",\"name\":\"andre leconde\",\"image\":{\"@type\":\"ImageObject\",\"inLanguage\":\"fr-FR\",\"@id\":\"https:\/\/blogs.thesocialmedia.com\/leblogmoto\/#\/schema\/person\/image\/\",\"url\":\"https:\/\/secure.gravatar.com\/avatar\/?s=96&d=mm&r=g\",\"contentUrl\":\"https:\/\/secure.gravatar.com\/avatar\/?s=96&d=mm&r=g\",\"caption\":\"andre leconde\"},\"url\":\"https:\/\/blogs.thesocialmedia.com\/leblogmoto\/author\/andre-leconde\/\"}]}<\/script>\n<!-- \/ Yoast SEO plugin. -->","yoast_head_json":{"title":"ASSEN 125: QUALIF: KALLIO s'accroche - leblogmoto.com","robots":{"index":"index","follow":"follow","max-snippet":"max-snippet:-1","max-image-preview":"max-image-preview:large","max-video-preview":"max-video-preview:-1"},"canonical":"https:\/\/blogs.thesocialmedia.com\/leblogmoto\/2006\/06\/23\/assen-125-quali\/","twitter_card":"summary_large_image","twitter_title":"ASSEN 125: QUALIF: KALLIO s'accroche - leblogmoto.com","twitter_description":"A terre en Catalogne, il y a une semaine, o\u00f9, en sus, il y a vu son rival au championnat BAUTISTA triompher, le Finlandais s&rsquo;est octroy\u00e9 la pole ce Vendredi sur le circuit d&rsquo;ASSEN. Il devance d&rsquo;une poign\u00e9e de centi\u00e8mes BAUTISTA qui, lui m\u00eame, voit pointer la DERBI de PESEK. C&rsquo;est GADEA qui ferme la [&hellip;]","twitter_image":"http:\/\/www.leblogmoto.com\/images\/kallioktm.jpg","twitter_misc":{"\u00c9crit par":"andre leconde","Dur\u00e9e de lecture estim\u00e9e":"1 minute"},"schema":{"@context":"https:\/\/schema.org","@graph":[{"@type":"WebPage","@id":"https:\/\/blogs.thesocialmedia.com\/leblogmoto\/2006\/06\/23\/assen-125-quali\/","url":"https:\/\/blogs.thesocialmedia.com\/leblogmoto\/2006\/06\/23\/assen-125-quali\/","name":"ASSEN 125: QUALIF: KALLIO s'accroche - leblogmoto.com","isPartOf":{"@id":"https:\/\/blogs.thesocialmedia.com\/leblogmoto\/#website"},"primaryImageOfPage":{"@id":"https:\/\/blogs.thesocialmedia.com\/leblogmoto\/2006\/06\/23\/assen-125-quali\/#primaryimage"},"image":{"@id":"https:\/\/blogs.thesocialmedia.com\/leblogmoto\/2006\/06\/23\/assen-125-quali\/#primaryimage"},"thumbnailUrl":"http:\/\/www.leblogmoto.com\/images\/kallioktm.jpg","datePublished":"2006-06-23T21:47:46+00:00","dateModified":"2012-07-11T14:25:44+00:00","author":{"@id":"https:\/\/blogs.thesocialmedia.com\/leblogmoto\/#\/schema\/person\/1a1dcfc7cec206573105eb4af91155c2"},"breadcrumb":{"@id":"https:\/\/blogs.thesocialmedia.com\/leblogmoto\/2006\/06\/23\/assen-125-quali\/#breadcrumb"},"inLanguage":"fr-FR","potentialAction":[{"@type":"ReadAction","target":["https:\/\/blogs.thesocialmedia.com\/leblogmoto\/2006\/06\/23\/assen-125-quali\/"]}]},{"@type":"ImageObject","inLanguage":"fr-FR","@id":"https:\/\/blogs.thesocialmedia.com\/leblogmoto\/2006\/06\/23\/assen-125-quali\/#primaryimage","url":"http:\/\/www.leblogmoto.com\/images\/kallioktm.jpg","contentUrl":"http:\/\/www.leblogmoto.com\/images\/kallioktm.jpg"},{"@type":"BreadcrumbList","@id":"https:\/\/blogs.thesocialmedia.com\/leblogmoto\/2006\/06\/23\/assen-125-quali\/#breadcrumb","itemListElement":[{"@type":"ListItem","position":1,"name":"Accueil","item":"https:\/\/blogs.thesocialmedia.com\/leblogmoto\/"},{"@type":"ListItem","position":2,"name":"ASSEN 125: QUALIF: KALLIO s&rsquo;accroche"}]},{"@type":"WebSite","@id":"https:\/\/blogs.thesocialmedia.com\/leblogmoto\/#website","url":"https:\/\/blogs.thesocialmedia.com\/leblogmoto\/","name":"leblogmoto","description":"Toute l&#039;actualit\u00e9 des 2 roues","potentialAction":[{"@type":"SearchAction","target":{"@type":"EntryPoint","urlTemplate":"https:\/\/blogs.thesocialmedia.com\/leblogmoto\/?s={search_term_string}"},"query-input":{"@type":"PropertyValueSpecification","valueRequired":true,"valueName":"search_term_string"}}],"inLanguage":"fr-FR"},{"@type":"Person","@id":"https:\/\/blogs.thesocialmedia.com\/leblogmoto\/#\/schema\/person\/1a1dcfc7cec206573105eb4af91155c2","name":"andre leconde","image":{"@type":"ImageObject","inLanguage":"fr-FR","@id":"https:\/\/blogs.thesocialmedia.com\/leblogmoto\/#\/schema\/person\/image\/","url":"https:\/\/secure.gravatar.com\/avatar\/?s=96&d=mm&r=g","contentUrl":"https:\/\/secure.gravatar.com\/avatar\/?s=96&d=mm&r=g","caption":"andre leconde"},"url":"https:\/\/blogs.thesocialmedia.com\/leblogmoto\/author\/andre-leconde\/"}]}},"_links":{"self":[{"href":"https:\/\/blogs.thesocialmedia.com\/leblogmoto\/wp-json\/wp\/v2\/posts\/1734","targetHints":{"allow":["GET"]}}],"collection":[{"href":"https:\/\/blogs.thesocialmedia.com\/leblogmoto\/wp-json\/wp\/v2\/posts"}],"about":[{"href":"https:\/\/blogs.thesocialmedia.com\/leblogmoto\/wp-json\/wp\/v2\/types\/post"}],"author":[{"embeddable":true,"href":"https:\/\/blogs.thesocialmedia.com\/leblogmoto\/wp-json\/wp\/v2\/users\/336"}],"replies":[{"embeddable":true,"href":"https:\/\/blogs.thesocialmedia.com\/leblogmoto\/wp-json\/wp\/v2\/comments?post=1734"}],"version-history":[{"count":2,"href":"https:\/\/blogs.thesocialmedia.com\/leblogmoto\/wp-json\/wp\/v2\/posts\/1734\/revisions"}],"predecessor-version":[{"id":7662,"href":"https:\/\/blogs.thesocialmedia.com\/leblogmoto\/wp-json\/wp\/v2\/posts\/1734\/revisions\/7662"}],"wp:attachment":[{"href":"https:\/\/blogs.thesocialmedia.com\/leblogmoto\/wp-json\/wp\/v2\/media?parent=1734"}],"wp:term":[{"taxonomy":"category","embeddable":true,"href":"https:\/\/blogs.thesocialmedia.com\/leblogmoto\/wp-json\/wp\/v2\/categories?post=1734"},{"taxonomy":"post_tag","embeddable":true,"href":"https:\/\/blogs.thesocialmedia.com\/leblogmoto\/wp-json\/wp\/v2\/tags?post=1734"}],"curies":[{"name":"wp","href":"https:\/\/api.w.org\/{rel}","templated":true}]}}