{"id":1735,"date":"2006-06-23T21:22:24","date_gmt":"2006-06-23T21:22:24","guid":{"rendered":"http:\/\/blogs.thesocialmedia.com\/leblogmoto\/2006\/06\/23\/assen-250-loren\/"},"modified":"2012-07-11T14:25:42","modified_gmt":"2012-07-11T14:25:42","slug":"assen-250-loren","status":"publish","type":"post","link":"https:\/\/blogs.thesocialmedia.com\/leblogmoto\/2006\/06\/23\/assen-250-loren\/","title":{"rendered":"ASSEN 250: QUALIF: LORENZO sans conteste"},"content":{"rendered":"<p><a href=\"http:\/\/blogs.thesocialmedia.com\/leblogmoto\/files\/2012\/07\/photogallery_01824.jpg\"><img loading=\"lazy\" decoding=\"async\" height=\"165\" alt=\"Photogallery_01824\" src=\"http:\/\/www.leblogmoto.com\/images\/photogallery_01824.jpg\" width=\"250\"  \/><\/a>L&rsquo;ombrageux <a href=\"http:\/\/www.leblogmoto.com\/2006\/06\/motogp_du_rifif.html\">Jorge LORENZO<\/a>, que le paddock MotoGP observe, n&rsquo;a jamais l\u00e2ch\u00e9 le haut de la feuille de classement depuis son arriv\u00e9e en terre batave.<\/p>\n<p>Il signe sur ce nouveau trac\u00e9 <strong>d&rsquo;ASSEN<\/strong> sa cinqui\u00e8me pole de la saison, devant <strong>DE ANGELIS<\/strong>, le seul \u00e0 resister un peu \u00e0 la furia de l&rsquo;Espagnol. Car si <a href=\"http:\/\/www.leblogmoto.com\/2006\/06\/250_catalunya_d.html\">DOVIZIOSO<\/a> est un bon troisi\u00e8me avec sa HONDA, il a pris<strong> une seconde<\/strong> dans la vue&#8230; <\/p>\n<p><a href=\"http:\/\/clabedan.typepad.com\/.shared\/image.html?\/photos\/uncategorized\/photogallery_01822.jpg\"><strong><img loading=\"lazy\" decoding=\"async\" height=\"165\" alt=\"Photogallery_01822\" src=\"http:\/\/www.leblogmoto.com\/images\/photogallery_01822.jpg\" width=\"250\"  \/><\/strong><\/a><strong>AOYAMA<\/strong>, celui \u00e0 la HONDA et <strong>TAKAHASHI<\/strong> suivent tandis que <strong>GUINTOLI<\/strong>, enfin, tient sa place avec le <strong>septi\u00e8me<\/strong> temps.<\/p>\n<p><strong>VINCENT<\/strong> est forfait pour cause de blessure, alors que <strong>CLUZEL<\/strong> est dix neuvi\u00e8me. A noter que c&rsquo;est le Colombien <strong>CARDENAS<\/strong> qui remplace l&rsquo;Argentin <strong>PORTO<\/strong> sur la HONDA REPSOL. <a href=\"http:\/\/www.leblogmoto.com\/2006\/06\/mondial_250_por.html\">Le continent Sud Am\u00e9ricain<\/a> a donc bel et bien encore un repr\u00e9sentant dans le paddock.<\/p>\n","protected":false},"excerpt":{"rendered":"<p>L&rsquo;ombrageux Jorge LORENZO, que le paddock MotoGP observe, n&rsquo;a jamais l\u00e2ch\u00e9 le haut de la feuille de classement depuis son arriv\u00e9e en terre batave. Il signe sur ce nouveau trac\u00e9 d&rsquo;ASSEN sa cinqui\u00e8me pole de la saison, devant DE ANGELIS, le seul \u00e0 resister un peu \u00e0 la furia de l&rsquo;Espagnol. Car si DOVIZIOSO est [&hellip;]<\/p>\n","protected":false},"author":336,"featured_media":0,"comment_status":"open","ping_status":"open","sticky":false,"template":"","format":"standard","meta":{"footnotes":""},"categories":[31,22,32],"tags":[],"class_list":["post-1735","post","type-post","status-publish","format-standard","hentry","category-aprilia","category-motogp","category-sport-moto"],"yoast_head":"<!-- This site is optimized with the Yoast SEO plugin v26.0 - https:\/\/yoast.com\/wordpress\/plugins\/seo\/ -->\n<title>ASSEN 250: QUALIF: LORENZO sans conteste - leblogmoto.com<\/title>\n<meta name=\"robots\" content=\"index, follow, max-snippet:-1, max-image-preview:large, max-video-preview:-1\" \/>\n<link rel=\"canonical\" href=\"https:\/\/blogs.thesocialmedia.com\/leblogmoto\/2006\/06\/23\/assen-250-loren\/\" \/>\n<meta name=\"twitter:card\" content=\"summary_large_image\" \/>\n<meta name=\"twitter:title\" content=\"ASSEN 250: QUALIF: LORENZO sans conteste - leblogmoto.com\" \/>\n<meta name=\"twitter:description\" content=\"L&rsquo;ombrageux Jorge LORENZO, que le paddock MotoGP observe, n&rsquo;a jamais l\u00e2ch\u00e9 le haut de la feuille de classement depuis son arriv\u00e9e en terre batave. Il signe sur ce nouveau trac\u00e9 d&rsquo;ASSEN sa cinqui\u00e8me pole de la saison, devant DE ANGELIS, le seul \u00e0 resister un peu \u00e0 la furia de l&rsquo;Espagnol. Car si DOVIZIOSO est [&hellip;]\" \/>\n<meta name=\"twitter:image\" content=\"http:\/\/www.leblogmoto.com\/images\/photogallery_01824.jpg\" \/>\n<meta name=\"twitter:label1\" content=\"\u00c9crit par\" \/>\n\t<meta name=\"twitter:data1\" content=\"andre leconde\" \/>\n\t<meta name=\"twitter:label2\" content=\"Dur\u00e9e de lecture estim\u00e9e\" \/>\n\t<meta name=\"twitter:data2\" content=\"1 minute\" \/>\n<script type=\"application\/ld+json\" class=\"yoast-schema-graph\">{\"@context\":\"https:\/\/schema.org\",\"@graph\":[{\"@type\":\"WebPage\",\"@id\":\"https:\/\/blogs.thesocialmedia.com\/leblogmoto\/2006\/06\/23\/assen-250-loren\/\",\"url\":\"https:\/\/blogs.thesocialmedia.com\/leblogmoto\/2006\/06\/23\/assen-250-loren\/\",\"name\":\"ASSEN 250: QUALIF: LORENZO sans conteste - leblogmoto.com\",\"isPartOf\":{\"@id\":\"https:\/\/blogs.thesocialmedia.com\/leblogmoto\/#website\"},\"primaryImageOfPage\":{\"@id\":\"https:\/\/blogs.thesocialmedia.com\/leblogmoto\/2006\/06\/23\/assen-250-loren\/#primaryimage\"},\"image\":{\"@id\":\"https:\/\/blogs.thesocialmedia.com\/leblogmoto\/2006\/06\/23\/assen-250-loren\/#primaryimage\"},\"thumbnailUrl\":\"http:\/\/www.leblogmoto.com\/images\/photogallery_01824.jpg\",\"datePublished\":\"2006-06-23T21:22:24+00:00\",\"dateModified\":\"2012-07-11T14:25:42+00:00\",\"author\":{\"@id\":\"https:\/\/blogs.thesocialmedia.com\/leblogmoto\/#\/schema\/person\/1a1dcfc7cec206573105eb4af91155c2\"},\"breadcrumb\":{\"@id\":\"https:\/\/blogs.thesocialmedia.com\/leblogmoto\/2006\/06\/23\/assen-250-loren\/#breadcrumb\"},\"inLanguage\":\"fr-FR\",\"potentialAction\":[{\"@type\":\"ReadAction\",\"target\":[\"https:\/\/blogs.thesocialmedia.com\/leblogmoto\/2006\/06\/23\/assen-250-loren\/\"]}]},{\"@type\":\"ImageObject\",\"inLanguage\":\"fr-FR\",\"@id\":\"https:\/\/blogs.thesocialmedia.com\/leblogmoto\/2006\/06\/23\/assen-250-loren\/#primaryimage\",\"url\":\"http:\/\/www.leblogmoto.com\/images\/photogallery_01824.jpg\",\"contentUrl\":\"http:\/\/www.leblogmoto.com\/images\/photogallery_01824.jpg\"},{\"@type\":\"BreadcrumbList\",\"@id\":\"https:\/\/blogs.thesocialmedia.com\/leblogmoto\/2006\/06\/23\/assen-250-loren\/#breadcrumb\",\"itemListElement\":[{\"@type\":\"ListItem\",\"position\":1,\"name\":\"Accueil\",\"item\":\"https:\/\/blogs.thesocialmedia.com\/leblogmoto\/\"},{\"@type\":\"ListItem\",\"position\":2,\"name\":\"ASSEN 250: QUALIF: LORENZO sans conteste\"}]},{\"@type\":\"WebSite\",\"@id\":\"https:\/\/blogs.thesocialmedia.com\/leblogmoto\/#website\",\"url\":\"https:\/\/blogs.thesocialmedia.com\/leblogmoto\/\",\"name\":\"leblogmoto\",\"description\":\"Toute l&#039;actualit\u00e9 des 2 roues\",\"potentialAction\":[{\"@type\":\"SearchAction\",\"target\":{\"@type\":\"EntryPoint\",\"urlTemplate\":\"https:\/\/blogs.thesocialmedia.com\/leblogmoto\/?s={search_term_string}\"},\"query-input\":{\"@type\":\"PropertyValueSpecification\",\"valueRequired\":true,\"valueName\":\"search_term_string\"}}],\"inLanguage\":\"fr-FR\"},{\"@type\":\"Person\",\"@id\":\"https:\/\/blogs.thesocialmedia.com\/leblogmoto\/#\/schema\/person\/1a1dcfc7cec206573105eb4af91155c2\",\"name\":\"andre leconde\",\"image\":{\"@type\":\"ImageObject\",\"inLanguage\":\"fr-FR\",\"@id\":\"https:\/\/blogs.thesocialmedia.com\/leblogmoto\/#\/schema\/person\/image\/\",\"url\":\"https:\/\/secure.gravatar.com\/avatar\/?s=96&d=mm&r=g\",\"contentUrl\":\"https:\/\/secure.gravatar.com\/avatar\/?s=96&d=mm&r=g\",\"caption\":\"andre leconde\"},\"url\":\"https:\/\/blogs.thesocialmedia.com\/leblogmoto\/author\/andre-leconde\/\"}]}<\/script>\n<!-- \/ Yoast SEO plugin. -->","yoast_head_json":{"title":"ASSEN 250: QUALIF: LORENZO sans conteste - leblogmoto.com","robots":{"index":"index","follow":"follow","max-snippet":"max-snippet:-1","max-image-preview":"max-image-preview:large","max-video-preview":"max-video-preview:-1"},"canonical":"https:\/\/blogs.thesocialmedia.com\/leblogmoto\/2006\/06\/23\/assen-250-loren\/","twitter_card":"summary_large_image","twitter_title":"ASSEN 250: QUALIF: LORENZO sans conteste - leblogmoto.com","twitter_description":"L&rsquo;ombrageux Jorge LORENZO, que le paddock MotoGP observe, n&rsquo;a jamais l\u00e2ch\u00e9 le haut de la feuille de classement depuis son arriv\u00e9e en terre batave. Il signe sur ce nouveau trac\u00e9 d&rsquo;ASSEN sa cinqui\u00e8me pole de la saison, devant DE ANGELIS, le seul \u00e0 resister un peu \u00e0 la furia de l&rsquo;Espagnol. Car si DOVIZIOSO est [&hellip;]","twitter_image":"http:\/\/www.leblogmoto.com\/images\/photogallery_01824.jpg","twitter_misc":{"\u00c9crit par":"andre leconde","Dur\u00e9e de lecture estim\u00e9e":"1 minute"},"schema":{"@context":"https:\/\/schema.org","@graph":[{"@type":"WebPage","@id":"https:\/\/blogs.thesocialmedia.com\/leblogmoto\/2006\/06\/23\/assen-250-loren\/","url":"https:\/\/blogs.thesocialmedia.com\/leblogmoto\/2006\/06\/23\/assen-250-loren\/","name":"ASSEN 250: QUALIF: LORENZO sans conteste - leblogmoto.com","isPartOf":{"@id":"https:\/\/blogs.thesocialmedia.com\/leblogmoto\/#website"},"primaryImageOfPage":{"@id":"https:\/\/blogs.thesocialmedia.com\/leblogmoto\/2006\/06\/23\/assen-250-loren\/#primaryimage"},"image":{"@id":"https:\/\/blogs.thesocialmedia.com\/leblogmoto\/2006\/06\/23\/assen-250-loren\/#primaryimage"},"thumbnailUrl":"http:\/\/www.leblogmoto.com\/images\/photogallery_01824.jpg","datePublished":"2006-06-23T21:22:24+00:00","dateModified":"2012-07-11T14:25:42+00:00","author":{"@id":"https:\/\/blogs.thesocialmedia.com\/leblogmoto\/#\/schema\/person\/1a1dcfc7cec206573105eb4af91155c2"},"breadcrumb":{"@id":"https:\/\/blogs.thesocialmedia.com\/leblogmoto\/2006\/06\/23\/assen-250-loren\/#breadcrumb"},"inLanguage":"fr-FR","potentialAction":[{"@type":"ReadAction","target":["https:\/\/blogs.thesocialmedia.com\/leblogmoto\/2006\/06\/23\/assen-250-loren\/"]}]},{"@type":"ImageObject","inLanguage":"fr-FR","@id":"https:\/\/blogs.thesocialmedia.com\/leblogmoto\/2006\/06\/23\/assen-250-loren\/#primaryimage","url":"http:\/\/www.leblogmoto.com\/images\/photogallery_01824.jpg","contentUrl":"http:\/\/www.leblogmoto.com\/images\/photogallery_01824.jpg"},{"@type":"BreadcrumbList","@id":"https:\/\/blogs.thesocialmedia.com\/leblogmoto\/2006\/06\/23\/assen-250-loren\/#breadcrumb","itemListElement":[{"@type":"ListItem","position":1,"name":"Accueil","item":"https:\/\/blogs.thesocialmedia.com\/leblogmoto\/"},{"@type":"ListItem","position":2,"name":"ASSEN 250: QUALIF: LORENZO sans conteste"}]},{"@type":"WebSite","@id":"https:\/\/blogs.thesocialmedia.com\/leblogmoto\/#website","url":"https:\/\/blogs.thesocialmedia.com\/leblogmoto\/","name":"leblogmoto","description":"Toute l&#039;actualit\u00e9 des 2 roues","potentialAction":[{"@type":"SearchAction","target":{"@type":"EntryPoint","urlTemplate":"https:\/\/blogs.thesocialmedia.com\/leblogmoto\/?s={search_term_string}"},"query-input":{"@type":"PropertyValueSpecification","valueRequired":true,"valueName":"search_term_string"}}],"inLanguage":"fr-FR"},{"@type":"Person","@id":"https:\/\/blogs.thesocialmedia.com\/leblogmoto\/#\/schema\/person\/1a1dcfc7cec206573105eb4af91155c2","name":"andre leconde","image":{"@type":"ImageObject","inLanguage":"fr-FR","@id":"https:\/\/blogs.thesocialmedia.com\/leblogmoto\/#\/schema\/person\/image\/","url":"https:\/\/secure.gravatar.com\/avatar\/?s=96&d=mm&r=g","contentUrl":"https:\/\/secure.gravatar.com\/avatar\/?s=96&d=mm&r=g","caption":"andre leconde"},"url":"https:\/\/blogs.thesocialmedia.com\/leblogmoto\/author\/andre-leconde\/"}]}},"_links":{"self":[{"href":"https:\/\/blogs.thesocialmedia.com\/leblogmoto\/wp-json\/wp\/v2\/posts\/1735","targetHints":{"allow":["GET"]}}],"collection":[{"href":"https:\/\/blogs.thesocialmedia.com\/leblogmoto\/wp-json\/wp\/v2\/posts"}],"about":[{"href":"https:\/\/blogs.thesocialmedia.com\/leblogmoto\/wp-json\/wp\/v2\/types\/post"}],"author":[{"embeddable":true,"href":"https:\/\/blogs.thesocialmedia.com\/leblogmoto\/wp-json\/wp\/v2\/users\/336"}],"replies":[{"embeddable":true,"href":"https:\/\/blogs.thesocialmedia.com\/leblogmoto\/wp-json\/wp\/v2\/comments?post=1735"}],"version-history":[{"count":2,"href":"https:\/\/blogs.thesocialmedia.com\/leblogmoto\/wp-json\/wp\/v2\/posts\/1735\/revisions"}],"predecessor-version":[{"id":7660,"href":"https:\/\/blogs.thesocialmedia.com\/leblogmoto\/wp-json\/wp\/v2\/posts\/1735\/revisions\/7660"}],"wp:attachment":[{"href":"https:\/\/blogs.thesocialmedia.com\/leblogmoto\/wp-json\/wp\/v2\/media?parent=1735"}],"wp:term":[{"taxonomy":"category","embeddable":true,"href":"https:\/\/blogs.thesocialmedia.com\/leblogmoto\/wp-json\/wp\/v2\/categories?post=1735"},{"taxonomy":"post_tag","embeddable":true,"href":"https:\/\/blogs.thesocialmedia.com\/leblogmoto\/wp-json\/wp\/v2\/tags?post=1735"}],"curies":[{"name":"wp","href":"https:\/\/api.w.org\/{rel}","templated":true}]}}