{"id":1736,"date":"2006-06-23T19:50:54","date_gmt":"2006-06-23T19:50:54","guid":{"rendered":"http:\/\/blogs.thesocialmedia.com\/leblogmoto\/2006\/06\/23\/assen-motogp-ho\/"},"modified":"2012-07-11T14:25:39","modified_gmt":"2012-07-11T14:25:39","slug":"assen-motogp-ho","status":"publish","type":"post","link":"https:\/\/blogs.thesocialmedia.com\/leblogmoto\/2006\/06\/23\/assen-motogp-ho\/","title":{"rendered":"ASSEN MotoGP: HOPKINS en haut du chemin du calvaire"},"content":{"rendered":"<p><a href=\"http:\/\/blogs.thesocialmedia.com\/leblogmoto\/files\/2012\/07\/foto_3.jpg\"><img loading=\"lazy\" decoding=\"async\" height=\"166\" alt=\"Foto_3\" src=\"http:\/\/www.leblogmoto.com\/images\/foto_3.jpg\" width=\"250\"  \/><\/a> Cette s\u00e9ance de qualif a <strong>ASSEN<\/strong> a eu un go\u00fbt amer. Certes, <a href=\"http:\/\/www.leblogmoto.com\/2006\/06\/motogp_hopkins_.html\">HOPKINS<\/a> y a enfin conquis sa pole en cravachant sa SUZ pour devancer le verte <a href=\"http:\/\/www.leblogmoto.com\/2006\/06\/motogp_kawa_la_.html\">KAWA<\/a> de <strong>NAKANO<\/strong> et la jaune YAMAHA d&rsquo;un <strong>EDWARDS<\/strong> qui se sent bien sur ce nouveau trac\u00e9, depuis qu&rsquo;il y a pos\u00e9 ses roues.<\/p>\n<p>Mais c&rsquo;est du c\u00f4t\u00e9 des <a href=\"http:\/\/www.leblogmoto.com\/2006\/06\/assen_motogp_ro.html\">\u00e9clop\u00e9s<\/a> que les regards se tournaient. Ces champions sont aussi des hommes, on avait eu tendance \u00e0 l&rsquo;oublier. Leurs pr\u00e9stations ont \u00e9t\u00e9 h\u00e9ro\u00efques pour des accessits. Seul, <strong>MELANDRI<\/strong> peut esp\u00e8rer sauver les meubles demain, face \u00e0 un<strong> HAYDEN<\/strong> serein et en pleine possession de ses moyens&#8230;&nbsp; <\/p>\n<p><a href=\"http:\/\/clabedan.typepad.com\/.shared\/image.html?\/photos\/uncategorized\/johnhopkinspole.jpg\"><img loading=\"lazy\" decoding=\"async\" height=\"355\" alt=\"Johnhopkinspole\" src=\"http:\/\/www.leblogmoto.com\/images\/johnhopkinspole.jpg\" width=\"250\"  \/><\/a>Car plut\u00f4t que de savoir qui, vraiment, va remporter ce GP d&rsquo;ASSEN demain, c&rsquo;est en fait combien de points d&rsquo;avance va encore capitaliser l&rsquo;Am\u00e9ricain plus que jamais leader du championnat qui int\u00e9resse.<\/p>\n<p><strong>MELANDRI<\/strong>, \u00e9tonnant, partira <strong>septi\u00e8me<\/strong>. pas mal pour celui qui a <a href=\"http:\/\/www.leblogmoto.com\/2006\/06\/le_big_bang_du_.html\">frol\u00e9 la correctionnelle<\/a> \u00e0 peine une semaine avant. <strong>CAPIROSSI<\/strong> n&rsquo;en peut plus apr\u00e8s quelques tours et va au combat jusqu&rsquo;\u00e0 l&rsquo;\u00e9puisement. Il ne se voit pas tenir la distance d&rsquo;un GP dont il s&rsquo;\u00e9lancera quinzi\u00e8me.<\/p>\n<p>Quant \u00e0 <a href=\"http:\/\/www.leblogmoto.com\/2006\/06\/rossi_la_voie_r.html\">ROSSI<\/a>, le calvaire l&rsquo;attend aussi. <strong>Dernier<\/strong> \u00e0 <strong>quatre secondes<\/strong> de la pole, il est incapable de rouler. <\/p>\n<p>Les points seront chers \u00e0 glaner, demain.<\/p>\n<p>Qualif: HOPKINS-NAKANO-EDWARDS&nbsp; HAYDEN-PEDROSA-VERMEULEN&nbsp; MELANDRI-CHECA-HOFMANN&nbsp; &nbsp; ROBERTS Jr-DE PUNIET-STONER TAMADA-ELLISON-CAPIROSSI&nbsp; &nbsp;&nbsp; &nbsp;&nbsp; &nbsp;&nbsp; &nbsp;&nbsp; &nbsp;&nbsp; &nbsp;&nbsp; &nbsp;&nbsp; &nbsp;&nbsp; &nbsp;&nbsp; &nbsp;&nbsp; &nbsp;&nbsp; &nbsp;&nbsp; &nbsp;&nbsp; &nbsp;&nbsp; &nbsp;&nbsp; &nbsp;&nbsp; &nbsp;&nbsp; &nbsp;&nbsp; &nbsp;&nbsp; &nbsp;&nbsp; &nbsp;&nbsp; &nbsp;&nbsp; &nbsp;&nbsp; &nbsp;&nbsp; &nbsp;&nbsp; &nbsp;&nbsp; &nbsp;&nbsp; &nbsp;&nbsp; &nbsp;&nbsp; &nbsp; CARDOSO-SILVA-ROSSI<\/p>\n","protected":false},"excerpt":{"rendered":"<p>Cette s\u00e9ance de qualif a ASSEN a eu un go\u00fbt amer. Certes, HOPKINS y a enfin conquis sa pole en cravachant sa SUZ pour devancer le verte KAWA de NAKANO et la jaune YAMAHA d&rsquo;un EDWARDS qui se sent bien sur ce nouveau trac\u00e9, depuis qu&rsquo;il y a pos\u00e9 ses roues. Mais c&rsquo;est du c\u00f4t\u00e9 [&hellip;]<\/p>\n","protected":false},"author":336,"featured_media":0,"comment_status":"open","ping_status":"open","sticky":false,"template":"","format":"standard","meta":{"footnotes":""},"categories":[22,32],"tags":[],"class_list":["post-1736","post","type-post","status-publish","format-standard","hentry","category-motogp","category-sport-moto"],"yoast_head":"<!-- This site is optimized with the Yoast SEO plugin v26.0 - https:\/\/yoast.com\/wordpress\/plugins\/seo\/ -->\n<title>ASSEN MotoGP: HOPKINS en haut du chemin du calvaire - leblogmoto.com<\/title>\n<meta name=\"robots\" content=\"index, follow, max-snippet:-1, max-image-preview:large, max-video-preview:-1\" \/>\n<link rel=\"canonical\" href=\"https:\/\/blogs.thesocialmedia.com\/leblogmoto\/2006\/06\/23\/assen-motogp-ho\/\" \/>\n<meta name=\"twitter:card\" content=\"summary_large_image\" \/>\n<meta name=\"twitter:title\" content=\"ASSEN MotoGP: HOPKINS en haut du chemin du calvaire - leblogmoto.com\" \/>\n<meta name=\"twitter:description\" content=\"Cette s\u00e9ance de qualif a ASSEN a eu un go\u00fbt amer. Certes, HOPKINS y a enfin conquis sa pole en cravachant sa SUZ pour devancer le verte KAWA de NAKANO et la jaune YAMAHA d&rsquo;un EDWARDS qui se sent bien sur ce nouveau trac\u00e9, depuis qu&rsquo;il y a pos\u00e9 ses roues. Mais c&rsquo;est du c\u00f4t\u00e9 [&hellip;]\" \/>\n<meta name=\"twitter:image\" content=\"http:\/\/www.leblogmoto.com\/images\/foto_3.jpg\" \/>\n<meta name=\"twitter:label1\" content=\"\u00c9crit par\" \/>\n\t<meta name=\"twitter:data1\" content=\"andre leconde\" \/>\n\t<meta name=\"twitter:label2\" content=\"Dur\u00e9e de lecture estim\u00e9e\" \/>\n\t<meta name=\"twitter:data2\" content=\"1 minute\" \/>\n<script type=\"application\/ld+json\" class=\"yoast-schema-graph\">{\"@context\":\"https:\/\/schema.org\",\"@graph\":[{\"@type\":\"WebPage\",\"@id\":\"https:\/\/blogs.thesocialmedia.com\/leblogmoto\/2006\/06\/23\/assen-motogp-ho\/\",\"url\":\"https:\/\/blogs.thesocialmedia.com\/leblogmoto\/2006\/06\/23\/assen-motogp-ho\/\",\"name\":\"ASSEN MotoGP: HOPKINS en haut du chemin du calvaire - leblogmoto.com\",\"isPartOf\":{\"@id\":\"https:\/\/blogs.thesocialmedia.com\/leblogmoto\/#website\"},\"primaryImageOfPage\":{\"@id\":\"https:\/\/blogs.thesocialmedia.com\/leblogmoto\/2006\/06\/23\/assen-motogp-ho\/#primaryimage\"},\"image\":{\"@id\":\"https:\/\/blogs.thesocialmedia.com\/leblogmoto\/2006\/06\/23\/assen-motogp-ho\/#primaryimage\"},\"thumbnailUrl\":\"http:\/\/www.leblogmoto.com\/images\/foto_3.jpg\",\"datePublished\":\"2006-06-23T19:50:54+00:00\",\"dateModified\":\"2012-07-11T14:25:39+00:00\",\"author\":{\"@id\":\"https:\/\/blogs.thesocialmedia.com\/leblogmoto\/#\/schema\/person\/1a1dcfc7cec206573105eb4af91155c2\"},\"breadcrumb\":{\"@id\":\"https:\/\/blogs.thesocialmedia.com\/leblogmoto\/2006\/06\/23\/assen-motogp-ho\/#breadcrumb\"},\"inLanguage\":\"fr-FR\",\"potentialAction\":[{\"@type\":\"ReadAction\",\"target\":[\"https:\/\/blogs.thesocialmedia.com\/leblogmoto\/2006\/06\/23\/assen-motogp-ho\/\"]}]},{\"@type\":\"ImageObject\",\"inLanguage\":\"fr-FR\",\"@id\":\"https:\/\/blogs.thesocialmedia.com\/leblogmoto\/2006\/06\/23\/assen-motogp-ho\/#primaryimage\",\"url\":\"http:\/\/www.leblogmoto.com\/images\/foto_3.jpg\",\"contentUrl\":\"http:\/\/www.leblogmoto.com\/images\/foto_3.jpg\"},{\"@type\":\"BreadcrumbList\",\"@id\":\"https:\/\/blogs.thesocialmedia.com\/leblogmoto\/2006\/06\/23\/assen-motogp-ho\/#breadcrumb\",\"itemListElement\":[{\"@type\":\"ListItem\",\"position\":1,\"name\":\"Accueil\",\"item\":\"https:\/\/blogs.thesocialmedia.com\/leblogmoto\/\"},{\"@type\":\"ListItem\",\"position\":2,\"name\":\"ASSEN MotoGP: HOPKINS en haut du chemin du calvaire\"}]},{\"@type\":\"WebSite\",\"@id\":\"https:\/\/blogs.thesocialmedia.com\/leblogmoto\/#website\",\"url\":\"https:\/\/blogs.thesocialmedia.com\/leblogmoto\/\",\"name\":\"leblogmoto\",\"description\":\"Toute l&#039;actualit\u00e9 des 2 roues\",\"potentialAction\":[{\"@type\":\"SearchAction\",\"target\":{\"@type\":\"EntryPoint\",\"urlTemplate\":\"https:\/\/blogs.thesocialmedia.com\/leblogmoto\/?s={search_term_string}\"},\"query-input\":{\"@type\":\"PropertyValueSpecification\",\"valueRequired\":true,\"valueName\":\"search_term_string\"}}],\"inLanguage\":\"fr-FR\"},{\"@type\":\"Person\",\"@id\":\"https:\/\/blogs.thesocialmedia.com\/leblogmoto\/#\/schema\/person\/1a1dcfc7cec206573105eb4af91155c2\",\"name\":\"andre leconde\",\"image\":{\"@type\":\"ImageObject\",\"inLanguage\":\"fr-FR\",\"@id\":\"https:\/\/blogs.thesocialmedia.com\/leblogmoto\/#\/schema\/person\/image\/\",\"url\":\"https:\/\/secure.gravatar.com\/avatar\/?s=96&d=mm&r=g\",\"contentUrl\":\"https:\/\/secure.gravatar.com\/avatar\/?s=96&d=mm&r=g\",\"caption\":\"andre leconde\"},\"url\":\"https:\/\/blogs.thesocialmedia.com\/leblogmoto\/author\/andre-leconde\/\"}]}<\/script>\n<!-- \/ Yoast SEO plugin. -->","yoast_head_json":{"title":"ASSEN MotoGP: HOPKINS en haut du chemin du calvaire - leblogmoto.com","robots":{"index":"index","follow":"follow","max-snippet":"max-snippet:-1","max-image-preview":"max-image-preview:large","max-video-preview":"max-video-preview:-1"},"canonical":"https:\/\/blogs.thesocialmedia.com\/leblogmoto\/2006\/06\/23\/assen-motogp-ho\/","twitter_card":"summary_large_image","twitter_title":"ASSEN MotoGP: HOPKINS en haut du chemin du calvaire - leblogmoto.com","twitter_description":"Cette s\u00e9ance de qualif a ASSEN a eu un go\u00fbt amer. Certes, HOPKINS y a enfin conquis sa pole en cravachant sa SUZ pour devancer le verte KAWA de NAKANO et la jaune YAMAHA d&rsquo;un EDWARDS qui se sent bien sur ce nouveau trac\u00e9, depuis qu&rsquo;il y a pos\u00e9 ses roues. Mais c&rsquo;est du c\u00f4t\u00e9 [&hellip;]","twitter_image":"http:\/\/www.leblogmoto.com\/images\/foto_3.jpg","twitter_misc":{"\u00c9crit par":"andre leconde","Dur\u00e9e de lecture estim\u00e9e":"1 minute"},"schema":{"@context":"https:\/\/schema.org","@graph":[{"@type":"WebPage","@id":"https:\/\/blogs.thesocialmedia.com\/leblogmoto\/2006\/06\/23\/assen-motogp-ho\/","url":"https:\/\/blogs.thesocialmedia.com\/leblogmoto\/2006\/06\/23\/assen-motogp-ho\/","name":"ASSEN MotoGP: HOPKINS en haut du chemin du calvaire - leblogmoto.com","isPartOf":{"@id":"https:\/\/blogs.thesocialmedia.com\/leblogmoto\/#website"},"primaryImageOfPage":{"@id":"https:\/\/blogs.thesocialmedia.com\/leblogmoto\/2006\/06\/23\/assen-motogp-ho\/#primaryimage"},"image":{"@id":"https:\/\/blogs.thesocialmedia.com\/leblogmoto\/2006\/06\/23\/assen-motogp-ho\/#primaryimage"},"thumbnailUrl":"http:\/\/www.leblogmoto.com\/images\/foto_3.jpg","datePublished":"2006-06-23T19:50:54+00:00","dateModified":"2012-07-11T14:25:39+00:00","author":{"@id":"https:\/\/blogs.thesocialmedia.com\/leblogmoto\/#\/schema\/person\/1a1dcfc7cec206573105eb4af91155c2"},"breadcrumb":{"@id":"https:\/\/blogs.thesocialmedia.com\/leblogmoto\/2006\/06\/23\/assen-motogp-ho\/#breadcrumb"},"inLanguage":"fr-FR","potentialAction":[{"@type":"ReadAction","target":["https:\/\/blogs.thesocialmedia.com\/leblogmoto\/2006\/06\/23\/assen-motogp-ho\/"]}]},{"@type":"ImageObject","inLanguage":"fr-FR","@id":"https:\/\/blogs.thesocialmedia.com\/leblogmoto\/2006\/06\/23\/assen-motogp-ho\/#primaryimage","url":"http:\/\/www.leblogmoto.com\/images\/foto_3.jpg","contentUrl":"http:\/\/www.leblogmoto.com\/images\/foto_3.jpg"},{"@type":"BreadcrumbList","@id":"https:\/\/blogs.thesocialmedia.com\/leblogmoto\/2006\/06\/23\/assen-motogp-ho\/#breadcrumb","itemListElement":[{"@type":"ListItem","position":1,"name":"Accueil","item":"https:\/\/blogs.thesocialmedia.com\/leblogmoto\/"},{"@type":"ListItem","position":2,"name":"ASSEN MotoGP: HOPKINS en haut du chemin du calvaire"}]},{"@type":"WebSite","@id":"https:\/\/blogs.thesocialmedia.com\/leblogmoto\/#website","url":"https:\/\/blogs.thesocialmedia.com\/leblogmoto\/","name":"leblogmoto","description":"Toute l&#039;actualit\u00e9 des 2 roues","potentialAction":[{"@type":"SearchAction","target":{"@type":"EntryPoint","urlTemplate":"https:\/\/blogs.thesocialmedia.com\/leblogmoto\/?s={search_term_string}"},"query-input":{"@type":"PropertyValueSpecification","valueRequired":true,"valueName":"search_term_string"}}],"inLanguage":"fr-FR"},{"@type":"Person","@id":"https:\/\/blogs.thesocialmedia.com\/leblogmoto\/#\/schema\/person\/1a1dcfc7cec206573105eb4af91155c2","name":"andre leconde","image":{"@type":"ImageObject","inLanguage":"fr-FR","@id":"https:\/\/blogs.thesocialmedia.com\/leblogmoto\/#\/schema\/person\/image\/","url":"https:\/\/secure.gravatar.com\/avatar\/?s=96&d=mm&r=g","contentUrl":"https:\/\/secure.gravatar.com\/avatar\/?s=96&d=mm&r=g","caption":"andre leconde"},"url":"https:\/\/blogs.thesocialmedia.com\/leblogmoto\/author\/andre-leconde\/"}]}},"_links":{"self":[{"href":"https:\/\/blogs.thesocialmedia.com\/leblogmoto\/wp-json\/wp\/v2\/posts\/1736","targetHints":{"allow":["GET"]}}],"collection":[{"href":"https:\/\/blogs.thesocialmedia.com\/leblogmoto\/wp-json\/wp\/v2\/posts"}],"about":[{"href":"https:\/\/blogs.thesocialmedia.com\/leblogmoto\/wp-json\/wp\/v2\/types\/post"}],"author":[{"embeddable":true,"href":"https:\/\/blogs.thesocialmedia.com\/leblogmoto\/wp-json\/wp\/v2\/users\/336"}],"replies":[{"embeddable":true,"href":"https:\/\/blogs.thesocialmedia.com\/leblogmoto\/wp-json\/wp\/v2\/comments?post=1736"}],"version-history":[{"count":2,"href":"https:\/\/blogs.thesocialmedia.com\/leblogmoto\/wp-json\/wp\/v2\/posts\/1736\/revisions"}],"predecessor-version":[{"id":7658,"href":"https:\/\/blogs.thesocialmedia.com\/leblogmoto\/wp-json\/wp\/v2\/posts\/1736\/revisions\/7658"}],"wp:attachment":[{"href":"https:\/\/blogs.thesocialmedia.com\/leblogmoto\/wp-json\/wp\/v2\/media?parent=1736"}],"wp:term":[{"taxonomy":"category","embeddable":true,"href":"https:\/\/blogs.thesocialmedia.com\/leblogmoto\/wp-json\/wp\/v2\/categories?post=1736"},{"taxonomy":"post_tag","embeddable":true,"href":"https:\/\/blogs.thesocialmedia.com\/leblogmoto\/wp-json\/wp\/v2\/tags?post=1736"}],"curies":[{"name":"wp","href":"https:\/\/api.w.org\/{rel}","templated":true}]}}