{"id":1738,"date":"2006-06-22T20:46:43","date_gmt":"2006-06-22T20:46:43","guid":{"rendered":"http:\/\/blogs.thesocialmedia.com\/leblogmoto\/2006\/06\/22\/motogp-kawa-la\/"},"modified":"2012-07-11T14:25:31","modified_gmt":"2012-07-11T14:25:31","slug":"motogp-kawa-la","status":"publish","type":"post","link":"https:\/\/blogs.thesocialmedia.com\/leblogmoto\/2006\/06\/22\/motogp-kawa-la\/","title":{"rendered":"MotoGP: KAWA, la 800 fin ao\u00fbt et OJ \u00e0 BRNO"},"content":{"rendered":"<p><a href=\"http:\/\/blogs.thesocialmedia.com\/leblogmoto\/files\/2012\/07\/kawagirls.jpg\"><img loading=\"lazy\" decoding=\"async\" height=\"166\" alt=\"Kawagirls\" src=\"http:\/\/www.leblogmoto.com\/images\/kawagirls.jpg\" width=\"250\"  \/><\/a>Connaissant une <strong>saison moyenne<\/strong> essentiellement constitu\u00e9e de coups d&rsquo;\u00e9clats de <strong>NAKANO<\/strong> aux essais, les verts pr\u00e9parent l&rsquo;avenir.<\/p>\n<p>Et le futur proche, c&rsquo;est la <strong>prochaine 800<\/strong> que l&rsquo;usine alignera en GP l&rsquo;ann\u00e9e prochaine. Pour l&rsquo;instant, seul <a href=\"http:\/\/www.leblogmoto.com\/2006\/05\/ducati_la_gp7_d.html\">DUCATI a montr\u00e9 sa GP7<\/a>, tandis que <strong>HONDA<\/strong> pr\u00e9pare dans l&rsquo;ombre sa RC212V. <strong>YAM<\/strong> et <strong>SUZ <\/strong>restent encore muets sur le sujet.<\/p>\n<p>Pour ce qui est de <strong>KAWA<\/strong>, on a d\u00e9cid\u00e9 de lever le voile&#8230; <\/p>\n<p><a href=\"http:\/\/clabedan.typepad.com\/.shared\/image.html?\/photos\/uncategorized\/g06gdepu301.jpg\"><img loading=\"lazy\" decoding=\"async\" height=\"165\" alt=\"G06gdepu301\" src=\"http:\/\/www.leblogmoto.com\/images\/g06gdepu301.jpg\" width=\"250\"  \/><\/a>Sa <strong>800<\/strong> tournera en essai d&rsquo;apr\u00e8s GP, \u00e0 <strong><a href=\"http:\/\/www.leblogmoto.com\/2006\/06\/supersport_char.html\">BRNO<\/a><\/strong>, avec les motos actuelles. L&rsquo;occasion d&rsquo;un comparatif grandeur nature, avec un <strong>Olivier JACQUE<\/strong> qui aura eu l&rsquo;occasion de se d\u00e9rouiller la veille, car pr\u00e9vu en<strong> wild-card<\/strong> pour l&rsquo;\u00e9tape tch\u00e8que du MotoGP.<\/p>\n<p>Et KAWASAKI a bien l&rsquo;intention de tenir les d\u00e9lais. Ils viennent ainsi d&#8217;embaucher un autre pilote essayeur, <strong>MATSUDO<\/strong>, nippon \u00e2g\u00e9 de 32 ans qui a tat\u00e9 de la MORIWAKI l&rsquo;an dernier et qui a fait sa r\u00e9putation en <a href=\"http:\/\/clabedan.typepad.com\/.shared\/image.html?\/photos\/uncategorized\/g06gkawa302.jpg\"><img loading=\"lazy\" decoding=\"async\" height=\"165\" alt=\"G06gkawa302\" src=\"http:\/\/www.leblogmoto.com\/images\/g06gkawa302.jpg\" width=\"250\"  \/><\/a> <a href=\"http:\/\/www.leblogmoto.com\/2006\/06\/250_catalunya_d.html\">mondial 250<\/a>.<\/p>\n<p>Voil\u00e0 de bonnes intentions d\u00e9clar\u00e9es. Reste \u00e0 dig\u00e9rer tout \u00e7a, puisqu&rsquo;il se dit que les verts devraient quitter la structure actuelle <strong>d&rsquo;Harald ECKL<\/strong> pour monter leur propre team, bas\u00e9 au JAPON.<\/p>\n<p>SOURCE: <a href=\"http:\/\/www.racingworld.it\/\">www.racingworld.it<\/a>&nbsp; &nbsp;&nbsp; <\/p>\n","protected":false},"excerpt":{"rendered":"<p>Connaissant une saison moyenne essentiellement constitu\u00e9e de coups d&rsquo;\u00e9clats de NAKANO aux essais, les verts pr\u00e9parent l&rsquo;avenir. Et le futur proche, c&rsquo;est la prochaine 800 que l&rsquo;usine alignera en GP l&rsquo;ann\u00e9e prochaine. Pour l&rsquo;instant, seul DUCATI a montr\u00e9 sa GP7, tandis que HONDA pr\u00e9pare dans l&rsquo;ombre sa RC212V. YAM et SUZ restent encore muets sur [&hellip;]<\/p>\n","protected":false},"author":336,"featured_media":0,"comment_status":"open","ping_status":"open","sticky":false,"template":"","format":"standard","meta":{"footnotes":""},"categories":[45,22,32],"tags":[],"class_list":["post-1738","post","type-post","status-publish","format-standard","hentry","category-kawasaki","category-motogp","category-sport-moto"],"yoast_head":"<!-- This site is optimized with the Yoast SEO plugin v26.0 - https:\/\/yoast.com\/wordpress\/plugins\/seo\/ -->\n<title>MotoGP: KAWA, la 800 fin ao\u00fbt et OJ \u00e0 BRNO - leblogmoto.com<\/title>\n<meta name=\"robots\" content=\"index, follow, max-snippet:-1, max-image-preview:large, max-video-preview:-1\" \/>\n<link rel=\"canonical\" href=\"https:\/\/blogs.thesocialmedia.com\/leblogmoto\/2006\/06\/22\/motogp-kawa-la\/\" \/>\n<meta name=\"twitter:card\" content=\"summary_large_image\" \/>\n<meta name=\"twitter:title\" content=\"MotoGP: KAWA, la 800 fin ao\u00fbt et OJ \u00e0 BRNO - leblogmoto.com\" \/>\n<meta name=\"twitter:description\" content=\"Connaissant une saison moyenne essentiellement constitu\u00e9e de coups d&rsquo;\u00e9clats de NAKANO aux essais, les verts pr\u00e9parent l&rsquo;avenir. Et le futur proche, c&rsquo;est la prochaine 800 que l&rsquo;usine alignera en GP l&rsquo;ann\u00e9e prochaine. Pour l&rsquo;instant, seul DUCATI a montr\u00e9 sa GP7, tandis que HONDA pr\u00e9pare dans l&rsquo;ombre sa RC212V. YAM et SUZ restent encore muets sur [&hellip;]\" \/>\n<meta name=\"twitter:image\" content=\"http:\/\/www.leblogmoto.com\/images\/kawagirls.jpg\" \/>\n<meta name=\"twitter:label1\" content=\"\u00c9crit par\" \/>\n\t<meta name=\"twitter:data1\" content=\"andre leconde\" \/>\n\t<meta name=\"twitter:label2\" content=\"Dur\u00e9e de lecture estim\u00e9e\" \/>\n\t<meta name=\"twitter:data2\" content=\"1 minute\" \/>\n<script type=\"application\/ld+json\" class=\"yoast-schema-graph\">{\"@context\":\"https:\/\/schema.org\",\"@graph\":[{\"@type\":\"WebPage\",\"@id\":\"https:\/\/blogs.thesocialmedia.com\/leblogmoto\/2006\/06\/22\/motogp-kawa-la\/\",\"url\":\"https:\/\/blogs.thesocialmedia.com\/leblogmoto\/2006\/06\/22\/motogp-kawa-la\/\",\"name\":\"MotoGP: KAWA, la 800 fin ao\u00fbt et OJ \u00e0 BRNO - leblogmoto.com\",\"isPartOf\":{\"@id\":\"https:\/\/blogs.thesocialmedia.com\/leblogmoto\/#website\"},\"primaryImageOfPage\":{\"@id\":\"https:\/\/blogs.thesocialmedia.com\/leblogmoto\/2006\/06\/22\/motogp-kawa-la\/#primaryimage\"},\"image\":{\"@id\":\"https:\/\/blogs.thesocialmedia.com\/leblogmoto\/2006\/06\/22\/motogp-kawa-la\/#primaryimage\"},\"thumbnailUrl\":\"http:\/\/www.leblogmoto.com\/images\/kawagirls.jpg\",\"datePublished\":\"2006-06-22T20:46:43+00:00\",\"dateModified\":\"2012-07-11T14:25:31+00:00\",\"author\":{\"@id\":\"https:\/\/blogs.thesocialmedia.com\/leblogmoto\/#\/schema\/person\/1a1dcfc7cec206573105eb4af91155c2\"},\"breadcrumb\":{\"@id\":\"https:\/\/blogs.thesocialmedia.com\/leblogmoto\/2006\/06\/22\/motogp-kawa-la\/#breadcrumb\"},\"inLanguage\":\"fr-FR\",\"potentialAction\":[{\"@type\":\"ReadAction\",\"target\":[\"https:\/\/blogs.thesocialmedia.com\/leblogmoto\/2006\/06\/22\/motogp-kawa-la\/\"]}]},{\"@type\":\"ImageObject\",\"inLanguage\":\"fr-FR\",\"@id\":\"https:\/\/blogs.thesocialmedia.com\/leblogmoto\/2006\/06\/22\/motogp-kawa-la\/#primaryimage\",\"url\":\"http:\/\/www.leblogmoto.com\/images\/kawagirls.jpg\",\"contentUrl\":\"http:\/\/www.leblogmoto.com\/images\/kawagirls.jpg\"},{\"@type\":\"BreadcrumbList\",\"@id\":\"https:\/\/blogs.thesocialmedia.com\/leblogmoto\/2006\/06\/22\/motogp-kawa-la\/#breadcrumb\",\"itemListElement\":[{\"@type\":\"ListItem\",\"position\":1,\"name\":\"Accueil\",\"item\":\"https:\/\/blogs.thesocialmedia.com\/leblogmoto\/\"},{\"@type\":\"ListItem\",\"position\":2,\"name\":\"MotoGP: KAWA, la 800 fin ao\u00fbt et OJ \u00e0 BRNO\"}]},{\"@type\":\"WebSite\",\"@id\":\"https:\/\/blogs.thesocialmedia.com\/leblogmoto\/#website\",\"url\":\"https:\/\/blogs.thesocialmedia.com\/leblogmoto\/\",\"name\":\"leblogmoto\",\"description\":\"Toute l&#039;actualit\u00e9 des 2 roues\",\"potentialAction\":[{\"@type\":\"SearchAction\",\"target\":{\"@type\":\"EntryPoint\",\"urlTemplate\":\"https:\/\/blogs.thesocialmedia.com\/leblogmoto\/?s={search_term_string}\"},\"query-input\":{\"@type\":\"PropertyValueSpecification\",\"valueRequired\":true,\"valueName\":\"search_term_string\"}}],\"inLanguage\":\"fr-FR\"},{\"@type\":\"Person\",\"@id\":\"https:\/\/blogs.thesocialmedia.com\/leblogmoto\/#\/schema\/person\/1a1dcfc7cec206573105eb4af91155c2\",\"name\":\"andre leconde\",\"image\":{\"@type\":\"ImageObject\",\"inLanguage\":\"fr-FR\",\"@id\":\"https:\/\/blogs.thesocialmedia.com\/leblogmoto\/#\/schema\/person\/image\/\",\"url\":\"https:\/\/secure.gravatar.com\/avatar\/?s=96&d=mm&r=g\",\"contentUrl\":\"https:\/\/secure.gravatar.com\/avatar\/?s=96&d=mm&r=g\",\"caption\":\"andre leconde\"},\"url\":\"https:\/\/blogs.thesocialmedia.com\/leblogmoto\/author\/andre-leconde\/\"}]}<\/script>\n<!-- \/ Yoast SEO plugin. -->","yoast_head_json":{"title":"MotoGP: KAWA, la 800 fin ao\u00fbt et OJ \u00e0 BRNO - leblogmoto.com","robots":{"index":"index","follow":"follow","max-snippet":"max-snippet:-1","max-image-preview":"max-image-preview:large","max-video-preview":"max-video-preview:-1"},"canonical":"https:\/\/blogs.thesocialmedia.com\/leblogmoto\/2006\/06\/22\/motogp-kawa-la\/","twitter_card":"summary_large_image","twitter_title":"MotoGP: KAWA, la 800 fin ao\u00fbt et OJ \u00e0 BRNO - leblogmoto.com","twitter_description":"Connaissant une saison moyenne essentiellement constitu\u00e9e de coups d&rsquo;\u00e9clats de NAKANO aux essais, les verts pr\u00e9parent l&rsquo;avenir. Et le futur proche, c&rsquo;est la prochaine 800 que l&rsquo;usine alignera en GP l&rsquo;ann\u00e9e prochaine. Pour l&rsquo;instant, seul DUCATI a montr\u00e9 sa GP7, tandis que HONDA pr\u00e9pare dans l&rsquo;ombre sa RC212V. YAM et SUZ restent encore muets sur [&hellip;]","twitter_image":"http:\/\/www.leblogmoto.com\/images\/kawagirls.jpg","twitter_misc":{"\u00c9crit par":"andre leconde","Dur\u00e9e de lecture estim\u00e9e":"1 minute"},"schema":{"@context":"https:\/\/schema.org","@graph":[{"@type":"WebPage","@id":"https:\/\/blogs.thesocialmedia.com\/leblogmoto\/2006\/06\/22\/motogp-kawa-la\/","url":"https:\/\/blogs.thesocialmedia.com\/leblogmoto\/2006\/06\/22\/motogp-kawa-la\/","name":"MotoGP: KAWA, la 800 fin ao\u00fbt et OJ \u00e0 BRNO - leblogmoto.com","isPartOf":{"@id":"https:\/\/blogs.thesocialmedia.com\/leblogmoto\/#website"},"primaryImageOfPage":{"@id":"https:\/\/blogs.thesocialmedia.com\/leblogmoto\/2006\/06\/22\/motogp-kawa-la\/#primaryimage"},"image":{"@id":"https:\/\/blogs.thesocialmedia.com\/leblogmoto\/2006\/06\/22\/motogp-kawa-la\/#primaryimage"},"thumbnailUrl":"http:\/\/www.leblogmoto.com\/images\/kawagirls.jpg","datePublished":"2006-06-22T20:46:43+00:00","dateModified":"2012-07-11T14:25:31+00:00","author":{"@id":"https:\/\/blogs.thesocialmedia.com\/leblogmoto\/#\/schema\/person\/1a1dcfc7cec206573105eb4af91155c2"},"breadcrumb":{"@id":"https:\/\/blogs.thesocialmedia.com\/leblogmoto\/2006\/06\/22\/motogp-kawa-la\/#breadcrumb"},"inLanguage":"fr-FR","potentialAction":[{"@type":"ReadAction","target":["https:\/\/blogs.thesocialmedia.com\/leblogmoto\/2006\/06\/22\/motogp-kawa-la\/"]}]},{"@type":"ImageObject","inLanguage":"fr-FR","@id":"https:\/\/blogs.thesocialmedia.com\/leblogmoto\/2006\/06\/22\/motogp-kawa-la\/#primaryimage","url":"http:\/\/www.leblogmoto.com\/images\/kawagirls.jpg","contentUrl":"http:\/\/www.leblogmoto.com\/images\/kawagirls.jpg"},{"@type":"BreadcrumbList","@id":"https:\/\/blogs.thesocialmedia.com\/leblogmoto\/2006\/06\/22\/motogp-kawa-la\/#breadcrumb","itemListElement":[{"@type":"ListItem","position":1,"name":"Accueil","item":"https:\/\/blogs.thesocialmedia.com\/leblogmoto\/"},{"@type":"ListItem","position":2,"name":"MotoGP: KAWA, la 800 fin ao\u00fbt et OJ \u00e0 BRNO"}]},{"@type":"WebSite","@id":"https:\/\/blogs.thesocialmedia.com\/leblogmoto\/#website","url":"https:\/\/blogs.thesocialmedia.com\/leblogmoto\/","name":"leblogmoto","description":"Toute l&#039;actualit\u00e9 des 2 roues","potentialAction":[{"@type":"SearchAction","target":{"@type":"EntryPoint","urlTemplate":"https:\/\/blogs.thesocialmedia.com\/leblogmoto\/?s={search_term_string}"},"query-input":{"@type":"PropertyValueSpecification","valueRequired":true,"valueName":"search_term_string"}}],"inLanguage":"fr-FR"},{"@type":"Person","@id":"https:\/\/blogs.thesocialmedia.com\/leblogmoto\/#\/schema\/person\/1a1dcfc7cec206573105eb4af91155c2","name":"andre leconde","image":{"@type":"ImageObject","inLanguage":"fr-FR","@id":"https:\/\/blogs.thesocialmedia.com\/leblogmoto\/#\/schema\/person\/image\/","url":"https:\/\/secure.gravatar.com\/avatar\/?s=96&d=mm&r=g","contentUrl":"https:\/\/secure.gravatar.com\/avatar\/?s=96&d=mm&r=g","caption":"andre leconde"},"url":"https:\/\/blogs.thesocialmedia.com\/leblogmoto\/author\/andre-leconde\/"}]}},"_links":{"self":[{"href":"https:\/\/blogs.thesocialmedia.com\/leblogmoto\/wp-json\/wp\/v2\/posts\/1738","targetHints":{"allow":["GET"]}}],"collection":[{"href":"https:\/\/blogs.thesocialmedia.com\/leblogmoto\/wp-json\/wp\/v2\/posts"}],"about":[{"href":"https:\/\/blogs.thesocialmedia.com\/leblogmoto\/wp-json\/wp\/v2\/types\/post"}],"author":[{"embeddable":true,"href":"https:\/\/blogs.thesocialmedia.com\/leblogmoto\/wp-json\/wp\/v2\/users\/336"}],"replies":[{"embeddable":true,"href":"https:\/\/blogs.thesocialmedia.com\/leblogmoto\/wp-json\/wp\/v2\/comments?post=1738"}],"version-history":[{"count":2,"href":"https:\/\/blogs.thesocialmedia.com\/leblogmoto\/wp-json\/wp\/v2\/posts\/1738\/revisions"}],"predecessor-version":[{"id":7654,"href":"https:\/\/blogs.thesocialmedia.com\/leblogmoto\/wp-json\/wp\/v2\/posts\/1738\/revisions\/7654"}],"wp:attachment":[{"href":"https:\/\/blogs.thesocialmedia.com\/leblogmoto\/wp-json\/wp\/v2\/media?parent=1738"}],"wp:term":[{"taxonomy":"category","embeddable":true,"href":"https:\/\/blogs.thesocialmedia.com\/leblogmoto\/wp-json\/wp\/v2\/categories?post=1738"},{"taxonomy":"post_tag","embeddable":true,"href":"https:\/\/blogs.thesocialmedia.com\/leblogmoto\/wp-json\/wp\/v2\/tags?post=1738"}],"curies":[{"name":"wp","href":"https:\/\/api.w.org\/{rel}","templated":true}]}}