{"id":1739,"date":"2006-06-22T20:03:30","date_gmt":"2006-06-22T20:03:30","guid":{"rendered":"http:\/\/blogs.thesocialmedia.com\/leblogmoto\/2006\/06\/22\/assen-motogp-ro\/"},"modified":"2012-07-11T14:25:29","modified_gmt":"2012-07-11T14:25:29","slug":"assen-motogp-ro","status":"publish","type":"post","link":"https:\/\/blogs.thesocialmedia.com\/leblogmoto\/2006\/06\/22\/assen-motogp-ro\/","title":{"rendered":"ASSEN MotoGP: ROSSI touch\u00e9, ELIAS forfait"},"content":{"rendered":"<p><a href=\"http:\/\/blogs.thesocialmedia.com\/leblogmoto\/files\/2012\/07\/foto_2.jpg\"><img loading=\"lazy\" decoding=\"async\" height=\"313\" alt=\"Foto_2\" src=\"http:\/\/www.leblogmoto.com\/images\/foto_2.jpg\" width=\"470\"  \/><\/a>La <strong>MotoGP<\/strong> semble \u00eatre entr\u00e9e dans une mauvaise s\u00e9rie depuis ce <a href=\"http:\/\/www.leblogmoto.com\/2006\/06\/le_big_bang_du_.html\">catastrophique d\u00e9part de CATALUNYA<\/a>, dimanche dernier. <\/p>\n<p><a href=\"http:\/\/www.leblogmoto.com\/2006\/06\/motogp_hofman_e.html\">GIBERNAU forfait<\/a>, <strong>CAPIROSSI<\/strong> et <strong>MELANDRI<\/strong> pr\u00e9sents mais tr\u00e8s diminu\u00e9s, voici qu&rsquo;en ce premier jour d&rsquo;essai, <a href=\"http:\/\/www.leblogmoto.com\/2006\/06\/motogp_cataluny.html\">ROSSI<\/a> et <strong>ELIAS<\/strong> sont all\u00e9s, \u00e0 leur tour, violemment au tas. Si Valentino, s\u00e9rieusement sonn\u00e9, a pu continuer et compte bien d\u00e9fendre ses chances ce samedi, en course, pour Toni, c&rsquo;est d\u00e9j\u00e0 fini&#8230;&nbsp; &nbsp;<\/p>\n<p><a href=\"http:\/\/clabedan.typepad.com\/.shared\/image.html?\/photos\/uncategorized\/rossi_costa.jpg\"><img loading=\"lazy\" decoding=\"async\" height=\"266\" alt=\"Rossi_costa\" src=\"http:\/\/www.leblogmoto.com\/images\/rossi_costa.jpg\" width=\"250\"  \/><\/a> Contusions \u00e0 la poitrine, <strong>fractures<\/strong> \u00e0 la mall\u00e9ole de la cheville gauche et \u00e0 la main droite, voici le bilan du Doctor.<\/p>\n<p>Pour <strong>ELIAS<\/strong>, c&rsquo;est plus grave. <strong>Fracture<\/strong> \u00e0 l&rsquo;\u00e9paule. Rouler est devenu bel et bien impossible et l&rsquo;Espagnol a rejoint ses terres pour du repos. <\/p>\n<p>Voil\u00e0 une s\u00e9rie bien triste dont il serait bon qu&rsquo;elle se termine. Ce n&rsquo;est jamais bon de voir ces chutes \u00e0 r\u00e9p\u00e9tition.<\/p>\n<p>SOURCE: <a href=\"http:\/\/www.motogp.com\">www.motogp.com<\/a>&nbsp; <\/p>\n","protected":false},"excerpt":{"rendered":"<p>La MotoGP semble \u00eatre entr\u00e9e dans une mauvaise s\u00e9rie depuis ce catastrophique d\u00e9part de CATALUNYA, dimanche dernier. GIBERNAU forfait, CAPIROSSI et MELANDRI pr\u00e9sents mais tr\u00e8s diminu\u00e9s, voici qu&rsquo;en ce premier jour d&rsquo;essai, ROSSI et ELIAS sont all\u00e9s, \u00e0 leur tour, violemment au tas. Si Valentino, s\u00e9rieusement sonn\u00e9, a pu continuer et compte bien d\u00e9fendre ses [&hellip;]<\/p>\n","protected":false},"author":336,"featured_media":0,"comment_status":"open","ping_status":"open","sticky":false,"template":"","format":"standard","meta":{"footnotes":""},"categories":[3,22,32],"tags":[],"class_list":["post-1739","post","type-post","status-publish","format-standard","hentry","category-actualite","category-motogp","category-sport-moto"],"yoast_head":"<!-- This site is optimized with the Yoast SEO plugin v26.0 - https:\/\/yoast.com\/wordpress\/plugins\/seo\/ -->\n<title>ASSEN MotoGP: ROSSI touch\u00e9, ELIAS forfait - leblogmoto.com<\/title>\n<meta name=\"robots\" content=\"index, follow, max-snippet:-1, max-image-preview:large, max-video-preview:-1\" \/>\n<link rel=\"canonical\" href=\"https:\/\/blogs.thesocialmedia.com\/leblogmoto\/2006\/06\/22\/assen-motogp-ro\/\" \/>\n<meta name=\"twitter:card\" content=\"summary_large_image\" \/>\n<meta name=\"twitter:title\" content=\"ASSEN MotoGP: ROSSI touch\u00e9, ELIAS forfait - leblogmoto.com\" \/>\n<meta name=\"twitter:description\" content=\"La MotoGP semble \u00eatre entr\u00e9e dans une mauvaise s\u00e9rie depuis ce catastrophique d\u00e9part de CATALUNYA, dimanche dernier. GIBERNAU forfait, CAPIROSSI et MELANDRI pr\u00e9sents mais tr\u00e8s diminu\u00e9s, voici qu&rsquo;en ce premier jour d&rsquo;essai, ROSSI et ELIAS sont all\u00e9s, \u00e0 leur tour, violemment au tas. Si Valentino, s\u00e9rieusement sonn\u00e9, a pu continuer et compte bien d\u00e9fendre ses [&hellip;]\" \/>\n<meta name=\"twitter:image\" content=\"http:\/\/www.leblogmoto.com\/images\/foto_2.jpg\" \/>\n<meta name=\"twitter:label1\" content=\"\u00c9crit par\" \/>\n\t<meta name=\"twitter:data1\" content=\"andre leconde\" \/>\n\t<meta name=\"twitter:label2\" content=\"Dur\u00e9e de lecture estim\u00e9e\" \/>\n\t<meta name=\"twitter:data2\" content=\"1 minute\" \/>\n<script type=\"application\/ld+json\" class=\"yoast-schema-graph\">{\"@context\":\"https:\/\/schema.org\",\"@graph\":[{\"@type\":\"WebPage\",\"@id\":\"https:\/\/blogs.thesocialmedia.com\/leblogmoto\/2006\/06\/22\/assen-motogp-ro\/\",\"url\":\"https:\/\/blogs.thesocialmedia.com\/leblogmoto\/2006\/06\/22\/assen-motogp-ro\/\",\"name\":\"ASSEN MotoGP: ROSSI touch\u00e9, ELIAS forfait - leblogmoto.com\",\"isPartOf\":{\"@id\":\"https:\/\/blogs.thesocialmedia.com\/leblogmoto\/#website\"},\"primaryImageOfPage\":{\"@id\":\"https:\/\/blogs.thesocialmedia.com\/leblogmoto\/2006\/06\/22\/assen-motogp-ro\/#primaryimage\"},\"image\":{\"@id\":\"https:\/\/blogs.thesocialmedia.com\/leblogmoto\/2006\/06\/22\/assen-motogp-ro\/#primaryimage\"},\"thumbnailUrl\":\"http:\/\/www.leblogmoto.com\/images\/foto_2.jpg\",\"datePublished\":\"2006-06-22T20:03:30+00:00\",\"dateModified\":\"2012-07-11T14:25:29+00:00\",\"author\":{\"@id\":\"https:\/\/blogs.thesocialmedia.com\/leblogmoto\/#\/schema\/person\/1a1dcfc7cec206573105eb4af91155c2\"},\"breadcrumb\":{\"@id\":\"https:\/\/blogs.thesocialmedia.com\/leblogmoto\/2006\/06\/22\/assen-motogp-ro\/#breadcrumb\"},\"inLanguage\":\"fr-FR\",\"potentialAction\":[{\"@type\":\"ReadAction\",\"target\":[\"https:\/\/blogs.thesocialmedia.com\/leblogmoto\/2006\/06\/22\/assen-motogp-ro\/\"]}]},{\"@type\":\"ImageObject\",\"inLanguage\":\"fr-FR\",\"@id\":\"https:\/\/blogs.thesocialmedia.com\/leblogmoto\/2006\/06\/22\/assen-motogp-ro\/#primaryimage\",\"url\":\"http:\/\/www.leblogmoto.com\/images\/foto_2.jpg\",\"contentUrl\":\"http:\/\/www.leblogmoto.com\/images\/foto_2.jpg\"},{\"@type\":\"BreadcrumbList\",\"@id\":\"https:\/\/blogs.thesocialmedia.com\/leblogmoto\/2006\/06\/22\/assen-motogp-ro\/#breadcrumb\",\"itemListElement\":[{\"@type\":\"ListItem\",\"position\":1,\"name\":\"Accueil\",\"item\":\"https:\/\/blogs.thesocialmedia.com\/leblogmoto\/\"},{\"@type\":\"ListItem\",\"position\":2,\"name\":\"ASSEN MotoGP: ROSSI touch\u00e9, ELIAS forfait\"}]},{\"@type\":\"WebSite\",\"@id\":\"https:\/\/blogs.thesocialmedia.com\/leblogmoto\/#website\",\"url\":\"https:\/\/blogs.thesocialmedia.com\/leblogmoto\/\",\"name\":\"leblogmoto\",\"description\":\"Toute l&#039;actualit\u00e9 des 2 roues\",\"potentialAction\":[{\"@type\":\"SearchAction\",\"target\":{\"@type\":\"EntryPoint\",\"urlTemplate\":\"https:\/\/blogs.thesocialmedia.com\/leblogmoto\/?s={search_term_string}\"},\"query-input\":{\"@type\":\"PropertyValueSpecification\",\"valueRequired\":true,\"valueName\":\"search_term_string\"}}],\"inLanguage\":\"fr-FR\"},{\"@type\":\"Person\",\"@id\":\"https:\/\/blogs.thesocialmedia.com\/leblogmoto\/#\/schema\/person\/1a1dcfc7cec206573105eb4af91155c2\",\"name\":\"andre leconde\",\"image\":{\"@type\":\"ImageObject\",\"inLanguage\":\"fr-FR\",\"@id\":\"https:\/\/blogs.thesocialmedia.com\/leblogmoto\/#\/schema\/person\/image\/\",\"url\":\"https:\/\/secure.gravatar.com\/avatar\/?s=96&d=mm&r=g\",\"contentUrl\":\"https:\/\/secure.gravatar.com\/avatar\/?s=96&d=mm&r=g\",\"caption\":\"andre leconde\"},\"url\":\"https:\/\/blogs.thesocialmedia.com\/leblogmoto\/author\/andre-leconde\/\"}]}<\/script>\n<!-- \/ Yoast SEO plugin. -->","yoast_head_json":{"title":"ASSEN MotoGP: ROSSI touch\u00e9, ELIAS forfait - leblogmoto.com","robots":{"index":"index","follow":"follow","max-snippet":"max-snippet:-1","max-image-preview":"max-image-preview:large","max-video-preview":"max-video-preview:-1"},"canonical":"https:\/\/blogs.thesocialmedia.com\/leblogmoto\/2006\/06\/22\/assen-motogp-ro\/","twitter_card":"summary_large_image","twitter_title":"ASSEN MotoGP: ROSSI touch\u00e9, ELIAS forfait - leblogmoto.com","twitter_description":"La MotoGP semble \u00eatre entr\u00e9e dans une mauvaise s\u00e9rie depuis ce catastrophique d\u00e9part de CATALUNYA, dimanche dernier. GIBERNAU forfait, CAPIROSSI et MELANDRI pr\u00e9sents mais tr\u00e8s diminu\u00e9s, voici qu&rsquo;en ce premier jour d&rsquo;essai, ROSSI et ELIAS sont all\u00e9s, \u00e0 leur tour, violemment au tas. Si Valentino, s\u00e9rieusement sonn\u00e9, a pu continuer et compte bien d\u00e9fendre ses [&hellip;]","twitter_image":"http:\/\/www.leblogmoto.com\/images\/foto_2.jpg","twitter_misc":{"\u00c9crit par":"andre leconde","Dur\u00e9e de lecture estim\u00e9e":"1 minute"},"schema":{"@context":"https:\/\/schema.org","@graph":[{"@type":"WebPage","@id":"https:\/\/blogs.thesocialmedia.com\/leblogmoto\/2006\/06\/22\/assen-motogp-ro\/","url":"https:\/\/blogs.thesocialmedia.com\/leblogmoto\/2006\/06\/22\/assen-motogp-ro\/","name":"ASSEN MotoGP: ROSSI touch\u00e9, ELIAS forfait - leblogmoto.com","isPartOf":{"@id":"https:\/\/blogs.thesocialmedia.com\/leblogmoto\/#website"},"primaryImageOfPage":{"@id":"https:\/\/blogs.thesocialmedia.com\/leblogmoto\/2006\/06\/22\/assen-motogp-ro\/#primaryimage"},"image":{"@id":"https:\/\/blogs.thesocialmedia.com\/leblogmoto\/2006\/06\/22\/assen-motogp-ro\/#primaryimage"},"thumbnailUrl":"http:\/\/www.leblogmoto.com\/images\/foto_2.jpg","datePublished":"2006-06-22T20:03:30+00:00","dateModified":"2012-07-11T14:25:29+00:00","author":{"@id":"https:\/\/blogs.thesocialmedia.com\/leblogmoto\/#\/schema\/person\/1a1dcfc7cec206573105eb4af91155c2"},"breadcrumb":{"@id":"https:\/\/blogs.thesocialmedia.com\/leblogmoto\/2006\/06\/22\/assen-motogp-ro\/#breadcrumb"},"inLanguage":"fr-FR","potentialAction":[{"@type":"ReadAction","target":["https:\/\/blogs.thesocialmedia.com\/leblogmoto\/2006\/06\/22\/assen-motogp-ro\/"]}]},{"@type":"ImageObject","inLanguage":"fr-FR","@id":"https:\/\/blogs.thesocialmedia.com\/leblogmoto\/2006\/06\/22\/assen-motogp-ro\/#primaryimage","url":"http:\/\/www.leblogmoto.com\/images\/foto_2.jpg","contentUrl":"http:\/\/www.leblogmoto.com\/images\/foto_2.jpg"},{"@type":"BreadcrumbList","@id":"https:\/\/blogs.thesocialmedia.com\/leblogmoto\/2006\/06\/22\/assen-motogp-ro\/#breadcrumb","itemListElement":[{"@type":"ListItem","position":1,"name":"Accueil","item":"https:\/\/blogs.thesocialmedia.com\/leblogmoto\/"},{"@type":"ListItem","position":2,"name":"ASSEN MotoGP: ROSSI touch\u00e9, ELIAS forfait"}]},{"@type":"WebSite","@id":"https:\/\/blogs.thesocialmedia.com\/leblogmoto\/#website","url":"https:\/\/blogs.thesocialmedia.com\/leblogmoto\/","name":"leblogmoto","description":"Toute l&#039;actualit\u00e9 des 2 roues","potentialAction":[{"@type":"SearchAction","target":{"@type":"EntryPoint","urlTemplate":"https:\/\/blogs.thesocialmedia.com\/leblogmoto\/?s={search_term_string}"},"query-input":{"@type":"PropertyValueSpecification","valueRequired":true,"valueName":"search_term_string"}}],"inLanguage":"fr-FR"},{"@type":"Person","@id":"https:\/\/blogs.thesocialmedia.com\/leblogmoto\/#\/schema\/person\/1a1dcfc7cec206573105eb4af91155c2","name":"andre leconde","image":{"@type":"ImageObject","inLanguage":"fr-FR","@id":"https:\/\/blogs.thesocialmedia.com\/leblogmoto\/#\/schema\/person\/image\/","url":"https:\/\/secure.gravatar.com\/avatar\/?s=96&d=mm&r=g","contentUrl":"https:\/\/secure.gravatar.com\/avatar\/?s=96&d=mm&r=g","caption":"andre leconde"},"url":"https:\/\/blogs.thesocialmedia.com\/leblogmoto\/author\/andre-leconde\/"}]}},"_links":{"self":[{"href":"https:\/\/blogs.thesocialmedia.com\/leblogmoto\/wp-json\/wp\/v2\/posts\/1739","targetHints":{"allow":["GET"]}}],"collection":[{"href":"https:\/\/blogs.thesocialmedia.com\/leblogmoto\/wp-json\/wp\/v2\/posts"}],"about":[{"href":"https:\/\/blogs.thesocialmedia.com\/leblogmoto\/wp-json\/wp\/v2\/types\/post"}],"author":[{"embeddable":true,"href":"https:\/\/blogs.thesocialmedia.com\/leblogmoto\/wp-json\/wp\/v2\/users\/336"}],"replies":[{"embeddable":true,"href":"https:\/\/blogs.thesocialmedia.com\/leblogmoto\/wp-json\/wp\/v2\/comments?post=1739"}],"version-history":[{"count":2,"href":"https:\/\/blogs.thesocialmedia.com\/leblogmoto\/wp-json\/wp\/v2\/posts\/1739\/revisions"}],"predecessor-version":[{"id":7652,"href":"https:\/\/blogs.thesocialmedia.com\/leblogmoto\/wp-json\/wp\/v2\/posts\/1739\/revisions\/7652"}],"wp:attachment":[{"href":"https:\/\/blogs.thesocialmedia.com\/leblogmoto\/wp-json\/wp\/v2\/media?parent=1739"}],"wp:term":[{"taxonomy":"category","embeddable":true,"href":"https:\/\/blogs.thesocialmedia.com\/leblogmoto\/wp-json\/wp\/v2\/categories?post=1739"},{"taxonomy":"post_tag","embeddable":true,"href":"https:\/\/blogs.thesocialmedia.com\/leblogmoto\/wp-json\/wp\/v2\/tags?post=1739"}],"curies":[{"name":"wp","href":"https:\/\/api.w.org\/{rel}","templated":true}]}}