{"id":1741,"date":"2006-06-20T22:01:54","date_gmt":"2006-06-20T22:01:54","guid":{"rendered":"http:\/\/blogs.thesocialmedia.com\/leblogmoto\/2006\/06\/20\/moto-guzzi-mont\/"},"modified":"2012-07-11T14:25:23","modified_gmt":"2012-07-11T14:25:23","slug":"moto-guzzi-mont","status":"publish","type":"post","link":"https:\/\/blogs.thesocialmedia.com\/leblogmoto\/2006\/06\/20\/moto-guzzi-mont\/","title":{"rendered":"MOTO GUZZI monte sa fripperie"},"content":{"rendered":"<p><a href=\"http:\/\/blogs.thesocialmedia.com\/leblogmoto\/files\/2012\/07\/ok_racedonnadettaglio.jpg\"><strong><img loading=\"lazy\" decoding=\"async\" height=\"163\" alt=\"Ok_racedonnadettaglio\" src=\"http:\/\/www.leblogmoto.com\/images\/ok_racedonnadettaglio.jpg\" width=\"250\"  \/><\/strong><\/a><strong>MANDELLO<\/strong> se met aussi \u00e0 la page pour ce qui est des produits d\u00e9riv\u00e9s arborant un blason.<\/p>\n<p>En <a href=\"http:\/\/www.leblogmoto.com\/2006\/04\/moto_guzzi_laig.html\">pleine c\u00e9l\u00e9bration<\/a>, <strong>MOTO GUZZI<\/strong> lance sa collection pour les motards qui en pincent pour <a href=\"http:\/\/www.leblogmoto.com\/2006\/03\/guzzi_mgs01_lai.html\">l&rsquo;aigle<\/a> saisi en plein vol.<\/p>\n<p>Ca commence par ce blouson tr\u00e8s classieux, au cuir \u00e9pais, coutures de qualit\u00e9 et renforts idoines. Pour continuer avec le casque&#8230;<\/p>\n<p><a href=\"http:\/\/clabedan.typepad.com\/.shared\/image.html?\/photos\/uncategorized\/ok_cascomotoguzzi.jpg\"><img loading=\"lazy\" decoding=\"async\" height=\"191\" alt=\"Ok_cascomotoguzzi\" src=\"http:\/\/www.leblogmoto.com\/images\/ok_cascomotoguzzi.jpg\" width=\"250\"  \/><\/a>C&rsquo;est le style modulable qui l&rsquo;a emport\u00e9, le couvre-chef b\u00e9n\u00e9ficiant de toutes les technologies en vigueur en mati\u00e8re de mat\u00e9riaux, d&rsquo;a\u00e9ration, et de traitement de l&rsquo;\u00e9cran. De quoi profiter pleinement de sa <a href=\"http:\/\/www.leblogmoto.com\/2005\/12\/moto_guzzi_norg.html\">Norge<\/a>.<\/p>\n<p>Pour les plus mordus, il y a le polo \u00e0 arborer fi\u00e8rement en soci\u00e8t\u00e9. <\/p>\n<p>A porter avec la veste en coton, \u00e7a \u00e9vite la faute de go\u00fbt.<\/p>\n<p><a href=\"http:\/\/clabedan.typepad.com\/.shared\/image.html?\/photos\/uncategorized\/ok_felpaguzzizipcortabl.jpg\"><img loading=\"lazy\" decoding=\"async\" height=\"166\" alt=\"Ok_felpaguzzizipcortabl\" src=\"http:\/\/www.leblogmoto.com\/images\/ok_felpaguzzizipcortabl.jpg\" width=\"250\"  \/><\/a> A prendre dans toutes les bonnes concessions <a href=\"http:\/\/www.leblogmoto.com\/2005\/12\/guzzi_calif_vin.html\">GUZZI<\/a>.<\/p>\n<p>SOURCE: <a href=\"http:\/\/www.motonline.com\">www.motonline.com<\/a> <\/p>\n<p><a href=\"http:\/\/clabedan.typepad.com\/.shared\/image.html?\/photos\/uncategorized\/ok_abbi_norge.jpg\"><img loading=\"lazy\" decoding=\"async\" height=\"166\" alt=\"Ok_abbi_norge\" src=\"http:\/\/www.leblogmoto.com\/images\/ok_abbi_norge.jpg\" width=\"250\"  \/><\/a>&nbsp; &nbsp; <\/p>\n","protected":false},"excerpt":{"rendered":"<p>MANDELLO se met aussi \u00e0 la page pour ce qui est des produits d\u00e9riv\u00e9s arborant un blason. En pleine c\u00e9l\u00e9bration, MOTO GUZZI lance sa collection pour les motards qui en pincent pour l&rsquo;aigle saisi en plein vol. Ca commence par ce blouson tr\u00e8s classieux, au cuir \u00e9pais, coutures de qualit\u00e9 et renforts idoines. Pour continuer [&hellip;]<\/p>\n","protected":false},"author":336,"featured_media":0,"comment_status":"open","ping_status":"open","sticky":false,"template":"","format":"standard","meta":{"footnotes":""},"categories":[49,8,17,35],"tags":[],"class_list":["post-1741","post","type-post","status-publish","format-standard","hentry","category-actualites-entreprise","category-chaines-et-cuirs","category-divers","category-moto-guzzi"],"yoast_head":"<!-- This site is optimized with the Yoast SEO plugin v26.0 - https:\/\/yoast.com\/wordpress\/plugins\/seo\/ -->\n<title>MOTO GUZZI monte sa fripperie - leblogmoto.com<\/title>\n<meta name=\"robots\" content=\"index, follow, max-snippet:-1, max-image-preview:large, max-video-preview:-1\" \/>\n<link rel=\"canonical\" href=\"https:\/\/blogs.thesocialmedia.com\/leblogmoto\/2006\/06\/20\/moto-guzzi-mont\/\" \/>\n<meta name=\"twitter:card\" content=\"summary_large_image\" \/>\n<meta name=\"twitter:title\" content=\"MOTO GUZZI monte sa fripperie - leblogmoto.com\" \/>\n<meta name=\"twitter:description\" content=\"MANDELLO se met aussi \u00e0 la page pour ce qui est des produits d\u00e9riv\u00e9s arborant un blason. En pleine c\u00e9l\u00e9bration, MOTO GUZZI lance sa collection pour les motards qui en pincent pour l&rsquo;aigle saisi en plein vol. Ca commence par ce blouson tr\u00e8s classieux, au cuir \u00e9pais, coutures de qualit\u00e9 et renforts idoines. Pour continuer [&hellip;]\" \/>\n<meta name=\"twitter:image\" content=\"http:\/\/www.leblogmoto.com\/images\/ok_racedonnadettaglio.jpg\" \/>\n<meta name=\"twitter:label1\" content=\"\u00c9crit par\" \/>\n\t<meta name=\"twitter:data1\" content=\"andre leconde\" \/>\n\t<meta name=\"twitter:label2\" content=\"Dur\u00e9e de lecture estim\u00e9e\" \/>\n\t<meta name=\"twitter:data2\" content=\"1 minute\" \/>\n<script type=\"application\/ld+json\" class=\"yoast-schema-graph\">{\"@context\":\"https:\/\/schema.org\",\"@graph\":[{\"@type\":\"WebPage\",\"@id\":\"https:\/\/blogs.thesocialmedia.com\/leblogmoto\/2006\/06\/20\/moto-guzzi-mont\/\",\"url\":\"https:\/\/blogs.thesocialmedia.com\/leblogmoto\/2006\/06\/20\/moto-guzzi-mont\/\",\"name\":\"MOTO GUZZI monte sa fripperie - leblogmoto.com\",\"isPartOf\":{\"@id\":\"https:\/\/blogs.thesocialmedia.com\/leblogmoto\/#website\"},\"primaryImageOfPage\":{\"@id\":\"https:\/\/blogs.thesocialmedia.com\/leblogmoto\/2006\/06\/20\/moto-guzzi-mont\/#primaryimage\"},\"image\":{\"@id\":\"https:\/\/blogs.thesocialmedia.com\/leblogmoto\/2006\/06\/20\/moto-guzzi-mont\/#primaryimage\"},\"thumbnailUrl\":\"http:\/\/www.leblogmoto.com\/images\/ok_racedonnadettaglio.jpg\",\"datePublished\":\"2006-06-20T22:01:54+00:00\",\"dateModified\":\"2012-07-11T14:25:23+00:00\",\"author\":{\"@id\":\"https:\/\/blogs.thesocialmedia.com\/leblogmoto\/#\/schema\/person\/1a1dcfc7cec206573105eb4af91155c2\"},\"breadcrumb\":{\"@id\":\"https:\/\/blogs.thesocialmedia.com\/leblogmoto\/2006\/06\/20\/moto-guzzi-mont\/#breadcrumb\"},\"inLanguage\":\"fr-FR\",\"potentialAction\":[{\"@type\":\"ReadAction\",\"target\":[\"https:\/\/blogs.thesocialmedia.com\/leblogmoto\/2006\/06\/20\/moto-guzzi-mont\/\"]}]},{\"@type\":\"ImageObject\",\"inLanguage\":\"fr-FR\",\"@id\":\"https:\/\/blogs.thesocialmedia.com\/leblogmoto\/2006\/06\/20\/moto-guzzi-mont\/#primaryimage\",\"url\":\"http:\/\/www.leblogmoto.com\/images\/ok_racedonnadettaglio.jpg\",\"contentUrl\":\"http:\/\/www.leblogmoto.com\/images\/ok_racedonnadettaglio.jpg\"},{\"@type\":\"BreadcrumbList\",\"@id\":\"https:\/\/blogs.thesocialmedia.com\/leblogmoto\/2006\/06\/20\/moto-guzzi-mont\/#breadcrumb\",\"itemListElement\":[{\"@type\":\"ListItem\",\"position\":1,\"name\":\"Accueil\",\"item\":\"https:\/\/blogs.thesocialmedia.com\/leblogmoto\/\"},{\"@type\":\"ListItem\",\"position\":2,\"name\":\"MOTO GUZZI monte sa fripperie\"}]},{\"@type\":\"WebSite\",\"@id\":\"https:\/\/blogs.thesocialmedia.com\/leblogmoto\/#website\",\"url\":\"https:\/\/blogs.thesocialmedia.com\/leblogmoto\/\",\"name\":\"leblogmoto\",\"description\":\"Toute l&#039;actualit\u00e9 des 2 roues\",\"potentialAction\":[{\"@type\":\"SearchAction\",\"target\":{\"@type\":\"EntryPoint\",\"urlTemplate\":\"https:\/\/blogs.thesocialmedia.com\/leblogmoto\/?s={search_term_string}\"},\"query-input\":{\"@type\":\"PropertyValueSpecification\",\"valueRequired\":true,\"valueName\":\"search_term_string\"}}],\"inLanguage\":\"fr-FR\"},{\"@type\":\"Person\",\"@id\":\"https:\/\/blogs.thesocialmedia.com\/leblogmoto\/#\/schema\/person\/1a1dcfc7cec206573105eb4af91155c2\",\"name\":\"andre leconde\",\"image\":{\"@type\":\"ImageObject\",\"inLanguage\":\"fr-FR\",\"@id\":\"https:\/\/blogs.thesocialmedia.com\/leblogmoto\/#\/schema\/person\/image\/\",\"url\":\"https:\/\/secure.gravatar.com\/avatar\/?s=96&d=mm&r=g\",\"contentUrl\":\"https:\/\/secure.gravatar.com\/avatar\/?s=96&d=mm&r=g\",\"caption\":\"andre leconde\"},\"url\":\"https:\/\/blogs.thesocialmedia.com\/leblogmoto\/author\/andre-leconde\/\"}]}<\/script>\n<!-- \/ Yoast SEO plugin. -->","yoast_head_json":{"title":"MOTO GUZZI monte sa fripperie - leblogmoto.com","robots":{"index":"index","follow":"follow","max-snippet":"max-snippet:-1","max-image-preview":"max-image-preview:large","max-video-preview":"max-video-preview:-1"},"canonical":"https:\/\/blogs.thesocialmedia.com\/leblogmoto\/2006\/06\/20\/moto-guzzi-mont\/","twitter_card":"summary_large_image","twitter_title":"MOTO GUZZI monte sa fripperie - leblogmoto.com","twitter_description":"MANDELLO se met aussi \u00e0 la page pour ce qui est des produits d\u00e9riv\u00e9s arborant un blason. En pleine c\u00e9l\u00e9bration, MOTO GUZZI lance sa collection pour les motards qui en pincent pour l&rsquo;aigle saisi en plein vol. Ca commence par ce blouson tr\u00e8s classieux, au cuir \u00e9pais, coutures de qualit\u00e9 et renforts idoines. Pour continuer [&hellip;]","twitter_image":"http:\/\/www.leblogmoto.com\/images\/ok_racedonnadettaglio.jpg","twitter_misc":{"\u00c9crit par":"andre leconde","Dur\u00e9e de lecture estim\u00e9e":"1 minute"},"schema":{"@context":"https:\/\/schema.org","@graph":[{"@type":"WebPage","@id":"https:\/\/blogs.thesocialmedia.com\/leblogmoto\/2006\/06\/20\/moto-guzzi-mont\/","url":"https:\/\/blogs.thesocialmedia.com\/leblogmoto\/2006\/06\/20\/moto-guzzi-mont\/","name":"MOTO GUZZI monte sa fripperie - leblogmoto.com","isPartOf":{"@id":"https:\/\/blogs.thesocialmedia.com\/leblogmoto\/#website"},"primaryImageOfPage":{"@id":"https:\/\/blogs.thesocialmedia.com\/leblogmoto\/2006\/06\/20\/moto-guzzi-mont\/#primaryimage"},"image":{"@id":"https:\/\/blogs.thesocialmedia.com\/leblogmoto\/2006\/06\/20\/moto-guzzi-mont\/#primaryimage"},"thumbnailUrl":"http:\/\/www.leblogmoto.com\/images\/ok_racedonnadettaglio.jpg","datePublished":"2006-06-20T22:01:54+00:00","dateModified":"2012-07-11T14:25:23+00:00","author":{"@id":"https:\/\/blogs.thesocialmedia.com\/leblogmoto\/#\/schema\/person\/1a1dcfc7cec206573105eb4af91155c2"},"breadcrumb":{"@id":"https:\/\/blogs.thesocialmedia.com\/leblogmoto\/2006\/06\/20\/moto-guzzi-mont\/#breadcrumb"},"inLanguage":"fr-FR","potentialAction":[{"@type":"ReadAction","target":["https:\/\/blogs.thesocialmedia.com\/leblogmoto\/2006\/06\/20\/moto-guzzi-mont\/"]}]},{"@type":"ImageObject","inLanguage":"fr-FR","@id":"https:\/\/blogs.thesocialmedia.com\/leblogmoto\/2006\/06\/20\/moto-guzzi-mont\/#primaryimage","url":"http:\/\/www.leblogmoto.com\/images\/ok_racedonnadettaglio.jpg","contentUrl":"http:\/\/www.leblogmoto.com\/images\/ok_racedonnadettaglio.jpg"},{"@type":"BreadcrumbList","@id":"https:\/\/blogs.thesocialmedia.com\/leblogmoto\/2006\/06\/20\/moto-guzzi-mont\/#breadcrumb","itemListElement":[{"@type":"ListItem","position":1,"name":"Accueil","item":"https:\/\/blogs.thesocialmedia.com\/leblogmoto\/"},{"@type":"ListItem","position":2,"name":"MOTO GUZZI monte sa fripperie"}]},{"@type":"WebSite","@id":"https:\/\/blogs.thesocialmedia.com\/leblogmoto\/#website","url":"https:\/\/blogs.thesocialmedia.com\/leblogmoto\/","name":"leblogmoto","description":"Toute l&#039;actualit\u00e9 des 2 roues","potentialAction":[{"@type":"SearchAction","target":{"@type":"EntryPoint","urlTemplate":"https:\/\/blogs.thesocialmedia.com\/leblogmoto\/?s={search_term_string}"},"query-input":{"@type":"PropertyValueSpecification","valueRequired":true,"valueName":"search_term_string"}}],"inLanguage":"fr-FR"},{"@type":"Person","@id":"https:\/\/blogs.thesocialmedia.com\/leblogmoto\/#\/schema\/person\/1a1dcfc7cec206573105eb4af91155c2","name":"andre leconde","image":{"@type":"ImageObject","inLanguage":"fr-FR","@id":"https:\/\/blogs.thesocialmedia.com\/leblogmoto\/#\/schema\/person\/image\/","url":"https:\/\/secure.gravatar.com\/avatar\/?s=96&d=mm&r=g","contentUrl":"https:\/\/secure.gravatar.com\/avatar\/?s=96&d=mm&r=g","caption":"andre leconde"},"url":"https:\/\/blogs.thesocialmedia.com\/leblogmoto\/author\/andre-leconde\/"}]}},"_links":{"self":[{"href":"https:\/\/blogs.thesocialmedia.com\/leblogmoto\/wp-json\/wp\/v2\/posts\/1741","targetHints":{"allow":["GET"]}}],"collection":[{"href":"https:\/\/blogs.thesocialmedia.com\/leblogmoto\/wp-json\/wp\/v2\/posts"}],"about":[{"href":"https:\/\/blogs.thesocialmedia.com\/leblogmoto\/wp-json\/wp\/v2\/types\/post"}],"author":[{"embeddable":true,"href":"https:\/\/blogs.thesocialmedia.com\/leblogmoto\/wp-json\/wp\/v2\/users\/336"}],"replies":[{"embeddable":true,"href":"https:\/\/blogs.thesocialmedia.com\/leblogmoto\/wp-json\/wp\/v2\/comments?post=1741"}],"version-history":[{"count":2,"href":"https:\/\/blogs.thesocialmedia.com\/leblogmoto\/wp-json\/wp\/v2\/posts\/1741\/revisions"}],"predecessor-version":[{"id":7648,"href":"https:\/\/blogs.thesocialmedia.com\/leblogmoto\/wp-json\/wp\/v2\/posts\/1741\/revisions\/7648"}],"wp:attachment":[{"href":"https:\/\/blogs.thesocialmedia.com\/leblogmoto\/wp-json\/wp\/v2\/media?parent=1741"}],"wp:term":[{"taxonomy":"category","embeddable":true,"href":"https:\/\/blogs.thesocialmedia.com\/leblogmoto\/wp-json\/wp\/v2\/categories?post=1741"},{"taxonomy":"post_tag","embeddable":true,"href":"https:\/\/blogs.thesocialmedia.com\/leblogmoto\/wp-json\/wp\/v2\/tags?post=1741"}],"curies":[{"name":"wp","href":"https:\/\/api.w.org\/{rel}","templated":true}]}}