{"id":1743,"date":"2006-06-20T19:58:34","date_gmt":"2006-06-20T19:58:34","guid":{"rendered":"http:\/\/blogs.thesocialmedia.com\/leblogmoto\/2006\/06\/20\/dark-dog-academ\/"},"modified":"2012-07-11T13:21:48","modified_gmt":"2012-07-11T13:21:48","slug":"dark-dog-academ","status":"publish","type":"post","link":"https:\/\/blogs.thesocialmedia.com\/leblogmoto\/2006\/06\/20\/dark-dog-academ\/","title":{"rendered":"DARK DOG ACADEMY: Royal Canin"},"content":{"rendered":"<p><a href=\"http:\/\/www.leblogmoto.com\/2006\/03\/dark_dog_academ.html\"><img loading=\"lazy\" decoding=\"async\" height=\"165\" alt=\"Lucasdargdogacademy\" src=\"http:\/\/www.leblogmoto.com\/images\/lucasdargdogacademy.jpg\" width=\"250\"  \/>Les efforts de Marc FONTAN<\/a> viennent de conna\u00eetre une heureuse cons\u00e9cration le week-end dernier.<\/p>\n<p>Sur le circuit de <strong>LEDENON<\/strong>, qui a vu le titre national Supersport enlev\u00e9 par <strong>Julien DA COSTA<\/strong>, un des selectionn\u00e9s de ce concept, <strong>Lucas de CAROLIS<\/strong>, a remport\u00e9 la victoire, la premi\u00e8re de toute l&rsquo;\u00e9quipe.<\/p>\n<p>Voil\u00e0 un point positif pour une saison qui avait eu du mal \u00e0 s&rsquo;engager, avec <a href=\"http:\/\/www.leblogmoto.com\/2006\/04\/dark_dog_academ.html\">un membre de cette accad\u00e9mie sorti<\/a> \u00e0 peine les premi\u00e8res joutes engag\u00e9es.<\/p>\n<p>Maintenant, l&rsquo;id\u00e9e suit son cours et la niche s&rsquo;agrandit m\u00eame d&rsquo;un nouveau membre aux crocs ac\u00e9r\u00e9s. Apr\u00e8s DE CAROLIS et <strong>Sylvian BARRIER<\/strong>, c&rsquo;est maintenant <a href=\"http:\/\/www.leblogmoto.com\/2006\/05\/mathieu_gines_s.html\">Mathieu GINES<\/a> qui pourrait bien rejoindre la meute.<\/p>\n<p>SOURCE et ILLUSTRATION: <a href=\"http:\/\/www.motoplanete.com\">www.motoplanete.com<\/a>&nbsp; &nbsp;&nbsp; &nbsp;&nbsp; &nbsp;<\/p>\n","protected":false},"excerpt":{"rendered":"<p>Les efforts de Marc FONTAN viennent de conna\u00eetre une heureuse cons\u00e9cration le week-end dernier. Sur le circuit de LEDENON, qui a vu le titre national Supersport enlev\u00e9 par Julien DA COSTA, un des selectionn\u00e9s de ce concept, Lucas de CAROLIS, a remport\u00e9 la victoire, la premi\u00e8re de toute l&rsquo;\u00e9quipe. Voil\u00e0 un point positif pour une [&hellip;]<\/p>\n","protected":false},"author":336,"featured_media":0,"comment_status":"open","ping_status":"open","sticky":false,"template":"","format":"standard","meta":{"footnotes":""},"categories":[3,32,46],"tags":[],"class_list":["post-1743","post","type-post","status-publish","format-standard","hentry","category-actualite","category-sport-moto","category-superbike"],"yoast_head":"<!-- This site is optimized with the Yoast SEO plugin v26.0 - https:\/\/yoast.com\/wordpress\/plugins\/seo\/ -->\n<title>DARK DOG ACADEMY: Royal Canin - leblogmoto.com<\/title>\n<meta name=\"robots\" content=\"index, follow, max-snippet:-1, max-image-preview:large, max-video-preview:-1\" \/>\n<link rel=\"canonical\" href=\"https:\/\/blogs.thesocialmedia.com\/leblogmoto\/2006\/06\/20\/dark-dog-academ\/\" \/>\n<meta name=\"twitter:card\" content=\"summary_large_image\" \/>\n<meta name=\"twitter:title\" content=\"DARK DOG ACADEMY: Royal Canin - leblogmoto.com\" \/>\n<meta name=\"twitter:description\" content=\"Les efforts de Marc FONTAN viennent de conna\u00eetre une heureuse cons\u00e9cration le week-end dernier. Sur le circuit de LEDENON, qui a vu le titre national Supersport enlev\u00e9 par Julien DA COSTA, un des selectionn\u00e9s de ce concept, Lucas de CAROLIS, a remport\u00e9 la victoire, la premi\u00e8re de toute l&rsquo;\u00e9quipe. Voil\u00e0 un point positif pour une [&hellip;]\" \/>\n<meta name=\"twitter:image\" content=\"http:\/\/www.leblogmoto.com\/images\/lucasdargdogacademy.jpg\" \/>\n<meta name=\"twitter:label1\" content=\"\u00c9crit par\" \/>\n\t<meta name=\"twitter:data1\" content=\"andre leconde\" \/>\n\t<meta name=\"twitter:label2\" content=\"Dur\u00e9e de lecture estim\u00e9e\" \/>\n\t<meta name=\"twitter:data2\" content=\"1 minute\" \/>\n<script type=\"application\/ld+json\" class=\"yoast-schema-graph\">{\"@context\":\"https:\/\/schema.org\",\"@graph\":[{\"@type\":\"WebPage\",\"@id\":\"https:\/\/blogs.thesocialmedia.com\/leblogmoto\/2006\/06\/20\/dark-dog-academ\/\",\"url\":\"https:\/\/blogs.thesocialmedia.com\/leblogmoto\/2006\/06\/20\/dark-dog-academ\/\",\"name\":\"DARK DOG ACADEMY: Royal Canin - leblogmoto.com\",\"isPartOf\":{\"@id\":\"https:\/\/blogs.thesocialmedia.com\/leblogmoto\/#website\"},\"primaryImageOfPage\":{\"@id\":\"https:\/\/blogs.thesocialmedia.com\/leblogmoto\/2006\/06\/20\/dark-dog-academ\/#primaryimage\"},\"image\":{\"@id\":\"https:\/\/blogs.thesocialmedia.com\/leblogmoto\/2006\/06\/20\/dark-dog-academ\/#primaryimage\"},\"thumbnailUrl\":\"http:\/\/www.leblogmoto.com\/images\/lucasdargdogacademy.jpg\",\"datePublished\":\"2006-06-20T19:58:34+00:00\",\"dateModified\":\"2012-07-11T13:21:48+00:00\",\"author\":{\"@id\":\"https:\/\/blogs.thesocialmedia.com\/leblogmoto\/#\/schema\/person\/1a1dcfc7cec206573105eb4af91155c2\"},\"breadcrumb\":{\"@id\":\"https:\/\/blogs.thesocialmedia.com\/leblogmoto\/2006\/06\/20\/dark-dog-academ\/#breadcrumb\"},\"inLanguage\":\"fr-FR\",\"potentialAction\":[{\"@type\":\"ReadAction\",\"target\":[\"https:\/\/blogs.thesocialmedia.com\/leblogmoto\/2006\/06\/20\/dark-dog-academ\/\"]}]},{\"@type\":\"ImageObject\",\"inLanguage\":\"fr-FR\",\"@id\":\"https:\/\/blogs.thesocialmedia.com\/leblogmoto\/2006\/06\/20\/dark-dog-academ\/#primaryimage\",\"url\":\"http:\/\/www.leblogmoto.com\/images\/lucasdargdogacademy.jpg\",\"contentUrl\":\"http:\/\/www.leblogmoto.com\/images\/lucasdargdogacademy.jpg\"},{\"@type\":\"BreadcrumbList\",\"@id\":\"https:\/\/blogs.thesocialmedia.com\/leblogmoto\/2006\/06\/20\/dark-dog-academ\/#breadcrumb\",\"itemListElement\":[{\"@type\":\"ListItem\",\"position\":1,\"name\":\"Accueil\",\"item\":\"https:\/\/blogs.thesocialmedia.com\/leblogmoto\/\"},{\"@type\":\"ListItem\",\"position\":2,\"name\":\"DARK DOG ACADEMY: Royal Canin\"}]},{\"@type\":\"WebSite\",\"@id\":\"https:\/\/blogs.thesocialmedia.com\/leblogmoto\/#website\",\"url\":\"https:\/\/blogs.thesocialmedia.com\/leblogmoto\/\",\"name\":\"leblogmoto\",\"description\":\"Toute l&#039;actualit\u00e9 des 2 roues\",\"potentialAction\":[{\"@type\":\"SearchAction\",\"target\":{\"@type\":\"EntryPoint\",\"urlTemplate\":\"https:\/\/blogs.thesocialmedia.com\/leblogmoto\/?s={search_term_string}\"},\"query-input\":{\"@type\":\"PropertyValueSpecification\",\"valueRequired\":true,\"valueName\":\"search_term_string\"}}],\"inLanguage\":\"fr-FR\"},{\"@type\":\"Person\",\"@id\":\"https:\/\/blogs.thesocialmedia.com\/leblogmoto\/#\/schema\/person\/1a1dcfc7cec206573105eb4af91155c2\",\"name\":\"andre leconde\",\"image\":{\"@type\":\"ImageObject\",\"inLanguage\":\"fr-FR\",\"@id\":\"https:\/\/blogs.thesocialmedia.com\/leblogmoto\/#\/schema\/person\/image\/\",\"url\":\"https:\/\/secure.gravatar.com\/avatar\/?s=96&d=mm&r=g\",\"contentUrl\":\"https:\/\/secure.gravatar.com\/avatar\/?s=96&d=mm&r=g\",\"caption\":\"andre leconde\"},\"url\":\"https:\/\/blogs.thesocialmedia.com\/leblogmoto\/author\/andre-leconde\/\"}]}<\/script>\n<!-- \/ Yoast SEO plugin. -->","yoast_head_json":{"title":"DARK DOG ACADEMY: Royal Canin - leblogmoto.com","robots":{"index":"index","follow":"follow","max-snippet":"max-snippet:-1","max-image-preview":"max-image-preview:large","max-video-preview":"max-video-preview:-1"},"canonical":"https:\/\/blogs.thesocialmedia.com\/leblogmoto\/2006\/06\/20\/dark-dog-academ\/","twitter_card":"summary_large_image","twitter_title":"DARK DOG ACADEMY: Royal Canin - leblogmoto.com","twitter_description":"Les efforts de Marc FONTAN viennent de conna\u00eetre une heureuse cons\u00e9cration le week-end dernier. Sur le circuit de LEDENON, qui a vu le titre national Supersport enlev\u00e9 par Julien DA COSTA, un des selectionn\u00e9s de ce concept, Lucas de CAROLIS, a remport\u00e9 la victoire, la premi\u00e8re de toute l&rsquo;\u00e9quipe. Voil\u00e0 un point positif pour une [&hellip;]","twitter_image":"http:\/\/www.leblogmoto.com\/images\/lucasdargdogacademy.jpg","twitter_misc":{"\u00c9crit par":"andre leconde","Dur\u00e9e de lecture estim\u00e9e":"1 minute"},"schema":{"@context":"https:\/\/schema.org","@graph":[{"@type":"WebPage","@id":"https:\/\/blogs.thesocialmedia.com\/leblogmoto\/2006\/06\/20\/dark-dog-academ\/","url":"https:\/\/blogs.thesocialmedia.com\/leblogmoto\/2006\/06\/20\/dark-dog-academ\/","name":"DARK DOG ACADEMY: Royal Canin - leblogmoto.com","isPartOf":{"@id":"https:\/\/blogs.thesocialmedia.com\/leblogmoto\/#website"},"primaryImageOfPage":{"@id":"https:\/\/blogs.thesocialmedia.com\/leblogmoto\/2006\/06\/20\/dark-dog-academ\/#primaryimage"},"image":{"@id":"https:\/\/blogs.thesocialmedia.com\/leblogmoto\/2006\/06\/20\/dark-dog-academ\/#primaryimage"},"thumbnailUrl":"http:\/\/www.leblogmoto.com\/images\/lucasdargdogacademy.jpg","datePublished":"2006-06-20T19:58:34+00:00","dateModified":"2012-07-11T13:21:48+00:00","author":{"@id":"https:\/\/blogs.thesocialmedia.com\/leblogmoto\/#\/schema\/person\/1a1dcfc7cec206573105eb4af91155c2"},"breadcrumb":{"@id":"https:\/\/blogs.thesocialmedia.com\/leblogmoto\/2006\/06\/20\/dark-dog-academ\/#breadcrumb"},"inLanguage":"fr-FR","potentialAction":[{"@type":"ReadAction","target":["https:\/\/blogs.thesocialmedia.com\/leblogmoto\/2006\/06\/20\/dark-dog-academ\/"]}]},{"@type":"ImageObject","inLanguage":"fr-FR","@id":"https:\/\/blogs.thesocialmedia.com\/leblogmoto\/2006\/06\/20\/dark-dog-academ\/#primaryimage","url":"http:\/\/www.leblogmoto.com\/images\/lucasdargdogacademy.jpg","contentUrl":"http:\/\/www.leblogmoto.com\/images\/lucasdargdogacademy.jpg"},{"@type":"BreadcrumbList","@id":"https:\/\/blogs.thesocialmedia.com\/leblogmoto\/2006\/06\/20\/dark-dog-academ\/#breadcrumb","itemListElement":[{"@type":"ListItem","position":1,"name":"Accueil","item":"https:\/\/blogs.thesocialmedia.com\/leblogmoto\/"},{"@type":"ListItem","position":2,"name":"DARK DOG ACADEMY: Royal Canin"}]},{"@type":"WebSite","@id":"https:\/\/blogs.thesocialmedia.com\/leblogmoto\/#website","url":"https:\/\/blogs.thesocialmedia.com\/leblogmoto\/","name":"leblogmoto","description":"Toute l&#039;actualit\u00e9 des 2 roues","potentialAction":[{"@type":"SearchAction","target":{"@type":"EntryPoint","urlTemplate":"https:\/\/blogs.thesocialmedia.com\/leblogmoto\/?s={search_term_string}"},"query-input":{"@type":"PropertyValueSpecification","valueRequired":true,"valueName":"search_term_string"}}],"inLanguage":"fr-FR"},{"@type":"Person","@id":"https:\/\/blogs.thesocialmedia.com\/leblogmoto\/#\/schema\/person\/1a1dcfc7cec206573105eb4af91155c2","name":"andre leconde","image":{"@type":"ImageObject","inLanguage":"fr-FR","@id":"https:\/\/blogs.thesocialmedia.com\/leblogmoto\/#\/schema\/person\/image\/","url":"https:\/\/secure.gravatar.com\/avatar\/?s=96&d=mm&r=g","contentUrl":"https:\/\/secure.gravatar.com\/avatar\/?s=96&d=mm&r=g","caption":"andre leconde"},"url":"https:\/\/blogs.thesocialmedia.com\/leblogmoto\/author\/andre-leconde\/"}]}},"_links":{"self":[{"href":"https:\/\/blogs.thesocialmedia.com\/leblogmoto\/wp-json\/wp\/v2\/posts\/1743","targetHints":{"allow":["GET"]}}],"collection":[{"href":"https:\/\/blogs.thesocialmedia.com\/leblogmoto\/wp-json\/wp\/v2\/posts"}],"about":[{"href":"https:\/\/blogs.thesocialmedia.com\/leblogmoto\/wp-json\/wp\/v2\/types\/post"}],"author":[{"embeddable":true,"href":"https:\/\/blogs.thesocialmedia.com\/leblogmoto\/wp-json\/wp\/v2\/users\/336"}],"replies":[{"embeddable":true,"href":"https:\/\/blogs.thesocialmedia.com\/leblogmoto\/wp-json\/wp\/v2\/comments?post=1743"}],"version-history":[{"count":1,"href":"https:\/\/blogs.thesocialmedia.com\/leblogmoto\/wp-json\/wp\/v2\/posts\/1743\/revisions"}],"predecessor-version":[{"id":3430,"href":"https:\/\/blogs.thesocialmedia.com\/leblogmoto\/wp-json\/wp\/v2\/posts\/1743\/revisions\/3430"}],"wp:attachment":[{"href":"https:\/\/blogs.thesocialmedia.com\/leblogmoto\/wp-json\/wp\/v2\/media?parent=1743"}],"wp:term":[{"taxonomy":"category","embeddable":true,"href":"https:\/\/blogs.thesocialmedia.com\/leblogmoto\/wp-json\/wp\/v2\/categories?post=1743"},{"taxonomy":"post_tag","embeddable":true,"href":"https:\/\/blogs.thesocialmedia.com\/leblogmoto\/wp-json\/wp\/v2\/tags?post=1743"}],"curies":[{"name":"wp","href":"https:\/\/api.w.org\/{rel}","templated":true}]}}