{"id":1744,"date":"2006-06-20T19:33:15","date_gmt":"2006-06-20T19:33:15","guid":{"rendered":"http:\/\/blogs.thesocialmedia.com\/leblogmoto\/2006\/06\/20\/le-style-qui-fa\/"},"modified":"2012-07-11T14:25:20","modified_gmt":"2012-07-11T14:25:20","slug":"le-style-qui-fa","status":"publish","type":"post","link":"https:\/\/blogs.thesocialmedia.com\/leblogmoto\/2006\/06\/20\/le-style-qui-fa\/","title":{"rendered":"Le style qui fait fourreur"},"content":{"rendered":"<p><a href=\"http:\/\/blogs.thesocialmedia.com\/leblogmoto\/files\/2012\/07\/furryscoot_1.jpg\"><img loading=\"lazy\" decoding=\"async\" height=\"304\" alt=\"Furryscoot_1\" src=\"http:\/\/www.leblogmoto.com\/images\/furryscoot_1.jpg\" width=\"250\"  \/><\/a>Ca ne sert \u00e0 rien, \u00e7a pourrait m\u00eame \u00eatre le comble du mauvais go\u00fbt, mais le style a, quand m\u00eame, des adeptes.<\/p>\n<p>Fana de la <strong>peluche<\/strong>, amoureux de la <strong>fourrure<\/strong>, furieux des <strong>poils<\/strong>, voici la machine qu&rsquo;il vous faut.<\/p>\n<p>Les mauvaises langues diront qu&rsquo;il n&rsquo;y a que chez les tenants du <a href=\"http:\/\/www.leblogmoto.com\/2006\/04\/vespa_et_son_ka.html\">scooter<\/a> que l&rsquo;on peut trouver ce genre de r\u00e9alisation. Il faut dire que la surface expos\u00e9e s&rsquo;y pr\u00eate aussi.<\/p>\n<p>Voil\u00e0 la machine id\u00e9ale pour arpenter la plage fa\u00e7on Barbie ou s&rsquo;ins\u00e9rer sans coup f\u00e9rir dans une Gay Pride.<\/p>\n<p>Mais pour conduire un deux roues, il faut un <a href=\"http:\/\/www.leblogmoto.com\/2006\/04\/xlite_x801r_pou.html\">casque<\/a>. Et, tenez vous bien, l\u00e0 aussi, il y a ce qu&rsquo;il faut&#8230;&nbsp; &nbsp; <\/p>\n<p><a href=\"http:\/\/clabedan.typepad.com\/.shared\/image.html?\/photos\/uncategorized\/prada__men_fashion_autunno_2006.jpg\"><img loading=\"lazy\" decoding=\"async\" height=\"363\" alt=\"Prada__men_fashion_autunno_2006\" src=\"http:\/\/www.leblogmoto.com\/images\/prada__men_fashion_autunno_2006.jpg\" width=\"250\"  \/><\/a> Le <a href=\"http:\/\/www.leblogmoto.com\/2006\/02\/la_tte_de_lempl.html\">casque<\/a> fa\u00e7on bonnet de poils, il fallait y penser. De loin, n\u00e9anmoins, on dira que vous avez pris la grosse t\u00eate.<\/p>\n<p>Reste que les deux combin\u00e9s, sur la chauss\u00e9e, c&rsquo;est le risque d&rsquo;aller direct en asile d&rsquo;ali\u00e8n\u00e9s.<\/p>\n<p>SOURCE: <a href=\"http:\/\/news.motorbiker.org\">http:\/\/news.motorbiker.org<\/a> <\/p>\n","protected":false},"excerpt":{"rendered":"<p>Ca ne sert \u00e0 rien, \u00e7a pourrait m\u00eame \u00eatre le comble du mauvais go\u00fbt, mais le style a, quand m\u00eame, des adeptes. Fana de la peluche, amoureux de la fourrure, furieux des poils, voici la machine qu&rsquo;il vous faut. Les mauvaises langues diront qu&rsquo;il n&rsquo;y a que chez les tenants du scooter que l&rsquo;on peut [&hellip;]<\/p>\n","protected":false},"author":336,"featured_media":0,"comment_status":"open","ping_status":"open","sticky":false,"template":"","format":"standard","meta":{"footnotes":""},"categories":[16,8,17],"tags":[],"class_list":["post-1744","post","type-post","status-publish","format-standard","hentry","category-art-moto","category-chaines-et-cuirs","category-divers"],"yoast_head":"<!-- This site is optimized with the Yoast SEO plugin v26.0 - https:\/\/yoast.com\/wordpress\/plugins\/seo\/ -->\n<title>Le style qui fait fourreur - leblogmoto.com<\/title>\n<meta name=\"robots\" content=\"index, follow, max-snippet:-1, max-image-preview:large, max-video-preview:-1\" \/>\n<link rel=\"canonical\" href=\"https:\/\/blogs.thesocialmedia.com\/leblogmoto\/2006\/06\/20\/le-style-qui-fa\/\" \/>\n<meta name=\"twitter:card\" content=\"summary_large_image\" \/>\n<meta name=\"twitter:title\" content=\"Le style qui fait fourreur - leblogmoto.com\" \/>\n<meta name=\"twitter:description\" content=\"Ca ne sert \u00e0 rien, \u00e7a pourrait m\u00eame \u00eatre le comble du mauvais go\u00fbt, mais le style a, quand m\u00eame, des adeptes. Fana de la peluche, amoureux de la fourrure, furieux des poils, voici la machine qu&rsquo;il vous faut. Les mauvaises langues diront qu&rsquo;il n&rsquo;y a que chez les tenants du scooter que l&rsquo;on peut [&hellip;]\" \/>\n<meta name=\"twitter:image\" content=\"http:\/\/www.leblogmoto.com\/images\/furryscoot_1.jpg\" \/>\n<meta name=\"twitter:label1\" content=\"\u00c9crit par\" \/>\n\t<meta name=\"twitter:data1\" content=\"andre leconde\" \/>\n\t<meta name=\"twitter:label2\" content=\"Dur\u00e9e de lecture estim\u00e9e\" \/>\n\t<meta name=\"twitter:data2\" content=\"1 minute\" \/>\n<script type=\"application\/ld+json\" class=\"yoast-schema-graph\">{\"@context\":\"https:\/\/schema.org\",\"@graph\":[{\"@type\":\"WebPage\",\"@id\":\"https:\/\/blogs.thesocialmedia.com\/leblogmoto\/2006\/06\/20\/le-style-qui-fa\/\",\"url\":\"https:\/\/blogs.thesocialmedia.com\/leblogmoto\/2006\/06\/20\/le-style-qui-fa\/\",\"name\":\"Le style qui fait fourreur - leblogmoto.com\",\"isPartOf\":{\"@id\":\"https:\/\/blogs.thesocialmedia.com\/leblogmoto\/#website\"},\"primaryImageOfPage\":{\"@id\":\"https:\/\/blogs.thesocialmedia.com\/leblogmoto\/2006\/06\/20\/le-style-qui-fa\/#primaryimage\"},\"image\":{\"@id\":\"https:\/\/blogs.thesocialmedia.com\/leblogmoto\/2006\/06\/20\/le-style-qui-fa\/#primaryimage\"},\"thumbnailUrl\":\"http:\/\/www.leblogmoto.com\/images\/furryscoot_1.jpg\",\"datePublished\":\"2006-06-20T19:33:15+00:00\",\"dateModified\":\"2012-07-11T14:25:20+00:00\",\"author\":{\"@id\":\"https:\/\/blogs.thesocialmedia.com\/leblogmoto\/#\/schema\/person\/1a1dcfc7cec206573105eb4af91155c2\"},\"breadcrumb\":{\"@id\":\"https:\/\/blogs.thesocialmedia.com\/leblogmoto\/2006\/06\/20\/le-style-qui-fa\/#breadcrumb\"},\"inLanguage\":\"fr-FR\",\"potentialAction\":[{\"@type\":\"ReadAction\",\"target\":[\"https:\/\/blogs.thesocialmedia.com\/leblogmoto\/2006\/06\/20\/le-style-qui-fa\/\"]}]},{\"@type\":\"ImageObject\",\"inLanguage\":\"fr-FR\",\"@id\":\"https:\/\/blogs.thesocialmedia.com\/leblogmoto\/2006\/06\/20\/le-style-qui-fa\/#primaryimage\",\"url\":\"http:\/\/www.leblogmoto.com\/images\/furryscoot_1.jpg\",\"contentUrl\":\"http:\/\/www.leblogmoto.com\/images\/furryscoot_1.jpg\"},{\"@type\":\"BreadcrumbList\",\"@id\":\"https:\/\/blogs.thesocialmedia.com\/leblogmoto\/2006\/06\/20\/le-style-qui-fa\/#breadcrumb\",\"itemListElement\":[{\"@type\":\"ListItem\",\"position\":1,\"name\":\"Accueil\",\"item\":\"https:\/\/blogs.thesocialmedia.com\/leblogmoto\/\"},{\"@type\":\"ListItem\",\"position\":2,\"name\":\"Le style qui fait fourreur\"}]},{\"@type\":\"WebSite\",\"@id\":\"https:\/\/blogs.thesocialmedia.com\/leblogmoto\/#website\",\"url\":\"https:\/\/blogs.thesocialmedia.com\/leblogmoto\/\",\"name\":\"leblogmoto\",\"description\":\"Toute l&#039;actualit\u00e9 des 2 roues\",\"potentialAction\":[{\"@type\":\"SearchAction\",\"target\":{\"@type\":\"EntryPoint\",\"urlTemplate\":\"https:\/\/blogs.thesocialmedia.com\/leblogmoto\/?s={search_term_string}\"},\"query-input\":{\"@type\":\"PropertyValueSpecification\",\"valueRequired\":true,\"valueName\":\"search_term_string\"}}],\"inLanguage\":\"fr-FR\"},{\"@type\":\"Person\",\"@id\":\"https:\/\/blogs.thesocialmedia.com\/leblogmoto\/#\/schema\/person\/1a1dcfc7cec206573105eb4af91155c2\",\"name\":\"andre leconde\",\"image\":{\"@type\":\"ImageObject\",\"inLanguage\":\"fr-FR\",\"@id\":\"https:\/\/blogs.thesocialmedia.com\/leblogmoto\/#\/schema\/person\/image\/\",\"url\":\"https:\/\/secure.gravatar.com\/avatar\/?s=96&d=mm&r=g\",\"contentUrl\":\"https:\/\/secure.gravatar.com\/avatar\/?s=96&d=mm&r=g\",\"caption\":\"andre leconde\"},\"url\":\"https:\/\/blogs.thesocialmedia.com\/leblogmoto\/author\/andre-leconde\/\"}]}<\/script>\n<!-- \/ Yoast SEO plugin. -->","yoast_head_json":{"title":"Le style qui fait fourreur - leblogmoto.com","robots":{"index":"index","follow":"follow","max-snippet":"max-snippet:-1","max-image-preview":"max-image-preview:large","max-video-preview":"max-video-preview:-1"},"canonical":"https:\/\/blogs.thesocialmedia.com\/leblogmoto\/2006\/06\/20\/le-style-qui-fa\/","twitter_card":"summary_large_image","twitter_title":"Le style qui fait fourreur - leblogmoto.com","twitter_description":"Ca ne sert \u00e0 rien, \u00e7a pourrait m\u00eame \u00eatre le comble du mauvais go\u00fbt, mais le style a, quand m\u00eame, des adeptes. Fana de la peluche, amoureux de la fourrure, furieux des poils, voici la machine qu&rsquo;il vous faut. Les mauvaises langues diront qu&rsquo;il n&rsquo;y a que chez les tenants du scooter que l&rsquo;on peut [&hellip;]","twitter_image":"http:\/\/www.leblogmoto.com\/images\/furryscoot_1.jpg","twitter_misc":{"\u00c9crit par":"andre leconde","Dur\u00e9e de lecture estim\u00e9e":"1 minute"},"schema":{"@context":"https:\/\/schema.org","@graph":[{"@type":"WebPage","@id":"https:\/\/blogs.thesocialmedia.com\/leblogmoto\/2006\/06\/20\/le-style-qui-fa\/","url":"https:\/\/blogs.thesocialmedia.com\/leblogmoto\/2006\/06\/20\/le-style-qui-fa\/","name":"Le style qui fait fourreur - leblogmoto.com","isPartOf":{"@id":"https:\/\/blogs.thesocialmedia.com\/leblogmoto\/#website"},"primaryImageOfPage":{"@id":"https:\/\/blogs.thesocialmedia.com\/leblogmoto\/2006\/06\/20\/le-style-qui-fa\/#primaryimage"},"image":{"@id":"https:\/\/blogs.thesocialmedia.com\/leblogmoto\/2006\/06\/20\/le-style-qui-fa\/#primaryimage"},"thumbnailUrl":"http:\/\/www.leblogmoto.com\/images\/furryscoot_1.jpg","datePublished":"2006-06-20T19:33:15+00:00","dateModified":"2012-07-11T14:25:20+00:00","author":{"@id":"https:\/\/blogs.thesocialmedia.com\/leblogmoto\/#\/schema\/person\/1a1dcfc7cec206573105eb4af91155c2"},"breadcrumb":{"@id":"https:\/\/blogs.thesocialmedia.com\/leblogmoto\/2006\/06\/20\/le-style-qui-fa\/#breadcrumb"},"inLanguage":"fr-FR","potentialAction":[{"@type":"ReadAction","target":["https:\/\/blogs.thesocialmedia.com\/leblogmoto\/2006\/06\/20\/le-style-qui-fa\/"]}]},{"@type":"ImageObject","inLanguage":"fr-FR","@id":"https:\/\/blogs.thesocialmedia.com\/leblogmoto\/2006\/06\/20\/le-style-qui-fa\/#primaryimage","url":"http:\/\/www.leblogmoto.com\/images\/furryscoot_1.jpg","contentUrl":"http:\/\/www.leblogmoto.com\/images\/furryscoot_1.jpg"},{"@type":"BreadcrumbList","@id":"https:\/\/blogs.thesocialmedia.com\/leblogmoto\/2006\/06\/20\/le-style-qui-fa\/#breadcrumb","itemListElement":[{"@type":"ListItem","position":1,"name":"Accueil","item":"https:\/\/blogs.thesocialmedia.com\/leblogmoto\/"},{"@type":"ListItem","position":2,"name":"Le style qui fait fourreur"}]},{"@type":"WebSite","@id":"https:\/\/blogs.thesocialmedia.com\/leblogmoto\/#website","url":"https:\/\/blogs.thesocialmedia.com\/leblogmoto\/","name":"leblogmoto","description":"Toute l&#039;actualit\u00e9 des 2 roues","potentialAction":[{"@type":"SearchAction","target":{"@type":"EntryPoint","urlTemplate":"https:\/\/blogs.thesocialmedia.com\/leblogmoto\/?s={search_term_string}"},"query-input":{"@type":"PropertyValueSpecification","valueRequired":true,"valueName":"search_term_string"}}],"inLanguage":"fr-FR"},{"@type":"Person","@id":"https:\/\/blogs.thesocialmedia.com\/leblogmoto\/#\/schema\/person\/1a1dcfc7cec206573105eb4af91155c2","name":"andre leconde","image":{"@type":"ImageObject","inLanguage":"fr-FR","@id":"https:\/\/blogs.thesocialmedia.com\/leblogmoto\/#\/schema\/person\/image\/","url":"https:\/\/secure.gravatar.com\/avatar\/?s=96&d=mm&r=g","contentUrl":"https:\/\/secure.gravatar.com\/avatar\/?s=96&d=mm&r=g","caption":"andre leconde"},"url":"https:\/\/blogs.thesocialmedia.com\/leblogmoto\/author\/andre-leconde\/"}]}},"_links":{"self":[{"href":"https:\/\/blogs.thesocialmedia.com\/leblogmoto\/wp-json\/wp\/v2\/posts\/1744","targetHints":{"allow":["GET"]}}],"collection":[{"href":"https:\/\/blogs.thesocialmedia.com\/leblogmoto\/wp-json\/wp\/v2\/posts"}],"about":[{"href":"https:\/\/blogs.thesocialmedia.com\/leblogmoto\/wp-json\/wp\/v2\/types\/post"}],"author":[{"embeddable":true,"href":"https:\/\/blogs.thesocialmedia.com\/leblogmoto\/wp-json\/wp\/v2\/users\/336"}],"replies":[{"embeddable":true,"href":"https:\/\/blogs.thesocialmedia.com\/leblogmoto\/wp-json\/wp\/v2\/comments?post=1744"}],"version-history":[{"count":2,"href":"https:\/\/blogs.thesocialmedia.com\/leblogmoto\/wp-json\/wp\/v2\/posts\/1744\/revisions"}],"predecessor-version":[{"id":7644,"href":"https:\/\/blogs.thesocialmedia.com\/leblogmoto\/wp-json\/wp\/v2\/posts\/1744\/revisions\/7644"}],"wp:attachment":[{"href":"https:\/\/blogs.thesocialmedia.com\/leblogmoto\/wp-json\/wp\/v2\/media?parent=1744"}],"wp:term":[{"taxonomy":"category","embeddable":true,"href":"https:\/\/blogs.thesocialmedia.com\/leblogmoto\/wp-json\/wp\/v2\/categories?post=1744"},{"taxonomy":"post_tag","embeddable":true,"href":"https:\/\/blogs.thesocialmedia.com\/leblogmoto\/wp-json\/wp\/v2\/tags?post=1744"}],"curies":[{"name":"wp","href":"https:\/\/api.w.org\/{rel}","templated":true}]}}