{"id":1745,"date":"2006-06-20T18:41:39","date_gmt":"2006-06-20T18:41:39","guid":{"rendered":"http:\/\/blogs.thesocialmedia.com\/leblogmoto\/2006\/06\/20\/motogp-hofman-e\/"},"modified":"2012-07-11T14:25:19","modified_gmt":"2012-07-11T14:25:19","slug":"motogp-hofman-e","status":"publish","type":"post","link":"https:\/\/blogs.thesocialmedia.com\/leblogmoto\/2006\/06\/20\/motogp-hofman-e\/","title":{"rendered":"MotoGP: HOFMANN et SILVA, les \u00e9lus de DUCATI"},"content":{"rendered":"<p><a href=\"http:\/\/blogs.thesocialmedia.com\/leblogmoto\/files\/2012\/07\/050525_kawa.jpg\"><strong><img loading=\"lazy\" decoding=\"async\" height=\"357\" alt=\"050525_kawa\" src=\"http:\/\/www.leblogmoto.com\/images\/050525_kawa.jpg\" width=\"250\"  \/><\/strong><\/a><strong>Sete GIBERNAU<\/strong> <a href=\"http:\/\/www.leblogmoto.com\/2006\/06\/dpart_catalunya.html\">sur la touche<\/a>, il fallait rapidement trouver un nouveau \u00e0<strong> CAPIROSSI<\/strong> pour le GP des Pays Bas \u00e0 <strong>ASSEN<\/strong>, \u00e9preuve qui se d\u00e9roulera ce samedi.<\/p>\n<p>Plusieurs noms ont circul\u00e9 sous le manteau, de <a href=\"http:\/\/www.leblogmoto.com\/2006\/06\/motogp_xaus_sur.html\">XAUS<\/a> \u00e0 <a href=\"http:\/\/www.leblogmoto.com\/2006\/03\/guzzi_mgs01_lai.html\">GUARESCHI<\/a> en passant par le pilote de d\u00e9veloppement BRIDGESTONE, <strong>ITOH<\/strong>.<\/p>\n<p>C&rsquo;est finalement un autre pilote DUCATI qui montera sur la <a href=\"http:\/\/www.leblogmoto.com\/2006\/06\/ducati_desmosed.html\">GP6<\/a> en terre batave, en la personne <strong>d&rsquo;Alex HOFMANN<\/strong>. <\/p>\n<p>Ce dernier est remplac\u00e9 au sein du <a href=\"http:\/\/www.leblogmoto.com\/2006\/06\/motogp_dunlopda.html\">team D&rsquo;ANTIN<\/a> par un inconnu du monde de la vitesse, <strong>Ivan SILVA<\/strong>.&nbsp; <\/p>\n<p><a href=\"http:\/\/clabedan.typepad.com\/.shared\/image.html?\/photos\/uncategorized\/tbl_noticias_213.jpg\"><img loading=\"lazy\" decoding=\"async\" height=\"188\" alt=\"Tbl_noticias_213\" src=\"http:\/\/www.leblogmoto.com\/images\/tbl_noticias_213.jpg\" width=\"250\"  \/><\/a>V\u00e9g\u00e9tant sur une DUCATI client \u00e9quip\u00e9 en <strong>DUNLOP<\/strong> au sein du team D&rsquo;ANTIN, Alex HOFMANN voit l\u00e0 une occasion de revenir \u00e0 la lumi\u00e8re apr\u00e8s son \u00e9viction de chez <strong>KAWASAKI<\/strong>. Alex avait vu sa place fragilis\u00e9e chez les verts par une blessure contract\u00e9e b\u00eatement lors d&rsquo;une exhibition, \u00e9v\u00e9nement qui avait fait sortir de sa retraite <a href=\"http:\/\/www.leblogmoto.com\/2006\/06\/motogp_dunlopda.html\">Olivier JACQUE<\/a>.<\/p>\n<p>Cette fois, c&rsquo;est \u00e0 lui de tirer profit des d\u00e9boires des autres. Cruel, mais peut \u00eatre un signe du destin propice \u00e0 le replacer parmi le haut des classements.<\/p>\n<p>Pour<strong> Ivan SILVA<\/strong>, son exp\u00e9rience a \u00e9t\u00e9 acquise au championnat mondial Superstock. Soci\u00e8taire de l&rsquo;\u00e9quipe D&rsquo;ANTIN dans un championnat espagnol, il se voit proposer l&rsquo;opportunit\u00e9 r\u00eav\u00e9e de cotoyer l&rsquo;\u00e9lite. Ca ne sera pas une mince affaire.<\/p>\n<p>SOURCE: <a href=\"http:\/\/www.gpone.com\/\">www.gpone.com<\/a>&nbsp; &nbsp;<\/p>\n","protected":false},"excerpt":{"rendered":"<p>Sete GIBERNAU sur la touche, il fallait rapidement trouver un nouveau \u00e0 CAPIROSSI pour le GP des Pays Bas \u00e0 ASSEN, \u00e9preuve qui se d\u00e9roulera ce samedi. Plusieurs noms ont circul\u00e9 sous le manteau, de XAUS \u00e0 GUARESCHI en passant par le pilote de d\u00e9veloppement BRIDGESTONE, ITOH. C&rsquo;est finalement un autre pilote DUCATI qui montera [&hellip;]<\/p>\n","protected":false},"author":336,"featured_media":0,"comment_status":"open","ping_status":"open","sticky":false,"template":"","format":"standard","meta":{"footnotes":""},"categories":[3,41,22,32],"tags":[],"class_list":["post-1745","post","type-post","status-publish","format-standard","hentry","category-actualite","category-ducati","category-motogp","category-sport-moto"],"yoast_head":"<!-- This site is optimized with the Yoast SEO plugin v26.0 - https:\/\/yoast.com\/wordpress\/plugins\/seo\/ -->\n<title>MotoGP: HOFMANN et SILVA, les \u00e9lus de DUCATI - leblogmoto.com<\/title>\n<meta name=\"robots\" content=\"index, follow, max-snippet:-1, max-image-preview:large, max-video-preview:-1\" \/>\n<link rel=\"canonical\" href=\"https:\/\/blogs.thesocialmedia.com\/leblogmoto\/2006\/06\/20\/motogp-hofman-e\/\" \/>\n<meta name=\"twitter:card\" content=\"summary_large_image\" \/>\n<meta name=\"twitter:title\" content=\"MotoGP: HOFMANN et SILVA, les \u00e9lus de DUCATI - leblogmoto.com\" \/>\n<meta name=\"twitter:description\" content=\"Sete GIBERNAU sur la touche, il fallait rapidement trouver un nouveau \u00e0 CAPIROSSI pour le GP des Pays Bas \u00e0 ASSEN, \u00e9preuve qui se d\u00e9roulera ce samedi. Plusieurs noms ont circul\u00e9 sous le manteau, de XAUS \u00e0 GUARESCHI en passant par le pilote de d\u00e9veloppement BRIDGESTONE, ITOH. C&rsquo;est finalement un autre pilote DUCATI qui montera [&hellip;]\" \/>\n<meta name=\"twitter:image\" content=\"http:\/\/www.leblogmoto.com\/images\/050525_kawa.jpg\" \/>\n<meta name=\"twitter:label1\" content=\"\u00c9crit par\" \/>\n\t<meta name=\"twitter:data1\" content=\"andre leconde\" \/>\n\t<meta name=\"twitter:label2\" content=\"Dur\u00e9e de lecture estim\u00e9e\" \/>\n\t<meta name=\"twitter:data2\" content=\"1 minute\" \/>\n<script type=\"application\/ld+json\" class=\"yoast-schema-graph\">{\"@context\":\"https:\/\/schema.org\",\"@graph\":[{\"@type\":\"WebPage\",\"@id\":\"https:\/\/blogs.thesocialmedia.com\/leblogmoto\/2006\/06\/20\/motogp-hofman-e\/\",\"url\":\"https:\/\/blogs.thesocialmedia.com\/leblogmoto\/2006\/06\/20\/motogp-hofman-e\/\",\"name\":\"MotoGP: HOFMANN et SILVA, les \u00e9lus de DUCATI - leblogmoto.com\",\"isPartOf\":{\"@id\":\"https:\/\/blogs.thesocialmedia.com\/leblogmoto\/#website\"},\"primaryImageOfPage\":{\"@id\":\"https:\/\/blogs.thesocialmedia.com\/leblogmoto\/2006\/06\/20\/motogp-hofman-e\/#primaryimage\"},\"image\":{\"@id\":\"https:\/\/blogs.thesocialmedia.com\/leblogmoto\/2006\/06\/20\/motogp-hofman-e\/#primaryimage\"},\"thumbnailUrl\":\"http:\/\/www.leblogmoto.com\/images\/050525_kawa.jpg\",\"datePublished\":\"2006-06-20T18:41:39+00:00\",\"dateModified\":\"2012-07-11T14:25:19+00:00\",\"author\":{\"@id\":\"https:\/\/blogs.thesocialmedia.com\/leblogmoto\/#\/schema\/person\/1a1dcfc7cec206573105eb4af91155c2\"},\"breadcrumb\":{\"@id\":\"https:\/\/blogs.thesocialmedia.com\/leblogmoto\/2006\/06\/20\/motogp-hofman-e\/#breadcrumb\"},\"inLanguage\":\"fr-FR\",\"potentialAction\":[{\"@type\":\"ReadAction\",\"target\":[\"https:\/\/blogs.thesocialmedia.com\/leblogmoto\/2006\/06\/20\/motogp-hofman-e\/\"]}]},{\"@type\":\"ImageObject\",\"inLanguage\":\"fr-FR\",\"@id\":\"https:\/\/blogs.thesocialmedia.com\/leblogmoto\/2006\/06\/20\/motogp-hofman-e\/#primaryimage\",\"url\":\"http:\/\/www.leblogmoto.com\/images\/050525_kawa.jpg\",\"contentUrl\":\"http:\/\/www.leblogmoto.com\/images\/050525_kawa.jpg\"},{\"@type\":\"BreadcrumbList\",\"@id\":\"https:\/\/blogs.thesocialmedia.com\/leblogmoto\/2006\/06\/20\/motogp-hofman-e\/#breadcrumb\",\"itemListElement\":[{\"@type\":\"ListItem\",\"position\":1,\"name\":\"Accueil\",\"item\":\"https:\/\/blogs.thesocialmedia.com\/leblogmoto\/\"},{\"@type\":\"ListItem\",\"position\":2,\"name\":\"MotoGP: HOFMANN et SILVA, les \u00e9lus de DUCATI\"}]},{\"@type\":\"WebSite\",\"@id\":\"https:\/\/blogs.thesocialmedia.com\/leblogmoto\/#website\",\"url\":\"https:\/\/blogs.thesocialmedia.com\/leblogmoto\/\",\"name\":\"leblogmoto\",\"description\":\"Toute l&#039;actualit\u00e9 des 2 roues\",\"potentialAction\":[{\"@type\":\"SearchAction\",\"target\":{\"@type\":\"EntryPoint\",\"urlTemplate\":\"https:\/\/blogs.thesocialmedia.com\/leblogmoto\/?s={search_term_string}\"},\"query-input\":{\"@type\":\"PropertyValueSpecification\",\"valueRequired\":true,\"valueName\":\"search_term_string\"}}],\"inLanguage\":\"fr-FR\"},{\"@type\":\"Person\",\"@id\":\"https:\/\/blogs.thesocialmedia.com\/leblogmoto\/#\/schema\/person\/1a1dcfc7cec206573105eb4af91155c2\",\"name\":\"andre leconde\",\"image\":{\"@type\":\"ImageObject\",\"inLanguage\":\"fr-FR\",\"@id\":\"https:\/\/blogs.thesocialmedia.com\/leblogmoto\/#\/schema\/person\/image\/\",\"url\":\"https:\/\/secure.gravatar.com\/avatar\/?s=96&d=mm&r=g\",\"contentUrl\":\"https:\/\/secure.gravatar.com\/avatar\/?s=96&d=mm&r=g\",\"caption\":\"andre leconde\"},\"url\":\"https:\/\/blogs.thesocialmedia.com\/leblogmoto\/author\/andre-leconde\/\"}]}<\/script>\n<!-- \/ Yoast SEO plugin. -->","yoast_head_json":{"title":"MotoGP: HOFMANN et SILVA, les \u00e9lus de DUCATI - leblogmoto.com","robots":{"index":"index","follow":"follow","max-snippet":"max-snippet:-1","max-image-preview":"max-image-preview:large","max-video-preview":"max-video-preview:-1"},"canonical":"https:\/\/blogs.thesocialmedia.com\/leblogmoto\/2006\/06\/20\/motogp-hofman-e\/","twitter_card":"summary_large_image","twitter_title":"MotoGP: HOFMANN et SILVA, les \u00e9lus de DUCATI - leblogmoto.com","twitter_description":"Sete GIBERNAU sur la touche, il fallait rapidement trouver un nouveau \u00e0 CAPIROSSI pour le GP des Pays Bas \u00e0 ASSEN, \u00e9preuve qui se d\u00e9roulera ce samedi. Plusieurs noms ont circul\u00e9 sous le manteau, de XAUS \u00e0 GUARESCHI en passant par le pilote de d\u00e9veloppement BRIDGESTONE, ITOH. C&rsquo;est finalement un autre pilote DUCATI qui montera [&hellip;]","twitter_image":"http:\/\/www.leblogmoto.com\/images\/050525_kawa.jpg","twitter_misc":{"\u00c9crit par":"andre leconde","Dur\u00e9e de lecture estim\u00e9e":"1 minute"},"schema":{"@context":"https:\/\/schema.org","@graph":[{"@type":"WebPage","@id":"https:\/\/blogs.thesocialmedia.com\/leblogmoto\/2006\/06\/20\/motogp-hofman-e\/","url":"https:\/\/blogs.thesocialmedia.com\/leblogmoto\/2006\/06\/20\/motogp-hofman-e\/","name":"MotoGP: HOFMANN et SILVA, les \u00e9lus de DUCATI - leblogmoto.com","isPartOf":{"@id":"https:\/\/blogs.thesocialmedia.com\/leblogmoto\/#website"},"primaryImageOfPage":{"@id":"https:\/\/blogs.thesocialmedia.com\/leblogmoto\/2006\/06\/20\/motogp-hofman-e\/#primaryimage"},"image":{"@id":"https:\/\/blogs.thesocialmedia.com\/leblogmoto\/2006\/06\/20\/motogp-hofman-e\/#primaryimage"},"thumbnailUrl":"http:\/\/www.leblogmoto.com\/images\/050525_kawa.jpg","datePublished":"2006-06-20T18:41:39+00:00","dateModified":"2012-07-11T14:25:19+00:00","author":{"@id":"https:\/\/blogs.thesocialmedia.com\/leblogmoto\/#\/schema\/person\/1a1dcfc7cec206573105eb4af91155c2"},"breadcrumb":{"@id":"https:\/\/blogs.thesocialmedia.com\/leblogmoto\/2006\/06\/20\/motogp-hofman-e\/#breadcrumb"},"inLanguage":"fr-FR","potentialAction":[{"@type":"ReadAction","target":["https:\/\/blogs.thesocialmedia.com\/leblogmoto\/2006\/06\/20\/motogp-hofman-e\/"]}]},{"@type":"ImageObject","inLanguage":"fr-FR","@id":"https:\/\/blogs.thesocialmedia.com\/leblogmoto\/2006\/06\/20\/motogp-hofman-e\/#primaryimage","url":"http:\/\/www.leblogmoto.com\/images\/050525_kawa.jpg","contentUrl":"http:\/\/www.leblogmoto.com\/images\/050525_kawa.jpg"},{"@type":"BreadcrumbList","@id":"https:\/\/blogs.thesocialmedia.com\/leblogmoto\/2006\/06\/20\/motogp-hofman-e\/#breadcrumb","itemListElement":[{"@type":"ListItem","position":1,"name":"Accueil","item":"https:\/\/blogs.thesocialmedia.com\/leblogmoto\/"},{"@type":"ListItem","position":2,"name":"MotoGP: HOFMANN et SILVA, les \u00e9lus de DUCATI"}]},{"@type":"WebSite","@id":"https:\/\/blogs.thesocialmedia.com\/leblogmoto\/#website","url":"https:\/\/blogs.thesocialmedia.com\/leblogmoto\/","name":"leblogmoto","description":"Toute l&#039;actualit\u00e9 des 2 roues","potentialAction":[{"@type":"SearchAction","target":{"@type":"EntryPoint","urlTemplate":"https:\/\/blogs.thesocialmedia.com\/leblogmoto\/?s={search_term_string}"},"query-input":{"@type":"PropertyValueSpecification","valueRequired":true,"valueName":"search_term_string"}}],"inLanguage":"fr-FR"},{"@type":"Person","@id":"https:\/\/blogs.thesocialmedia.com\/leblogmoto\/#\/schema\/person\/1a1dcfc7cec206573105eb4af91155c2","name":"andre leconde","image":{"@type":"ImageObject","inLanguage":"fr-FR","@id":"https:\/\/blogs.thesocialmedia.com\/leblogmoto\/#\/schema\/person\/image\/","url":"https:\/\/secure.gravatar.com\/avatar\/?s=96&d=mm&r=g","contentUrl":"https:\/\/secure.gravatar.com\/avatar\/?s=96&d=mm&r=g","caption":"andre leconde"},"url":"https:\/\/blogs.thesocialmedia.com\/leblogmoto\/author\/andre-leconde\/"}]}},"_links":{"self":[{"href":"https:\/\/blogs.thesocialmedia.com\/leblogmoto\/wp-json\/wp\/v2\/posts\/1745","targetHints":{"allow":["GET"]}}],"collection":[{"href":"https:\/\/blogs.thesocialmedia.com\/leblogmoto\/wp-json\/wp\/v2\/posts"}],"about":[{"href":"https:\/\/blogs.thesocialmedia.com\/leblogmoto\/wp-json\/wp\/v2\/types\/post"}],"author":[{"embeddable":true,"href":"https:\/\/blogs.thesocialmedia.com\/leblogmoto\/wp-json\/wp\/v2\/users\/336"}],"replies":[{"embeddable":true,"href":"https:\/\/blogs.thesocialmedia.com\/leblogmoto\/wp-json\/wp\/v2\/comments?post=1745"}],"version-history":[{"count":2,"href":"https:\/\/blogs.thesocialmedia.com\/leblogmoto\/wp-json\/wp\/v2\/posts\/1745\/revisions"}],"predecessor-version":[{"id":7642,"href":"https:\/\/blogs.thesocialmedia.com\/leblogmoto\/wp-json\/wp\/v2\/posts\/1745\/revisions\/7642"}],"wp:attachment":[{"href":"https:\/\/blogs.thesocialmedia.com\/leblogmoto\/wp-json\/wp\/v2\/media?parent=1745"}],"wp:term":[{"taxonomy":"category","embeddable":true,"href":"https:\/\/blogs.thesocialmedia.com\/leblogmoto\/wp-json\/wp\/v2\/categories?post=1745"},{"taxonomy":"post_tag","embeddable":true,"href":"https:\/\/blogs.thesocialmedia.com\/leblogmoto\/wp-json\/wp\/v2\/tags?post=1745"}],"curies":[{"name":"wp","href":"https:\/\/api.w.org\/{rel}","templated":true}]}}