{"id":175,"date":"2009-04-22T17:06:03","date_gmt":"2009-04-22T17:06:03","guid":{"rendered":"http:\/\/blogs.thesocialmedia.com\/leblogmoto\/2009\/04\/22\/demo-fmx\/"},"modified":"2012-07-11T17:20:27","modified_gmt":"2012-07-11T17:20:27","slug":"demo-fmx","status":"publish","type":"post","link":"https:\/\/blogs.thesocialmedia.com\/leblogmoto\/2009\/04\/22\/demo-fmx\/","title":{"rendered":"Salon de Tours: sessions FMX en vid\u00e9os"},"content":{"rendered":"<p><a href=\"http:\/\/blogs.thesocialmedia.com\/leblogmoto\/files\/2012\/07\/6a00d83451b18369e201156f47596b970c-pi.jpg\"><img decoding=\"async\" alt=\"FMX - Tours 2009 04\" class=\"at-xid-6a00d83451b18369e201156f47596b970c \" src=\"http:\/\/blogs.thesocialmedia.com\/leblogmoto\/files\/2012\/07\/6a00d83451b18369e201156f47596b970c-500wi.jpg\" \/><\/a> &#160;&#160; <br \/>Pendant le salon de la moto de Tours en mars dernier les freestylers J\u00e9r\u00e9my Rouanet, d\u00e9sormais l&#039;un des trois meilleurs riders en France, et l&#039;italien Massimo Bianconcini ont assur\u00e9 le spectacle en effectuant des d\u00e9monstrations les samedi et dimanche apr\u00e8s midi en plus du show du samedi soir&#8230;<\/p>\n<\/p>\n<p><a href=\"http:\/\/blogs.thesocialmedia.com\/leblogmoto\/files\/2012\/07\/6a00d83451b18369e201156f3ebd02970c-pi.jpg\"><\/a><a href=\"http:\/\/clabedan.typepad.com\/.a\/6a00d83451b18369e20115703dd4c6970b-pi\"><img decoding=\"async\" alt=\"FMX - Tours 2009 03\" class=\"at-xid-6a00d83451b18369e20115703dd4c6970b \" src=\"http:\/\/blogs.thesocialmedia.com\/leblogmoto\/files\/2012\/07\/6a00d83451b18369e20115703dd4c6970b-500wi.jpg\" \/><\/a>  <\/p>\n<\/p>\n<div><object height=\"405\" width=\"480\"><param name=\"movie\" value=\"http:\/\/www.dailymotion.com\/swf\/x8wvhx_fmx-01-salon-moto-tours-2009_sport&amp;related=1\" \/><param name=\"allowFullScreen\" value=\"true\" \/><param name=\"allowScriptAccess\" value=\"always\" \/><embed height=\"405\" src=\"http:\/\/www.dailymotion.com\/swf\/x8wvhx_fmx-01-salon-moto-tours-2009_sport&amp;related=1\" type=\"application\/x-shockwave-flash\" width=\"480\" \/><\/object> <\/p>\n<div><object height=\"405\" width=\"480\"><param name=\"movie\" value=\"http:\/\/www.dailymotion.com\/swf\/x8wvy4_fmx-02-salon-moto-tours-2009_sport&amp;related=1\" \/><param name=\"allowFullScreen\" value=\"true\" \/><param name=\"allowScriptAccess\" value=\"always\" \/><embed height=\"405\" src=\"http:\/\/www.dailymotion.com\/swf\/x8wvy4_fmx-02-salon-moto-tours-2009_sport&amp;related=1\" type=\"application\/x-shockwave-flash\" width=\"480\" \/><\/object><br \/><strong><a href=\"http:\/\/www.dailymotion.com\/video\/x8wvy4_fmx-02-salon-moto-tours-2009_sport\"><\/a><\/strong><em><a href=\"http:\/\/www.dailymotion.com\/Quart2Tours\"><br \/><\/a><\/em><\/div>\n<\/p><\/div>\n","protected":false},"excerpt":{"rendered":"<p>&#160;&#160; Pendant le salon de la moto de Tours en mars dernier les freestylers J\u00e9r\u00e9my Rouanet, d\u00e9sormais l&#039;un des trois meilleurs riders en France, et l&#039;italien Massimo Bianconcini ont assur\u00e9 le spectacle en effectuant des d\u00e9monstrations les samedi et dimanche apr\u00e8s midi en plus du show du samedi soir&#8230;<\/p>\n","protected":false},"author":323,"featured_media":13324,"comment_status":"open","ping_status":"open","sticky":false,"template":"","format":"standard","meta":{"footnotes":""},"categories":[3,40,39,32,12],"tags":[],"class_list":["post-175","post","type-post","status-publish","format-standard","has-post-thumbnail","hentry","category-actualite","category-fmx","category-ktm","category-sport-moto","category-videos"],"yoast_head":"<!-- This site is optimized with the Yoast SEO plugin v26.0 - https:\/\/yoast.com\/wordpress\/plugins\/seo\/ -->\n<title>Salon de Tours: sessions FMX en vid\u00e9os - leblogmoto.com<\/title>\n<meta name=\"robots\" content=\"index, follow, max-snippet:-1, max-image-preview:large, max-video-preview:-1\" \/>\n<link rel=\"canonical\" href=\"https:\/\/blogs.thesocialmedia.com\/leblogmoto\/2009\/04\/22\/demo-fmx\/\" \/>\n<meta name=\"twitter:card\" content=\"summary_large_image\" \/>\n<meta name=\"twitter:title\" content=\"Salon de Tours: sessions FMX en vid\u00e9os - leblogmoto.com\" \/>\n<meta name=\"twitter:description\" content=\"&#160;&#160; Pendant le salon de la moto de Tours en mars dernier les freestylers J\u00e9r\u00e9my Rouanet, d\u00e9sormais l&#039;un des trois meilleurs riders en France, et l&#039;italien Massimo Bianconcini ont assur\u00e9 le spectacle en effectuant des d\u00e9monstrations les samedi et dimanche apr\u00e8s midi en plus du show du samedi soir&#8230;\" \/>\n<meta name=\"twitter:image\" content=\"https:\/\/blogs.thesocialmedia.com\/leblogmoto\/files\/2012\/07\/6a00d83451b18369e201156f47596b970c-500wi.jpg\" \/>\n<meta name=\"twitter:label1\" content=\"\u00c9crit par\" \/>\n\t<meta name=\"twitter:data1\" content=\"albin le guyader\" \/>\n<script type=\"application\/ld+json\" class=\"yoast-schema-graph\">{\"@context\":\"https:\/\/schema.org\",\"@graph\":[{\"@type\":\"WebPage\",\"@id\":\"https:\/\/blogs.thesocialmedia.com\/leblogmoto\/2009\/04\/22\/demo-fmx\/\",\"url\":\"https:\/\/blogs.thesocialmedia.com\/leblogmoto\/2009\/04\/22\/demo-fmx\/\",\"name\":\"Salon de Tours: sessions FMX en vid\u00e9os - leblogmoto.com\",\"isPartOf\":{\"@id\":\"https:\/\/blogs.thesocialmedia.com\/leblogmoto\/#website\"},\"primaryImageOfPage\":{\"@id\":\"https:\/\/blogs.thesocialmedia.com\/leblogmoto\/2009\/04\/22\/demo-fmx\/#primaryimage\"},\"image\":{\"@id\":\"https:\/\/blogs.thesocialmedia.com\/leblogmoto\/2009\/04\/22\/demo-fmx\/#primaryimage\"},\"thumbnailUrl\":\"https:\/\/blogs.thesocialmedia.com\/leblogmoto\/files\/2012\/07\/6a00d83451b18369e201156f47596b970c-500wi.jpg\",\"datePublished\":\"2009-04-22T17:06:03+00:00\",\"dateModified\":\"2012-07-11T17:20:27+00:00\",\"author\":{\"@id\":\"https:\/\/blogs.thesocialmedia.com\/leblogmoto\/#\/schema\/person\/b496d27c898c29a39678e2425cafb9ae\"},\"breadcrumb\":{\"@id\":\"https:\/\/blogs.thesocialmedia.com\/leblogmoto\/2009\/04\/22\/demo-fmx\/#breadcrumb\"},\"inLanguage\":\"fr-FR\",\"potentialAction\":[{\"@type\":\"ReadAction\",\"target\":[\"https:\/\/blogs.thesocialmedia.com\/leblogmoto\/2009\/04\/22\/demo-fmx\/\"]}]},{\"@type\":\"ImageObject\",\"inLanguage\":\"fr-FR\",\"@id\":\"https:\/\/blogs.thesocialmedia.com\/leblogmoto\/2009\/04\/22\/demo-fmx\/#primaryimage\",\"url\":\"https:\/\/blogs.thesocialmedia.com\/leblogmoto\/files\/2012\/07\/6a00d83451b18369e201156f47596b970c-500wi.jpg\",\"contentUrl\":\"https:\/\/blogs.thesocialmedia.com\/leblogmoto\/files\/2012\/07\/6a00d83451b18369e201156f47596b970c-500wi.jpg\",\"width\":\"500\",\"height\":\"406\"},{\"@type\":\"BreadcrumbList\",\"@id\":\"https:\/\/blogs.thesocialmedia.com\/leblogmoto\/2009\/04\/22\/demo-fmx\/#breadcrumb\",\"itemListElement\":[{\"@type\":\"ListItem\",\"position\":1,\"name\":\"Accueil\",\"item\":\"https:\/\/blogs.thesocialmedia.com\/leblogmoto\/\"},{\"@type\":\"ListItem\",\"position\":2,\"name\":\"Salon de Tours: sessions FMX en vid\u00e9os\"}]},{\"@type\":\"WebSite\",\"@id\":\"https:\/\/blogs.thesocialmedia.com\/leblogmoto\/#website\",\"url\":\"https:\/\/blogs.thesocialmedia.com\/leblogmoto\/\",\"name\":\"leblogmoto\",\"description\":\"Toute l&#039;actualit\u00e9 des 2 roues\",\"potentialAction\":[{\"@type\":\"SearchAction\",\"target\":{\"@type\":\"EntryPoint\",\"urlTemplate\":\"https:\/\/blogs.thesocialmedia.com\/leblogmoto\/?s={search_term_string}\"},\"query-input\":{\"@type\":\"PropertyValueSpecification\",\"valueRequired\":true,\"valueName\":\"search_term_string\"}}],\"inLanguage\":\"fr-FR\"},{\"@type\":\"Person\",\"@id\":\"https:\/\/blogs.thesocialmedia.com\/leblogmoto\/#\/schema\/person\/b496d27c898c29a39678e2425cafb9ae\",\"name\":\"albin le guyader\",\"image\":{\"@type\":\"ImageObject\",\"inLanguage\":\"fr-FR\",\"@id\":\"https:\/\/blogs.thesocialmedia.com\/leblogmoto\/#\/schema\/person\/image\/\",\"url\":\"https:\/\/secure.gravatar.com\/avatar\/?s=96&d=mm&r=g\",\"contentUrl\":\"https:\/\/secure.gravatar.com\/avatar\/?s=96&d=mm&r=g\",\"caption\":\"albin le guyader\"},\"url\":\"https:\/\/blogs.thesocialmedia.com\/leblogmoto\/author\/albin-le-guyader\/\"}]}<\/script>\n<!-- \/ Yoast SEO plugin. -->","yoast_head_json":{"title":"Salon de Tours: sessions FMX en vid\u00e9os - leblogmoto.com","robots":{"index":"index","follow":"follow","max-snippet":"max-snippet:-1","max-image-preview":"max-image-preview:large","max-video-preview":"max-video-preview:-1"},"canonical":"https:\/\/blogs.thesocialmedia.com\/leblogmoto\/2009\/04\/22\/demo-fmx\/","twitter_card":"summary_large_image","twitter_title":"Salon de Tours: sessions FMX en vid\u00e9os - leblogmoto.com","twitter_description":"&#160;&#160; Pendant le salon de la moto de Tours en mars dernier les freestylers J\u00e9r\u00e9my Rouanet, d\u00e9sormais l&#039;un des trois meilleurs riders en France, et l&#039;italien Massimo Bianconcini ont assur\u00e9 le spectacle en effectuant des d\u00e9monstrations les samedi et dimanche apr\u00e8s midi en plus du show du samedi soir&#8230;","twitter_image":"https:\/\/blogs.thesocialmedia.com\/leblogmoto\/files\/2012\/07\/6a00d83451b18369e201156f47596b970c-500wi.jpg","twitter_misc":{"\u00c9crit par":"albin le guyader"},"schema":{"@context":"https:\/\/schema.org","@graph":[{"@type":"WebPage","@id":"https:\/\/blogs.thesocialmedia.com\/leblogmoto\/2009\/04\/22\/demo-fmx\/","url":"https:\/\/blogs.thesocialmedia.com\/leblogmoto\/2009\/04\/22\/demo-fmx\/","name":"Salon de Tours: sessions FMX en vid\u00e9os - leblogmoto.com","isPartOf":{"@id":"https:\/\/blogs.thesocialmedia.com\/leblogmoto\/#website"},"primaryImageOfPage":{"@id":"https:\/\/blogs.thesocialmedia.com\/leblogmoto\/2009\/04\/22\/demo-fmx\/#primaryimage"},"image":{"@id":"https:\/\/blogs.thesocialmedia.com\/leblogmoto\/2009\/04\/22\/demo-fmx\/#primaryimage"},"thumbnailUrl":"https:\/\/blogs.thesocialmedia.com\/leblogmoto\/files\/2012\/07\/6a00d83451b18369e201156f47596b970c-500wi.jpg","datePublished":"2009-04-22T17:06:03+00:00","dateModified":"2012-07-11T17:20:27+00:00","author":{"@id":"https:\/\/blogs.thesocialmedia.com\/leblogmoto\/#\/schema\/person\/b496d27c898c29a39678e2425cafb9ae"},"breadcrumb":{"@id":"https:\/\/blogs.thesocialmedia.com\/leblogmoto\/2009\/04\/22\/demo-fmx\/#breadcrumb"},"inLanguage":"fr-FR","potentialAction":[{"@type":"ReadAction","target":["https:\/\/blogs.thesocialmedia.com\/leblogmoto\/2009\/04\/22\/demo-fmx\/"]}]},{"@type":"ImageObject","inLanguage":"fr-FR","@id":"https:\/\/blogs.thesocialmedia.com\/leblogmoto\/2009\/04\/22\/demo-fmx\/#primaryimage","url":"https:\/\/blogs.thesocialmedia.com\/leblogmoto\/files\/2012\/07\/6a00d83451b18369e201156f47596b970c-500wi.jpg","contentUrl":"https:\/\/blogs.thesocialmedia.com\/leblogmoto\/files\/2012\/07\/6a00d83451b18369e201156f47596b970c-500wi.jpg","width":"500","height":"406"},{"@type":"BreadcrumbList","@id":"https:\/\/blogs.thesocialmedia.com\/leblogmoto\/2009\/04\/22\/demo-fmx\/#breadcrumb","itemListElement":[{"@type":"ListItem","position":1,"name":"Accueil","item":"https:\/\/blogs.thesocialmedia.com\/leblogmoto\/"},{"@type":"ListItem","position":2,"name":"Salon de Tours: sessions FMX en vid\u00e9os"}]},{"@type":"WebSite","@id":"https:\/\/blogs.thesocialmedia.com\/leblogmoto\/#website","url":"https:\/\/blogs.thesocialmedia.com\/leblogmoto\/","name":"leblogmoto","description":"Toute l&#039;actualit\u00e9 des 2 roues","potentialAction":[{"@type":"SearchAction","target":{"@type":"EntryPoint","urlTemplate":"https:\/\/blogs.thesocialmedia.com\/leblogmoto\/?s={search_term_string}"},"query-input":{"@type":"PropertyValueSpecification","valueRequired":true,"valueName":"search_term_string"}}],"inLanguage":"fr-FR"},{"@type":"Person","@id":"https:\/\/blogs.thesocialmedia.com\/leblogmoto\/#\/schema\/person\/b496d27c898c29a39678e2425cafb9ae","name":"albin le guyader","image":{"@type":"ImageObject","inLanguage":"fr-FR","@id":"https:\/\/blogs.thesocialmedia.com\/leblogmoto\/#\/schema\/person\/image\/","url":"https:\/\/secure.gravatar.com\/avatar\/?s=96&d=mm&r=g","contentUrl":"https:\/\/secure.gravatar.com\/avatar\/?s=96&d=mm&r=g","caption":"albin le guyader"},"url":"https:\/\/blogs.thesocialmedia.com\/leblogmoto\/author\/albin-le-guyader\/"}]}},"_links":{"self":[{"href":"https:\/\/blogs.thesocialmedia.com\/leblogmoto\/wp-json\/wp\/v2\/posts\/175","targetHints":{"allow":["GET"]}}],"collection":[{"href":"https:\/\/blogs.thesocialmedia.com\/leblogmoto\/wp-json\/wp\/v2\/posts"}],"about":[{"href":"https:\/\/blogs.thesocialmedia.com\/leblogmoto\/wp-json\/wp\/v2\/types\/post"}],"author":[{"embeddable":true,"href":"https:\/\/blogs.thesocialmedia.com\/leblogmoto\/wp-json\/wp\/v2\/users\/323"}],"replies":[{"embeddable":true,"href":"https:\/\/blogs.thesocialmedia.com\/leblogmoto\/wp-json\/wp\/v2\/comments?post=175"}],"version-history":[{"count":2,"href":"https:\/\/blogs.thesocialmedia.com\/leblogmoto\/wp-json\/wp\/v2\/posts\/175\/revisions"}],"predecessor-version":[{"id":13328,"href":"https:\/\/blogs.thesocialmedia.com\/leblogmoto\/wp-json\/wp\/v2\/posts\/175\/revisions\/13328"}],"wp:featuredmedia":[{"embeddable":true,"href":"https:\/\/blogs.thesocialmedia.com\/leblogmoto\/wp-json\/wp\/v2\/media\/13324"}],"wp:attachment":[{"href":"https:\/\/blogs.thesocialmedia.com\/leblogmoto\/wp-json\/wp\/v2\/media?parent=175"}],"wp:term":[{"taxonomy":"category","embeddable":true,"href":"https:\/\/blogs.thesocialmedia.com\/leblogmoto\/wp-json\/wp\/v2\/categories?post=175"},{"taxonomy":"post_tag","embeddable":true,"href":"https:\/\/blogs.thesocialmedia.com\/leblogmoto\/wp-json\/wp\/v2\/tags?post=175"}],"curies":[{"name":"wp","href":"https:\/\/api.w.org\/{rel}","templated":true}]}}