{"id":1750,"date":"2006-06-19T19:18:53","date_gmt":"2006-06-19T19:18:53","guid":{"rendered":"http:\/\/blogs.thesocialmedia.com\/leblogmoto\/2006\/06\/19\/le-big-bang-du\/"},"modified":"2012-07-11T14:25:09","modified_gmt":"2012-07-11T14:25:09","slug":"le-big-bang-du","status":"publish","type":"post","link":"https:\/\/blogs.thesocialmedia.com\/leblogmoto\/2006\/06\/19\/le-big-bang-du\/","title":{"rendered":"Le BIG BANG du CATALUNYA en images"},"content":{"rendered":"<p><a href=\"http:\/\/blogs.thesocialmedia.com\/leblogmoto\/files\/2012\/07\/2_19.jpg\"><img loading=\"lazy\" decoding=\"async\" height=\"186\" alt=\"2_19\" src=\"http:\/\/www.leblogmoto.com\/images\/2_19.jpg\" width=\"250\"  \/><\/a>Voici ci-dessous, <strong>trois vid\u00e9os<\/strong> du carambolage effrayant du d\u00e9part du <a href=\"http:\/\/www.leblogmoto.com\/2006\/06\/motogp_cataluny.html\">GP de CATALUNYA<\/a>.<\/p>\n<p>Trois documents qui donnent froid dans le dos et qui font dire qu&rsquo;il y a bien eu <a href=\"http:\/\/www.leblogmoto.com\/2006\/06\/dpart_catalunya.html\">un miracle<\/a> sur le circuit de Montmelo.<\/p>\n<p>C\u00f4t\u00e9 bilan de sant\u00e9, <strong>CAPIROSSI<\/strong>, diminu\u00e9, sera \u00e0 ASSEN, <strong>MELANDRI<\/strong> attendra dans le paddock l&rsquo;avis m\u00e9dical, Marco, qui, de l&rsquo;aveu du <strong>Docteur COSTA<\/strong> a fris\u00e9 la paralysie.<\/p>\n<p>Quant \u00e0 <strong>GIBERNAU<\/strong>, il a \u00e9t\u00e9 op\u00e9r\u00e9 et ne sera donc pas du voyage batave. Maintenant, place aux images&#8230;<\/p>\n<p><embed src=\"http:\/\/www.youtube.com\/v\/Nm0JQi1pvPw\" width=\"425\" height=\"350\" type=\"application\/x-shockwave-flash\"><\/embed><\/p>\n<p><embed src=\"http:\/\/www.youtube.com\/v\/_A_Cy2azSwU\" width=\"425\" height=\"350\" type=\"application\/x-shockwave-flash\"><\/embed><\/p>\n<p><param value=\"http:\/\/www.youtube.com\/v\/MtTENhzI6WY\" name=\"movie\" \/><embed src=\"http:\/\/www.youtube.com\/v\/MtTENhzI6WY\" width=\"425\" height=\"350\" type=\"application\/x-shockwave-flash\"><\/embed> <\/p>\n<p>Effrayant non ? &#8230;<\/p>\n","protected":false},"excerpt":{"rendered":"<p>Voici ci-dessous, trois vid\u00e9os du carambolage effrayant du d\u00e9part du GP de CATALUNYA. Trois documents qui donnent froid dans le dos et qui font dire qu&rsquo;il y a bien eu un miracle sur le circuit de Montmelo. C\u00f4t\u00e9 bilan de sant\u00e9, CAPIROSSI, diminu\u00e9, sera \u00e0 ASSEN, MELANDRI attendra dans le paddock l&rsquo;avis m\u00e9dical, Marco, qui, [&hellip;]<\/p>\n","protected":false},"author":336,"featured_media":0,"comment_status":"open","ping_status":"open","sticky":false,"template":"","format":"standard","meta":{"footnotes":""},"categories":[3,22,32,12],"tags":[],"class_list":["post-1750","post","type-post","status-publish","format-standard","hentry","category-actualite","category-motogp","category-sport-moto","category-videos"],"yoast_head":"<!-- This site is optimized with the Yoast SEO plugin v26.0 - https:\/\/yoast.com\/wordpress\/plugins\/seo\/ -->\n<title>Le BIG BANG du CATALUNYA en images - leblogmoto.com<\/title>\n<meta name=\"robots\" content=\"index, follow, max-snippet:-1, max-image-preview:large, max-video-preview:-1\" \/>\n<link rel=\"canonical\" href=\"https:\/\/blogs.thesocialmedia.com\/leblogmoto\/2006\/06\/19\/le-big-bang-du\/\" \/>\n<meta name=\"twitter:card\" content=\"summary_large_image\" \/>\n<meta name=\"twitter:title\" content=\"Le BIG BANG du CATALUNYA en images - leblogmoto.com\" \/>\n<meta name=\"twitter:description\" content=\"Voici ci-dessous, trois vid\u00e9os du carambolage effrayant du d\u00e9part du GP de CATALUNYA. Trois documents qui donnent froid dans le dos et qui font dire qu&rsquo;il y a bien eu un miracle sur le circuit de Montmelo. C\u00f4t\u00e9 bilan de sant\u00e9, CAPIROSSI, diminu\u00e9, sera \u00e0 ASSEN, MELANDRI attendra dans le paddock l&rsquo;avis m\u00e9dical, Marco, qui, [&hellip;]\" \/>\n<meta name=\"twitter:image\" content=\"http:\/\/www.leblogmoto.com\/images\/2_19.jpg\" \/>\n<meta name=\"twitter:label1\" content=\"\u00c9crit par\" \/>\n\t<meta name=\"twitter:data1\" content=\"andre leconde\" \/>\n<script type=\"application\/ld+json\" class=\"yoast-schema-graph\">{\"@context\":\"https:\/\/schema.org\",\"@graph\":[{\"@type\":\"WebPage\",\"@id\":\"https:\/\/blogs.thesocialmedia.com\/leblogmoto\/2006\/06\/19\/le-big-bang-du\/\",\"url\":\"https:\/\/blogs.thesocialmedia.com\/leblogmoto\/2006\/06\/19\/le-big-bang-du\/\",\"name\":\"Le BIG BANG du CATALUNYA en images - leblogmoto.com\",\"isPartOf\":{\"@id\":\"https:\/\/blogs.thesocialmedia.com\/leblogmoto\/#website\"},\"primaryImageOfPage\":{\"@id\":\"https:\/\/blogs.thesocialmedia.com\/leblogmoto\/2006\/06\/19\/le-big-bang-du\/#primaryimage\"},\"image\":{\"@id\":\"https:\/\/blogs.thesocialmedia.com\/leblogmoto\/2006\/06\/19\/le-big-bang-du\/#primaryimage\"},\"thumbnailUrl\":\"http:\/\/www.leblogmoto.com\/images\/2_19.jpg\",\"datePublished\":\"2006-06-19T19:18:53+00:00\",\"dateModified\":\"2012-07-11T14:25:09+00:00\",\"author\":{\"@id\":\"https:\/\/blogs.thesocialmedia.com\/leblogmoto\/#\/schema\/person\/1a1dcfc7cec206573105eb4af91155c2\"},\"breadcrumb\":{\"@id\":\"https:\/\/blogs.thesocialmedia.com\/leblogmoto\/2006\/06\/19\/le-big-bang-du\/#breadcrumb\"},\"inLanguage\":\"fr-FR\",\"potentialAction\":[{\"@type\":\"ReadAction\",\"target\":[\"https:\/\/blogs.thesocialmedia.com\/leblogmoto\/2006\/06\/19\/le-big-bang-du\/\"]}]},{\"@type\":\"ImageObject\",\"inLanguage\":\"fr-FR\",\"@id\":\"https:\/\/blogs.thesocialmedia.com\/leblogmoto\/2006\/06\/19\/le-big-bang-du\/#primaryimage\",\"url\":\"http:\/\/www.leblogmoto.com\/images\/2_19.jpg\",\"contentUrl\":\"http:\/\/www.leblogmoto.com\/images\/2_19.jpg\"},{\"@type\":\"BreadcrumbList\",\"@id\":\"https:\/\/blogs.thesocialmedia.com\/leblogmoto\/2006\/06\/19\/le-big-bang-du\/#breadcrumb\",\"itemListElement\":[{\"@type\":\"ListItem\",\"position\":1,\"name\":\"Accueil\",\"item\":\"https:\/\/blogs.thesocialmedia.com\/leblogmoto\/\"},{\"@type\":\"ListItem\",\"position\":2,\"name\":\"Le BIG BANG du CATALUNYA en images\"}]},{\"@type\":\"WebSite\",\"@id\":\"https:\/\/blogs.thesocialmedia.com\/leblogmoto\/#website\",\"url\":\"https:\/\/blogs.thesocialmedia.com\/leblogmoto\/\",\"name\":\"leblogmoto\",\"description\":\"Toute l&#039;actualit\u00e9 des 2 roues\",\"potentialAction\":[{\"@type\":\"SearchAction\",\"target\":{\"@type\":\"EntryPoint\",\"urlTemplate\":\"https:\/\/blogs.thesocialmedia.com\/leblogmoto\/?s={search_term_string}\"},\"query-input\":{\"@type\":\"PropertyValueSpecification\",\"valueRequired\":true,\"valueName\":\"search_term_string\"}}],\"inLanguage\":\"fr-FR\"},{\"@type\":\"Person\",\"@id\":\"https:\/\/blogs.thesocialmedia.com\/leblogmoto\/#\/schema\/person\/1a1dcfc7cec206573105eb4af91155c2\",\"name\":\"andre leconde\",\"image\":{\"@type\":\"ImageObject\",\"inLanguage\":\"fr-FR\",\"@id\":\"https:\/\/blogs.thesocialmedia.com\/leblogmoto\/#\/schema\/person\/image\/\",\"url\":\"https:\/\/secure.gravatar.com\/avatar\/?s=96&d=mm&r=g\",\"contentUrl\":\"https:\/\/secure.gravatar.com\/avatar\/?s=96&d=mm&r=g\",\"caption\":\"andre leconde\"},\"url\":\"https:\/\/blogs.thesocialmedia.com\/leblogmoto\/author\/andre-leconde\/\"}]}<\/script>\n<!-- \/ Yoast SEO plugin. -->","yoast_head_json":{"title":"Le BIG BANG du CATALUNYA en images - leblogmoto.com","robots":{"index":"index","follow":"follow","max-snippet":"max-snippet:-1","max-image-preview":"max-image-preview:large","max-video-preview":"max-video-preview:-1"},"canonical":"https:\/\/blogs.thesocialmedia.com\/leblogmoto\/2006\/06\/19\/le-big-bang-du\/","twitter_card":"summary_large_image","twitter_title":"Le BIG BANG du CATALUNYA en images - leblogmoto.com","twitter_description":"Voici ci-dessous, trois vid\u00e9os du carambolage effrayant du d\u00e9part du GP de CATALUNYA. Trois documents qui donnent froid dans le dos et qui font dire qu&rsquo;il y a bien eu un miracle sur le circuit de Montmelo. C\u00f4t\u00e9 bilan de sant\u00e9, CAPIROSSI, diminu\u00e9, sera \u00e0 ASSEN, MELANDRI attendra dans le paddock l&rsquo;avis m\u00e9dical, Marco, qui, [&hellip;]","twitter_image":"http:\/\/www.leblogmoto.com\/images\/2_19.jpg","twitter_misc":{"\u00c9crit par":"andre leconde"},"schema":{"@context":"https:\/\/schema.org","@graph":[{"@type":"WebPage","@id":"https:\/\/blogs.thesocialmedia.com\/leblogmoto\/2006\/06\/19\/le-big-bang-du\/","url":"https:\/\/blogs.thesocialmedia.com\/leblogmoto\/2006\/06\/19\/le-big-bang-du\/","name":"Le BIG BANG du CATALUNYA en images - leblogmoto.com","isPartOf":{"@id":"https:\/\/blogs.thesocialmedia.com\/leblogmoto\/#website"},"primaryImageOfPage":{"@id":"https:\/\/blogs.thesocialmedia.com\/leblogmoto\/2006\/06\/19\/le-big-bang-du\/#primaryimage"},"image":{"@id":"https:\/\/blogs.thesocialmedia.com\/leblogmoto\/2006\/06\/19\/le-big-bang-du\/#primaryimage"},"thumbnailUrl":"http:\/\/www.leblogmoto.com\/images\/2_19.jpg","datePublished":"2006-06-19T19:18:53+00:00","dateModified":"2012-07-11T14:25:09+00:00","author":{"@id":"https:\/\/blogs.thesocialmedia.com\/leblogmoto\/#\/schema\/person\/1a1dcfc7cec206573105eb4af91155c2"},"breadcrumb":{"@id":"https:\/\/blogs.thesocialmedia.com\/leblogmoto\/2006\/06\/19\/le-big-bang-du\/#breadcrumb"},"inLanguage":"fr-FR","potentialAction":[{"@type":"ReadAction","target":["https:\/\/blogs.thesocialmedia.com\/leblogmoto\/2006\/06\/19\/le-big-bang-du\/"]}]},{"@type":"ImageObject","inLanguage":"fr-FR","@id":"https:\/\/blogs.thesocialmedia.com\/leblogmoto\/2006\/06\/19\/le-big-bang-du\/#primaryimage","url":"http:\/\/www.leblogmoto.com\/images\/2_19.jpg","contentUrl":"http:\/\/www.leblogmoto.com\/images\/2_19.jpg"},{"@type":"BreadcrumbList","@id":"https:\/\/blogs.thesocialmedia.com\/leblogmoto\/2006\/06\/19\/le-big-bang-du\/#breadcrumb","itemListElement":[{"@type":"ListItem","position":1,"name":"Accueil","item":"https:\/\/blogs.thesocialmedia.com\/leblogmoto\/"},{"@type":"ListItem","position":2,"name":"Le BIG BANG du CATALUNYA en images"}]},{"@type":"WebSite","@id":"https:\/\/blogs.thesocialmedia.com\/leblogmoto\/#website","url":"https:\/\/blogs.thesocialmedia.com\/leblogmoto\/","name":"leblogmoto","description":"Toute l&#039;actualit\u00e9 des 2 roues","potentialAction":[{"@type":"SearchAction","target":{"@type":"EntryPoint","urlTemplate":"https:\/\/blogs.thesocialmedia.com\/leblogmoto\/?s={search_term_string}"},"query-input":{"@type":"PropertyValueSpecification","valueRequired":true,"valueName":"search_term_string"}}],"inLanguage":"fr-FR"},{"@type":"Person","@id":"https:\/\/blogs.thesocialmedia.com\/leblogmoto\/#\/schema\/person\/1a1dcfc7cec206573105eb4af91155c2","name":"andre leconde","image":{"@type":"ImageObject","inLanguage":"fr-FR","@id":"https:\/\/blogs.thesocialmedia.com\/leblogmoto\/#\/schema\/person\/image\/","url":"https:\/\/secure.gravatar.com\/avatar\/?s=96&d=mm&r=g","contentUrl":"https:\/\/secure.gravatar.com\/avatar\/?s=96&d=mm&r=g","caption":"andre leconde"},"url":"https:\/\/blogs.thesocialmedia.com\/leblogmoto\/author\/andre-leconde\/"}]}},"_links":{"self":[{"href":"https:\/\/blogs.thesocialmedia.com\/leblogmoto\/wp-json\/wp\/v2\/posts\/1750","targetHints":{"allow":["GET"]}}],"collection":[{"href":"https:\/\/blogs.thesocialmedia.com\/leblogmoto\/wp-json\/wp\/v2\/posts"}],"about":[{"href":"https:\/\/blogs.thesocialmedia.com\/leblogmoto\/wp-json\/wp\/v2\/types\/post"}],"author":[{"embeddable":true,"href":"https:\/\/blogs.thesocialmedia.com\/leblogmoto\/wp-json\/wp\/v2\/users\/336"}],"replies":[{"embeddable":true,"href":"https:\/\/blogs.thesocialmedia.com\/leblogmoto\/wp-json\/wp\/v2\/comments?post=1750"}],"version-history":[{"count":2,"href":"https:\/\/blogs.thesocialmedia.com\/leblogmoto\/wp-json\/wp\/v2\/posts\/1750\/revisions"}],"predecessor-version":[{"id":7631,"href":"https:\/\/blogs.thesocialmedia.com\/leblogmoto\/wp-json\/wp\/v2\/posts\/1750\/revisions\/7631"}],"wp:attachment":[{"href":"https:\/\/blogs.thesocialmedia.com\/leblogmoto\/wp-json\/wp\/v2\/media?parent=1750"}],"wp:term":[{"taxonomy":"category","embeddable":true,"href":"https:\/\/blogs.thesocialmedia.com\/leblogmoto\/wp-json\/wp\/v2\/categories?post=1750"},{"taxonomy":"post_tag","embeddable":true,"href":"https:\/\/blogs.thesocialmedia.com\/leblogmoto\/wp-json\/wp\/v2\/tags?post=1750"}],"curies":[{"name":"wp","href":"https:\/\/api.w.org\/{rel}","templated":true}]}}