{"id":1753,"date":"2006-06-18T22:20:42","date_gmt":"2006-06-18T22:20:42","guid":{"rendered":"http:\/\/blogs.thesocialmedia.com\/leblogmoto\/2006\/06\/18\/125-catalunya-a\/"},"modified":"2012-07-11T14:25:06","modified_gmt":"2012-07-11T14:25:06","slug":"125-catalunya-a","status":"publish","type":"post","link":"https:\/\/blogs.thesocialmedia.com\/leblogmoto\/2006\/06\/18\/125-catalunya-a\/","title":{"rendered":"125 CATALUNYA: A BAUTISTA l&rsquo;Aspar Cup"},"content":{"rendered":"<p><a href=\"http:\/\/blogs.thesocialmedia.com\/leblogmoto\/files\/2012\/07\/zoom3_01734.jpg\"><img loading=\"lazy\" decoding=\"async\" height=\"333\" alt=\"Zoom3_01734\" src=\"http:\/\/www.leblogmoto.com\/images\/zoom3_01734.jpg\" width=\"250\"  \/><\/a>Le <a href=\"http:\/\/www.leblogmoto.com\/2006\/06\/motogp_cataluny.html\">circuit de Montmelo<\/a> a \u00e9t\u00e9 pour la <strong>125 <\/strong>une v\u00e9ritable d\u00e9monstration de force du <strong>team MVA APRILIA<\/strong> manag\u00e9 par <strong>Aspar MARTINEZ<\/strong>.<\/p>\n<p>Le poleman et plus que jamais leader du championnat s&rsquo;est adjug\u00e9 la victoire \u00e0 domicile, devant ses compatriotes et \u00e9quipiers <a href=\"http:\/\/www.leblogmoto.com\/2006\/04\/125_turquie_fau.html\">FAUBEL<\/a> et <strong>GADEA<\/strong>.<\/p>\n<p><a href=\"http:\/\/www.leblogmoto.com\/2006\/03\/125_pasini_prem.html\">PASINI<\/a>, autre \u00e9quipier, termine quatri\u00e8me, devant <strong>PESEK<\/strong> et sa DERBI \u00e0 la m\u00e9canique de NOALLE. <strong>L\u00dcTHI<\/strong> termine avec sa HONDA \u00e0 une belle sixi\u00e8me position. Le Suisse ne l\u00e2che pas l&rsquo;affaire et honore son titre, avec une clavicule toujours douloureuse.<\/p>\n<p>Pour les Fran\u00e7ais, ce n&rsquo;est pas la m\u00eame chanson. <strong>MASBOU<\/strong> n&rsquo;a pas fini le premier tour alors que <strong>DI MEGLIO<\/strong> est dix huiti\u00e8me, soit nul part.<\/p>\n<p>Au championnat, BAUTISTA s&rsquo;envole avec <strong>144<\/strong> points devant KALLIO <strong>88<\/strong> et PASINI <strong>87<\/strong>. Le Finlandais a perdu gros dans ce d\u00e9placement, tout comme KTM qui n&rsquo;a pas scor\u00e9.&nbsp; &nbsp;<\/p>\n","protected":false},"excerpt":{"rendered":"<p>Le circuit de Montmelo a \u00e9t\u00e9 pour la 125 une v\u00e9ritable d\u00e9monstration de force du team MVA APRILIA manag\u00e9 par Aspar MARTINEZ. Le poleman et plus que jamais leader du championnat s&rsquo;est adjug\u00e9 la victoire \u00e0 domicile, devant ses compatriotes et \u00e9quipiers FAUBEL et GADEA. PASINI, autre \u00e9quipier, termine quatri\u00e8me, devant PESEK et sa DERBI [&hellip;]<\/p>\n","protected":false},"author":336,"featured_media":0,"comment_status":"open","ping_status":"open","sticky":false,"template":"","format":"standard","meta":{"footnotes":""},"categories":[3,31,22,32],"tags":[],"class_list":["post-1753","post","type-post","status-publish","format-standard","hentry","category-actualite","category-aprilia","category-motogp","category-sport-moto"],"yoast_head":"<!-- This site is optimized with the Yoast SEO plugin v26.0 - https:\/\/yoast.com\/wordpress\/plugins\/seo\/ -->\n<title>125 CATALUNYA: A BAUTISTA l&#039;Aspar Cup - leblogmoto.com<\/title>\n<meta name=\"robots\" content=\"index, follow, max-snippet:-1, max-image-preview:large, max-video-preview:-1\" \/>\n<link rel=\"canonical\" href=\"https:\/\/blogs.thesocialmedia.com\/leblogmoto\/2006\/06\/18\/125-catalunya-a\/\" \/>\n<meta name=\"twitter:card\" content=\"summary_large_image\" \/>\n<meta name=\"twitter:title\" content=\"125 CATALUNYA: A BAUTISTA l&#039;Aspar Cup - leblogmoto.com\" \/>\n<meta name=\"twitter:description\" content=\"Le circuit de Montmelo a \u00e9t\u00e9 pour la 125 une v\u00e9ritable d\u00e9monstration de force du team MVA APRILIA manag\u00e9 par Aspar MARTINEZ. Le poleman et plus que jamais leader du championnat s&rsquo;est adjug\u00e9 la victoire \u00e0 domicile, devant ses compatriotes et \u00e9quipiers FAUBEL et GADEA. PASINI, autre \u00e9quipier, termine quatri\u00e8me, devant PESEK et sa DERBI [&hellip;]\" \/>\n<meta name=\"twitter:image\" content=\"http:\/\/www.leblogmoto.com\/images\/zoom3_01734.jpg\" \/>\n<meta name=\"twitter:label1\" content=\"\u00c9crit par\" \/>\n\t<meta name=\"twitter:data1\" content=\"andre leconde\" \/>\n\t<meta name=\"twitter:label2\" content=\"Dur\u00e9e de lecture estim\u00e9e\" \/>\n\t<meta name=\"twitter:data2\" content=\"1 minute\" \/>\n<script type=\"application\/ld+json\" class=\"yoast-schema-graph\">{\"@context\":\"https:\/\/schema.org\",\"@graph\":[{\"@type\":\"WebPage\",\"@id\":\"https:\/\/blogs.thesocialmedia.com\/leblogmoto\/2006\/06\/18\/125-catalunya-a\/\",\"url\":\"https:\/\/blogs.thesocialmedia.com\/leblogmoto\/2006\/06\/18\/125-catalunya-a\/\",\"name\":\"125 CATALUNYA: A BAUTISTA l'Aspar Cup - leblogmoto.com\",\"isPartOf\":{\"@id\":\"https:\/\/blogs.thesocialmedia.com\/leblogmoto\/#website\"},\"primaryImageOfPage\":{\"@id\":\"https:\/\/blogs.thesocialmedia.com\/leblogmoto\/2006\/06\/18\/125-catalunya-a\/#primaryimage\"},\"image\":{\"@id\":\"https:\/\/blogs.thesocialmedia.com\/leblogmoto\/2006\/06\/18\/125-catalunya-a\/#primaryimage\"},\"thumbnailUrl\":\"http:\/\/www.leblogmoto.com\/images\/zoom3_01734.jpg\",\"datePublished\":\"2006-06-18T22:20:42+00:00\",\"dateModified\":\"2012-07-11T14:25:06+00:00\",\"author\":{\"@id\":\"https:\/\/blogs.thesocialmedia.com\/leblogmoto\/#\/schema\/person\/1a1dcfc7cec206573105eb4af91155c2\"},\"breadcrumb\":{\"@id\":\"https:\/\/blogs.thesocialmedia.com\/leblogmoto\/2006\/06\/18\/125-catalunya-a\/#breadcrumb\"},\"inLanguage\":\"fr-FR\",\"potentialAction\":[{\"@type\":\"ReadAction\",\"target\":[\"https:\/\/blogs.thesocialmedia.com\/leblogmoto\/2006\/06\/18\/125-catalunya-a\/\"]}]},{\"@type\":\"ImageObject\",\"inLanguage\":\"fr-FR\",\"@id\":\"https:\/\/blogs.thesocialmedia.com\/leblogmoto\/2006\/06\/18\/125-catalunya-a\/#primaryimage\",\"url\":\"http:\/\/www.leblogmoto.com\/images\/zoom3_01734.jpg\",\"contentUrl\":\"http:\/\/www.leblogmoto.com\/images\/zoom3_01734.jpg\"},{\"@type\":\"BreadcrumbList\",\"@id\":\"https:\/\/blogs.thesocialmedia.com\/leblogmoto\/2006\/06\/18\/125-catalunya-a\/#breadcrumb\",\"itemListElement\":[{\"@type\":\"ListItem\",\"position\":1,\"name\":\"Accueil\",\"item\":\"https:\/\/blogs.thesocialmedia.com\/leblogmoto\/\"},{\"@type\":\"ListItem\",\"position\":2,\"name\":\"125 CATALUNYA: A BAUTISTA l&rsquo;Aspar Cup\"}]},{\"@type\":\"WebSite\",\"@id\":\"https:\/\/blogs.thesocialmedia.com\/leblogmoto\/#website\",\"url\":\"https:\/\/blogs.thesocialmedia.com\/leblogmoto\/\",\"name\":\"leblogmoto\",\"description\":\"Toute l&#039;actualit\u00e9 des 2 roues\",\"potentialAction\":[{\"@type\":\"SearchAction\",\"target\":{\"@type\":\"EntryPoint\",\"urlTemplate\":\"https:\/\/blogs.thesocialmedia.com\/leblogmoto\/?s={search_term_string}\"},\"query-input\":{\"@type\":\"PropertyValueSpecification\",\"valueRequired\":true,\"valueName\":\"search_term_string\"}}],\"inLanguage\":\"fr-FR\"},{\"@type\":\"Person\",\"@id\":\"https:\/\/blogs.thesocialmedia.com\/leblogmoto\/#\/schema\/person\/1a1dcfc7cec206573105eb4af91155c2\",\"name\":\"andre leconde\",\"image\":{\"@type\":\"ImageObject\",\"inLanguage\":\"fr-FR\",\"@id\":\"https:\/\/blogs.thesocialmedia.com\/leblogmoto\/#\/schema\/person\/image\/\",\"url\":\"https:\/\/secure.gravatar.com\/avatar\/?s=96&d=mm&r=g\",\"contentUrl\":\"https:\/\/secure.gravatar.com\/avatar\/?s=96&d=mm&r=g\",\"caption\":\"andre leconde\"},\"url\":\"https:\/\/blogs.thesocialmedia.com\/leblogmoto\/author\/andre-leconde\/\"}]}<\/script>\n<!-- \/ Yoast SEO plugin. -->","yoast_head_json":{"title":"125 CATALUNYA: A BAUTISTA l'Aspar Cup - leblogmoto.com","robots":{"index":"index","follow":"follow","max-snippet":"max-snippet:-1","max-image-preview":"max-image-preview:large","max-video-preview":"max-video-preview:-1"},"canonical":"https:\/\/blogs.thesocialmedia.com\/leblogmoto\/2006\/06\/18\/125-catalunya-a\/","twitter_card":"summary_large_image","twitter_title":"125 CATALUNYA: A BAUTISTA l'Aspar Cup - leblogmoto.com","twitter_description":"Le circuit de Montmelo a \u00e9t\u00e9 pour la 125 une v\u00e9ritable d\u00e9monstration de force du team MVA APRILIA manag\u00e9 par Aspar MARTINEZ. Le poleman et plus que jamais leader du championnat s&rsquo;est adjug\u00e9 la victoire \u00e0 domicile, devant ses compatriotes et \u00e9quipiers FAUBEL et GADEA. PASINI, autre \u00e9quipier, termine quatri\u00e8me, devant PESEK et sa DERBI [&hellip;]","twitter_image":"http:\/\/www.leblogmoto.com\/images\/zoom3_01734.jpg","twitter_misc":{"\u00c9crit par":"andre leconde","Dur\u00e9e de lecture estim\u00e9e":"1 minute"},"schema":{"@context":"https:\/\/schema.org","@graph":[{"@type":"WebPage","@id":"https:\/\/blogs.thesocialmedia.com\/leblogmoto\/2006\/06\/18\/125-catalunya-a\/","url":"https:\/\/blogs.thesocialmedia.com\/leblogmoto\/2006\/06\/18\/125-catalunya-a\/","name":"125 CATALUNYA: A BAUTISTA l'Aspar Cup - leblogmoto.com","isPartOf":{"@id":"https:\/\/blogs.thesocialmedia.com\/leblogmoto\/#website"},"primaryImageOfPage":{"@id":"https:\/\/blogs.thesocialmedia.com\/leblogmoto\/2006\/06\/18\/125-catalunya-a\/#primaryimage"},"image":{"@id":"https:\/\/blogs.thesocialmedia.com\/leblogmoto\/2006\/06\/18\/125-catalunya-a\/#primaryimage"},"thumbnailUrl":"http:\/\/www.leblogmoto.com\/images\/zoom3_01734.jpg","datePublished":"2006-06-18T22:20:42+00:00","dateModified":"2012-07-11T14:25:06+00:00","author":{"@id":"https:\/\/blogs.thesocialmedia.com\/leblogmoto\/#\/schema\/person\/1a1dcfc7cec206573105eb4af91155c2"},"breadcrumb":{"@id":"https:\/\/blogs.thesocialmedia.com\/leblogmoto\/2006\/06\/18\/125-catalunya-a\/#breadcrumb"},"inLanguage":"fr-FR","potentialAction":[{"@type":"ReadAction","target":["https:\/\/blogs.thesocialmedia.com\/leblogmoto\/2006\/06\/18\/125-catalunya-a\/"]}]},{"@type":"ImageObject","inLanguage":"fr-FR","@id":"https:\/\/blogs.thesocialmedia.com\/leblogmoto\/2006\/06\/18\/125-catalunya-a\/#primaryimage","url":"http:\/\/www.leblogmoto.com\/images\/zoom3_01734.jpg","contentUrl":"http:\/\/www.leblogmoto.com\/images\/zoom3_01734.jpg"},{"@type":"BreadcrumbList","@id":"https:\/\/blogs.thesocialmedia.com\/leblogmoto\/2006\/06\/18\/125-catalunya-a\/#breadcrumb","itemListElement":[{"@type":"ListItem","position":1,"name":"Accueil","item":"https:\/\/blogs.thesocialmedia.com\/leblogmoto\/"},{"@type":"ListItem","position":2,"name":"125 CATALUNYA: A BAUTISTA l&rsquo;Aspar Cup"}]},{"@type":"WebSite","@id":"https:\/\/blogs.thesocialmedia.com\/leblogmoto\/#website","url":"https:\/\/blogs.thesocialmedia.com\/leblogmoto\/","name":"leblogmoto","description":"Toute l&#039;actualit\u00e9 des 2 roues","potentialAction":[{"@type":"SearchAction","target":{"@type":"EntryPoint","urlTemplate":"https:\/\/blogs.thesocialmedia.com\/leblogmoto\/?s={search_term_string}"},"query-input":{"@type":"PropertyValueSpecification","valueRequired":true,"valueName":"search_term_string"}}],"inLanguage":"fr-FR"},{"@type":"Person","@id":"https:\/\/blogs.thesocialmedia.com\/leblogmoto\/#\/schema\/person\/1a1dcfc7cec206573105eb4af91155c2","name":"andre leconde","image":{"@type":"ImageObject","inLanguage":"fr-FR","@id":"https:\/\/blogs.thesocialmedia.com\/leblogmoto\/#\/schema\/person\/image\/","url":"https:\/\/secure.gravatar.com\/avatar\/?s=96&d=mm&r=g","contentUrl":"https:\/\/secure.gravatar.com\/avatar\/?s=96&d=mm&r=g","caption":"andre leconde"},"url":"https:\/\/blogs.thesocialmedia.com\/leblogmoto\/author\/andre-leconde\/"}]}},"_links":{"self":[{"href":"https:\/\/blogs.thesocialmedia.com\/leblogmoto\/wp-json\/wp\/v2\/posts\/1753","targetHints":{"allow":["GET"]}}],"collection":[{"href":"https:\/\/blogs.thesocialmedia.com\/leblogmoto\/wp-json\/wp\/v2\/posts"}],"about":[{"href":"https:\/\/blogs.thesocialmedia.com\/leblogmoto\/wp-json\/wp\/v2\/types\/post"}],"author":[{"embeddable":true,"href":"https:\/\/blogs.thesocialmedia.com\/leblogmoto\/wp-json\/wp\/v2\/users\/336"}],"replies":[{"embeddable":true,"href":"https:\/\/blogs.thesocialmedia.com\/leblogmoto\/wp-json\/wp\/v2\/comments?post=1753"}],"version-history":[{"count":2,"href":"https:\/\/blogs.thesocialmedia.com\/leblogmoto\/wp-json\/wp\/v2\/posts\/1753\/revisions"}],"predecessor-version":[{"id":7627,"href":"https:\/\/blogs.thesocialmedia.com\/leblogmoto\/wp-json\/wp\/v2\/posts\/1753\/revisions\/7627"}],"wp:attachment":[{"href":"https:\/\/blogs.thesocialmedia.com\/leblogmoto\/wp-json\/wp\/v2\/media?parent=1753"}],"wp:term":[{"taxonomy":"category","embeddable":true,"href":"https:\/\/blogs.thesocialmedia.com\/leblogmoto\/wp-json\/wp\/v2\/categories?post=1753"},{"taxonomy":"post_tag","embeddable":true,"href":"https:\/\/blogs.thesocialmedia.com\/leblogmoto\/wp-json\/wp\/v2\/tags?post=1753"}],"curies":[{"name":"wp","href":"https:\/\/api.w.org\/{rel}","templated":true}]}}