{"id":1754,"date":"2006-06-18T21:54:59","date_gmt":"2006-06-18T21:54:59","guid":{"rendered":"http:\/\/blogs.thesocialmedia.com\/leblogmoto\/2006\/06\/18\/mondial-250-por\/"},"modified":"2012-07-11T14:25:05","modified_gmt":"2012-07-11T14:25:05","slug":"mondial-250-por","status":"publish","type":"post","link":"https:\/\/blogs.thesocialmedia.com\/leblogmoto\/2006\/06\/18\/mondial-250-por\/","title":{"rendered":"Mondial 250: PORTO s&rsquo;en va"},"content":{"rendered":"<p><a href=\"http:\/\/blogs.thesocialmedia.com\/leblogmoto\/files\/2012\/07\/porto.jpg\"><img loading=\"lazy\" decoding=\"async\" height=\"308\" alt=\"Porto\" src=\"http:\/\/www.leblogmoto.com\/images\/porto.jpg\" width=\"250\"  \/><\/a>Qu&rsquo;on se le dise, il n&rsquo;y aura plus, lors de la prochaine manche d&rsquo;ASSEN, de repr\u00e9sentant <strong>d&rsquo;Am\u00e9rique du SUD<\/strong> en championnat du monde de vitesse.<\/p>\n<p>Dernier de ces mohicans apr\u00e8s le d\u00e9part de <strong>BARROS<\/strong>, l&rsquo;Argentin <strong>Sebastian PORTO<\/strong> a d\u00e9cid\u00e9 en ce week-end catalan, de jeter l&rsquo;\u00e9ponge, \u00e0 <strong>29<\/strong> ans et en pleine saison.<\/p>\n<p>Equipier de <strong>DE PUNIET<\/strong> sur l&rsquo;APRILIA Repsol la saison pass\u00e9e, le duo avait quelque peu d\u00e9\u00e7u tout comme le team Aspar, plus souvent qu&rsquo;\u00e0 son tour domin\u00e9 par l&rsquo;\u00e9quipe <a href=\"http:\/\/www.leblogmoto.com\/2005\/12\/les_dernires_ne.html\">LCR et STONER<\/a>.<\/p>\n<p>Toujours avec le soutien de <a href=\"http:\/\/www.leblogmoto.com\/2006\/03\/vous_avez_aim_l.html\">REPSOL<\/a>, PORTO avait r\u00e9cup\u00e9r\u00e9 une HONDA manag\u00e9e par <a href=\"http:\/\/www.leblogmoto.com\/2006\/03\/la_dorna_monte_.html\">PUIG<\/a>. Le d\u00e9but d&rsquo;une longue descente aux enfers.<\/p>\n<p>Abonn\u00e9 du fond de grille, Sebastian a compris qu&rsquo;il n&rsquo;\u00e9tait plus \u00e0 sa place et a pris ses responsabilit\u00e9s en annon\u00e7ant son d\u00e9part. La course, comme la nature, ayant horreur du vide, les sp\u00e9culations allaient bon train sur son remplacement, d\u00e8s sa d\u00e9claration termin\u00e9e&#8230;&nbsp; &nbsp; <\/p>\n","protected":false},"excerpt":{"rendered":"<p>Qu&rsquo;on se le dise, il n&rsquo;y aura plus, lors de la prochaine manche d&rsquo;ASSEN, de repr\u00e9sentant d&rsquo;Am\u00e9rique du SUD en championnat du monde de vitesse. Dernier de ces mohicans apr\u00e8s le d\u00e9part de BARROS, l&rsquo;Argentin Sebastian PORTO a d\u00e9cid\u00e9 en ce week-end catalan, de jeter l&rsquo;\u00e9ponge, \u00e0 29 ans et en pleine saison. Equipier de [&hellip;]<\/p>\n","protected":false},"author":336,"featured_media":0,"comment_status":"open","ping_status":"open","sticky":false,"template":"","format":"standard","meta":{"footnotes":""},"categories":[3,14,22,32],"tags":[],"class_list":["post-1754","post","type-post","status-publish","format-standard","hentry","category-actualite","category-honda","category-motogp","category-sport-moto"],"yoast_head":"<!-- This site is optimized with the Yoast SEO plugin v26.0 - https:\/\/yoast.com\/wordpress\/plugins\/seo\/ -->\n<title>Mondial 250: PORTO s&#039;en va - leblogmoto.com<\/title>\n<meta name=\"robots\" content=\"index, follow, max-snippet:-1, max-image-preview:large, max-video-preview:-1\" \/>\n<link rel=\"canonical\" href=\"https:\/\/blogs.thesocialmedia.com\/leblogmoto\/2006\/06\/18\/mondial-250-por\/\" \/>\n<meta name=\"twitter:card\" content=\"summary_large_image\" \/>\n<meta name=\"twitter:title\" content=\"Mondial 250: PORTO s&#039;en va - leblogmoto.com\" \/>\n<meta name=\"twitter:description\" content=\"Qu&rsquo;on se le dise, il n&rsquo;y aura plus, lors de la prochaine manche d&rsquo;ASSEN, de repr\u00e9sentant d&rsquo;Am\u00e9rique du SUD en championnat du monde de vitesse. Dernier de ces mohicans apr\u00e8s le d\u00e9part de BARROS, l&rsquo;Argentin Sebastian PORTO a d\u00e9cid\u00e9 en ce week-end catalan, de jeter l&rsquo;\u00e9ponge, \u00e0 29 ans et en pleine saison. Equipier de [&hellip;]\" \/>\n<meta name=\"twitter:image\" content=\"http:\/\/www.leblogmoto.com\/images\/porto.jpg\" \/>\n<meta name=\"twitter:label1\" content=\"\u00c9crit par\" \/>\n\t<meta name=\"twitter:data1\" content=\"andre leconde\" \/>\n\t<meta name=\"twitter:label2\" content=\"Dur\u00e9e de lecture estim\u00e9e\" \/>\n\t<meta name=\"twitter:data2\" content=\"1 minute\" \/>\n<script type=\"application\/ld+json\" class=\"yoast-schema-graph\">{\"@context\":\"https:\/\/schema.org\",\"@graph\":[{\"@type\":\"WebPage\",\"@id\":\"https:\/\/blogs.thesocialmedia.com\/leblogmoto\/2006\/06\/18\/mondial-250-por\/\",\"url\":\"https:\/\/blogs.thesocialmedia.com\/leblogmoto\/2006\/06\/18\/mondial-250-por\/\",\"name\":\"Mondial 250: PORTO s'en va - leblogmoto.com\",\"isPartOf\":{\"@id\":\"https:\/\/blogs.thesocialmedia.com\/leblogmoto\/#website\"},\"primaryImageOfPage\":{\"@id\":\"https:\/\/blogs.thesocialmedia.com\/leblogmoto\/2006\/06\/18\/mondial-250-por\/#primaryimage\"},\"image\":{\"@id\":\"https:\/\/blogs.thesocialmedia.com\/leblogmoto\/2006\/06\/18\/mondial-250-por\/#primaryimage\"},\"thumbnailUrl\":\"http:\/\/www.leblogmoto.com\/images\/porto.jpg\",\"datePublished\":\"2006-06-18T21:54:59+00:00\",\"dateModified\":\"2012-07-11T14:25:05+00:00\",\"author\":{\"@id\":\"https:\/\/blogs.thesocialmedia.com\/leblogmoto\/#\/schema\/person\/1a1dcfc7cec206573105eb4af91155c2\"},\"breadcrumb\":{\"@id\":\"https:\/\/blogs.thesocialmedia.com\/leblogmoto\/2006\/06\/18\/mondial-250-por\/#breadcrumb\"},\"inLanguage\":\"fr-FR\",\"potentialAction\":[{\"@type\":\"ReadAction\",\"target\":[\"https:\/\/blogs.thesocialmedia.com\/leblogmoto\/2006\/06\/18\/mondial-250-por\/\"]}]},{\"@type\":\"ImageObject\",\"inLanguage\":\"fr-FR\",\"@id\":\"https:\/\/blogs.thesocialmedia.com\/leblogmoto\/2006\/06\/18\/mondial-250-por\/#primaryimage\",\"url\":\"http:\/\/www.leblogmoto.com\/images\/porto.jpg\",\"contentUrl\":\"http:\/\/www.leblogmoto.com\/images\/porto.jpg\"},{\"@type\":\"BreadcrumbList\",\"@id\":\"https:\/\/blogs.thesocialmedia.com\/leblogmoto\/2006\/06\/18\/mondial-250-por\/#breadcrumb\",\"itemListElement\":[{\"@type\":\"ListItem\",\"position\":1,\"name\":\"Accueil\",\"item\":\"https:\/\/blogs.thesocialmedia.com\/leblogmoto\/\"},{\"@type\":\"ListItem\",\"position\":2,\"name\":\"Mondial 250: PORTO s&rsquo;en va\"}]},{\"@type\":\"WebSite\",\"@id\":\"https:\/\/blogs.thesocialmedia.com\/leblogmoto\/#website\",\"url\":\"https:\/\/blogs.thesocialmedia.com\/leblogmoto\/\",\"name\":\"leblogmoto\",\"description\":\"Toute l&#039;actualit\u00e9 des 2 roues\",\"potentialAction\":[{\"@type\":\"SearchAction\",\"target\":{\"@type\":\"EntryPoint\",\"urlTemplate\":\"https:\/\/blogs.thesocialmedia.com\/leblogmoto\/?s={search_term_string}\"},\"query-input\":{\"@type\":\"PropertyValueSpecification\",\"valueRequired\":true,\"valueName\":\"search_term_string\"}}],\"inLanguage\":\"fr-FR\"},{\"@type\":\"Person\",\"@id\":\"https:\/\/blogs.thesocialmedia.com\/leblogmoto\/#\/schema\/person\/1a1dcfc7cec206573105eb4af91155c2\",\"name\":\"andre leconde\",\"image\":{\"@type\":\"ImageObject\",\"inLanguage\":\"fr-FR\",\"@id\":\"https:\/\/blogs.thesocialmedia.com\/leblogmoto\/#\/schema\/person\/image\/\",\"url\":\"https:\/\/secure.gravatar.com\/avatar\/?s=96&d=mm&r=g\",\"contentUrl\":\"https:\/\/secure.gravatar.com\/avatar\/?s=96&d=mm&r=g\",\"caption\":\"andre leconde\"},\"url\":\"https:\/\/blogs.thesocialmedia.com\/leblogmoto\/author\/andre-leconde\/\"}]}<\/script>\n<!-- \/ Yoast SEO plugin. -->","yoast_head_json":{"title":"Mondial 250: PORTO s'en va - leblogmoto.com","robots":{"index":"index","follow":"follow","max-snippet":"max-snippet:-1","max-image-preview":"max-image-preview:large","max-video-preview":"max-video-preview:-1"},"canonical":"https:\/\/blogs.thesocialmedia.com\/leblogmoto\/2006\/06\/18\/mondial-250-por\/","twitter_card":"summary_large_image","twitter_title":"Mondial 250: PORTO s'en va - leblogmoto.com","twitter_description":"Qu&rsquo;on se le dise, il n&rsquo;y aura plus, lors de la prochaine manche d&rsquo;ASSEN, de repr\u00e9sentant d&rsquo;Am\u00e9rique du SUD en championnat du monde de vitesse. Dernier de ces mohicans apr\u00e8s le d\u00e9part de BARROS, l&rsquo;Argentin Sebastian PORTO a d\u00e9cid\u00e9 en ce week-end catalan, de jeter l&rsquo;\u00e9ponge, \u00e0 29 ans et en pleine saison. Equipier de [&hellip;]","twitter_image":"http:\/\/www.leblogmoto.com\/images\/porto.jpg","twitter_misc":{"\u00c9crit par":"andre leconde","Dur\u00e9e de lecture estim\u00e9e":"1 minute"},"schema":{"@context":"https:\/\/schema.org","@graph":[{"@type":"WebPage","@id":"https:\/\/blogs.thesocialmedia.com\/leblogmoto\/2006\/06\/18\/mondial-250-por\/","url":"https:\/\/blogs.thesocialmedia.com\/leblogmoto\/2006\/06\/18\/mondial-250-por\/","name":"Mondial 250: PORTO s'en va - leblogmoto.com","isPartOf":{"@id":"https:\/\/blogs.thesocialmedia.com\/leblogmoto\/#website"},"primaryImageOfPage":{"@id":"https:\/\/blogs.thesocialmedia.com\/leblogmoto\/2006\/06\/18\/mondial-250-por\/#primaryimage"},"image":{"@id":"https:\/\/blogs.thesocialmedia.com\/leblogmoto\/2006\/06\/18\/mondial-250-por\/#primaryimage"},"thumbnailUrl":"http:\/\/www.leblogmoto.com\/images\/porto.jpg","datePublished":"2006-06-18T21:54:59+00:00","dateModified":"2012-07-11T14:25:05+00:00","author":{"@id":"https:\/\/blogs.thesocialmedia.com\/leblogmoto\/#\/schema\/person\/1a1dcfc7cec206573105eb4af91155c2"},"breadcrumb":{"@id":"https:\/\/blogs.thesocialmedia.com\/leblogmoto\/2006\/06\/18\/mondial-250-por\/#breadcrumb"},"inLanguage":"fr-FR","potentialAction":[{"@type":"ReadAction","target":["https:\/\/blogs.thesocialmedia.com\/leblogmoto\/2006\/06\/18\/mondial-250-por\/"]}]},{"@type":"ImageObject","inLanguage":"fr-FR","@id":"https:\/\/blogs.thesocialmedia.com\/leblogmoto\/2006\/06\/18\/mondial-250-por\/#primaryimage","url":"http:\/\/www.leblogmoto.com\/images\/porto.jpg","contentUrl":"http:\/\/www.leblogmoto.com\/images\/porto.jpg"},{"@type":"BreadcrumbList","@id":"https:\/\/blogs.thesocialmedia.com\/leblogmoto\/2006\/06\/18\/mondial-250-por\/#breadcrumb","itemListElement":[{"@type":"ListItem","position":1,"name":"Accueil","item":"https:\/\/blogs.thesocialmedia.com\/leblogmoto\/"},{"@type":"ListItem","position":2,"name":"Mondial 250: PORTO s&rsquo;en va"}]},{"@type":"WebSite","@id":"https:\/\/blogs.thesocialmedia.com\/leblogmoto\/#website","url":"https:\/\/blogs.thesocialmedia.com\/leblogmoto\/","name":"leblogmoto","description":"Toute l&#039;actualit\u00e9 des 2 roues","potentialAction":[{"@type":"SearchAction","target":{"@type":"EntryPoint","urlTemplate":"https:\/\/blogs.thesocialmedia.com\/leblogmoto\/?s={search_term_string}"},"query-input":{"@type":"PropertyValueSpecification","valueRequired":true,"valueName":"search_term_string"}}],"inLanguage":"fr-FR"},{"@type":"Person","@id":"https:\/\/blogs.thesocialmedia.com\/leblogmoto\/#\/schema\/person\/1a1dcfc7cec206573105eb4af91155c2","name":"andre leconde","image":{"@type":"ImageObject","inLanguage":"fr-FR","@id":"https:\/\/blogs.thesocialmedia.com\/leblogmoto\/#\/schema\/person\/image\/","url":"https:\/\/secure.gravatar.com\/avatar\/?s=96&d=mm&r=g","contentUrl":"https:\/\/secure.gravatar.com\/avatar\/?s=96&d=mm&r=g","caption":"andre leconde"},"url":"https:\/\/blogs.thesocialmedia.com\/leblogmoto\/author\/andre-leconde\/"}]}},"_links":{"self":[{"href":"https:\/\/blogs.thesocialmedia.com\/leblogmoto\/wp-json\/wp\/v2\/posts\/1754","targetHints":{"allow":["GET"]}}],"collection":[{"href":"https:\/\/blogs.thesocialmedia.com\/leblogmoto\/wp-json\/wp\/v2\/posts"}],"about":[{"href":"https:\/\/blogs.thesocialmedia.com\/leblogmoto\/wp-json\/wp\/v2\/types\/post"}],"author":[{"embeddable":true,"href":"https:\/\/blogs.thesocialmedia.com\/leblogmoto\/wp-json\/wp\/v2\/users\/336"}],"replies":[{"embeddable":true,"href":"https:\/\/blogs.thesocialmedia.com\/leblogmoto\/wp-json\/wp\/v2\/comments?post=1754"}],"version-history":[{"count":2,"href":"https:\/\/blogs.thesocialmedia.com\/leblogmoto\/wp-json\/wp\/v2\/posts\/1754\/revisions"}],"predecessor-version":[{"id":7625,"href":"https:\/\/blogs.thesocialmedia.com\/leblogmoto\/wp-json\/wp\/v2\/posts\/1754\/revisions\/7625"}],"wp:attachment":[{"href":"https:\/\/blogs.thesocialmedia.com\/leblogmoto\/wp-json\/wp\/v2\/media?parent=1754"}],"wp:term":[{"taxonomy":"category","embeddable":true,"href":"https:\/\/blogs.thesocialmedia.com\/leblogmoto\/wp-json\/wp\/v2\/categories?post=1754"},{"taxonomy":"post_tag","embeddable":true,"href":"https:\/\/blogs.thesocialmedia.com\/leblogmoto\/wp-json\/wp\/v2\/tags?post=1754"}],"curies":[{"name":"wp","href":"https:\/\/api.w.org\/{rel}","templated":true}]}}